{"id":240706,"date":"2026-04-28T07:36:19","date_gmt":"2026-04-28T11:36:19","guid":{"rendered":"https:\/\/news.canadamotorjobs.com\/?p=240706"},"modified":"2026-04-28T07:49:56","modified_gmt":"2026-04-28T11:49:56","slug":"pourquoi-les-voitures-electriques-perdent-autant-de-valeur","status":"publish","type":"post","link":"https:\/\/news.canadamotorjobs.com\/fr\/pourquoi-les-voitures-electriques-perdent-autant-de-valeur\/","title":{"rendered":"Pourquoi les voitures \u00e9lectriques perdent autant de valeur"},"content":{"rendered":"<\/p>\n<p data-start=\"583\" data-end=\"846\">Le constat est brutal : au Canada, un v\u00e9hicule \u00e9lectrique \u00e2g\u00e9 de quatre ans ne conserve qu\u2019un peu plus de 40 % de sa valeur initiale. Concr\u00e8tement, un mod\u00e8le achet\u00e9 50 000 $ se revend autour de 23 900 $, selon les donn\u00e9es de <span class=\"hover:entity-accent entity-underline inline cursor-pointer align-baseline\"><span class=\"whitespace-normal\">Canadian Black Book<\/span><\/span>. \u00c0 titre comparatif, les v\u00e9hicules \u00e0 essence affichent une valeur r\u00e9siduelle moyenne d\u2019environ 31 500 $, tandis que les hybrides font encore mieux \u00e0 35 550 $. L\u2019\u00e9cart est significatif \u2014 plus de 15 points avec les mod\u00e8les thermiques et pr\u00e8s de 25 points avec les hybrides. Cette situation n\u2019est pas nouvelle, mais elle a longtemps frein\u00e9 l\u2019adoption des V\u00c9 sur le march\u00e9 de l\u2019occasion.<\/p>\n<h3 data-section-id=\"dh79c\" data-start=\"1238\" data-end=\"1290\">Un cocktail de facteurs d\u00e9favorables<\/h3>\n<p><\/p>\n<h3 data-section-id=\"gc94zk\" data-start=\"1292\" data-end=\"1325\">1. Une revente mal structur\u00e9e<\/h3>\n<p><\/p>\n<p data-start=\"1326\" data-end=\"1576\">Contrairement aux v\u00e9hicules \u00e0 essence ou hybrides, les V\u00c9 n\u2019ont pas encore b\u00e9n\u00e9fici\u00e9 d\u2019une strat\u00e9gie de revente bien rod\u00e9e. Les concessionnaires ma\u00eetrisent parfaitement les fili\u00e8res traditionnelles, mais restent encore h\u00e9sitants avec les \u00e9lectriques. R\u00e9sultat : plusieurs mod\u00e8les sont liquid\u00e9s rapidement aux ench\u00e8res, sans v\u00e9ritable mise en valeur, ce qui tire les prix vers le bas.<\/p>\n<h3 data-section-id=\"1bj9msw\" data-start=\"1712\" data-end=\"1744\">2. L\u2019angoisse de la batterie<\/h3>\n<p><\/p>\n<p data-start=\"1745\" data-end=\"1901\">La crainte li\u00e9e \u00e0 la dur\u00e9e de vie des batteries demeure un frein majeur. Pour beaucoup d\u2019acheteurs, un V\u00c9 usag\u00e9 rime encore avec risque financier potentiel. Sans diagnostic clair et standardis\u00e9, difficile de rassurer.<\/p>\n<h3 data-section-id=\"j5x7zp\" data-start=\"1965\" data-end=\"1985\">3. L\u2019effet Tesla<\/h3>\n<p><\/p>\n<p data-start=\"1986\" data-end=\"2269\">Les baisses de prix agressives de <span class=\"hover:entity-accent entity-underline inline cursor-pointer align-baseline\"><span class=\"whitespace-normal\">Tesla<\/span><\/span> en 2023 sur les Model 3 et Model Y ont eu un impact imm\u00e9diat : une d\u00e9valuation rapide des mod\u00e8les usag\u00e9s.<br data-start=\"2163\" data-end=\"2166\" \/>Cette volatilit\u00e9 a refroidi plusieurs concessionnaires, certains pr\u00e9f\u00e9rant carr\u00e9ment \u00e9viter ce segment.<\/p>\n<h3 data-section-id=\"1f0w31o\" data-start=\"2276\" data-end=\"2308\">Un vent de changement en 2025<\/h3>\n<p><\/p>\n<p data-start=\"2336\" data-end=\"2564\">Le march\u00e9 commence toutefois \u00e0 basculer. Le retour des subventions gouvernementales, l\u2019arriv\u00e9e de mod\u00e8les plus abordables \u2014 possiblement en provenance de Chine \u2014 et la hausse du prix de l\u2019essence stimulent l\u2019int\u00e9r\u00eat pour les V\u00c9. Certains commer\u00e7ants sp\u00e9cialis\u00e9s observent d\u00e9j\u00e0 une acc\u00e9l\u00e9ration des ventes, avec des volumes mensuels en forte progression.<\/p>\n<h3 data-section-id=\"ymnslo\" data-start=\"2692\" data-end=\"2721\">Une offre qui se resserre<\/h3>\n<p><\/p>\n<p data-start=\"2722\" data-end=\"2879\">Fait int\u00e9ressant : l\u2019inventaire de V\u00c9 usag\u00e9s commence \u00e0 diminuer. La demande devient suffisamment forte pour absorber plus rapidement les unit\u00e9s disponibles.<\/p>\n<h3 data-section-id=\"xfy5y9\" data-start=\"2886\" data-end=\"2928\">2030 : vers la fin de l\u2019\u00e9cart de valeur<\/h3>\n<p><\/p>\n<p data-start=\"2930\" data-end=\"3137\">Selon les projections de <span class=\"hover:entity-accent entity-underline inline cursor-pointer align-baseline\"><span class=\"whitespace-normal\">Canadian Black Book<\/span><\/span>, l\u2019\u00e9cart de valeur r\u00e9siduelle entre v\u00e9hicules \u00e9lectriques et thermiques pourrait tomber sous les 5 % d\u2019ici 2030 \u2014 et m\u00eame dispara\u00eetre peu apr\u00e8s. Deux tendances expliquent ce r\u00e9\u00e9quilibrage. Une meilleure connaissance de la technologie par les consommateurs et une augmentation importante des volumes de V\u00c9 sur le march\u00e9 secondaire. On parle d\u2019environ 50 000 unit\u00e9s usag\u00e9es en 2025\u2026 et jusqu\u2019\u00e0 180 000 d\u2019ici quatre ans.<\/p>\n<h3 data-section-id=\"1yvtaz6\" data-start=\"3425\" data-end=\"3473\">La sant\u00e9 des batteries<\/h3>\n<p><\/p>\n<p data-start=\"3474\" data-end=\"3524\">Le v\u00e9ritable tournant passera par la transparence. Des entreprises comme <span class=\"hover:entity-accent entity-underline inline cursor-pointer align-baseline\"><span class=\"whitespace-normal\">Lyteflo<\/span><\/span> d\u00e9veloppent des outils capables d\u2019\u00e9valuer rapidement l\u2019\u00e9tat d\u2019une batterie (en une quinzaine de minutes), sans devoir la vider compl\u00e8tement. Ce type de rapport devient un argument de vente majeur, comparable \u00e0 un historique Carfax pour un v\u00e9hicule thermique.<\/p>\n<h3 data-section-id=\"17dfyu3\" data-start=\"3852\" data-end=\"3871\">Analyse<\/h3>\n<p><\/p>\n<p data-start=\"3872\" data-end=\"4026\">\u00c0 court terme, la d\u00e9cote des V\u00c9 reste un enjeu r\u00e9el, surtout pour les premiers acheteurs. Mais d\u2019un point de vue march\u00e9, on est en phase de normalisation. Le parall\u00e8le avec les hybrides est int\u00e9ressant : eux aussi ont subi une forte d\u00e9pr\u00e9ciation au d\u00e9but des ann\u00e9es 2000 avant de devenir des valeurs s\u00fbres. \u00c0 mesure que les batteries prouvent leur durabilit\u00e9 que les outils de diagnostic se standardisent et les concessionnaires s\u2019adaptent, les V\u00c9\u00a0 usag\u00e9s devraient devenir non seulement plus attractifs, mais aussi plus rentables \u00e0 revendre.<\/p>\n<h3 data-section-id=\"8dtpi\" data-start=\"4432\" data-end=\"4445\">Conclusion<\/h3>\n<p><\/p>\n<p data-start=\"4446\" data-end=\"4678\">Le march\u00e9 des v\u00e9hicules \u00e9lectriques d\u2019occasion est encore immature, mais clairement en transition. La d\u00e9cote importante observ\u00e9e aujourd\u2019hui repr\u00e9sente autant un risque pour les vendeurs qu\u2019une opportunit\u00e9 pour les acheteurs avis\u00e9s. D\u2019ici la fin de la d\u00e9cennie, tout indique que les V\u00c9 joueront \u00e0 armes \u00e9gales avec les mod\u00e8les \u00e0 essence sur le plan de la valeur r\u00e9siduelle.<\/p>\n<p><\/p>\n<p data-start=\"4446\" data-end=\"4678\">Avec des renseignements d&#8217;Automotive News Canada<\/p>\n<p>Le texte <a href=\"https:\/\/annuelauto.ca\/pourquoi-les-voitures-electriques-perdent-autant-de-valeur\/\">Pourquoi les voitures \u00e9lectriques perdent autant de valeur<\/a> provient de <a href=\"https:\/\/annuelauto.ca\">template  &#8211; Car and truck parts &#8211; We deliver our parts and accessories everywhere in Canada<\/a><\/p>\n<p><\/p>\n","protected":false},"excerpt":{"rendered":"<p>Le constat est brutal : au Canada, un v\u00e9hicule \u00e9lectrique \u00e2g\u00e9 de quatre ans ne conserve qu\u2019un peu plus de 40 % de sa valeur initiale. Concr\u00e8tement, un mod\u00e8le achet\u00e9 50 000 $ se revend autour de 23 900 $, selon les donn\u00e9es de Canadian Black Book. \u00c0 titre comparatif, les v\u00e9hicules \u00e0 essence affichent [&hellip;]<\/p>\n","protected":false},"author":8,"featured_media":240708,"comment_status":"close","ping_status":"closed","sticky":false,"template":"","format":"standard","meta":{"_monsterinsights_skip_tracking":false,"_monsterinsights_sitenote_active":false,"_monsterinsights_sitenote_note":"","_monsterinsights_sitenote_category":0,"footnotes":""},"categories":[101],"tags":[],"yoast_head":"<!-- This site is optimized with the Yoast SEO plugin v23.2 - https:\/\/yoast.com\/wordpress\/plugins\/seo\/ -->\n<title>Pourquoi les voitures \u00e9lectriques perdent autant de valeur - CanadaMotorJobs.com<\/title>\n<meta name=\"description\" content=\"Pourquoi les voitures \u00e9lectriques perdent autant de valeur - Benoit Charette - Annuel automobile - CanadaMotorJobs.com.\" \/>\n<meta name=\"robots\" content=\"index, follow, max-snippet:-1, max-image-preview:large, max-video-preview:-1\" \/>\n<meta property=\"og:locale\" content=\"fr_CA\" \/>\n<meta property=\"og:type\" content=\"article\" \/>\n<meta property=\"og:title\" content=\"Pourquoi les voitures \u00e9lectriques perdent autant de valeur - CanadaMotorJobs.com\" \/>\n<meta property=\"og:description\" content=\"Pourquoi les voitures \u00e9lectriques perdent autant de valeur - Benoit Charette - Annuel automobile - CanadaMotorJobs.com.\" \/>\n<meta property=\"og:url\" content=\"https:\/\/news.canadamotorjobs.com\/fr\/pourquoi-les-voitures-electriques-perdent-autant-de-valeur\/\" \/>\n<meta property=\"og:site_name\" content=\"CanadaMotorJobs.com\" \/>\n<meta property=\"article:publisher\" content=\"https:\/\/www.facebook.com\/canadamotorjobs\/\" \/>\n<meta property=\"article:published_time\" content=\"2026-04-28T11:36:19+00:00\" \/>\n<meta property=\"article:modified_time\" content=\"2026-04-28T11:49:56+00:00\" \/>\n<meta property=\"og:image\" content=\"https:\/\/news.canadamotorjobs.com\/wp-content\/uploads\/2026\/04\/2023-Nissan-LEAF-36-1200x800-1.jpg\" \/>\n\t<meta property=\"og:image:width\" content=\"1200\" \/>\n\t<meta property=\"og:image:height\" content=\"800\" \/>\n\t<meta property=\"og:image:type\" content=\"image\/jpeg\" \/>\n<meta name=\"author\" content=\"Benoit Charette\" \/>\n<meta name=\"twitter:card\" content=\"summary_large_image\" \/>\n<meta name=\"twitter:creator\" content=\"@canadamotorjobs\" \/>\n<meta name=\"twitter:site\" content=\"@canadamotorjobs\" \/>\n<meta name=\"twitter:label1\" content=\"\u00c9crit par\" \/>\n\t<meta name=\"twitter:data1\" content=\"Benoit Charette\" \/>\n\t<meta name=\"twitter:label2\" content=\"Estimation du temps de lecture\" \/>\n\t<meta name=\"twitter:data2\" content=\"4 minutes\" \/>\n<!-- \/ Yoast SEO plugin. -->","yoast_head_json":{"title":"Pourquoi les voitures \u00e9lectriques perdent autant de valeur - CanadaMotorJobs.com","description":"Pourquoi les voitures \u00e9lectriques perdent autant de valeur - Benoit Charette - Annuel automobile - CanadaMotorJobs.com.","robots":{"index":"index","follow":"follow","max-snippet":"max-snippet:-1","max-image-preview":"max-image-preview:large","max-video-preview":"max-video-preview:-1"},"og_locale":"fr_CA","og_type":"article","og_title":"Pourquoi les voitures \u00e9lectriques perdent autant de valeur - CanadaMotorJobs.com","og_description":"Pourquoi les voitures \u00e9lectriques perdent autant de valeur - Benoit Charette - Annuel automobile - CanadaMotorJobs.com.","og_url":"https:\/\/news.canadamotorjobs.com\/fr\/pourquoi-les-voitures-electriques-perdent-autant-de-valeur\/","og_site_name":"CanadaMotorJobs.com","article_publisher":"https:\/\/www.facebook.com\/canadamotorjobs\/","article_published_time":"2026-04-28T11:36:19+00:00","article_modified_time":"2026-04-28T11:49:56+00:00","og_image":[{"width":1200,"height":800,"url":"https:\/\/news.canadamotorjobs.com\/wp-content\/uploads\/2026\/04\/2023-Nissan-LEAF-36-1200x800-1.jpg","type":"image\/jpeg"}],"author":"Benoit Charette","twitter_card":"summary_large_image","twitter_creator":"@canadamotorjobs","twitter_site":"@canadamotorjobs","twitter_misc":{"\u00c9crit par":"Benoit Charette","Estimation du temps de lecture":"4 minutes"},"schema":{"@context":"https:\/\/schema.org","@graph":[{"@type":"Article","@id":"https:\/\/news.canadamotorjobs.com\/fr\/pourquoi-les-voitures-electriques-perdent-autant-de-valeur\/#article","isPartOf":{"@id":"https:\/\/news.canadamotorjobs.com\/fr\/pourquoi-les-voitures-electriques-perdent-autant-de-valeur\/"},"author":{"name":"Benoit Charette","@id":"https:\/\/news.canadamotorjobs.com\/#\/schema\/person\/51793d1f87d44011d7bcc2ed99269a90"},"headline":"Pourquoi les voitures \u00e9lectriques perdent autant de valeur","datePublished":"2026-04-28T11:36:19+00:00","dateModified":"2026-04-28T11:49:56+00:00","mainEntityOfPage":{"@id":"https:\/\/news.canadamotorjobs.com\/fr\/pourquoi-les-voitures-electriques-perdent-autant-de-valeur\/"},"wordCount":717,"publisher":{"@id":"https:\/\/news.canadamotorjobs.com\/#organization"},"image":{"@id":"https:\/\/news.canadamotorjobs.com\/fr\/pourquoi-les-voitures-electriques-perdent-autant-de-valeur\/#primaryimage"},"thumbnailUrl":"https:\/\/news.canadamotorjobs.com\/wp-content\/uploads\/2026\/04\/2023-Nissan-LEAF-36-1200x800-1.jpg","articleSection":["Annuel automobile"],"inLanguage":"fr-CA"},{"@type":"WebPage","@id":"https:\/\/news.canadamotorjobs.com\/fr\/pourquoi-les-voitures-electriques-perdent-autant-de-valeur\/","url":"https:\/\/news.canadamotorjobs.com\/fr\/pourquoi-les-voitures-electriques-perdent-autant-de-valeur\/","name":"Pourquoi les voitures \u00e9lectriques perdent autant de valeur - CanadaMotorJobs.com","isPartOf":{"@id":"https:\/\/news.canadamotorjobs.com\/#website"},"primaryImageOfPage":{"@id":"https:\/\/news.canadamotorjobs.com\/fr\/pourquoi-les-voitures-electriques-perdent-autant-de-valeur\/#primaryimage"},"image":{"@id":"https:\/\/news.canadamotorjobs.com\/fr\/pourquoi-les-voitures-electriques-perdent-autant-de-valeur\/#primaryimage"},"thumbnailUrl":"https:\/\/news.canadamotorjobs.com\/wp-content\/uploads\/2026\/04\/2023-Nissan-LEAF-36-1200x800-1.jpg","datePublished":"2026-04-28T11:36:19+00:00","dateModified":"2026-04-28T11:49:56+00:00","description":"Pourquoi les voitures \u00e9lectriques perdent autant de valeur - Benoit Charette - Annuel automobile - CanadaMotorJobs.com.","breadcrumb":{"@id":"https:\/\/news.canadamotorjobs.com\/fr\/pourquoi-les-voitures-electriques-perdent-autant-de-valeur\/#breadcrumb"},"inLanguage":"fr-CA","potentialAction":[{"@type":"ReadAction","target":["https:\/\/news.canadamotorjobs.com\/fr\/pourquoi-les-voitures-electriques-perdent-autant-de-valeur\/"]}]},{"@type":"ImageObject","inLanguage":"fr-CA","@id":"https:\/\/news.canadamotorjobs.com\/fr\/pourquoi-les-voitures-electriques-perdent-autant-de-valeur\/#primaryimage","url":"https:\/\/news.canadamotorjobs.com\/wp-content\/uploads\/2026\/04\/2023-Nissan-LEAF-36-1200x800-1.jpg","contentUrl":"https:\/\/news.canadamotorjobs.com\/wp-content\/uploads\/2026\/04\/2023-Nissan-LEAF-36-1200x800-1.jpg","width":1200,"height":800},{"@type":"BreadcrumbList","@id":"https:\/\/news.canadamotorjobs.com\/fr\/pourquoi-les-voitures-electriques-perdent-autant-de-valeur\/#breadcrumb","itemListElement":[{"@type":"ListItem","position":1,"name":"Home","item":"https:\/\/news.canadamotorjobs.com\/fr\/blog\/"},{"@type":"ListItem","position":2,"name":"Pourquoi les voitures \u00e9lectriques perdent autant de valeur"}]},{"@type":"WebSite","@id":"https:\/\/news.canadamotorjobs.com\/#website","url":"https:\/\/news.canadamotorjobs.com\/","name":"CanadaMotorJobs.com","description":"Automotive Jobs","publisher":{"@id":"https:\/\/news.canadamotorjobs.com\/#organization"},"potentialAction":[{"@type":"SearchAction","target":{"@type":"EntryPoint","urlTemplate":"https:\/\/news.canadamotorjobs.com\/?s={search_term_string}"},"query-input":"required name=search_term_string"}],"inLanguage":"fr-CA"},{"@type":"Organization","@id":"https:\/\/news.canadamotorjobs.com\/#organization","name":"Canada Motor Jobs","url":"https:\/\/news.canadamotorjobs.com\/","logo":{"@type":"ImageObject","inLanguage":"fr-CA","@id":"https:\/\/news.canadamotorjobs.com\/#\/schema\/logo\/image\/","url":"https:\/\/news.canadamotorjobs.com\/wp-content\/uploads\/2022\/10\/logo-canada-motor-jobs-1.png","contentUrl":"https:\/\/news.canadamotorjobs.com\/wp-content\/uploads\/2022\/10\/logo-canada-motor-jobs-1.png","width":800,"height":400,"caption":"Canada Motor Jobs"},"image":{"@id":"https:\/\/news.canadamotorjobs.com\/#\/schema\/logo\/image\/"},"sameAs":["https:\/\/www.facebook.com\/canadamotorjobs\/","https:\/\/x.com\/canadamotorjobs","https:\/\/www.instagram.com\/canadamotorjobs\/","https:\/\/www.linkedin.com\/company\/canadamotorjobs"]},{"@type":"Person","@id":"https:\/\/news.canadamotorjobs.com\/#\/schema\/person\/51793d1f87d44011d7bcc2ed99269a90","name":"Benoit Charette","image":{"@type":"ImageObject","inLanguage":"fr-CA","@id":"https:\/\/news.canadamotorjobs.com\/#\/schema\/person\/image\/","url":"https:\/\/secure.gravatar.com\/avatar\/45f3d2eebcccd909668d7ce7ea7267b6?s=96&d=mm&r=g","contentUrl":"https:\/\/secure.gravatar.com\/avatar\/45f3d2eebcccd909668d7ce7ea7267b6?s=96&d=mm&r=g","caption":"Benoit Charette"},"description":"Benoit Charette \/ Propri\u00e9taire et r\u00e9dacteur en chef Benoit Charette pratique le journalisme automobile depuis bient\u00f4t 30 ans. Il a fait ses classes au c\u00f4t\u00e9 de Daniel H\u00e9raud et au Carnet de route de 1992 \u00e0 2001. Il est fondateur, copropri\u00e9taire et r\u00e9dacteur en chef de L\u2019Annuel de l\u2019automobile, qu\u2019il publie depuis 2001. Il a anim\u00e9 les \u00e9missions RPM et RPM+ sur V et les L\u00e9gendes de la route sur Historia. \u00c0 la radio depuis 1986, il reprend l\u2019antenne cette ann\u00e9e sur les ondes de Cogeco et participe pour la deuxi\u00e8me ann\u00e9e \u00e0 l\u2019\u00e9mission Passion Auto sur RDS en plus de mettre en ligne le site Web officiel de L\u2019Annuel de l\u2019automobile sur annuelauto.ca.","sameAs":["https:\/\/annuelauto.ca\/"],"url":"https:\/\/news.canadamotorjobs.com\/fr\/author\/benoit-charette\/"}]}},"_links":{"self":[{"href":"https:\/\/news.canadamotorjobs.com\/fr\/wp-json\/wp\/v2\/posts\/240706"}],"collection":[{"href":"https:\/\/news.canadamotorjobs.com\/fr\/wp-json\/wp\/v2\/posts"}],"about":[{"href":"https:\/\/news.canadamotorjobs.com\/fr\/wp-json\/wp\/v2\/types\/post"}],"author":[{"embeddable":true,"href":"https:\/\/news.canadamotorjobs.com\/fr\/wp-json\/wp\/v2\/users\/8"}],"replies":[{"embeddable":true,"href":"https:\/\/news.canadamotorjobs.com\/fr\/wp-json\/wp\/v2\/comments?post=240706"}],"version-history":[{"count":2,"href":"https:\/\/news.canadamotorjobs.com\/fr\/wp-json\/wp\/v2\/posts\/240706\/revisions"}],"predecessor-version":[{"id":240710,"href":"https:\/\/news.canadamotorjobs.com\/fr\/wp-json\/wp\/v2\/posts\/240706\/revisions\/240710"}],"wp:featuredmedia":[{"embeddable":true,"href":"https:\/\/news.canadamotorjobs.com\/fr\/wp-json\/wp\/v2\/media\/240708"}],"wp:attachment":[{"href":"https:\/\/news.canadamotorjobs.com\/fr\/wp-json\/wp\/v2\/media?parent=240706"}],"wp:term":[{"taxonomy":"category","embeddable":true,"href":"https:\/\/news.canadamotorjobs.com\/fr\/wp-json\/wp\/v2\/categories?post=240706"},{"taxonomy":"post_tag","embeddable":true,"href":"https:\/\/news.canadamotorjobs.com\/fr\/wp-json\/wp\/v2\/tags?post=240706"}],"curies":[{"name":"wp","href":"https:\/\/api.w.org\/{rel}","templated":true}]}}