{"id":240683,"date":"2026-04-27T14:48:04","date_gmt":"2026-04-27T18:48:04","guid":{"rendered":"https:\/\/news.canadamotorjobs.com\/?p=240683"},"modified":"2026-04-27T14:50:21","modified_gmt":"2026-04-27T18:50:21","slug":"une-industrie-en-crise-mais-des-dirigeants-bien-recompenses","status":"publish","type":"post","link":"https:\/\/news.canadamotorjobs.com\/fr\/une-industrie-en-crise-mais-des-dirigeants-bien-recompenses\/","title":{"rendered":"Une industrie en crise\u2026 mais des dirigeants bien r\u00e9compens\u00e9s"},"content":{"rendered":"<\/p>\n<p data-start=\"538\" data-end=\"777\">L\u2019ann\u00e9e 2025 n\u2019a pas \u00e9t\u00e9 tendre pour l\u2019industrie automobile am\u00e9ricaine. Entre tarifs douaniers, ralentissement des ventes, pertes colossales li\u00e9es aux v\u00e9hicules \u00e9lectriques et rappels records, le contexte avait tout d\u2019une temp\u00eate parfaite. Pourtant, les grands patrons des \u00ab Big Three \u00bb \u2014 <span class=\"hover:entity-accent entity-underline inline cursor-pointer align-baseline\"><span class=\"whitespace-normal\">General Motors<\/span><\/span>, <span class=\"hover:entity-accent entity-underline inline cursor-pointer align-baseline\"><span class=\"whitespace-normal\">Ford<\/span><\/span> et <span class=\"hover:entity-accent entity-underline inline cursor-pointer align-baseline\"><span class=\"whitespace-normal\">Stellantis<\/span><\/span> \u2014 ont vu leur r\u00e9mun\u00e9ration rester \u00e0 des niveaux stratosph\u00e9riques.<\/p>\n<h3 data-section-id=\"gi6rcm\" data-start=\"1013\" data-end=\"1047\">Mary Barra en t\u00eate du peloton<\/h3>\n<p><\/p>\n<p data-start=\"1048\" data-end=\"1302\">C\u2019est <span class=\"hover:entity-accent entity-underline inline cursor-pointer align-baseline\"><span class=\"whitespace-normal\">Mary Barra<\/span><\/span> qui domine le classement avec une r\u00e9mun\u00e9ration de pr\u00e8s de 29,9 millions de dollars en 2025. Une l\u00e9g\u00e8re hausse par rapport \u00e0 l\u2019ann\u00e9e pr\u00e9c\u00e9dente, malgr\u00e9 un b\u00e9n\u00e9fice net en forte baisse \u00e0 2,7 milliards de dollars. Cette contre-performance s\u2019explique notamment par une d\u00e9pr\u00e9ciation de 7,6 milliards li\u00e9e aux activit\u00e9s \u00e9lectriques, ainsi que pr\u00e8s de 3 milliards en co\u00fbts tarifaires.<\/p>\n<h3 data-section-id=\"1hal0if\" data-start=\"1472\" data-end=\"1529\">Jim Farley : hausse salariale malgr\u00e9 les difficult\u00e9s<\/h3>\n<p><\/p>\n<p data-start=\"1530\" data-end=\"1672\">Du c\u00f4t\u00e9 de <span class=\"hover:entity-accent entity-underline inline cursor-pointer align-baseline\"><span class=\"whitespace-normal\">Ford<\/span><\/span>, <span class=\"hover:entity-accent entity-underline inline cursor-pointer align-baseline\"><span class=\"whitespace-normal\">Jim Farley<\/span><\/span> a empoch\u00e9 27,5 millions de dollars, en hausse de 11 %. Un chiffre qui fait sourciller quand on sait que Ford a affich\u00e9 une perte nette de 8,2 milliards de dollars, notamment apr\u00e8s une d\u00e9pr\u00e9ciation de 19,5 milliards dans sa division \u00e9lectrique. \u00c0 cela s\u2019ajoutent des probl\u00e8mes industriels, dont un incendie chez un fournisseur cl\u00e9, et un record de 153 rappels touchant pr\u00e8s de 13 millions de v\u00e9hicules.<\/p>\n<p><\/p>\n<p data-start=\"2022\" data-end=\"2144\">Autre donn\u00e9e r\u00e9v\u00e9latrice : la r\u00e9mun\u00e9ration de Farley repr\u00e9sente environ 295 fois le salaire m\u00e9dian des employ\u00e9s du groupe.<\/p>\n<h3 data-section-id=\"dpbnax\" data-start=\"2146\" data-end=\"2197\">Stellantis : une ann\u00e9e noire, mais un CEO bien pay\u00e9<\/h3>\n<p><\/p>\n<p data-start=\"2198\" data-end=\"2458\">Chez <span class=\"hover:entity-accent entity-underline inline cursor-pointer align-baseline\"><span class=\"whitespace-normal\">Stellantis<\/span><\/span>, la situation est encore plus brutale. Le groupe a enregistr\u00e9 une perte nette de 26,3 milliards de dollars en 2025, largement attribuable \u00e0 une d\u00e9pr\u00e9ciation massive li\u00e9e \u00e0 l\u2019abandon partiel de sa strat\u00e9gie \u00e9lectrique. Malgr\u00e9 cela, le nouveau PDG <span class=\"hover:entity-accent entity-underline inline cursor-pointer align-baseline\"><span class=\"whitespace-normal\">Antonio Filosa<\/span><\/span>, en poste depuis juin, a re\u00e7u environ 6,3 millions de dollars pour six mois. Une r\u00e9mun\u00e9ration qui pourrait grimper jusqu\u2019\u00e0 23 millions par an d\u2019ici 2028 gr\u00e2ce aux incitatifs. Son pr\u00e9d\u00e9cesseur, <span class=\"hover:entity-accent entity-underline inline cursor-pointer align-baseline\"><span class=\"whitespace-normal\">Carlos Tavares<\/span><\/span>, a pour sa part touch\u00e9 environ 14 millions avant son d\u00e9part.<\/p>\n<h3 data-section-id=\"136s34h\" data-start=\"2820\" data-end=\"2861\">Les travailleurs laiss\u00e9s pour compte<\/h3>\n<p><\/p>\n<p data-start=\"2862\" data-end=\"3119\">Pendant que les dirigeants encaissent des millions, les employ\u00e9s syndiqu\u00e9s, notamment ceux repr\u00e9sent\u00e9s par le <span class=\"hover:entity-accent entity-underline inline cursor-pointer align-baseline\"><span class=\"whitespace-normal\">United Auto Workers<\/span><\/span>, ont vu leurs primes de partage des profits fondre\u2026 voire dispara\u00eetre compl\u00e8tement dans le cas de Stellantis. Chez GM, certaines pertes (notamment li\u00e9es aux tarifs) ont \u00e9t\u00e9 exclues du calcul de rentabilit\u00e9 servant \u00e0 d\u00e9terminer les \u092c\u094b\u0928\u0938 des dirigeants \u2014 une d\u00e9cision qui soul\u00e8ve des questions sur la gouvernance.<\/p>\n<h3 data-section-id=\"joztly\" data-start=\"3324\" data-end=\"3357\">Une d\u00e9connexion grandissante<\/h3>\n<p><\/p>\n<p data-start=\"3358\" data-end=\"3589\">Ce contraste entre les performances financi\u00e8res et les r\u00e9mun\u00e9rations des dirigeants illustre une tendance lourde dans l\u2019industrie : une d\u00e9connexion croissante entre la r\u00e9alit\u00e9 op\u00e9rationnelle et les incitations des hauts dirigeants. Dans un contexte de transition \u00e9nerg\u00e9tique co\u00fbteuse et de pression accrue sur les marges, cette dynamique risque d\u2019alimenter les tensions sociales et politiques autour du secteur automobile.<\/p>\n<h3 data-section-id=\"r2gqr9\" data-start=\"3783\" data-end=\"3824\">Conclusion<\/h3>\n<p><\/p>\n<p data-start=\"3825\" data-end=\"3964\">L\u2019ann\u00e9e 2025 confirme que, m\u00eame en p\u00e9riode de turbulence, les PDG des grands groupes automobiles restent largement prot\u00e9g\u00e9s financi\u00e8rement. Reste \u00e0 voir si ce mod\u00e8le sera soutenable \u00e0 long terme, alors que l\u2019industrie doit absorber des transformations majeures \u2014 \u00e9lectrification, concurrence chinoise, et nouvelles contraintes r\u00e9glementaires.<\/p>\n<p><\/p>\n<p data-start=\"3825\" data-end=\"3964\">Avec des renseignements de Jalopnik<\/p>\n<p>Le texte <a href=\"https:\/\/annuelauto.ca\/une-industrie-en-crise-mais-des-dirigeants-bien-recompenses\/\">Une industrie en crise\u2026 mais des dirigeants bien r\u00e9compens\u00e9s<\/a> provient de <a href=\"https:\/\/annuelauto.ca\">template  &#8211; Car and truck parts &#8211; We deliver our parts and accessories everywhere in Canada<\/a><\/p>\n<p><\/p>\n","protected":false},"excerpt":{"rendered":"<p>L\u2019ann\u00e9e 2025 n\u2019a pas \u00e9t\u00e9 tendre pour l\u2019industrie automobile am\u00e9ricaine. Entre tarifs douaniers, ralentissement des ventes, pertes colossales li\u00e9es aux v\u00e9hicules \u00e9lectriques et rappels records, le contexte avait tout d\u2019une temp\u00eate parfaite. Pourtant, les grands patrons des \u00ab Big Three \u00bb \u2014 General Motors, Ford et Stellantis \u2014 ont vu leur r\u00e9mun\u00e9ration rester \u00e0 des [&hellip;]<\/p>\n","protected":false},"author":8,"featured_media":240685,"comment_status":"close","ping_status":"closed","sticky":false,"template":"","format":"standard","meta":{"_monsterinsights_skip_tracking":false,"_monsterinsights_sitenote_active":false,"_monsterinsights_sitenote_note":"","_monsterinsights_sitenote_category":0,"footnotes":""},"categories":[101],"tags":[],"yoast_head":"<!-- This site is optimized with the Yoast SEO plugin v23.2 - https:\/\/yoast.com\/wordpress\/plugins\/seo\/ -->\n<title>Une industrie en crise\u2026 mais des dirigeants bien r\u00e9compens\u00e9s - CanadaMotorJobs.com<\/title>\n<meta name=\"description\" content=\"Une industrie en crise\u2026 mais des dirigeants bien r\u00e9compens\u00e9s - Benoit Charette - Annuel automobile - CanadaMotorJobs.com.\" \/>\n<meta name=\"robots\" content=\"index, follow, max-snippet:-1, max-image-preview:large, max-video-preview:-1\" \/>\n<meta property=\"og:locale\" content=\"fr_CA\" \/>\n<meta property=\"og:type\" content=\"article\" \/>\n<meta property=\"og:title\" content=\"Une industrie en crise\u2026 mais des dirigeants bien r\u00e9compens\u00e9s - CanadaMotorJobs.com\" \/>\n<meta property=\"og:description\" content=\"Une industrie en crise\u2026 mais des dirigeants bien r\u00e9compens\u00e9s - Benoit Charette - Annuel automobile - CanadaMotorJobs.com.\" \/>\n<meta property=\"og:url\" content=\"https:\/\/news.canadamotorjobs.com\/fr\/une-industrie-en-crise-mais-des-dirigeants-bien-recompenses\/\" \/>\n<meta property=\"og:site_name\" content=\"CanadaMotorJobs.com\" \/>\n<meta property=\"article:publisher\" content=\"https:\/\/www.facebook.com\/canadamotorjobs\/\" \/>\n<meta property=\"article:published_time\" content=\"2026-04-27T18:48:04+00:00\" \/>\n<meta property=\"article:modified_time\" content=\"2026-04-27T18:50:21+00:00\" \/>\n<meta property=\"og:image\" content=\"https:\/\/news.canadamotorjobs.com\/wp-content\/uploads\/2026\/04\/mary_barra_2019-GM-Romulus-001.jpg\" \/>\n\t<meta property=\"og:image:width\" content=\"1200\" \/>\n\t<meta property=\"og:image:height\" content=\"801\" \/>\n\t<meta property=\"og:image:type\" content=\"image\/jpeg\" \/>\n<meta name=\"author\" content=\"Benoit Charette\" \/>\n<meta name=\"twitter:card\" content=\"summary_large_image\" \/>\n<meta name=\"twitter:creator\" content=\"@canadamotorjobs\" \/>\n<meta name=\"twitter:site\" content=\"@canadamotorjobs\" \/>\n<meta name=\"twitter:label1\" content=\"\u00c9crit par\" \/>\n\t<meta name=\"twitter:data1\" content=\"Benoit Charette\" \/>\n\t<meta name=\"twitter:label2\" content=\"Estimation du temps de lecture\" \/>\n\t<meta name=\"twitter:data2\" content=\"3 minutes\" \/>\n<!-- \/ Yoast SEO plugin. -->","yoast_head_json":{"title":"Une industrie en crise\u2026 mais des dirigeants bien r\u00e9compens\u00e9s - CanadaMotorJobs.com","description":"Une industrie en crise\u2026 mais des dirigeants bien r\u00e9compens\u00e9s - Benoit Charette - Annuel automobile - CanadaMotorJobs.com.","robots":{"index":"index","follow":"follow","max-snippet":"max-snippet:-1","max-image-preview":"max-image-preview:large","max-video-preview":"max-video-preview:-1"},"og_locale":"fr_CA","og_type":"article","og_title":"Une industrie en crise\u2026 mais des dirigeants bien r\u00e9compens\u00e9s - CanadaMotorJobs.com","og_description":"Une industrie en crise\u2026 mais des dirigeants bien r\u00e9compens\u00e9s - Benoit Charette - Annuel automobile - CanadaMotorJobs.com.","og_url":"https:\/\/news.canadamotorjobs.com\/fr\/une-industrie-en-crise-mais-des-dirigeants-bien-recompenses\/","og_site_name":"CanadaMotorJobs.com","article_publisher":"https:\/\/www.facebook.com\/canadamotorjobs\/","article_published_time":"2026-04-27T18:48:04+00:00","article_modified_time":"2026-04-27T18:50:21+00:00","og_image":[{"width":1200,"height":801,"url":"https:\/\/news.canadamotorjobs.com\/wp-content\/uploads\/2026\/04\/mary_barra_2019-GM-Romulus-001.jpg","type":"image\/jpeg"}],"author":"Benoit Charette","twitter_card":"summary_large_image","twitter_creator":"@canadamotorjobs","twitter_site":"@canadamotorjobs","twitter_misc":{"\u00c9crit par":"Benoit Charette","Estimation du temps de lecture":"3 minutes"},"schema":{"@context":"https:\/\/schema.org","@graph":[{"@type":"Article","@id":"https:\/\/news.canadamotorjobs.com\/fr\/une-industrie-en-crise-mais-des-dirigeants-bien-recompenses\/#article","isPartOf":{"@id":"https:\/\/news.canadamotorjobs.com\/fr\/une-industrie-en-crise-mais-des-dirigeants-bien-recompenses\/"},"author":{"name":"Benoit Charette","@id":"https:\/\/news.canadamotorjobs.com\/#\/schema\/person\/51793d1f87d44011d7bcc2ed99269a90"},"headline":"Une industrie en crise\u2026 mais des dirigeants bien r\u00e9compens\u00e9s","datePublished":"2026-04-27T18:48:04+00:00","dateModified":"2026-04-27T18:50:21+00:00","mainEntityOfPage":{"@id":"https:\/\/news.canadamotorjobs.com\/fr\/une-industrie-en-crise-mais-des-dirigeants-bien-recompenses\/"},"wordCount":604,"publisher":{"@id":"https:\/\/news.canadamotorjobs.com\/#organization"},"image":{"@id":"https:\/\/news.canadamotorjobs.com\/fr\/une-industrie-en-crise-mais-des-dirigeants-bien-recompenses\/#primaryimage"},"thumbnailUrl":"https:\/\/news.canadamotorjobs.com\/wp-content\/uploads\/2026\/04\/mary_barra_2019-GM-Romulus-001.jpg","articleSection":["Annuel automobile"],"inLanguage":"fr-CA"},{"@type":"WebPage","@id":"https:\/\/news.canadamotorjobs.com\/fr\/une-industrie-en-crise-mais-des-dirigeants-bien-recompenses\/","url":"https:\/\/news.canadamotorjobs.com\/fr\/une-industrie-en-crise-mais-des-dirigeants-bien-recompenses\/","name":"Une industrie en crise\u2026 mais des dirigeants bien r\u00e9compens\u00e9s - CanadaMotorJobs.com","isPartOf":{"@id":"https:\/\/news.canadamotorjobs.com\/#website"},"primaryImageOfPage":{"@id":"https:\/\/news.canadamotorjobs.com\/fr\/une-industrie-en-crise-mais-des-dirigeants-bien-recompenses\/#primaryimage"},"image":{"@id":"https:\/\/news.canadamotorjobs.com\/fr\/une-industrie-en-crise-mais-des-dirigeants-bien-recompenses\/#primaryimage"},"thumbnailUrl":"https:\/\/news.canadamotorjobs.com\/wp-content\/uploads\/2026\/04\/mary_barra_2019-GM-Romulus-001.jpg","datePublished":"2026-04-27T18:48:04+00:00","dateModified":"2026-04-27T18:50:21+00:00","description":"Une industrie en crise\u2026 mais des dirigeants bien r\u00e9compens\u00e9s - Benoit Charette - Annuel automobile - CanadaMotorJobs.com.","breadcrumb":{"@id":"https:\/\/news.canadamotorjobs.com\/fr\/une-industrie-en-crise-mais-des-dirigeants-bien-recompenses\/#breadcrumb"},"inLanguage":"fr-CA","potentialAction":[{"@type":"ReadAction","target":["https:\/\/news.canadamotorjobs.com\/fr\/une-industrie-en-crise-mais-des-dirigeants-bien-recompenses\/"]}]},{"@type":"ImageObject","inLanguage":"fr-CA","@id":"https:\/\/news.canadamotorjobs.com\/fr\/une-industrie-en-crise-mais-des-dirigeants-bien-recompenses\/#primaryimage","url":"https:\/\/news.canadamotorjobs.com\/wp-content\/uploads\/2026\/04\/mary_barra_2019-GM-Romulus-001.jpg","contentUrl":"https:\/\/news.canadamotorjobs.com\/wp-content\/uploads\/2026\/04\/mary_barra_2019-GM-Romulus-001.jpg","width":1200,"height":801},{"@type":"BreadcrumbList","@id":"https:\/\/news.canadamotorjobs.com\/fr\/une-industrie-en-crise-mais-des-dirigeants-bien-recompenses\/#breadcrumb","itemListElement":[{"@type":"ListItem","position":1,"name":"Home","item":"https:\/\/news.canadamotorjobs.com\/fr\/blog\/"},{"@type":"ListItem","position":2,"name":"Une industrie en crise\u2026 mais des dirigeants bien r\u00e9compens\u00e9s"}]},{"@type":"WebSite","@id":"https:\/\/news.canadamotorjobs.com\/#website","url":"https:\/\/news.canadamotorjobs.com\/","name":"CanadaMotorJobs.com","description":"Automotive Jobs","publisher":{"@id":"https:\/\/news.canadamotorjobs.com\/#organization"},"potentialAction":[{"@type":"SearchAction","target":{"@type":"EntryPoint","urlTemplate":"https:\/\/news.canadamotorjobs.com\/?s={search_term_string}"},"query-input":"required name=search_term_string"}],"inLanguage":"fr-CA"},{"@type":"Organization","@id":"https:\/\/news.canadamotorjobs.com\/#organization","name":"Canada Motor Jobs","url":"https:\/\/news.canadamotorjobs.com\/","logo":{"@type":"ImageObject","inLanguage":"fr-CA","@id":"https:\/\/news.canadamotorjobs.com\/#\/schema\/logo\/image\/","url":"https:\/\/news.canadamotorjobs.com\/wp-content\/uploads\/2022\/10\/logo-canada-motor-jobs-1.png","contentUrl":"https:\/\/news.canadamotorjobs.com\/wp-content\/uploads\/2022\/10\/logo-canada-motor-jobs-1.png","width":800,"height":400,"caption":"Canada Motor Jobs"},"image":{"@id":"https:\/\/news.canadamotorjobs.com\/#\/schema\/logo\/image\/"},"sameAs":["https:\/\/www.facebook.com\/canadamotorjobs\/","https:\/\/x.com\/canadamotorjobs","https:\/\/www.instagram.com\/canadamotorjobs\/","https:\/\/www.linkedin.com\/company\/canadamotorjobs"]},{"@type":"Person","@id":"https:\/\/news.canadamotorjobs.com\/#\/schema\/person\/51793d1f87d44011d7bcc2ed99269a90","name":"Benoit Charette","image":{"@type":"ImageObject","inLanguage":"fr-CA","@id":"https:\/\/news.canadamotorjobs.com\/#\/schema\/person\/image\/","url":"https:\/\/secure.gravatar.com\/avatar\/45f3d2eebcccd909668d7ce7ea7267b6?s=96&d=mm&r=g","contentUrl":"https:\/\/secure.gravatar.com\/avatar\/45f3d2eebcccd909668d7ce7ea7267b6?s=96&d=mm&r=g","caption":"Benoit Charette"},"description":"Benoit Charette \/ Propri\u00e9taire et r\u00e9dacteur en chef Benoit Charette pratique le journalisme automobile depuis bient\u00f4t 30 ans. Il a fait ses classes au c\u00f4t\u00e9 de Daniel H\u00e9raud et au Carnet de route de 1992 \u00e0 2001. Il est fondateur, copropri\u00e9taire et r\u00e9dacteur en chef de L\u2019Annuel de l\u2019automobile, qu\u2019il publie depuis 2001. Il a anim\u00e9 les \u00e9missions RPM et RPM+ sur V et les L\u00e9gendes de la route sur Historia. \u00c0 la radio depuis 1986, il reprend l\u2019antenne cette ann\u00e9e sur les ondes de Cogeco et participe pour la deuxi\u00e8me ann\u00e9e \u00e0 l\u2019\u00e9mission Passion Auto sur RDS en plus de mettre en ligne le site Web officiel de L\u2019Annuel de l\u2019automobile sur annuelauto.ca.","sameAs":["https:\/\/annuelauto.ca\/"],"url":"https:\/\/news.canadamotorjobs.com\/fr\/author\/benoit-charette\/"}]}},"_links":{"self":[{"href":"https:\/\/news.canadamotorjobs.com\/fr\/wp-json\/wp\/v2\/posts\/240683"}],"collection":[{"href":"https:\/\/news.canadamotorjobs.com\/fr\/wp-json\/wp\/v2\/posts"}],"about":[{"href":"https:\/\/news.canadamotorjobs.com\/fr\/wp-json\/wp\/v2\/types\/post"}],"author":[{"embeddable":true,"href":"https:\/\/news.canadamotorjobs.com\/fr\/wp-json\/wp\/v2\/users\/8"}],"replies":[{"embeddable":true,"href":"https:\/\/news.canadamotorjobs.com\/fr\/wp-json\/wp\/v2\/comments?post=240683"}],"version-history":[{"count":2,"href":"https:\/\/news.canadamotorjobs.com\/fr\/wp-json\/wp\/v2\/posts\/240683\/revisions"}],"predecessor-version":[{"id":240687,"href":"https:\/\/news.canadamotorjobs.com\/fr\/wp-json\/wp\/v2\/posts\/240683\/revisions\/240687"}],"wp:featuredmedia":[{"embeddable":true,"href":"https:\/\/news.canadamotorjobs.com\/fr\/wp-json\/wp\/v2\/media\/240685"}],"wp:attachment":[{"href":"https:\/\/news.canadamotorjobs.com\/fr\/wp-json\/wp\/v2\/media?parent=240683"}],"wp:term":[{"taxonomy":"category","embeddable":true,"href":"https:\/\/news.canadamotorjobs.com\/fr\/wp-json\/wp\/v2\/categories?post=240683"},{"taxonomy":"post_tag","embeddable":true,"href":"https:\/\/news.canadamotorjobs.com\/fr\/wp-json\/wp\/v2\/tags?post=240683"}],"curies":[{"name":"wp","href":"https:\/\/api.w.org\/{rel}","templated":true}]}}