{"id":240602,"date":"2026-04-24T16:11:48","date_gmt":"2026-04-24T20:11:48","guid":{"rendered":"https:\/\/news.canadamotorjobs.com\/?p=240602"},"modified":"2026-04-24T16:20:03","modified_gmt":"2026-04-24T20:20:03","slug":"porsche-vend-ses-parts-dans-bugatti-et-rimac","status":"publish","type":"post","link":"https:\/\/news.canadamotorjobs.com\/fr\/porsche-vend-ses-parts-dans-bugatti-et-rimac\/","title":{"rendered":"Porsche vend ses parts dans Bugatti et Rimac"},"content":{"rendered":"<\/p>\n<p data-start=\"482\" data-end=\"737\">Coup de th\u00e9\u00e2tre dans le segment des voitures exotiques : <span class=\"hover:entity-accent entity-underline inline cursor-pointer align-baseline\"><span class=\"whitespace-normal\">Porsche<\/span><\/span> a annonc\u00e9 la vente de ses participations dans <span class=\"hover:entity-accent entity-underline inline cursor-pointer align-baseline\"><span class=\"whitespace-normal\">Bugatti<\/span><\/span> et <span class=\"hover:entity-accent entity-underline inline cursor-pointer align-baseline\"><span class=\"whitespace-normal\">Rimac<\/span><\/span> \u00e0 un consortium men\u00e9 par un fonds am\u00e9ricain. Cette transaction concerne la participation de 45 % que Porsche d\u00e9tenait dans la coentreprise <span class=\"hover:entity-accent entity-underline inline cursor-pointer align-baseline\"><span class=\"whitespace-normal\">Bugatti Rimac<\/span><\/span>, cr\u00e9\u00e9e en 2021. Cette structure regroupe Bugatti et une participation de 20,6 % dans Rimac.<\/p>\n<h3 data-section-id=\"uthy4r\" data-start=\"964\" data-end=\"1015\">Une d\u00e9cision dict\u00e9e par la pression financi\u00e8re<\/h3>\n<p><\/p>\n<p data-start=\"1016\" data-end=\"1291\">Cette vente s\u2019inscrit dans un contexte difficile pour le constructeur allemand, dont les performances financi\u00e8res ont fortement chut\u00e9. Le b\u00e9n\u00e9fice d\u2019exploitation a plong\u00e9 de 93 % l\u2019an dernier, tandis que les marges ont fondu \u00e0 seulement 1,1 %, contre plus de 14 % auparavant. Propri\u00e9t\u00e9 majoritaire du groupe <span class=\"hover:entity-accent entity-underline inline cursor-pointer align-baseline\"><span class=\"whitespace-normal\">Volkswagen<\/span><\/span>, Porsche subit notamment les effets combin\u00e9s des tarifs douaniers am\u00e9ricains et d\u2019un ralentissement marqu\u00e9 de la demande en Chine. Le nouveau PDG, <span class=\"hover:entity-accent entity-underline inline cursor-pointer align-baseline\"><span class=\"whitespace-normal\">Oliver Blume<\/span><\/span> (et son successeur op\u00e9rationnel en place), doit maintenant redresser la barre en r\u00e9duisant les co\u00fbts et en recentrant les activit\u00e9s sur le c\u0153ur de marque.<\/p>\n<h3 data-section-id=\"184co1b\" data-start=\"1705\" data-end=\"1757\">Une valorisation au-del\u00e0 du milliard de dollars<\/h3>\n<p><\/p>\n<p data-start=\"1758\" data-end=\"1928\">Bien que les d\u00e9tails financiers n\u2019aient pas \u00e9t\u00e9 officiellement divulgu\u00e9s, certaines sources \u00e9voquent une valorisation de plus d\u2019un milliard de dollars pour Bugatti Rimac. Le consortium acqu\u00e9reur est men\u00e9 par <span class=\"hover:entity-accent entity-underline inline cursor-pointer align-baseline\"><span class=\"whitespace-normal\">HOF Capital<\/span><\/span>, avec la participation de <span class=\"hover:entity-accent entity-underline inline cursor-pointer align-baseline\"><span class=\"whitespace-normal\">BlueFive Capital<\/span><\/span>, un fonds bas\u00e9 \u00e0 Abu Dhabi qui g\u00e8re environ 15 milliards de dollars d\u2019actifs. Ce dernier a pr\u00e9cis\u00e9 investir uniquement dans Bugatti Rimac, et non directement dans Rimac.<\/p>\n<h3 data-section-id=\"uo9qk\" data-start=\"2240\" data-end=\"2268\">Rimac prend le contr\u00f4le<\/h3>\n<p><\/p>\n<p data-start=\"2269\" data-end=\"2488\">\u00c0 la suite de la transaction, <span class=\"hover:entity-accent entity-underline inline cursor-pointer align-baseline\"><span class=\"whitespace-normal\">Rimac Group<\/span><\/span> devrait prendre le contr\u00f4le de Bugatti Rimac. Une \u00e9volution logique qui renforce la position du groupe croate dans l\u2019univers des hypercars \u00e9lectrifi\u00e9s. \u00c0 l\u2019origine, cette coentreprise visait \u00e0 marier le savoir-faire historique de Bugatti dans les hypercars thermiques avec l\u2019expertise \u00e9lectrique de Rimac. Une alliance technologique qui a notamment donn\u00e9 naissance \u00e0 des projets hybrides et \u00e9lectriques d\u2019avant-garde.<\/p>\n<h3 data-section-id=\"1nhfuwt\" data-start=\"2757\" data-end=\"2797\">Recentrage strat\u00e9gique chez Porsche<\/h3>\n<p><\/p>\n<p data-start=\"2798\" data-end=\"2999\">Pour Porsche, cette d\u00e9cision marque un repositionnement clair : abandonner certaines participations jug\u00e9es non essentielles pour concentrer les ressources sur ses mod\u00e8les phares et son \u00e9lectrification. Dans un march\u00e9 du luxe en mutation rapide, o\u00f9 les investissements n\u00e9cessaires explosent, m\u00eame les marques les plus solides doivent faire des choix.<\/p>\n<h3 data-section-id=\"18gpht7\" data-start=\"3150\" data-end=\"3192\">Une industrie en pleine recomposition<\/h3>\n<p><\/p>\n<p data-start=\"3193\" data-end=\"3352\">Cette transaction illustre une tendance de fond : la consolidation et la r\u00e9organisation des acteurs dans le segment des hypercars et des technologies avanc\u00e9es. Entre \u00e9lectrification, co\u00fbts de d\u00e9veloppement et pressions r\u00e9glementaires, l\u2019\u00e9poque des alliances strat\u00e9giques laisse progressivement place \u00e0 des structures plus cibl\u00e9es et \u00e0 une concentration du contr\u00f4le.<\/p>\n<p><\/p>\n<p data-start=\"3193\" data-end=\"3352\">Avec des renseignements de Reuters<\/p>\n<p>Le texte <a href=\"https:\/\/annuelauto.ca\/porsche-vend-ses-parts-dans-bugatti-et-rimac\/\">Porsche vend ses parts dans Bugatti et Rimac<\/a> provient de <a href=\"https:\/\/annuelauto.ca\">template  &#8211; Car and truck parts &#8211; We deliver our parts and accessories everywhere in Canada<\/a><\/p>\n<p><\/p>\n","protected":false},"excerpt":{"rendered":"<p>Coup de th\u00e9\u00e2tre dans le segment des voitures exotiques : Porsche a annonc\u00e9 la vente de ses participations dans Bugatti et Rimac \u00e0 un consortium men\u00e9 par un fonds am\u00e9ricain. Cette transaction concerne la participation de 45 % que Porsche d\u00e9tenait dans la coentreprise Bugatti Rimac, cr\u00e9\u00e9e en 2021. Cette structure regroupe Bugatti et une [&hellip;]<\/p>\n","protected":false},"author":8,"featured_media":240604,"comment_status":"close","ping_status":"closed","sticky":false,"template":"","format":"standard","meta":{"_monsterinsights_skip_tracking":false,"_monsterinsights_sitenote_active":false,"_monsterinsights_sitenote_note":"","_monsterinsights_sitenote_category":0,"footnotes":""},"categories":[101],"tags":[],"yoast_head":"<!-- This site is optimized with the Yoast SEO plugin v23.2 - https:\/\/yoast.com\/wordpress\/plugins\/seo\/ -->\n<title>Porsche vend ses parts dans Bugatti et Rimac - CanadaMotorJobs.com<\/title>\n<meta name=\"description\" content=\"Porsche vend ses parts dans Bugatti et Rimac - Benoit Charette - Annuel automobile - CanadaMotorJobs.com.\" \/>\n<meta name=\"robots\" content=\"index, follow, max-snippet:-1, max-image-preview:large, max-video-preview:-1\" \/>\n<meta property=\"og:locale\" content=\"fr_CA\" \/>\n<meta property=\"og:type\" content=\"article\" \/>\n<meta property=\"og:title\" content=\"Porsche vend ses parts dans Bugatti et Rimac - CanadaMotorJobs.com\" \/>\n<meta property=\"og:description\" content=\"Porsche vend ses parts dans Bugatti et Rimac - Benoit Charette - Annuel automobile - CanadaMotorJobs.com.\" \/>\n<meta property=\"og:url\" content=\"https:\/\/news.canadamotorjobs.com\/fr\/porsche-vend-ses-parts-dans-bugatti-et-rimac\/\" \/>\n<meta property=\"og:site_name\" content=\"CanadaMotorJobs.com\" \/>\n<meta property=\"article:publisher\" content=\"https:\/\/www.facebook.com\/canadamotorjobs\/\" \/>\n<meta property=\"article:published_time\" content=\"2026-04-24T20:11:48+00:00\" \/>\n<meta property=\"article:modified_time\" content=\"2026-04-24T20:20:03+00:00\" \/>\n<meta property=\"og:image\" content=\"https:\/\/news.canadamotorjobs.com\/wp-content\/uploads\/2026\/04\/Rimac-Nevera-Top-Speed-Run16.jpg\" \/>\n\t<meta property=\"og:image:width\" content=\"2500\" \/>\n\t<meta property=\"og:image:height\" content=\"1500\" \/>\n\t<meta property=\"og:image:type\" content=\"image\/jpeg\" \/>\n<meta name=\"author\" content=\"Benoit Charette\" \/>\n<meta name=\"twitter:card\" content=\"summary_large_image\" \/>\n<meta name=\"twitter:creator\" content=\"@canadamotorjobs\" \/>\n<meta name=\"twitter:site\" content=\"@canadamotorjobs\" \/>\n<meta name=\"twitter:label1\" content=\"\u00c9crit par\" \/>\n\t<meta name=\"twitter:data1\" content=\"Benoit Charette\" \/>\n\t<meta name=\"twitter:label2\" content=\"Estimation du temps de lecture\" \/>\n\t<meta name=\"twitter:data2\" content=\"2 minutes\" \/>\n<!-- \/ Yoast SEO plugin. -->","yoast_head_json":{"title":"Porsche vend ses parts dans Bugatti et Rimac - CanadaMotorJobs.com","description":"Porsche vend ses parts dans Bugatti et Rimac - Benoit Charette - Annuel automobile - CanadaMotorJobs.com.","robots":{"index":"index","follow":"follow","max-snippet":"max-snippet:-1","max-image-preview":"max-image-preview:large","max-video-preview":"max-video-preview:-1"},"og_locale":"fr_CA","og_type":"article","og_title":"Porsche vend ses parts dans Bugatti et Rimac - CanadaMotorJobs.com","og_description":"Porsche vend ses parts dans Bugatti et Rimac - Benoit Charette - Annuel automobile - CanadaMotorJobs.com.","og_url":"https:\/\/news.canadamotorjobs.com\/fr\/porsche-vend-ses-parts-dans-bugatti-et-rimac\/","og_site_name":"CanadaMotorJobs.com","article_publisher":"https:\/\/www.facebook.com\/canadamotorjobs\/","article_published_time":"2026-04-24T20:11:48+00:00","article_modified_time":"2026-04-24T20:20:03+00:00","og_image":[{"width":2500,"height":1500,"url":"https:\/\/news.canadamotorjobs.com\/wp-content\/uploads\/2026\/04\/Rimac-Nevera-Top-Speed-Run16.jpg","type":"image\/jpeg"}],"author":"Benoit Charette","twitter_card":"summary_large_image","twitter_creator":"@canadamotorjobs","twitter_site":"@canadamotorjobs","twitter_misc":{"\u00c9crit par":"Benoit Charette","Estimation du temps de lecture":"2 minutes"},"schema":{"@context":"https:\/\/schema.org","@graph":[{"@type":"Article","@id":"https:\/\/news.canadamotorjobs.com\/fr\/porsche-vend-ses-parts-dans-bugatti-et-rimac\/#article","isPartOf":{"@id":"https:\/\/news.canadamotorjobs.com\/fr\/porsche-vend-ses-parts-dans-bugatti-et-rimac\/"},"author":{"name":"Benoit Charette","@id":"https:\/\/news.canadamotorjobs.com\/#\/schema\/person\/51793d1f87d44011d7bcc2ed99269a90"},"headline":"Porsche vend ses parts dans Bugatti et Rimac","datePublished":"2026-04-24T20:11:48+00:00","dateModified":"2026-04-24T20:20:03+00:00","mainEntityOfPage":{"@id":"https:\/\/news.canadamotorjobs.com\/fr\/porsche-vend-ses-parts-dans-bugatti-et-rimac\/"},"wordCount":486,"publisher":{"@id":"https:\/\/news.canadamotorjobs.com\/#organization"},"image":{"@id":"https:\/\/news.canadamotorjobs.com\/fr\/porsche-vend-ses-parts-dans-bugatti-et-rimac\/#primaryimage"},"thumbnailUrl":"https:\/\/news.canadamotorjobs.com\/wp-content\/uploads\/2026\/04\/Rimac-Nevera-Top-Speed-Run16.jpg","articleSection":["Annuel automobile"],"inLanguage":"fr-CA"},{"@type":"WebPage","@id":"https:\/\/news.canadamotorjobs.com\/fr\/porsche-vend-ses-parts-dans-bugatti-et-rimac\/","url":"https:\/\/news.canadamotorjobs.com\/fr\/porsche-vend-ses-parts-dans-bugatti-et-rimac\/","name":"Porsche vend ses parts dans Bugatti et Rimac - CanadaMotorJobs.com","isPartOf":{"@id":"https:\/\/news.canadamotorjobs.com\/#website"},"primaryImageOfPage":{"@id":"https:\/\/news.canadamotorjobs.com\/fr\/porsche-vend-ses-parts-dans-bugatti-et-rimac\/#primaryimage"},"image":{"@id":"https:\/\/news.canadamotorjobs.com\/fr\/porsche-vend-ses-parts-dans-bugatti-et-rimac\/#primaryimage"},"thumbnailUrl":"https:\/\/news.canadamotorjobs.com\/wp-content\/uploads\/2026\/04\/Rimac-Nevera-Top-Speed-Run16.jpg","datePublished":"2026-04-24T20:11:48+00:00","dateModified":"2026-04-24T20:20:03+00:00","description":"Porsche vend ses parts dans Bugatti et Rimac - Benoit Charette - Annuel automobile - CanadaMotorJobs.com.","breadcrumb":{"@id":"https:\/\/news.canadamotorjobs.com\/fr\/porsche-vend-ses-parts-dans-bugatti-et-rimac\/#breadcrumb"},"inLanguage":"fr-CA","potentialAction":[{"@type":"ReadAction","target":["https:\/\/news.canadamotorjobs.com\/fr\/porsche-vend-ses-parts-dans-bugatti-et-rimac\/"]}]},{"@type":"ImageObject","inLanguage":"fr-CA","@id":"https:\/\/news.canadamotorjobs.com\/fr\/porsche-vend-ses-parts-dans-bugatti-et-rimac\/#primaryimage","url":"https:\/\/news.canadamotorjobs.com\/wp-content\/uploads\/2026\/04\/Rimac-Nevera-Top-Speed-Run16.jpg","contentUrl":"https:\/\/news.canadamotorjobs.com\/wp-content\/uploads\/2026\/04\/Rimac-Nevera-Top-Speed-Run16.jpg","width":2500,"height":1500},{"@type":"BreadcrumbList","@id":"https:\/\/news.canadamotorjobs.com\/fr\/porsche-vend-ses-parts-dans-bugatti-et-rimac\/#breadcrumb","itemListElement":[{"@type":"ListItem","position":1,"name":"Home","item":"https:\/\/news.canadamotorjobs.com\/fr\/blog\/"},{"@type":"ListItem","position":2,"name":"Porsche vend ses parts dans Bugatti et Rimac"}]},{"@type":"WebSite","@id":"https:\/\/news.canadamotorjobs.com\/#website","url":"https:\/\/news.canadamotorjobs.com\/","name":"CanadaMotorJobs.com","description":"Automotive Jobs","publisher":{"@id":"https:\/\/news.canadamotorjobs.com\/#organization"},"potentialAction":[{"@type":"SearchAction","target":{"@type":"EntryPoint","urlTemplate":"https:\/\/news.canadamotorjobs.com\/?s={search_term_string}"},"query-input":"required name=search_term_string"}],"inLanguage":"fr-CA"},{"@type":"Organization","@id":"https:\/\/news.canadamotorjobs.com\/#organization","name":"Canada Motor Jobs","url":"https:\/\/news.canadamotorjobs.com\/","logo":{"@type":"ImageObject","inLanguage":"fr-CA","@id":"https:\/\/news.canadamotorjobs.com\/#\/schema\/logo\/image\/","url":"https:\/\/news.canadamotorjobs.com\/wp-content\/uploads\/2022\/10\/logo-canada-motor-jobs-1.png","contentUrl":"https:\/\/news.canadamotorjobs.com\/wp-content\/uploads\/2022\/10\/logo-canada-motor-jobs-1.png","width":800,"height":400,"caption":"Canada Motor Jobs"},"image":{"@id":"https:\/\/news.canadamotorjobs.com\/#\/schema\/logo\/image\/"},"sameAs":["https:\/\/www.facebook.com\/canadamotorjobs\/","https:\/\/x.com\/canadamotorjobs","https:\/\/www.instagram.com\/canadamotorjobs\/","https:\/\/www.linkedin.com\/company\/canadamotorjobs"]},{"@type":"Person","@id":"https:\/\/news.canadamotorjobs.com\/#\/schema\/person\/51793d1f87d44011d7bcc2ed99269a90","name":"Benoit Charette","image":{"@type":"ImageObject","inLanguage":"fr-CA","@id":"https:\/\/news.canadamotorjobs.com\/#\/schema\/person\/image\/","url":"https:\/\/secure.gravatar.com\/avatar\/45f3d2eebcccd909668d7ce7ea7267b6?s=96&d=mm&r=g","contentUrl":"https:\/\/secure.gravatar.com\/avatar\/45f3d2eebcccd909668d7ce7ea7267b6?s=96&d=mm&r=g","caption":"Benoit Charette"},"description":"Benoit Charette \/ Propri\u00e9taire et r\u00e9dacteur en chef Benoit Charette pratique le journalisme automobile depuis bient\u00f4t 30 ans. Il a fait ses classes au c\u00f4t\u00e9 de Daniel H\u00e9raud et au Carnet de route de 1992 \u00e0 2001. Il est fondateur, copropri\u00e9taire et r\u00e9dacteur en chef de L\u2019Annuel de l\u2019automobile, qu\u2019il publie depuis 2001. Il a anim\u00e9 les \u00e9missions RPM et RPM+ sur V et les L\u00e9gendes de la route sur Historia. \u00c0 la radio depuis 1986, il reprend l\u2019antenne cette ann\u00e9e sur les ondes de Cogeco et participe pour la deuxi\u00e8me ann\u00e9e \u00e0 l\u2019\u00e9mission Passion Auto sur RDS en plus de mettre en ligne le site Web officiel de L\u2019Annuel de l\u2019automobile sur annuelauto.ca.","sameAs":["https:\/\/annuelauto.ca\/"],"url":"https:\/\/news.canadamotorjobs.com\/fr\/author\/benoit-charette\/"}]}},"_links":{"self":[{"href":"https:\/\/news.canadamotorjobs.com\/fr\/wp-json\/wp\/v2\/posts\/240602"}],"collection":[{"href":"https:\/\/news.canadamotorjobs.com\/fr\/wp-json\/wp\/v2\/posts"}],"about":[{"href":"https:\/\/news.canadamotorjobs.com\/fr\/wp-json\/wp\/v2\/types\/post"}],"author":[{"embeddable":true,"href":"https:\/\/news.canadamotorjobs.com\/fr\/wp-json\/wp\/v2\/users\/8"}],"replies":[{"embeddable":true,"href":"https:\/\/news.canadamotorjobs.com\/fr\/wp-json\/wp\/v2\/comments?post=240602"}],"version-history":[{"count":2,"href":"https:\/\/news.canadamotorjobs.com\/fr\/wp-json\/wp\/v2\/posts\/240602\/revisions"}],"predecessor-version":[{"id":240606,"href":"https:\/\/news.canadamotorjobs.com\/fr\/wp-json\/wp\/v2\/posts\/240602\/revisions\/240606"}],"wp:featuredmedia":[{"embeddable":true,"href":"https:\/\/news.canadamotorjobs.com\/fr\/wp-json\/wp\/v2\/media\/240604"}],"wp:attachment":[{"href":"https:\/\/news.canadamotorjobs.com\/fr\/wp-json\/wp\/v2\/media?parent=240602"}],"wp:term":[{"taxonomy":"category","embeddable":true,"href":"https:\/\/news.canadamotorjobs.com\/fr\/wp-json\/wp\/v2\/categories?post=240602"},{"taxonomy":"post_tag","embeddable":true,"href":"https:\/\/news.canadamotorjobs.com\/fr\/wp-json\/wp\/v2\/tags?post=240602"}],"curies":[{"name":"wp","href":"https:\/\/api.w.org\/{rel}","templated":true}]}}