{"id":237711,"date":"2026-03-10T08:00:17","date_gmt":"2026-03-10T12:00:17","guid":{"rendered":"https:\/\/news.canadamotorjobs.com\/?p=237711"},"modified":"2026-03-10T08:03:32","modified_gmt":"2026-03-10T12:03:32","slug":"porsche-elargit-sa-gamme-electrique-avec-le-cayenne-s-2026","status":"publish","type":"post","link":"https:\/\/news.canadamotorjobs.com\/fr\/porsche-elargit-sa-gamme-electrique-avec-le-cayenne-s-2026\/","title":{"rendered":"Porsche \u00e9largit sa gamme \u00e9lectrique avec le Cayenne S 2026"},"content":{"rendered":"<\/p>\n<p data-start=\"589\" data-end=\"867\"><span class=\"hover:entity-accent entity-underline inline cursor-pointer align-baseline\"><span class=\"whitespace-normal\">Le Porsche Cayenne S Electric 2026<\/span><\/span> vient renforcer l\u2019offre du VUS \u00e9lectrique de la marque allemande. Ce mod\u00e8le se positionne entre le Cayenne \u00e9lectrique d\u2019entr\u00e9e de gamme et le Cayenne \u00e9lectrique Turbo, proposant un compromis entre performances \u00e9lev\u00e9es et \u00e9quipement complet. Le constructeur de Stuttgart ajoute ainsi une variante plus muscl\u00e9e au sein de la famille du <span class=\"hover:entity-accent entity-underline inline cursor-pointer align-baseline\"><span class=\"whitespace-normal\">Porsche Cayenne<\/span><\/span> enti\u00e8rement \u00e9lectrique. Au Canada, les commandes sont d\u00e9j\u00e0 ouvertes avec un prix de d\u00e9part fix\u00e9 \u00e0 142 600 $, tandis que les premi\u00e8res livraisons sont pr\u00e9vues \u00e0 l\u2019\u00e9t\u00e9 2026.<\/p>\n<h3 data-section-id=\"q4ox9\" data-start=\"1186\" data-end=\"1240\">Jusqu\u2019\u00e0 657 chevaux et des performances de sportive<\/h3>\n<p><\/p>\n<p data-start=\"1241\" data-end=\"1414\">Le Cayenne S \u00e9lectrique est anim\u00e9 par un syst\u00e8me de traction int\u00e9grale compos\u00e9 de deux moteurs synchrones \u00e0 aimant permanent, install\u00e9s sur les essieux avant et arri\u00e8re. La puissance atteint 536 chevaux, mais peut grimper jusqu\u2019\u00e0 657 chevaux avec le contr\u00f4le de lancement. Les performances annonc\u00e9es sont dignes d\u2019une sportive : avec un 0 \u00e0 100 km\/h en 3,8 secondes et une Vitesse maximale de 250 km\/h. La batterie haute tension affiche une capacit\u00e9 brute de 113 kWh. Avec une borne rapide compatible, la recharge peut passer de 10 \u00e0 80 % en moins de 16 minutes, gr\u00e2ce \u00e0 une puissance maximale de 400 kW.<\/p>\n<h3 data-section-id=\"eumpu7\" data-start=\"1875\" data-end=\"1919\">Une technologie inspir\u00e9e du Cayenne Turbo<\/h3>\n<p><\/p>\n<p data-start=\"1920\" data-end=\"2120\">Comme le mod\u00e8le Turbo, le Cayenne S adopte un refroidissement direct \u00e0 l\u2019huile du moteur \u00e9lectrique arri\u00e8re, une solution technique qui am\u00e9liore la gestion thermique lors d\u2019une conduite intensive. L\u2019onduleur de puissance utilise \u00e9galement du carbure de silicium et peut g\u00e9rer des courants atteignant 620 amp\u00e8res, ce qui contribue \u00e0 l\u2019efficacit\u00e9 et \u00e0 la constance des performances. Parmi les technologies offertes en option on note la suspension active limitant presque totalement les mouvements de caisse, le <span class=\"hover:entity-accent entity-underline inline cursor-pointer align-baseline\"><span class=\"whitespace-normal\">Torque Vectoring Plus<\/span><\/span> : am\u00e9lioration de l\u2019agilit\u00e9 et de la pr\u00e9cision de conduite, les freins composites en c\u00e9ramique haute performance et le Push-to-Pass qui ajoute jusqu\u2019\u00e0 120 ch suppl\u00e9mentaires pendant 10 secondes. Un mode Track est \u00e9galement propos\u00e9 afin d\u2019optimiser les performances sur circuit gr\u00e2ce \u00e0 un pr\u00e9conditionnement cibl\u00e9 de la batterie.<\/p>\n<h3 data-section-id=\"10bf1mt\" data-start=\"2902\" data-end=\"2943\">Un design distinctif pour la version S<\/h3>\n<p><\/p>\n<p data-start=\"2944\" data-end=\"3094\">Esth\u00e9tiquement, le Cayenne S \u00e9lectrique se distingue par des tabliers avant et arri\u00e8re sp\u00e9cifiques avec des \u00e9l\u00e9ments en gris volcan m\u00e9tallis\u00e9. Les d\u00e9tails incluent des appliqu\u00e9s et un diffuseur couleur carrosserie, des jantes Aero Cayenne S de 20 pouces et des signatures visuelles sp\u00e9cifiques \u00e0 la version S. Ces \u00e9l\u00e9ments permettent de diff\u00e9rencier visuellement cette version plus sportive au sein de la gamme.<\/p>\n<h3 data-section-id=\"10r86s2\" data-start=\"3369\" data-end=\"3441\">Une nouvelle signature int\u00e9rieure sign\u00e9e Porsche Exclusive Manufaktur<\/h3>\n<p><\/p>\n<p data-start=\"3442\" data-end=\"3613\"><span class=\"hover:entity-accent entity-underline inline cursor-pointer align-baseline\"><span class=\"whitespace-normal\">Porsche Exclusive Manufaktur<\/span><\/span> introduit une nouvelle s\u00e9rie d\u2019options appel\u00e9e \u201cDirector\u2019s Cuts\u201d, con\u00e7ue en collaboration avec le studio de design Style Porsche. La premi\u00e8re proposition est l\u2019Ensemble Style int\u00e9rieur, disponible pour toutes les versions du Cayenne \u00e9lectrique. Ce th\u00e8me combine le cuir noir et vert Delgada, les garnitures d\u00e9coratives en aluminium peint vert Izabal, les coutures contrastantes et ceintures assorties, le volant sport GT avec marquage \u00e0 12 heures et les logos et \u00e9l\u00e9ments graphiques sp\u00e9cifiques. L\u2019ensemble cr\u00e9e une ambiance distinctive et renforce les possibilit\u00e9s de personnalisation d\u00e9j\u00e0 \u00e9tendues, avec 13 couleurs ext\u00e9rieures et plusieurs configurations d\u2019habitacle.<\/p>\n<h3 data-section-id=\"1cowq7i\" data-start=\"4176\" data-end=\"4224\">Un Cayenne \u00e9lectrique de plus en plus complet<\/h3>\n<p><\/p>\n<p data-start=\"4225\" data-end=\"4578\">Avec l\u2019arriv\u00e9e du Cayenne S, Porsche poursuit l\u2019expansion de sa strat\u00e9gie d\u2019\u00e9lectrification dans le segment des VUS de luxe. Cette nouvelle d\u00e9clinaison vise clairement les acheteurs qui souhaitent un niveau de performance proche du Turbo, mais \u00e0 un prix l\u00e9g\u00e8rement plus accessible, tout en conservant les technologies dynamiques propres \u00e0 la marque. Le Cayenne S \u00e9lectrique 2026 peut \u00eatre command\u00e9 d\u00e8s maintenant \u00e0 partir de 142 600 $. Les livraisons au Canada d\u00e9buteront cet \u00e9t\u00e9.<\/p>\n<p>Le texte <a href=\"https:\/\/annuelauto.ca\/porsche-elargit-sa-gamme-electrique-avec-le-cayenne-s-2026\/\">Porsche \u00e9largit sa gamme \u00e9lectrique avec le Cayenne S 2026<\/a> provient de <a href=\"https:\/\/annuelauto.ca\">L&#8217;annuel de l&#8217;automobile &#8211; Actualit\u00e9 automobile<\/a><\/p>\n<p><\/p>\n","protected":false},"excerpt":{"rendered":"<p>Le Porsche Cayenne S Electric 2026 vient renforcer l\u2019offre du VUS \u00e9lectrique de la marque allemande. Ce mod\u00e8le se positionne entre le Cayenne \u00e9lectrique d\u2019entr\u00e9e de gamme et le Cayenne \u00e9lectrique Turbo, proposant un compromis entre performances \u00e9lev\u00e9es et \u00e9quipement complet. Le constructeur de Stuttgart ajoute ainsi une variante plus muscl\u00e9e au sein de la [&hellip;]<\/p>\n","protected":false},"author":8,"featured_media":237713,"comment_status":"close","ping_status":"closed","sticky":false,"template":"","format":"standard","meta":{"_monsterinsights_skip_tracking":false,"_monsterinsights_sitenote_active":false,"_monsterinsights_sitenote_note":"","_monsterinsights_sitenote_category":0,"footnotes":""},"categories":[101],"tags":[],"yoast_head":"<!-- This site is optimized with the Yoast SEO plugin v23.2 - https:\/\/yoast.com\/wordpress\/plugins\/seo\/ -->\n<title>Porsche \u00e9largit sa gamme \u00e9lectrique avec le Cayenne S 2026 - CanadaMotorJobs.com<\/title>\n<meta name=\"description\" content=\"Porsche \u00e9largit sa gamme \u00e9lectrique avec le Cayenne S 2026 - Benoit Charette - Annuel automobile - CanadaMotorJobs.com.\" \/>\n<meta name=\"robots\" content=\"index, follow, max-snippet:-1, max-image-preview:large, max-video-preview:-1\" \/>\n<meta property=\"og:locale\" content=\"fr_CA\" \/>\n<meta property=\"og:type\" content=\"article\" \/>\n<meta property=\"og:title\" content=\"Porsche \u00e9largit sa gamme \u00e9lectrique avec le Cayenne S 2026 - CanadaMotorJobs.com\" \/>\n<meta property=\"og:description\" content=\"Porsche \u00e9largit sa gamme \u00e9lectrique avec le Cayenne S 2026 - Benoit Charette - Annuel automobile - CanadaMotorJobs.com.\" \/>\n<meta property=\"og:url\" content=\"https:\/\/news.canadamotorjobs.com\/fr\/porsche-elargit-sa-gamme-electrique-avec-le-cayenne-s-2026\/\" \/>\n<meta property=\"og:site_name\" content=\"CanadaMotorJobs.com\" \/>\n<meta property=\"article:publisher\" content=\"https:\/\/www.facebook.com\/canadamotorjobs\/\" \/>\n<meta property=\"article:published_time\" content=\"2026-03-10T12:00:17+00:00\" \/>\n<meta property=\"article:modified_time\" content=\"2026-03-10T12:03:32+00:00\" \/>\n<meta property=\"og:image\" content=\"https:\/\/news.canadamotorjobs.com\/wp-content\/uploads\/2026\/03\/S26_0111.jpg\" \/>\n\t<meta property=\"og:image:width\" content=\"1000\" \/>\n\t<meta property=\"og:image:height\" content=\"656\" \/>\n\t<meta property=\"og:image:type\" content=\"image\/jpeg\" \/>\n<meta name=\"author\" content=\"Benoit Charette\" \/>\n<meta name=\"twitter:card\" content=\"summary_large_image\" \/>\n<meta name=\"twitter:creator\" content=\"@canadamotorjobs\" \/>\n<meta name=\"twitter:site\" content=\"@canadamotorjobs\" \/>\n<meta name=\"twitter:label1\" content=\"\u00c9crit par\" \/>\n\t<meta name=\"twitter:data1\" content=\"Benoit Charette\" \/>\n\t<meta name=\"twitter:label2\" content=\"Estimation du temps de lecture\" \/>\n\t<meta name=\"twitter:data2\" content=\"3 minutes\" \/>\n<!-- \/ Yoast SEO plugin. -->","yoast_head_json":{"title":"Porsche \u00e9largit sa gamme \u00e9lectrique avec le Cayenne S 2026 - CanadaMotorJobs.com","description":"Porsche \u00e9largit sa gamme \u00e9lectrique avec le Cayenne S 2026 - Benoit Charette - Annuel automobile - CanadaMotorJobs.com.","robots":{"index":"index","follow":"follow","max-snippet":"max-snippet:-1","max-image-preview":"max-image-preview:large","max-video-preview":"max-video-preview:-1"},"og_locale":"fr_CA","og_type":"article","og_title":"Porsche \u00e9largit sa gamme \u00e9lectrique avec le Cayenne S 2026 - CanadaMotorJobs.com","og_description":"Porsche \u00e9largit sa gamme \u00e9lectrique avec le Cayenne S 2026 - Benoit Charette - Annuel automobile - CanadaMotorJobs.com.","og_url":"https:\/\/news.canadamotorjobs.com\/fr\/porsche-elargit-sa-gamme-electrique-avec-le-cayenne-s-2026\/","og_site_name":"CanadaMotorJobs.com","article_publisher":"https:\/\/www.facebook.com\/canadamotorjobs\/","article_published_time":"2026-03-10T12:00:17+00:00","article_modified_time":"2026-03-10T12:03:32+00:00","og_image":[{"width":1000,"height":656,"url":"https:\/\/news.canadamotorjobs.com\/wp-content\/uploads\/2026\/03\/S26_0111.jpg","type":"image\/jpeg"}],"author":"Benoit Charette","twitter_card":"summary_large_image","twitter_creator":"@canadamotorjobs","twitter_site":"@canadamotorjobs","twitter_misc":{"\u00c9crit par":"Benoit Charette","Estimation du temps de lecture":"3 minutes"},"schema":{"@context":"https:\/\/schema.org","@graph":[{"@type":"Article","@id":"https:\/\/news.canadamotorjobs.com\/fr\/porsche-elargit-sa-gamme-electrique-avec-le-cayenne-s-2026\/#article","isPartOf":{"@id":"https:\/\/news.canadamotorjobs.com\/fr\/porsche-elargit-sa-gamme-electrique-avec-le-cayenne-s-2026\/"},"author":{"name":"Benoit Charette","@id":"https:\/\/news.canadamotorjobs.com\/#\/schema\/person\/51793d1f87d44011d7bcc2ed99269a90"},"headline":"Porsche \u00e9largit sa gamme \u00e9lectrique avec le Cayenne S 2026","datePublished":"2026-03-10T12:00:17+00:00","dateModified":"2026-03-10T12:03:32+00:00","mainEntityOfPage":{"@id":"https:\/\/news.canadamotorjobs.com\/fr\/porsche-elargit-sa-gamme-electrique-avec-le-cayenne-s-2026\/"},"wordCount":657,"publisher":{"@id":"https:\/\/news.canadamotorjobs.com\/#organization"},"image":{"@id":"https:\/\/news.canadamotorjobs.com\/fr\/porsche-elargit-sa-gamme-electrique-avec-le-cayenne-s-2026\/#primaryimage"},"thumbnailUrl":"https:\/\/news.canadamotorjobs.com\/wp-content\/uploads\/2026\/03\/S26_0111.jpg","articleSection":["Annuel automobile"],"inLanguage":"fr-CA"},{"@type":"WebPage","@id":"https:\/\/news.canadamotorjobs.com\/fr\/porsche-elargit-sa-gamme-electrique-avec-le-cayenne-s-2026\/","url":"https:\/\/news.canadamotorjobs.com\/fr\/porsche-elargit-sa-gamme-electrique-avec-le-cayenne-s-2026\/","name":"Porsche \u00e9largit sa gamme \u00e9lectrique avec le Cayenne S 2026 - CanadaMotorJobs.com","isPartOf":{"@id":"https:\/\/news.canadamotorjobs.com\/#website"},"primaryImageOfPage":{"@id":"https:\/\/news.canadamotorjobs.com\/fr\/porsche-elargit-sa-gamme-electrique-avec-le-cayenne-s-2026\/#primaryimage"},"image":{"@id":"https:\/\/news.canadamotorjobs.com\/fr\/porsche-elargit-sa-gamme-electrique-avec-le-cayenne-s-2026\/#primaryimage"},"thumbnailUrl":"https:\/\/news.canadamotorjobs.com\/wp-content\/uploads\/2026\/03\/S26_0111.jpg","datePublished":"2026-03-10T12:00:17+00:00","dateModified":"2026-03-10T12:03:32+00:00","description":"Porsche \u00e9largit sa gamme \u00e9lectrique avec le Cayenne S 2026 - Benoit Charette - Annuel automobile - CanadaMotorJobs.com.","breadcrumb":{"@id":"https:\/\/news.canadamotorjobs.com\/fr\/porsche-elargit-sa-gamme-electrique-avec-le-cayenne-s-2026\/#breadcrumb"},"inLanguage":"fr-CA","potentialAction":[{"@type":"ReadAction","target":["https:\/\/news.canadamotorjobs.com\/fr\/porsche-elargit-sa-gamme-electrique-avec-le-cayenne-s-2026\/"]}]},{"@type":"ImageObject","inLanguage":"fr-CA","@id":"https:\/\/news.canadamotorjobs.com\/fr\/porsche-elargit-sa-gamme-electrique-avec-le-cayenne-s-2026\/#primaryimage","url":"https:\/\/news.canadamotorjobs.com\/wp-content\/uploads\/2026\/03\/S26_0111.jpg","contentUrl":"https:\/\/news.canadamotorjobs.com\/wp-content\/uploads\/2026\/03\/S26_0111.jpg","width":1000,"height":656},{"@type":"BreadcrumbList","@id":"https:\/\/news.canadamotorjobs.com\/fr\/porsche-elargit-sa-gamme-electrique-avec-le-cayenne-s-2026\/#breadcrumb","itemListElement":[{"@type":"ListItem","position":1,"name":"Home","item":"https:\/\/news.canadamotorjobs.com\/fr\/blog\/"},{"@type":"ListItem","position":2,"name":"Porsche \u00e9largit sa gamme \u00e9lectrique avec le Cayenne S 2026"}]},{"@type":"WebSite","@id":"https:\/\/news.canadamotorjobs.com\/#website","url":"https:\/\/news.canadamotorjobs.com\/","name":"CanadaMotorJobs.com","description":"Automotive Jobs","publisher":{"@id":"https:\/\/news.canadamotorjobs.com\/#organization"},"potentialAction":[{"@type":"SearchAction","target":{"@type":"EntryPoint","urlTemplate":"https:\/\/news.canadamotorjobs.com\/?s={search_term_string}"},"query-input":"required name=search_term_string"}],"inLanguage":"fr-CA"},{"@type":"Organization","@id":"https:\/\/news.canadamotorjobs.com\/#organization","name":"Canada Motor Jobs","url":"https:\/\/news.canadamotorjobs.com\/","logo":{"@type":"ImageObject","inLanguage":"fr-CA","@id":"https:\/\/news.canadamotorjobs.com\/#\/schema\/logo\/image\/","url":"https:\/\/news.canadamotorjobs.com\/wp-content\/uploads\/2022\/10\/logo-canada-motor-jobs-1.png","contentUrl":"https:\/\/news.canadamotorjobs.com\/wp-content\/uploads\/2022\/10\/logo-canada-motor-jobs-1.png","width":800,"height":400,"caption":"Canada Motor Jobs"},"image":{"@id":"https:\/\/news.canadamotorjobs.com\/#\/schema\/logo\/image\/"},"sameAs":["https:\/\/www.facebook.com\/canadamotorjobs\/","https:\/\/x.com\/canadamotorjobs","https:\/\/www.instagram.com\/canadamotorjobs\/","https:\/\/www.linkedin.com\/company\/canadamotorjobs"]},{"@type":"Person","@id":"https:\/\/news.canadamotorjobs.com\/#\/schema\/person\/51793d1f87d44011d7bcc2ed99269a90","name":"Benoit Charette","image":{"@type":"ImageObject","inLanguage":"fr-CA","@id":"https:\/\/news.canadamotorjobs.com\/#\/schema\/person\/image\/","url":"https:\/\/secure.gravatar.com\/avatar\/45f3d2eebcccd909668d7ce7ea7267b6?s=96&d=mm&r=g","contentUrl":"https:\/\/secure.gravatar.com\/avatar\/45f3d2eebcccd909668d7ce7ea7267b6?s=96&d=mm&r=g","caption":"Benoit Charette"},"description":"Benoit Charette \/ Propri\u00e9taire et r\u00e9dacteur en chef Benoit Charette pratique le journalisme automobile depuis bient\u00f4t 30 ans. Il a fait ses classes au c\u00f4t\u00e9 de Daniel H\u00e9raud et au Carnet de route de 1992 \u00e0 2001. Il est fondateur, copropri\u00e9taire et r\u00e9dacteur en chef de L\u2019Annuel de l\u2019automobile, qu\u2019il publie depuis 2001. Il a anim\u00e9 les \u00e9missions RPM et RPM+ sur V et les L\u00e9gendes de la route sur Historia. \u00c0 la radio depuis 1986, il reprend l\u2019antenne cette ann\u00e9e sur les ondes de Cogeco et participe pour la deuxi\u00e8me ann\u00e9e \u00e0 l\u2019\u00e9mission Passion Auto sur RDS en plus de mettre en ligne le site Web officiel de L\u2019Annuel de l\u2019automobile sur annuelauto.ca.","sameAs":["https:\/\/annuelauto.ca\/"],"url":"https:\/\/news.canadamotorjobs.com\/fr\/author\/benoit-charette\/"}]}},"_links":{"self":[{"href":"https:\/\/news.canadamotorjobs.com\/fr\/wp-json\/wp\/v2\/posts\/237711"}],"collection":[{"href":"https:\/\/news.canadamotorjobs.com\/fr\/wp-json\/wp\/v2\/posts"}],"about":[{"href":"https:\/\/news.canadamotorjobs.com\/fr\/wp-json\/wp\/v2\/types\/post"}],"author":[{"embeddable":true,"href":"https:\/\/news.canadamotorjobs.com\/fr\/wp-json\/wp\/v2\/users\/8"}],"replies":[{"embeddable":true,"href":"https:\/\/news.canadamotorjobs.com\/fr\/wp-json\/wp\/v2\/comments?post=237711"}],"version-history":[{"count":2,"href":"https:\/\/news.canadamotorjobs.com\/fr\/wp-json\/wp\/v2\/posts\/237711\/revisions"}],"predecessor-version":[{"id":237715,"href":"https:\/\/news.canadamotorjobs.com\/fr\/wp-json\/wp\/v2\/posts\/237711\/revisions\/237715"}],"wp:featuredmedia":[{"embeddable":true,"href":"https:\/\/news.canadamotorjobs.com\/fr\/wp-json\/wp\/v2\/media\/237713"}],"wp:attachment":[{"href":"https:\/\/news.canadamotorjobs.com\/fr\/wp-json\/wp\/v2\/media?parent=237711"}],"wp:term":[{"taxonomy":"category","embeddable":true,"href":"https:\/\/news.canadamotorjobs.com\/fr\/wp-json\/wp\/v2\/categories?post=237711"},{"taxonomy":"post_tag","embeddable":true,"href":"https:\/\/news.canadamotorjobs.com\/fr\/wp-json\/wp\/v2\/tags?post=237711"}],"curies":[{"name":"wp","href":"https:\/\/api.w.org\/{rel}","templated":true}]}}