{"id":23757,"date":"2021-06-24T18:10:45","date_gmt":"2021-06-24T22:10:45","guid":{"rendered":"https:\/\/blog.canadamotorjobs.com\/voici-la-nouvelle-ferrari-296-gtb\/"},"modified":"2021-06-24T18:15:11","modified_gmt":"2021-06-24T22:15:11","slug":"voici-la-nouvelle-ferrari-296-gtb","status":"publish","type":"post","link":"https:\/\/news.canadamotorjobs.com\/fr\/voici-la-nouvelle-ferrari-296-gtb\/","title":{"rendered":"Voici la nouvelle Ferrari 296 GTB"},"content":{"rendered":"<\/p>\n<p>La r\u00e9volution a commenc\u00e9 chez Ferrari qui a pr\u00e9sent\u00e9 une voiture V6 \u00e0 moteur central. Une premi\u00e8re en plusieurs d\u00e9cennies. Les amateurs vont sans doute se rappeler la Dino qui avait un moteur six cylindres mais sans aucune identification Ferrari. Cette nouvelle 296 GTB offre\u00a0 un V-6 biturbo de 3,0 litres avec angle de 120 degr\u00e9s en &#8220;V&#8221; comme composant de combustion interne. Ce grand angle permet d&#8217;abaisser le centre de gravit\u00e9 tout en offrant un espace suffisant pour le montage des turbos au-dessus.<br \/> Une hybride \u00e0 la rescousse<br \/> Le V-6 tourne \u00e0 8 500\u00a0tr\/min et est associ\u00e9 \u00e0 une transmission \u00e0 double embrayage \u00e0 8 rapports, tandis qu&#8217;un moteur \u00e9lectrique unique est intercal\u00e9 entre ces deux unit\u00e9s. Le moteur \u00e0 essence fait 654 chevaux et le moteur \u00e9lectrique ajoute 164 chevaux pour porter le total \u00e0 818\u00a0ch. Le couple maximal est de 545\u00a0lb-pi et la transmission se fait uniquement aux roues arri\u00e8re.<br \/> Bas\u00e9 sur la SF90<br \/> La r\u00e9cente SF90 a servi d\u2019inspiration pour la 296 GTB. Les deux mod\u00e8les peuvent rouler uniquement \u00e0 l&#8217;\u00e9nergie \u00e9lectrique. Une petite batterie de 7,45 kilowattheures permet une autonomie \u00e9lectrique d&#8217;environ 25\u00a0km. Cette configuration est similaire \u00e0 celle de la McLaren Artura qui d\u00e9veloppe 671 chevaux et 531\u00a0lb-ft de couple, ce qui signifie que la Ferrari sera sans doute plus v\u00e9loce. Les sp\u00e9cifications de performance annonc\u00e9es par Ferrari comprennent une acc\u00e9l\u00e9ration de 0 \u00e0 100\u00a0km\/h en 2,9 secondes, une vitesse de pointe de plus de 300\u00a0km\/h.<br \/> Format compact<br \/> Gr\u00e2ce au nombre r\u00e9duit de cylindres,<\/p>\n","protected":false},"excerpt":{"rendered":"<p>La r\u00e9volution a commenc\u00e9 chez Ferrari qui a pr\u00e9sent\u00e9 une voiture V6 \u00e0 moteur central. Une premi\u00e8re en plusieurs d\u00e9cennies. Les amateurs vont sans doute se rappeler la Dino qui avait un moteur six cylindres mais sans aucune identification Ferrari. Cette nouvelle 296 GTB offre\u00a0 un V-6 biturbo de 3,0 litres avec angle de 120 [&hellip;]<\/p>\n","protected":false},"author":8,"featured_media":23761,"comment_status":"close","ping_status":"closed","sticky":false,"template":"","format":"standard","meta":{"_monsterinsights_skip_tracking":false,"_monsterinsights_sitenote_active":false,"_monsterinsights_sitenote_note":"","_monsterinsights_sitenote_category":0,"footnotes":""},"categories":[101],"tags":[],"yoast_head":"<!-- This site is optimized with the Yoast SEO plugin v23.2 - https:\/\/yoast.com\/wordpress\/plugins\/seo\/ -->\n<title>Voici la nouvelle Ferrari 296 GTB - CanadaMotorJobs.com<\/title>\n<meta name=\"description\" content=\"Voici la nouvelle Ferrari 296 GTB - Benoit Charette - Annuel automobile - CanadaMotorJobs.com.\" \/>\n<meta name=\"robots\" content=\"index, follow, max-snippet:-1, max-image-preview:large, max-video-preview:-1\" \/>\n<meta property=\"og:locale\" content=\"fr_CA\" \/>\n<meta property=\"og:type\" content=\"article\" \/>\n<meta property=\"og:title\" content=\"Voici la nouvelle Ferrari 296 GTB - CanadaMotorJobs.com\" \/>\n<meta property=\"og:description\" content=\"Voici la nouvelle Ferrari 296 GTB - Benoit Charette - Annuel automobile - CanadaMotorJobs.com.\" \/>\n<meta property=\"og:url\" content=\"https:\/\/news.canadamotorjobs.com\/fr\/voici-la-nouvelle-ferrari-296-gtb\/\" \/>\n<meta property=\"og:site_name\" content=\"CanadaMotorJobs.com\" \/>\n<meta property=\"article:publisher\" content=\"https:\/\/www.facebook.com\/canadamotorjobs\/\" \/>\n<meta property=\"article:published_time\" content=\"2021-06-24T22:10:45+00:00\" \/>\n<meta property=\"article:modified_time\" content=\"2021-06-24T22:15:11+00:00\" \/>\n<meta property=\"og:image\" content=\"https:\/\/news.canadamotorjobs.com\/wp-content\/uploads\/2021\/06\/ferrari-296-gtb_100797015-1.jpg\" \/>\n\t<meta property=\"og:image:width\" content=\"1920\" \/>\n\t<meta property=\"og:image:height\" content=\"1080\" \/>\n\t<meta property=\"og:image:type\" content=\"image\/jpeg\" \/>\n<meta name=\"author\" content=\"Benoit Charette\" \/>\n<meta name=\"twitter:card\" content=\"summary_large_image\" \/>\n<meta name=\"twitter:creator\" content=\"@canadamotorjobs\" \/>\n<meta name=\"twitter:site\" content=\"@canadamotorjobs\" \/>\n<meta name=\"twitter:label1\" content=\"\u00c9crit par\" \/>\n\t<meta name=\"twitter:data1\" content=\"Benoit Charette\" \/>\n\t<meta name=\"twitter:label2\" content=\"Estimation du temps de lecture\" \/>\n\t<meta name=\"twitter:data2\" content=\"1 minute\" \/>\n<!-- \/ Yoast SEO plugin. -->","yoast_head_json":{"title":"Voici la nouvelle Ferrari 296 GTB - CanadaMotorJobs.com","description":"Voici la nouvelle Ferrari 296 GTB - Benoit Charette - Annuel automobile - CanadaMotorJobs.com.","robots":{"index":"index","follow":"follow","max-snippet":"max-snippet:-1","max-image-preview":"max-image-preview:large","max-video-preview":"max-video-preview:-1"},"og_locale":"fr_CA","og_type":"article","og_title":"Voici la nouvelle Ferrari 296 GTB - CanadaMotorJobs.com","og_description":"Voici la nouvelle Ferrari 296 GTB - Benoit Charette - Annuel automobile - CanadaMotorJobs.com.","og_url":"https:\/\/news.canadamotorjobs.com\/fr\/voici-la-nouvelle-ferrari-296-gtb\/","og_site_name":"CanadaMotorJobs.com","article_publisher":"https:\/\/www.facebook.com\/canadamotorjobs\/","article_published_time":"2021-06-24T22:10:45+00:00","article_modified_time":"2021-06-24T22:15:11+00:00","og_image":[{"width":1920,"height":1080,"url":"https:\/\/news.canadamotorjobs.com\/wp-content\/uploads\/2021\/06\/ferrari-296-gtb_100797015-1.jpg","type":"image\/jpeg"}],"author":"Benoit Charette","twitter_card":"summary_large_image","twitter_creator":"@canadamotorjobs","twitter_site":"@canadamotorjobs","twitter_misc":{"\u00c9crit par":"Benoit Charette","Estimation du temps de lecture":"1 minute"},"schema":{"@context":"https:\/\/schema.org","@graph":[{"@type":"Article","@id":"https:\/\/news.canadamotorjobs.com\/fr\/voici-la-nouvelle-ferrari-296-gtb\/#article","isPartOf":{"@id":"https:\/\/news.canadamotorjobs.com\/fr\/voici-la-nouvelle-ferrari-296-gtb\/"},"author":{"name":"Benoit Charette","@id":"https:\/\/news.canadamotorjobs.com\/#\/schema\/person\/51793d1f87d44011d7bcc2ed99269a90"},"headline":"Voici la nouvelle Ferrari 296 GTB","datePublished":"2021-06-24T22:10:45+00:00","dateModified":"2021-06-24T22:15:11+00:00","mainEntityOfPage":{"@id":"https:\/\/news.canadamotorjobs.com\/fr\/voici-la-nouvelle-ferrari-296-gtb\/"},"wordCount":257,"publisher":{"@id":"https:\/\/news.canadamotorjobs.com\/#organization"},"image":{"@id":"https:\/\/news.canadamotorjobs.com\/fr\/voici-la-nouvelle-ferrari-296-gtb\/#primaryimage"},"thumbnailUrl":"https:\/\/news.canadamotorjobs.com\/wp-content\/uploads\/2021\/06\/ferrari-296-gtb_100797015-1.jpg","articleSection":["Annuel automobile"],"inLanguage":"fr-CA"},{"@type":"WebPage","@id":"https:\/\/news.canadamotorjobs.com\/fr\/voici-la-nouvelle-ferrari-296-gtb\/","url":"https:\/\/news.canadamotorjobs.com\/fr\/voici-la-nouvelle-ferrari-296-gtb\/","name":"Voici la nouvelle Ferrari 296 GTB - CanadaMotorJobs.com","isPartOf":{"@id":"https:\/\/news.canadamotorjobs.com\/#website"},"primaryImageOfPage":{"@id":"https:\/\/news.canadamotorjobs.com\/fr\/voici-la-nouvelle-ferrari-296-gtb\/#primaryimage"},"image":{"@id":"https:\/\/news.canadamotorjobs.com\/fr\/voici-la-nouvelle-ferrari-296-gtb\/#primaryimage"},"thumbnailUrl":"https:\/\/news.canadamotorjobs.com\/wp-content\/uploads\/2021\/06\/ferrari-296-gtb_100797015-1.jpg","datePublished":"2021-06-24T22:10:45+00:00","dateModified":"2021-06-24T22:15:11+00:00","description":"Voici la nouvelle Ferrari 296 GTB - Benoit Charette - Annuel automobile - CanadaMotorJobs.com.","breadcrumb":{"@id":"https:\/\/news.canadamotorjobs.com\/fr\/voici-la-nouvelle-ferrari-296-gtb\/#breadcrumb"},"inLanguage":"fr-CA","potentialAction":[{"@type":"ReadAction","target":["https:\/\/news.canadamotorjobs.com\/fr\/voici-la-nouvelle-ferrari-296-gtb\/"]}]},{"@type":"ImageObject","inLanguage":"fr-CA","@id":"https:\/\/news.canadamotorjobs.com\/fr\/voici-la-nouvelle-ferrari-296-gtb\/#primaryimage","url":"https:\/\/news.canadamotorjobs.com\/wp-content\/uploads\/2021\/06\/ferrari-296-gtb_100797015-1.jpg","contentUrl":"https:\/\/news.canadamotorjobs.com\/wp-content\/uploads\/2021\/06\/ferrari-296-gtb_100797015-1.jpg","width":1920,"height":1080},{"@type":"BreadcrumbList","@id":"https:\/\/news.canadamotorjobs.com\/fr\/voici-la-nouvelle-ferrari-296-gtb\/#breadcrumb","itemListElement":[{"@type":"ListItem","position":1,"name":"Home","item":"https:\/\/news.canadamotorjobs.com\/fr\/blog\/"},{"@type":"ListItem","position":2,"name":"Voici la nouvelle Ferrari 296 GTB"}]},{"@type":"WebSite","@id":"https:\/\/news.canadamotorjobs.com\/#website","url":"https:\/\/news.canadamotorjobs.com\/","name":"CanadaMotorJobs.com","description":"Automotive Jobs","publisher":{"@id":"https:\/\/news.canadamotorjobs.com\/#organization"},"potentialAction":[{"@type":"SearchAction","target":{"@type":"EntryPoint","urlTemplate":"https:\/\/news.canadamotorjobs.com\/?s={search_term_string}"},"query-input":"required name=search_term_string"}],"inLanguage":"fr-CA"},{"@type":"Organization","@id":"https:\/\/news.canadamotorjobs.com\/#organization","name":"Canada Motor Jobs","url":"https:\/\/news.canadamotorjobs.com\/","logo":{"@type":"ImageObject","inLanguage":"fr-CA","@id":"https:\/\/news.canadamotorjobs.com\/#\/schema\/logo\/image\/","url":"https:\/\/news.canadamotorjobs.com\/wp-content\/uploads\/2022\/10\/logo-canada-motor-jobs-1.png","contentUrl":"https:\/\/news.canadamotorjobs.com\/wp-content\/uploads\/2022\/10\/logo-canada-motor-jobs-1.png","width":800,"height":400,"caption":"Canada Motor Jobs"},"image":{"@id":"https:\/\/news.canadamotorjobs.com\/#\/schema\/logo\/image\/"},"sameAs":["https:\/\/www.facebook.com\/canadamotorjobs\/","https:\/\/x.com\/canadamotorjobs","https:\/\/www.instagram.com\/canadamotorjobs\/","https:\/\/www.linkedin.com\/company\/canadamotorjobs"]},{"@type":"Person","@id":"https:\/\/news.canadamotorjobs.com\/#\/schema\/person\/51793d1f87d44011d7bcc2ed99269a90","name":"Benoit Charette","image":{"@type":"ImageObject","inLanguage":"fr-CA","@id":"https:\/\/news.canadamotorjobs.com\/#\/schema\/person\/image\/","url":"https:\/\/secure.gravatar.com\/avatar\/45f3d2eebcccd909668d7ce7ea7267b6?s=96&d=mm&r=g","contentUrl":"https:\/\/secure.gravatar.com\/avatar\/45f3d2eebcccd909668d7ce7ea7267b6?s=96&d=mm&r=g","caption":"Benoit Charette"},"description":"Benoit Charette \/ Propri\u00e9taire et r\u00e9dacteur en chef Benoit Charette pratique le journalisme automobile depuis bient\u00f4t 30 ans. Il a fait ses classes au c\u00f4t\u00e9 de Daniel H\u00e9raud et au Carnet de route de 1992 \u00e0 2001. Il est fondateur, copropri\u00e9taire et r\u00e9dacteur en chef de L\u2019Annuel de l\u2019automobile, qu\u2019il publie depuis 2001. Il a anim\u00e9 les \u00e9missions RPM et RPM+ sur V et les L\u00e9gendes de la route sur Historia. \u00c0 la radio depuis 1986, il reprend l\u2019antenne cette ann\u00e9e sur les ondes de Cogeco et participe pour la deuxi\u00e8me ann\u00e9e \u00e0 l\u2019\u00e9mission Passion Auto sur RDS en plus de mettre en ligne le site Web officiel de L\u2019Annuel de l\u2019automobile sur annuelauto.ca.","sameAs":["https:\/\/annuelauto.ca\/"],"url":"https:\/\/news.canadamotorjobs.com\/fr\/author\/benoit-charette\/"}]}},"_links":{"self":[{"href":"https:\/\/news.canadamotorjobs.com\/fr\/wp-json\/wp\/v2\/posts\/23757"}],"collection":[{"href":"https:\/\/news.canadamotorjobs.com\/fr\/wp-json\/wp\/v2\/posts"}],"about":[{"href":"https:\/\/news.canadamotorjobs.com\/fr\/wp-json\/wp\/v2\/types\/post"}],"author":[{"embeddable":true,"href":"https:\/\/news.canadamotorjobs.com\/fr\/wp-json\/wp\/v2\/users\/8"}],"replies":[{"embeddable":true,"href":"https:\/\/news.canadamotorjobs.com\/fr\/wp-json\/wp\/v2\/comments?post=23757"}],"version-history":[{"count":0,"href":"https:\/\/news.canadamotorjobs.com\/fr\/wp-json\/wp\/v2\/posts\/23757\/revisions"}],"wp:featuredmedia":[{"embeddable":true,"href":"https:\/\/news.canadamotorjobs.com\/fr\/wp-json\/wp\/v2\/media\/23761"}],"wp:attachment":[{"href":"https:\/\/news.canadamotorjobs.com\/fr\/wp-json\/wp\/v2\/media?parent=23757"}],"wp:term":[{"taxonomy":"category","embeddable":true,"href":"https:\/\/news.canadamotorjobs.com\/fr\/wp-json\/wp\/v2\/categories?post=23757"},{"taxonomy":"post_tag","embeddable":true,"href":"https:\/\/news.canadamotorjobs.com\/fr\/wp-json\/wp\/v2\/tags?post=23757"}],"curies":[{"name":"wp","href":"https:\/\/api.w.org\/{rel}","templated":true}]}}