{"id":21712,"date":"2021-05-25T09:16:09","date_gmt":"2021-05-25T13:16:09","guid":{"rendered":"https:\/\/blog.canadamotorjobs.com\/genesis-annonce-le-prix-du-futur-gv70-2022\/"},"modified":"2021-05-25T09:29:44","modified_gmt":"2021-05-25T13:29:44","slug":"genesis-annonce-le-prix-du-futur-gv70-2022","status":"publish","type":"post","link":"https:\/\/news.canadamotorjobs.com\/fr\/genesis-annonce-le-prix-du-futur-gv70-2022\/","title":{"rendered":"Genesis annonce le prix du futur GV70 2022"},"content":{"rendered":"<\/p>\n<p>Offert \u00e0 un prix \u00e0 partir de 49\u00a0000 $, et comme pour toutes les Genesis, comprenant tous les frais de livraison et de destination et le service de voiturier Genesis \u00e0 domicile. Ce prix comprend aussi \u00a0l&#8217;entretien r\u00e9gulier gratuit, les services t\u00e9l\u00e9matiques Genesis Connected Services, la mise \u00e0 niveau des cartes routi\u00e8res et plus encore, tout cela, pour une dur\u00e9e de 5 ans ou 100\u00a0000\u00a0km.<\/p>\n<p> Le GV70 est livrable au Canada avec deux moteurs au choix : 4 cylindres 2,5 litres turbo de 300 chevaux ou un moteur biturbo de 3,5 litres en option de 375 chevaux. L\u2019ensemble Sport en option affiche un design distinctif avec des jantes uniques en chrome fonc\u00e9 et plus encore. Le GV70 sera offert au Canada avec la traction int\u00e9grale de s\u00e9rie.<\/p>\n<p> &nbsp;<\/p>\n<p> <strong>Sommaire des prix des Genesis GV70 2022<\/strong><\/p>\n<p> <strong>\u00a0<\/strong><\/p>\n<p> <strong>\u00a0<\/strong><\/p>\n<p> <strong>Groupe motop.<\/strong><\/p>\n<p> <em>(moteur \/ boite)<\/em><br \/> <strong>Mod\u00e8le<\/strong><br \/> <strong>PDSF<\/strong><\/p>\n<p> 2.5T\u00a0 \/\u00a0 8AT<br \/> 2.5T Select AWD<br \/> 49 000 $<\/p>\n<p> 2.5T Advanced AWD<br \/> 55 000 $<\/p>\n<p> 2.5T Advanced Plus AWD<br \/> 59 000 $<\/p>\n<p> 2.5T Prestige AWD<br \/> 63 000 $<\/p>\n<p> 3.5T\u00a0 \/\u00a0 8AT<br \/> 3.5T Sport AWD<br \/> 68 500 $<\/p>\n<p> 3.5T Sport Plus AWD<br \/> 75 500 $<\/p>\n<p> &nbsp;<\/p>\n<p> &nbsp;<\/p>\n<p>Le texte <a rel=\"nofollow\" href=\"https:\/\/annuelauto.ca\/genesis-annonce-le-prix-du-futur-gv70-2022\/\">Genesis annonce le prix du futur GV70 2022<\/a> provient de <a rel=\"nofollow\" href=\"https:\/\/annuelauto.ca\">L&#039;annuel de l&#039;automobile &#8211; Actualit\u00e9 automobile<\/a><\/p>\n<p> <\/p>\n","protected":false},"excerpt":{"rendered":"<p>Offert \u00e0 un prix \u00e0 partir de 49\u00a0000 $, et comme pour toutes les Genesis, comprenant tous les frais de livraison et de destination et le service de voiturier Genesis \u00e0 domicile. Ce prix comprend aussi \u00a0l&#8217;entretien r\u00e9gulier gratuit, les services t\u00e9l\u00e9matiques Genesis Connected Services, la mise \u00e0 niveau des cartes routi\u00e8res et plus encore, [&hellip;]<\/p>\n","protected":false},"author":8,"featured_media":21716,"comment_status":"close","ping_status":"closed","sticky":false,"template":"","format":"standard","meta":{"_monsterinsights_skip_tracking":false,"_monsterinsights_sitenote_active":false,"_monsterinsights_sitenote_note":"","_monsterinsights_sitenote_category":0,"footnotes":""},"categories":[101],"tags":[],"yoast_head":"<!-- This site is optimized with the Yoast SEO plugin v23.2 - https:\/\/yoast.com\/wordpress\/plugins\/seo\/ -->\n<title>Genesis annonce le prix du futur GV70 2022 - CanadaMotorJobs.com<\/title>\n<meta name=\"description\" content=\"Genesis annonce le prix du futur GV70 2022 - Benoit Charette - Annuel automobile - CanadaMotorJobs.com.\" \/>\n<meta name=\"robots\" content=\"index, follow, max-snippet:-1, max-image-preview:large, max-video-preview:-1\" \/>\n<meta property=\"og:locale\" content=\"fr_CA\" \/>\n<meta property=\"og:type\" content=\"article\" \/>\n<meta property=\"og:title\" content=\"Genesis annonce le prix du futur GV70 2022 - CanadaMotorJobs.com\" \/>\n<meta property=\"og:description\" content=\"Genesis annonce le prix du futur GV70 2022 - Benoit Charette - Annuel automobile - CanadaMotorJobs.com.\" \/>\n<meta property=\"og:url\" content=\"https:\/\/news.canadamotorjobs.com\/fr\/genesis-annonce-le-prix-du-futur-gv70-2022\/\" \/>\n<meta property=\"og:site_name\" content=\"CanadaMotorJobs.com\" \/>\n<meta property=\"article:publisher\" content=\"https:\/\/www.facebook.com\/canadamotorjobs\/\" \/>\n<meta property=\"article:published_time\" content=\"2021-05-25T13:16:09+00:00\" \/>\n<meta property=\"article:modified_time\" content=\"2021-05-25T13:29:44+00:00\" \/>\n<meta property=\"og:image\" content=\"https:\/\/news.canadamotorjobs.com\/wp-content\/uploads\/2021\/05\/GV70-1-1030x771.jpg\" \/>\n\t<meta property=\"og:image:width\" content=\"1030\" \/>\n\t<meta property=\"og:image:height\" content=\"771\" \/>\n\t<meta property=\"og:image:type\" content=\"image\/jpeg\" \/>\n<meta name=\"author\" content=\"Benoit Charette\" \/>\n<meta name=\"twitter:card\" content=\"summary_large_image\" \/>\n<meta name=\"twitter:creator\" content=\"@canadamotorjobs\" \/>\n<meta name=\"twitter:site\" content=\"@canadamotorjobs\" \/>\n<meta name=\"twitter:label1\" content=\"\u00c9crit par\" \/>\n\t<meta name=\"twitter:data1\" content=\"Benoit Charette\" \/>\n\t<meta name=\"twitter:label2\" content=\"Estimation du temps de lecture\" \/>\n\t<meta name=\"twitter:data2\" content=\"1 minute\" \/>\n<!-- \/ Yoast SEO plugin. -->","yoast_head_json":{"title":"Genesis annonce le prix du futur GV70 2022 - CanadaMotorJobs.com","description":"Genesis annonce le prix du futur GV70 2022 - Benoit Charette - Annuel automobile - CanadaMotorJobs.com.","robots":{"index":"index","follow":"follow","max-snippet":"max-snippet:-1","max-image-preview":"max-image-preview:large","max-video-preview":"max-video-preview:-1"},"og_locale":"fr_CA","og_type":"article","og_title":"Genesis annonce le prix du futur GV70 2022 - CanadaMotorJobs.com","og_description":"Genesis annonce le prix du futur GV70 2022 - Benoit Charette - Annuel automobile - CanadaMotorJobs.com.","og_url":"https:\/\/news.canadamotorjobs.com\/fr\/genesis-annonce-le-prix-du-futur-gv70-2022\/","og_site_name":"CanadaMotorJobs.com","article_publisher":"https:\/\/www.facebook.com\/canadamotorjobs\/","article_published_time":"2021-05-25T13:16:09+00:00","article_modified_time":"2021-05-25T13:29:44+00:00","og_image":[{"width":1030,"height":771,"url":"https:\/\/news.canadamotorjobs.com\/wp-content\/uploads\/2021\/05\/GV70-1-1030x771.jpg","type":"image\/jpeg"}],"author":"Benoit Charette","twitter_card":"summary_large_image","twitter_creator":"@canadamotorjobs","twitter_site":"@canadamotorjobs","twitter_misc":{"\u00c9crit par":"Benoit Charette","Estimation du temps de lecture":"1 minute"},"schema":{"@context":"https:\/\/schema.org","@graph":[{"@type":"Article","@id":"https:\/\/news.canadamotorjobs.com\/fr\/genesis-annonce-le-prix-du-futur-gv70-2022\/#article","isPartOf":{"@id":"https:\/\/news.canadamotorjobs.com\/fr\/genesis-annonce-le-prix-du-futur-gv70-2022\/"},"author":{"name":"Benoit Charette","@id":"https:\/\/news.canadamotorjobs.com\/#\/schema\/person\/51793d1f87d44011d7bcc2ed99269a90"},"headline":"Genesis annonce le prix du futur GV70 2022","datePublished":"2021-05-25T13:16:09+00:00","dateModified":"2021-05-25T13:29:44+00:00","mainEntityOfPage":{"@id":"https:\/\/news.canadamotorjobs.com\/fr\/genesis-annonce-le-prix-du-futur-gv70-2022\/"},"wordCount":189,"publisher":{"@id":"https:\/\/news.canadamotorjobs.com\/#organization"},"image":{"@id":"https:\/\/news.canadamotorjobs.com\/fr\/genesis-annonce-le-prix-du-futur-gv70-2022\/#primaryimage"},"thumbnailUrl":"https:\/\/news.canadamotorjobs.com\/wp-content\/uploads\/2021\/05\/GV70-1.jpg","articleSection":["Annuel automobile"],"inLanguage":"fr-CA"},{"@type":"WebPage","@id":"https:\/\/news.canadamotorjobs.com\/fr\/genesis-annonce-le-prix-du-futur-gv70-2022\/","url":"https:\/\/news.canadamotorjobs.com\/fr\/genesis-annonce-le-prix-du-futur-gv70-2022\/","name":"Genesis annonce le prix du futur GV70 2022 - CanadaMotorJobs.com","isPartOf":{"@id":"https:\/\/news.canadamotorjobs.com\/#website"},"primaryImageOfPage":{"@id":"https:\/\/news.canadamotorjobs.com\/fr\/genesis-annonce-le-prix-du-futur-gv70-2022\/#primaryimage"},"image":{"@id":"https:\/\/news.canadamotorjobs.com\/fr\/genesis-annonce-le-prix-du-futur-gv70-2022\/#primaryimage"},"thumbnailUrl":"https:\/\/news.canadamotorjobs.com\/wp-content\/uploads\/2021\/05\/GV70-1.jpg","datePublished":"2021-05-25T13:16:09+00:00","dateModified":"2021-05-25T13:29:44+00:00","description":"Genesis annonce le prix du futur GV70 2022 - Benoit Charette - Annuel automobile - CanadaMotorJobs.com.","breadcrumb":{"@id":"https:\/\/news.canadamotorjobs.com\/fr\/genesis-annonce-le-prix-du-futur-gv70-2022\/#breadcrumb"},"inLanguage":"fr-CA","potentialAction":[{"@type":"ReadAction","target":["https:\/\/news.canadamotorjobs.com\/fr\/genesis-annonce-le-prix-du-futur-gv70-2022\/"]}]},{"@type":"ImageObject","inLanguage":"fr-CA","@id":"https:\/\/news.canadamotorjobs.com\/fr\/genesis-annonce-le-prix-du-futur-gv70-2022\/#primaryimage","url":"https:\/\/news.canadamotorjobs.com\/wp-content\/uploads\/2021\/05\/GV70-1.jpg","contentUrl":"https:\/\/news.canadamotorjobs.com\/wp-content\/uploads\/2021\/05\/GV70-1.jpg","width":1990,"height":1490},{"@type":"BreadcrumbList","@id":"https:\/\/news.canadamotorjobs.com\/fr\/genesis-annonce-le-prix-du-futur-gv70-2022\/#breadcrumb","itemListElement":[{"@type":"ListItem","position":1,"name":"Home","item":"https:\/\/news.canadamotorjobs.com\/fr\/blog\/"},{"@type":"ListItem","position":2,"name":"Genesis annonce le prix du futur GV70 2022"}]},{"@type":"WebSite","@id":"https:\/\/news.canadamotorjobs.com\/#website","url":"https:\/\/news.canadamotorjobs.com\/","name":"CanadaMotorJobs.com","description":"Automotive Jobs","publisher":{"@id":"https:\/\/news.canadamotorjobs.com\/#organization"},"potentialAction":[{"@type":"SearchAction","target":{"@type":"EntryPoint","urlTemplate":"https:\/\/news.canadamotorjobs.com\/?s={search_term_string}"},"query-input":"required name=search_term_string"}],"inLanguage":"fr-CA"},{"@type":"Organization","@id":"https:\/\/news.canadamotorjobs.com\/#organization","name":"Canada Motor Jobs","url":"https:\/\/news.canadamotorjobs.com\/","logo":{"@type":"ImageObject","inLanguage":"fr-CA","@id":"https:\/\/news.canadamotorjobs.com\/#\/schema\/logo\/image\/","url":"https:\/\/news.canadamotorjobs.com\/wp-content\/uploads\/2022\/10\/logo-canada-motor-jobs-1.png","contentUrl":"https:\/\/news.canadamotorjobs.com\/wp-content\/uploads\/2022\/10\/logo-canada-motor-jobs-1.png","width":800,"height":400,"caption":"Canada Motor Jobs"},"image":{"@id":"https:\/\/news.canadamotorjobs.com\/#\/schema\/logo\/image\/"},"sameAs":["https:\/\/www.facebook.com\/canadamotorjobs\/","https:\/\/x.com\/canadamotorjobs","https:\/\/www.instagram.com\/canadamotorjobs\/","https:\/\/www.linkedin.com\/company\/canadamotorjobs"]},{"@type":"Person","@id":"https:\/\/news.canadamotorjobs.com\/#\/schema\/person\/51793d1f87d44011d7bcc2ed99269a90","name":"Benoit Charette","image":{"@type":"ImageObject","inLanguage":"fr-CA","@id":"https:\/\/news.canadamotorjobs.com\/#\/schema\/person\/image\/","url":"https:\/\/secure.gravatar.com\/avatar\/45f3d2eebcccd909668d7ce7ea7267b6?s=96&d=mm&r=g","contentUrl":"https:\/\/secure.gravatar.com\/avatar\/45f3d2eebcccd909668d7ce7ea7267b6?s=96&d=mm&r=g","caption":"Benoit Charette"},"description":"Benoit Charette \/ Propri\u00e9taire et r\u00e9dacteur en chef Benoit Charette pratique le journalisme automobile depuis bient\u00f4t 30 ans. Il a fait ses classes au c\u00f4t\u00e9 de Daniel H\u00e9raud et au Carnet de route de 1992 \u00e0 2001. Il est fondateur, copropri\u00e9taire et r\u00e9dacteur en chef de L\u2019Annuel de l\u2019automobile, qu\u2019il publie depuis 2001. Il a anim\u00e9 les \u00e9missions RPM et RPM+ sur V et les L\u00e9gendes de la route sur Historia. \u00c0 la radio depuis 1986, il reprend l\u2019antenne cette ann\u00e9e sur les ondes de Cogeco et participe pour la deuxi\u00e8me ann\u00e9e \u00e0 l\u2019\u00e9mission Passion Auto sur RDS en plus de mettre en ligne le site Web officiel de L\u2019Annuel de l\u2019automobile sur annuelauto.ca.","sameAs":["https:\/\/annuelauto.ca\/"],"url":"https:\/\/news.canadamotorjobs.com\/fr\/author\/benoit-charette\/"}]}},"_links":{"self":[{"href":"https:\/\/news.canadamotorjobs.com\/fr\/wp-json\/wp\/v2\/posts\/21712"}],"collection":[{"href":"https:\/\/news.canadamotorjobs.com\/fr\/wp-json\/wp\/v2\/posts"}],"about":[{"href":"https:\/\/news.canadamotorjobs.com\/fr\/wp-json\/wp\/v2\/types\/post"}],"author":[{"embeddable":true,"href":"https:\/\/news.canadamotorjobs.com\/fr\/wp-json\/wp\/v2\/users\/8"}],"replies":[{"embeddable":true,"href":"https:\/\/news.canadamotorjobs.com\/fr\/wp-json\/wp\/v2\/comments?post=21712"}],"version-history":[{"count":0,"href":"https:\/\/news.canadamotorjobs.com\/fr\/wp-json\/wp\/v2\/posts\/21712\/revisions"}],"wp:featuredmedia":[{"embeddable":true,"href":"https:\/\/news.canadamotorjobs.com\/fr\/wp-json\/wp\/v2\/media\/21716"}],"wp:attachment":[{"href":"https:\/\/news.canadamotorjobs.com\/fr\/wp-json\/wp\/v2\/media?parent=21712"}],"wp:term":[{"taxonomy":"category","embeddable":true,"href":"https:\/\/news.canadamotorjobs.com\/fr\/wp-json\/wp\/v2\/categories?post=21712"},{"taxonomy":"post_tag","embeddable":true,"href":"https:\/\/news.canadamotorjobs.com\/fr\/wp-json\/wp\/v2\/tags?post=21712"}],"curies":[{"name":"wp","href":"https:\/\/api.w.org\/{rel}","templated":true}]}}