{"id":21696,"date":"2021-05-25T07:32:17","date_gmt":"2021-05-25T11:32:17","guid":{"rendered":"https:\/\/blog.canadamotorjobs.com\/la-prochaine-audi-a4-aura-une-version-electrique\/"},"modified":"2021-05-25T07:45:08","modified_gmt":"2021-05-25T11:45:08","slug":"la-prochaine-audi-a4-aura-une-version-electrique","status":"publish","type":"post","link":"https:\/\/news.canadamotorjobs.com\/fr\/la-prochaine-audi-a4-aura-une-version-electrique\/","title":{"rendered":"La prochaine Audi A4 aura une version \u00e9lectrique"},"content":{"rendered":"<\/p>\n<p>La nouvelle g\u00e9n\u00e9ration d\u2019Audi A4 arrive l\u2019an prochain et Audi a montr\u00e9 un concept de ce mod\u00e8le et de la prochaine A6 au r\u00e9cent Salon de l\u2019auto de Shanghai. Selon le magasine anglais Autocar, Audi ajoutera deux versions \u00e9lectriques<br \/> Partiellement ou enti\u00e8rement \u00e9lectrique<br \/> Selon une source anonyme au sein du groupe Audi, il y aura une Audi RS4 hybride rechargeable (qui ne viendra sans doute pas en Am\u00e9rique) et un autre mod\u00e8le 100\u00a0% \u00e9lectrique qui aurait aussi une version RS4.<br \/> Une nouvelle plateforme<br \/> La nouvelle A4 sera sans doute construite sur la nouvelle plateforme PPE d\u00e9di\u00e9e aux VE du groupe Volkswagen qui arrivera l&#8217;ann\u00e9e prochaine dans une Audi Q6 E-Tron li\u00e9e au Porsche Macan EV r\u00e9cemment d\u00e9voil\u00e9 en habit de camouflage. Il est possible qu&#8217;elles pr\u00e9sentent un style l\u00e9g\u00e8rement diff\u00e9rent des A4 non \u00e9lectriques, avec une carrosserie fastback unique comme l&#8217;actuelle A5 Sportback, ce qui a \u00e9t\u00e9 sugg\u00e9r\u00e9 en avril avec le concept A6 E-Tron, un fastback \u00e9lectrique qui pr\u00e9figure une A6 \u00e9lectrique pr\u00e9vue pour 2023.<br \/> Toujours des moteurs \u00e0 essence<br \/> Les futures variantes de l&#8217;A4 dot\u00e9es d&#8217;un moteur \u00e0 combustion interne reposeront sur une version actualis\u00e9e de la plateforme MLB de l&#8217;actuelle A4. On peut s&#8217;attendre \u00e0 ce que l&#8217;\u00e9lectrification soit pr\u00e9sente sur toute la gamme, les mod\u00e8les les plus bas de gamme reposant sur une technologie hybride douce avec pile \u00e0 48 volts utiliser dans d\u2019autres mod\u00e8les chez Audi. Quant \u00e0 la RS4 hybride rechargeable, elle associera le V6 biturbo de 2,9 litres de la RS 4 actuelle<\/p>\n","protected":false},"excerpt":{"rendered":"<p>La nouvelle g\u00e9n\u00e9ration d\u2019Audi A4 arrive l\u2019an prochain et Audi a montr\u00e9 un concept de ce mod\u00e8le et de la prochaine A6 au r\u00e9cent Salon de l\u2019auto de Shanghai. Selon le magasine anglais Autocar, Audi ajoutera deux versions \u00e9lectriques Partiellement ou enti\u00e8rement \u00e9lectrique Selon une source anonyme au sein du groupe Audi, il y aura [&hellip;]<\/p>\n","protected":false},"author":8,"featured_media":21700,"comment_status":"close","ping_status":"closed","sticky":false,"template":"","format":"standard","meta":{"_monsterinsights_skip_tracking":false,"_monsterinsights_sitenote_active":false,"_monsterinsights_sitenote_note":"","_monsterinsights_sitenote_category":0,"footnotes":""},"categories":[101],"tags":[],"yoast_head":"<!-- This site is optimized with the Yoast SEO plugin v23.2 - https:\/\/yoast.com\/wordpress\/plugins\/seo\/ -->\n<title>La prochaine Audi A4 aura une version \u00e9lectrique - CanadaMotorJobs.com<\/title>\n<meta name=\"description\" content=\"La prochaine Audi A4 aura une version \u00e9lectrique - Benoit Charette - Annuel automobile - CanadaMotorJobs.com.\" \/>\n<meta name=\"robots\" content=\"index, follow, max-snippet:-1, max-image-preview:large, max-video-preview:-1\" \/>\n<meta property=\"og:locale\" content=\"fr_CA\" \/>\n<meta property=\"og:type\" content=\"article\" \/>\n<meta property=\"og:title\" content=\"La prochaine Audi A4 aura une version \u00e9lectrique - CanadaMotorJobs.com\" \/>\n<meta property=\"og:description\" content=\"La prochaine Audi A4 aura une version \u00e9lectrique - Benoit Charette - Annuel automobile - CanadaMotorJobs.com.\" \/>\n<meta property=\"og:url\" content=\"https:\/\/news.canadamotorjobs.com\/fr\/la-prochaine-audi-a4-aura-une-version-electrique\/\" \/>\n<meta property=\"og:site_name\" content=\"CanadaMotorJobs.com\" \/>\n<meta property=\"article:publisher\" content=\"https:\/\/www.facebook.com\/canadamotorjobs\/\" \/>\n<meta property=\"article:published_time\" content=\"2021-05-25T11:32:17+00:00\" \/>\n<meta property=\"article:modified_time\" content=\"2021-05-25T11:45:08+00:00\" \/>\n<meta property=\"og:image\" content=\"https:\/\/news.canadamotorjobs.com\/wp-content\/uploads\/2021\/05\/audi_media_tv_370004_thumb-1.jpg\" \/>\n\t<meta property=\"og:image:width\" content=\"1920\" \/>\n\t<meta property=\"og:image:height\" content=\"1080\" \/>\n\t<meta property=\"og:image:type\" content=\"image\/jpeg\" \/>\n<meta name=\"author\" content=\"Benoit Charette\" \/>\n<meta name=\"twitter:card\" content=\"summary_large_image\" \/>\n<meta name=\"twitter:creator\" content=\"@canadamotorjobs\" \/>\n<meta name=\"twitter:site\" content=\"@canadamotorjobs\" \/>\n<meta name=\"twitter:label1\" content=\"\u00c9crit par\" \/>\n\t<meta name=\"twitter:data1\" content=\"Benoit Charette\" \/>\n\t<meta name=\"twitter:label2\" content=\"Estimation du temps de lecture\" \/>\n\t<meta name=\"twitter:data2\" content=\"1 minute\" \/>\n<!-- \/ Yoast SEO plugin. -->","yoast_head_json":{"title":"La prochaine Audi A4 aura une version \u00e9lectrique - CanadaMotorJobs.com","description":"La prochaine Audi A4 aura une version \u00e9lectrique - Benoit Charette - Annuel automobile - CanadaMotorJobs.com.","robots":{"index":"index","follow":"follow","max-snippet":"max-snippet:-1","max-image-preview":"max-image-preview:large","max-video-preview":"max-video-preview:-1"},"og_locale":"fr_CA","og_type":"article","og_title":"La prochaine Audi A4 aura une version \u00e9lectrique - CanadaMotorJobs.com","og_description":"La prochaine Audi A4 aura une version \u00e9lectrique - Benoit Charette - Annuel automobile - CanadaMotorJobs.com.","og_url":"https:\/\/news.canadamotorjobs.com\/fr\/la-prochaine-audi-a4-aura-une-version-electrique\/","og_site_name":"CanadaMotorJobs.com","article_publisher":"https:\/\/www.facebook.com\/canadamotorjobs\/","article_published_time":"2021-05-25T11:32:17+00:00","article_modified_time":"2021-05-25T11:45:08+00:00","og_image":[{"width":1920,"height":1080,"url":"https:\/\/news.canadamotorjobs.com\/wp-content\/uploads\/2021\/05\/audi_media_tv_370004_thumb-1.jpg","type":"image\/jpeg"}],"author":"Benoit Charette","twitter_card":"summary_large_image","twitter_creator":"@canadamotorjobs","twitter_site":"@canadamotorjobs","twitter_misc":{"\u00c9crit par":"Benoit Charette","Estimation du temps de lecture":"1 minute"},"schema":{"@context":"https:\/\/schema.org","@graph":[{"@type":"Article","@id":"https:\/\/news.canadamotorjobs.com\/fr\/la-prochaine-audi-a4-aura-une-version-electrique\/#article","isPartOf":{"@id":"https:\/\/news.canadamotorjobs.com\/fr\/la-prochaine-audi-a4-aura-une-version-electrique\/"},"author":{"name":"Benoit Charette","@id":"https:\/\/news.canadamotorjobs.com\/#\/schema\/person\/51793d1f87d44011d7bcc2ed99269a90"},"headline":"La prochaine Audi A4 aura une version \u00e9lectrique","datePublished":"2021-05-25T11:32:17+00:00","dateModified":"2021-05-25T11:45:08+00:00","mainEntityOfPage":{"@id":"https:\/\/news.canadamotorjobs.com\/fr\/la-prochaine-audi-a4-aura-une-version-electrique\/"},"wordCount":285,"publisher":{"@id":"https:\/\/news.canadamotorjobs.com\/#organization"},"image":{"@id":"https:\/\/news.canadamotorjobs.com\/fr\/la-prochaine-audi-a4-aura-une-version-electrique\/#primaryimage"},"thumbnailUrl":"https:\/\/news.canadamotorjobs.com\/wp-content\/uploads\/2021\/05\/audi_media_tv_370004_thumb-1.jpg","articleSection":["Annuel automobile"],"inLanguage":"fr-CA"},{"@type":"WebPage","@id":"https:\/\/news.canadamotorjobs.com\/fr\/la-prochaine-audi-a4-aura-une-version-electrique\/","url":"https:\/\/news.canadamotorjobs.com\/fr\/la-prochaine-audi-a4-aura-une-version-electrique\/","name":"La prochaine Audi A4 aura une version \u00e9lectrique - CanadaMotorJobs.com","isPartOf":{"@id":"https:\/\/news.canadamotorjobs.com\/#website"},"primaryImageOfPage":{"@id":"https:\/\/news.canadamotorjobs.com\/fr\/la-prochaine-audi-a4-aura-une-version-electrique\/#primaryimage"},"image":{"@id":"https:\/\/news.canadamotorjobs.com\/fr\/la-prochaine-audi-a4-aura-une-version-electrique\/#primaryimage"},"thumbnailUrl":"https:\/\/news.canadamotorjobs.com\/wp-content\/uploads\/2021\/05\/audi_media_tv_370004_thumb-1.jpg","datePublished":"2021-05-25T11:32:17+00:00","dateModified":"2021-05-25T11:45:08+00:00","description":"La prochaine Audi A4 aura une version \u00e9lectrique - Benoit Charette - Annuel automobile - CanadaMotorJobs.com.","breadcrumb":{"@id":"https:\/\/news.canadamotorjobs.com\/fr\/la-prochaine-audi-a4-aura-une-version-electrique\/#breadcrumb"},"inLanguage":"fr-CA","potentialAction":[{"@type":"ReadAction","target":["https:\/\/news.canadamotorjobs.com\/fr\/la-prochaine-audi-a4-aura-une-version-electrique\/"]}]},{"@type":"ImageObject","inLanguage":"fr-CA","@id":"https:\/\/news.canadamotorjobs.com\/fr\/la-prochaine-audi-a4-aura-une-version-electrique\/#primaryimage","url":"https:\/\/news.canadamotorjobs.com\/wp-content\/uploads\/2021\/05\/audi_media_tv_370004_thumb-1.jpg","contentUrl":"https:\/\/news.canadamotorjobs.com\/wp-content\/uploads\/2021\/05\/audi_media_tv_370004_thumb-1.jpg","width":1920,"height":1080},{"@type":"BreadcrumbList","@id":"https:\/\/news.canadamotorjobs.com\/fr\/la-prochaine-audi-a4-aura-une-version-electrique\/#breadcrumb","itemListElement":[{"@type":"ListItem","position":1,"name":"Home","item":"https:\/\/news.canadamotorjobs.com\/fr\/blog\/"},{"@type":"ListItem","position":2,"name":"La prochaine Audi A4 aura une version \u00e9lectrique"}]},{"@type":"WebSite","@id":"https:\/\/news.canadamotorjobs.com\/#website","url":"https:\/\/news.canadamotorjobs.com\/","name":"CanadaMotorJobs.com","description":"Automotive Jobs","publisher":{"@id":"https:\/\/news.canadamotorjobs.com\/#organization"},"potentialAction":[{"@type":"SearchAction","target":{"@type":"EntryPoint","urlTemplate":"https:\/\/news.canadamotorjobs.com\/?s={search_term_string}"},"query-input":"required name=search_term_string"}],"inLanguage":"fr-CA"},{"@type":"Organization","@id":"https:\/\/news.canadamotorjobs.com\/#organization","name":"Canada Motor Jobs","url":"https:\/\/news.canadamotorjobs.com\/","logo":{"@type":"ImageObject","inLanguage":"fr-CA","@id":"https:\/\/news.canadamotorjobs.com\/#\/schema\/logo\/image\/","url":"https:\/\/news.canadamotorjobs.com\/wp-content\/uploads\/2022\/10\/logo-canada-motor-jobs-1.png","contentUrl":"https:\/\/news.canadamotorjobs.com\/wp-content\/uploads\/2022\/10\/logo-canada-motor-jobs-1.png","width":800,"height":400,"caption":"Canada Motor Jobs"},"image":{"@id":"https:\/\/news.canadamotorjobs.com\/#\/schema\/logo\/image\/"},"sameAs":["https:\/\/www.facebook.com\/canadamotorjobs\/","https:\/\/x.com\/canadamotorjobs","https:\/\/www.instagram.com\/canadamotorjobs\/","https:\/\/www.linkedin.com\/company\/canadamotorjobs"]},{"@type":"Person","@id":"https:\/\/news.canadamotorjobs.com\/#\/schema\/person\/51793d1f87d44011d7bcc2ed99269a90","name":"Benoit Charette","image":{"@type":"ImageObject","inLanguage":"fr-CA","@id":"https:\/\/news.canadamotorjobs.com\/#\/schema\/person\/image\/","url":"https:\/\/secure.gravatar.com\/avatar\/45f3d2eebcccd909668d7ce7ea7267b6?s=96&d=mm&r=g","contentUrl":"https:\/\/secure.gravatar.com\/avatar\/45f3d2eebcccd909668d7ce7ea7267b6?s=96&d=mm&r=g","caption":"Benoit Charette"},"description":"Benoit Charette \/ Propri\u00e9taire et r\u00e9dacteur en chef Benoit Charette pratique le journalisme automobile depuis bient\u00f4t 30 ans. Il a fait ses classes au c\u00f4t\u00e9 de Daniel H\u00e9raud et au Carnet de route de 1992 \u00e0 2001. Il est fondateur, copropri\u00e9taire et r\u00e9dacteur en chef de L\u2019Annuel de l\u2019automobile, qu\u2019il publie depuis 2001. Il a anim\u00e9 les \u00e9missions RPM et RPM+ sur V et les L\u00e9gendes de la route sur Historia. \u00c0 la radio depuis 1986, il reprend l\u2019antenne cette ann\u00e9e sur les ondes de Cogeco et participe pour la deuxi\u00e8me ann\u00e9e \u00e0 l\u2019\u00e9mission Passion Auto sur RDS en plus de mettre en ligne le site Web officiel de L\u2019Annuel de l\u2019automobile sur annuelauto.ca.","sameAs":["https:\/\/annuelauto.ca\/"],"url":"https:\/\/news.canadamotorjobs.com\/fr\/author\/benoit-charette\/"}]}},"_links":{"self":[{"href":"https:\/\/news.canadamotorjobs.com\/fr\/wp-json\/wp\/v2\/posts\/21696"}],"collection":[{"href":"https:\/\/news.canadamotorjobs.com\/fr\/wp-json\/wp\/v2\/posts"}],"about":[{"href":"https:\/\/news.canadamotorjobs.com\/fr\/wp-json\/wp\/v2\/types\/post"}],"author":[{"embeddable":true,"href":"https:\/\/news.canadamotorjobs.com\/fr\/wp-json\/wp\/v2\/users\/8"}],"replies":[{"embeddable":true,"href":"https:\/\/news.canadamotorjobs.com\/fr\/wp-json\/wp\/v2\/comments?post=21696"}],"version-history":[{"count":0,"href":"https:\/\/news.canadamotorjobs.com\/fr\/wp-json\/wp\/v2\/posts\/21696\/revisions"}],"wp:featuredmedia":[{"embeddable":true,"href":"https:\/\/news.canadamotorjobs.com\/fr\/wp-json\/wp\/v2\/media\/21700"}],"wp:attachment":[{"href":"https:\/\/news.canadamotorjobs.com\/fr\/wp-json\/wp\/v2\/media?parent=21696"}],"wp:term":[{"taxonomy":"category","embeddable":true,"href":"https:\/\/news.canadamotorjobs.com\/fr\/wp-json\/wp\/v2\/categories?post=21696"},{"taxonomy":"post_tag","embeddable":true,"href":"https:\/\/news.canadamotorjobs.com\/fr\/wp-json\/wp\/v2\/tags?post=21696"}],"curies":[{"name":"wp","href":"https:\/\/api.w.org\/{rel}","templated":true}]}}