{"id":205933,"date":"2025-05-22T18:19:21","date_gmt":"2025-05-22T22:19:21","guid":{"rendered":"https:\/\/news.canadamotorjobs.com\/?p=205933"},"modified":"2025-05-22T18:31:34","modified_gmt":"2025-05-22T22:31:34","slug":"une-volkswagen-id-buzz-a-fait-son-entree-dans-le-fabuleux-univers-lilliputien-de-miniatur-wunderland","status":"publish","type":"post","link":"https:\/\/news.canadamotorjobs.com\/fr\/une-volkswagen-id-buzz-a-fait-son-entree-dans-le-fabuleux-univers-lilliputien-de-miniatur-wunderland\/","title":{"rendered":"Une Volkswagen ID.\u00a0Buzz a fait son entr\u00e9e dans le fabuleux univers lilliputien de Miniatur Wunderland"},"content":{"rendered":"<\/p>\n<p>Une nouvelle vedette vient de faire son apparition dans le complexe <a href=\"https:\/\/www.miniatur-wunderland.com\/\" target=\"_blank\" rel=\"noopener\">Miniatur Wunderland<\/a> de Hambourg, en Allemagne. Il s\u2019agit d\u2019une Volkswagen ID.\u00a0Buzz #BULLILOVEstories qui devient du m\u00eame coup le plus petit v\u00e9hicule mobile de ce qui est aussi le plus grand r\u00e9seau <a href=\"https:\/\/annuelauto.ca\/voici-un-minibus-volkswagen-qui-na-pas-besoin-de-volant\/\" target=\"_blank\" rel=\"noopener\">ferroviaire<\/a> miniature du monde.<\/p>\n<p>L\u2019<a href=\"https:\/\/annuelauto.ca\/avant-le-volkswagen-id-buzz-il-y-a-eu-lelektro-transporter\/\" target=\"_blank\" rel=\"noopener\">ID.\u00a0Buzz<\/a> #BULLILOVEstories grandeur nature a \u00e9t\u00e9 cr\u00e9\u00e9 par Volkswagen avec un double objectif\u00a0: faire la promotion de sa nouvelle fourgonnette \u00e9lectrique ID.\u00a0Buzz tout en exposant, par une tourn\u00e9e internationale, la fascination des gens envers les diff\u00e9rentes g\u00e9n\u00e9rations du minibus VW depuis <a href=\"https:\/\/annuelauto.ca\/le-mythique-fourgon-volkswagen-fete-ses-75-ans-et-son-73e-anniversaire-au-canada\/\" target=\"_blank\" rel=\"noopener\">la cr\u00e9ation du Type\u00a02 (ou Transporter), il y a 75\u00a0ans<\/a>.<\/p>\n<p>L\u2019animateur de cette tourn\u00e9e est Christian Schl\u00fcter. Depuis 2022, ce v\u00e9t\u00e9ran de Volkswagen qui se passionne pour les \u00ab\u00a0Bulli\u00a0\u00bb (surnom de la fourgonnette VW en Europe) a parcouru au-del\u00e0 de 125\u00a0000\u00a0kilom\u00e8tres \u00e0 travers 41 pays d\u2019Europe et d\u2019Am\u00e9rique du Nord avec cette ID.\u00a0Buzz pour la r\u00e9aliser. Une fourgonnette dans laquelle il a d\u2019ailleurs dormi durant au moins 220\u00a0nuits, puisqu\u2019elle a \u00e9t\u00e9 am\u00e9nag\u00e9e pour le permettre.<\/p>\n<p>Tout au long de ce voyage, Schl\u00fcter a recueilli des anecdotes et des commentaires destin\u00e9s \u00e0 une s\u00e9rie de documentaires, dont le premier, <em>#BULLILOVEstories \u2013 Le film<\/em>, a \u00e9t\u00e9 pr\u00e9sent\u00e9 dans le cadre du VW Bus Festival de Hanovre, en juin 2023.<\/p>\n<h3><strong>Reproduction fid\u00e8le<\/strong><\/h3>\n<p>\nLa mini fourgonnette ID.\u00a0Buzz #BULLILOVEstories de Miniatur Wunderland est une reproduction fid\u00e8le de celle que Schl\u00fcter conduit depuis 2022. Cette version qui est \u00e0 l\u2019\u00e9chelle 1:87 s\u2019ajoute \u00e0 quelque 11\u00a0800 v\u00e9hicules <a href=\"https:\/\/annuelauto.ca\/bientot-en-magasin-la-premiere-miniature-polestar-de-hot-wheels\/\" target=\"_blank\" rel=\"noopener\">miniature<\/a>s qu\u2019on peut voir dans les diff\u00e9rents tableaux de Miniatur Wunderland. C\u2019est aussi un des 285 mod\u00e8les r\u00e9duits qui sont mobiles, comme l\u2019explique Christian Schl\u00fcter dans la vid\u00e9o suivante (malheureusement disponible seulement en allemand)\u00a0:<\/p>\n<p><\/p>\n<div class='avia-iframe-wrap'><iframe loading=\"lazy\" title=\"#BULLILOVEstories \ud83d\ude90 | ID. Buzz Weltpremiere im Miniatur Wunderland Hamburg! \ud83d\ude90 \ud83d\udc9b\" width=\"1500\" height=\"844\" src=\"https:\/\/www.youtube.com\/embed\/8Mo1veQGfZ0?feature=oembed\" frameborder=\"0\" allow=\"accelerometer; autoplay; clipboard-write; encrypted-media; gyroscope; picture-in-picture; web-share\" referrerpolicy=\"strict-origin-when-cross-origin\" allowfullscreen><\/iframe><\/div>\n<p>\nPr\u00e8s de 200 heures de travail minutieux ont \u00e9t\u00e9 n\u00e9cessaires \u00e0 sa fabrication. Le plus grand d\u00e9fi qu\u2019a d\u00fb relever l&#8217;\u00e9quipe de mod\u00e9listes de Miniatur Wunderland lors de sa fabrication a \u00e9t\u00e9 l\u2019int\u00e9gration sous sa minuscule carrosserie de toute la quincaillerie n\u00e9cessaire \u00e0 sa motorisation. Puisqu\u2019il n\u2019y avait pas d\u2019assez d\u2019espace pour loger un moteur, une batterie et tous les composants de la transmission, ces mod\u00e9listes ont eu recours \u00e0 deux astuces. Certains composants ont \u00e9t\u00e9 plac\u00e9s sur la galerie de toit, alors que d\u2019autres se retrouvent dans la reproduction de la caravane, de couleurs assorties, qui a servi de temps \u00e0 autre \u00e0 Schl\u00fcter.<\/p>\n<p>Bien entendu, la \u00ab\u00a0mini\u00a0Buzz\u00a0\u00bb est \u00e9lectrique, tout comme sa contrepartie grandeur nature. Toutefois, elle est \u00e9quip\u00e9e d&#8217;un minuscule moteur de 4\u00a0volts, et non d&#8217;une technologie 400\u00a0volts.<\/p>\n<p>Sa batterie doit donc aussi \u00eatre recharg\u00e9e p\u00e9riodiquement. Cette op\u00e9ration est contr\u00f4l\u00e9e par un syst\u00e8me \u00e9lectronique qui permet \u00e0 cette miniature de se diriger automatiquement vers une borne de recharge au moment opportun. L&#8217;\u00e9lectricit\u00e9 n\u00e9cessaire \u00e0 sa batterie passe alors par les r\u00e9troviseurs ext\u00e9rieurs. Puis, apr\u00e8s environ 30 minutes, la petite fourgonnette reprend la route.<\/p>\n<p>Aujourd\u2019hui, on peut la voir sillonner les rues de Knuffingen, une capitale imaginaire inspir\u00e9e de Hambourg que les mod\u00e9listes de Miniatur Wunderland ont cr\u00e9\u00e9. Cette ville d\u2019environ 6\u00a0000 habitants (lire\u00a0: figurines) est d\u2019ailleurs l&#8217;une des plus grandes de cet univers miniature.<\/p>\n<p>La premi\u00e8re balade qu\u2019a r\u00e9alis\u00e9e la mini\u00a0Buzz constituait une double premi\u00e8re pour Miniatur Wunderland, puisqu\u2019elle est d\u00e9sormais le plus petit v\u00e9hicule mobile de Knuffingen, mais aussi le seul qui tracte une caravane dans ses rues\u00a0!<\/p>\n<h3><strong>Un monde en format r\u00e9duit<\/strong><\/h3>\n<p>\nCr\u00e9\u00e9 par Gerrit Braun, Miniatur Wunderland est log\u00e9 dans un ancien entrep\u00f4t du vieux secteur portuaire de Hambourg, en Allemagne. Inaugur\u00e9 en 2001, ce complexe rec\u00e8le aujourd\u2019hui la plus grande maquette ferroviaire au monde; une maquette qui ne cesse d\u2019ailleurs de grandir.<\/p>\n<p>Pas moins de 1\u00a0231 locomotives et plus de 12\u00a0000 wagons miniatures sillonnent ses 16,5\u00a0km de rails \u00e0 travers diff\u00e9rents d\u00e9cors\u00a0: des montagnes, des villages, des villes, un port, un a\u00e9roport, etc.<\/p>\n<p><\/p>\n<div class='avia-iframe-wrap'><iframe loading=\"lazy\" title=\"Miniatur Wunderland *** official video *** largest model railway \/ railroad of the world\" width=\"1500\" height=\"844\" src=\"https:\/\/www.youtube.com\/embed\/ACkmg3Y64_s?feature=oembed\" frameborder=\"0\" allow=\"accelerometer; autoplay; clipboard-write; encrypted-media; gyroscope; picture-in-picture; web-share\" referrerpolicy=\"strict-origin-when-cross-origin\" allowfullscreen><\/iframe><\/div>\n<p>\nLes d\u00e9cors que traversent ces trains (dont le plus long mesure 14,5\u00a0m) sont constitu\u00e9s de 5\u00a0278 \u00e9difices et ponts, o\u00f9 l\u2019on voit 292\u00a0110\u00a0figurines. Ces d\u00e9cors s\u2019inspirent d\u2019une dizaine de pays et r\u00e9gions du monde, dont, entre autres, l\u2019Allemagne, l\u2019Italie, la Suisse, les \u00c9tats-Unis et, depuis peu, Monaco.<\/p>\n<p>Les mod\u00e9listes de cet univers miniature en constante \u00e9volution s\u2019affairent aujourd\u2019hui \u00e0 l\u2019agrandir avec de nouvelles sections qui s\u2019inspirent notamment des Andes et du d\u00e9sert d\u2019Atacama (ouverture pr\u00e9vue en 2026), de l\u2019Am\u00e9rique centrale et des Cara\u00efbes (fin de 2027) et d\u2019Asie (fin de 2028).<\/p>\n<p><em>Photos : Volkswagen et Miniatur Wunderland<\/em><\/p>\n<p>Le texte <a href=\"https:\/\/annuelauto.ca\/une-volkswagen-id-buzz-a-fait-son-entree-dans-le-fabuleux-univers-lilliputien-de-miniatur-wunderland\/\">Une Volkswagen ID.\u00a0Buzz a fait son entr\u00e9e dans le fabuleux univers lilliputien de Miniatur Wunderland<\/a> provient de <a href=\"https:\/\/annuelauto.ca\">L&#8217;annuel de l&#8217;automobile &#8211; Actualit\u00e9 automobile<\/a><\/p>\n<p><\/p>\n","protected":false},"excerpt":{"rendered":"<p>Une nouvelle vedette vient de faire son apparition dans le complexe Miniatur Wunderland de Hambourg, en Allemagne. Il s\u2019agit d\u2019une Volkswagen ID.\u00a0Buzz #BULLILOVEstories qui devient du m\u00eame coup le plus petit v\u00e9hicule mobile de ce qui est aussi le plus grand r\u00e9seau ferroviaire miniature du monde. L\u2019ID.\u00a0Buzz #BULLILOVEstories grandeur nature a \u00e9t\u00e9 cr\u00e9\u00e9 par Volkswagen [&hellip;]<\/p>\n","protected":false},"author":8,"featured_media":205935,"comment_status":"close","ping_status":"closed","sticky":false,"template":"","format":"standard","meta":{"_monsterinsights_skip_tracking":false,"_monsterinsights_sitenote_active":false,"_monsterinsights_sitenote_note":"","_monsterinsights_sitenote_category":0,"footnotes":""},"categories":[101],"tags":[],"yoast_head":"<!-- This site is optimized with the Yoast SEO plugin v23.2 - https:\/\/yoast.com\/wordpress\/plugins\/seo\/ -->\n<title>Une Volkswagen ID.\u00a0Buzz a fait son entr\u00e9e dans le fabuleux univers lilliputien de Miniatur Wunderland - CanadaMotorJobs.com<\/title>\n<meta name=\"description\" content=\"Une Volkswagen ID.\u00a0Buzz a fait son entr\u00e9e dans le fabuleux univers lilliputien de Miniatur Wunderland - Benoit Charette - Annuel automobile - CanadaMotorJobs.com.\" \/>\n<meta name=\"robots\" content=\"index, follow, max-snippet:-1, max-image-preview:large, max-video-preview:-1\" \/>\n<meta property=\"og:locale\" content=\"fr_CA\" \/>\n<meta property=\"og:type\" content=\"article\" \/>\n<meta property=\"og:title\" content=\"Une Volkswagen ID.\u00a0Buzz a fait son entr\u00e9e dans le fabuleux univers lilliputien de Miniatur Wunderland - CanadaMotorJobs.com\" \/>\n<meta property=\"og:description\" content=\"Une Volkswagen ID.\u00a0Buzz a fait son entr\u00e9e dans le fabuleux univers lilliputien de Miniatur Wunderland - Benoit Charette - Annuel automobile - CanadaMotorJobs.com.\" \/>\n<meta property=\"og:url\" content=\"https:\/\/news.canadamotorjobs.com\/fr\/une-volkswagen-id-buzz-a-fait-son-entree-dans-le-fabuleux-univers-lilliputien-de-miniatur-wunderland\/\" \/>\n<meta property=\"og:site_name\" content=\"CanadaMotorJobs.com\" \/>\n<meta property=\"article:publisher\" content=\"https:\/\/www.facebook.com\/canadamotorjobs\/\" \/>\n<meta property=\"article:published_time\" content=\"2025-05-22T22:19:21+00:00\" \/>\n<meta property=\"article:modified_time\" content=\"2025-05-22T22:31:34+00:00\" \/>\n<meta property=\"og:image\" content=\"https:\/\/news.canadamotorjobs.com\/wp-content\/uploads\/2025\/05\/Volkswagen-ID-Buzz-Miniatur-Wunderland-2.jpg\" \/>\n\t<meta property=\"og:image:width\" content=\"1024\" \/>\n\t<meta property=\"og:image:height\" content=\"683\" \/>\n\t<meta property=\"og:image:type\" content=\"image\/jpeg\" \/>\n<meta name=\"author\" content=\"Benoit Charette\" \/>\n<meta name=\"twitter:card\" content=\"summary_large_image\" \/>\n<meta name=\"twitter:creator\" content=\"@canadamotorjobs\" \/>\n<meta name=\"twitter:site\" content=\"@canadamotorjobs\" \/>\n<meta name=\"twitter:label1\" content=\"\u00c9crit par\" \/>\n\t<meta name=\"twitter:data1\" content=\"Benoit Charette\" \/>\n\t<meta name=\"twitter:label2\" content=\"Estimation du temps de lecture\" \/>\n\t<meta name=\"twitter:data2\" content=\"4 minutes\" \/>\n<!-- \/ Yoast SEO plugin. -->","yoast_head_json":{"title":"Une Volkswagen ID.\u00a0Buzz a fait son entr\u00e9e dans le fabuleux univers lilliputien de Miniatur Wunderland - CanadaMotorJobs.com","description":"Une Volkswagen ID.\u00a0Buzz a fait son entr\u00e9e dans le fabuleux univers lilliputien de Miniatur Wunderland - Benoit Charette - Annuel automobile - CanadaMotorJobs.com.","robots":{"index":"index","follow":"follow","max-snippet":"max-snippet:-1","max-image-preview":"max-image-preview:large","max-video-preview":"max-video-preview:-1"},"og_locale":"fr_CA","og_type":"article","og_title":"Une Volkswagen ID.\u00a0Buzz a fait son entr\u00e9e dans le fabuleux univers lilliputien de Miniatur Wunderland - CanadaMotorJobs.com","og_description":"Une Volkswagen ID.\u00a0Buzz a fait son entr\u00e9e dans le fabuleux univers lilliputien de Miniatur Wunderland - Benoit Charette - Annuel automobile - CanadaMotorJobs.com.","og_url":"https:\/\/news.canadamotorjobs.com\/fr\/une-volkswagen-id-buzz-a-fait-son-entree-dans-le-fabuleux-univers-lilliputien-de-miniatur-wunderland\/","og_site_name":"CanadaMotorJobs.com","article_publisher":"https:\/\/www.facebook.com\/canadamotorjobs\/","article_published_time":"2025-05-22T22:19:21+00:00","article_modified_time":"2025-05-22T22:31:34+00:00","og_image":[{"width":1024,"height":683,"url":"https:\/\/news.canadamotorjobs.com\/wp-content\/uploads\/2025\/05\/Volkswagen-ID-Buzz-Miniatur-Wunderland-2.jpg","type":"image\/jpeg"}],"author":"Benoit Charette","twitter_card":"summary_large_image","twitter_creator":"@canadamotorjobs","twitter_site":"@canadamotorjobs","twitter_misc":{"\u00c9crit par":"Benoit Charette","Estimation du temps de lecture":"4 minutes"},"schema":{"@context":"https:\/\/schema.org","@graph":[{"@type":"Article","@id":"https:\/\/news.canadamotorjobs.com\/fr\/une-volkswagen-id-buzz-a-fait-son-entree-dans-le-fabuleux-univers-lilliputien-de-miniatur-wunderland\/#article","isPartOf":{"@id":"https:\/\/news.canadamotorjobs.com\/fr\/une-volkswagen-id-buzz-a-fait-son-entree-dans-le-fabuleux-univers-lilliputien-de-miniatur-wunderland\/"},"author":{"name":"Benoit Charette","@id":"https:\/\/news.canadamotorjobs.com\/#\/schema\/person\/51793d1f87d44011d7bcc2ed99269a90"},"headline":"Une Volkswagen ID.\u00a0Buzz a fait son entr\u00e9e dans le fabuleux univers lilliputien de Miniatur Wunderland","datePublished":"2025-05-22T22:19:21+00:00","dateModified":"2025-05-22T22:31:34+00:00","mainEntityOfPage":{"@id":"https:\/\/news.canadamotorjobs.com\/fr\/une-volkswagen-id-buzz-a-fait-son-entree-dans-le-fabuleux-univers-lilliputien-de-miniatur-wunderland\/"},"wordCount":875,"publisher":{"@id":"https:\/\/news.canadamotorjobs.com\/#organization"},"image":{"@id":"https:\/\/news.canadamotorjobs.com\/fr\/une-volkswagen-id-buzz-a-fait-son-entree-dans-le-fabuleux-univers-lilliputien-de-miniatur-wunderland\/#primaryimage"},"thumbnailUrl":"https:\/\/news.canadamotorjobs.com\/wp-content\/uploads\/2025\/05\/Volkswagen-ID-Buzz-Miniatur-Wunderland-2.jpg","articleSection":["Annuel automobile"],"inLanguage":"fr-CA"},{"@type":"WebPage","@id":"https:\/\/news.canadamotorjobs.com\/fr\/une-volkswagen-id-buzz-a-fait-son-entree-dans-le-fabuleux-univers-lilliputien-de-miniatur-wunderland\/","url":"https:\/\/news.canadamotorjobs.com\/fr\/une-volkswagen-id-buzz-a-fait-son-entree-dans-le-fabuleux-univers-lilliputien-de-miniatur-wunderland\/","name":"Une Volkswagen ID.\u00a0Buzz a fait son entr\u00e9e dans le fabuleux univers lilliputien de Miniatur Wunderland - CanadaMotorJobs.com","isPartOf":{"@id":"https:\/\/news.canadamotorjobs.com\/#website"},"primaryImageOfPage":{"@id":"https:\/\/news.canadamotorjobs.com\/fr\/une-volkswagen-id-buzz-a-fait-son-entree-dans-le-fabuleux-univers-lilliputien-de-miniatur-wunderland\/#primaryimage"},"image":{"@id":"https:\/\/news.canadamotorjobs.com\/fr\/une-volkswagen-id-buzz-a-fait-son-entree-dans-le-fabuleux-univers-lilliputien-de-miniatur-wunderland\/#primaryimage"},"thumbnailUrl":"https:\/\/news.canadamotorjobs.com\/wp-content\/uploads\/2025\/05\/Volkswagen-ID-Buzz-Miniatur-Wunderland-2.jpg","datePublished":"2025-05-22T22:19:21+00:00","dateModified":"2025-05-22T22:31:34+00:00","description":"Une Volkswagen ID.\u00a0Buzz a fait son entr\u00e9e dans le fabuleux univers lilliputien de Miniatur Wunderland - Benoit Charette - Annuel automobile - CanadaMotorJobs.com.","breadcrumb":{"@id":"https:\/\/news.canadamotorjobs.com\/fr\/une-volkswagen-id-buzz-a-fait-son-entree-dans-le-fabuleux-univers-lilliputien-de-miniatur-wunderland\/#breadcrumb"},"inLanguage":"fr-CA","potentialAction":[{"@type":"ReadAction","target":["https:\/\/news.canadamotorjobs.com\/fr\/une-volkswagen-id-buzz-a-fait-son-entree-dans-le-fabuleux-univers-lilliputien-de-miniatur-wunderland\/"]}]},{"@type":"ImageObject","inLanguage":"fr-CA","@id":"https:\/\/news.canadamotorjobs.com\/fr\/une-volkswagen-id-buzz-a-fait-son-entree-dans-le-fabuleux-univers-lilliputien-de-miniatur-wunderland\/#primaryimage","url":"https:\/\/news.canadamotorjobs.com\/wp-content\/uploads\/2025\/05\/Volkswagen-ID-Buzz-Miniatur-Wunderland-2.jpg","contentUrl":"https:\/\/news.canadamotorjobs.com\/wp-content\/uploads\/2025\/05\/Volkswagen-ID-Buzz-Miniatur-Wunderland-2.jpg","width":1024,"height":683},{"@type":"BreadcrumbList","@id":"https:\/\/news.canadamotorjobs.com\/fr\/une-volkswagen-id-buzz-a-fait-son-entree-dans-le-fabuleux-univers-lilliputien-de-miniatur-wunderland\/#breadcrumb","itemListElement":[{"@type":"ListItem","position":1,"name":"Home","item":"https:\/\/news.canadamotorjobs.com\/fr\/blog\/"},{"@type":"ListItem","position":2,"name":"Une Volkswagen ID.\u00a0Buzz a fait son entr\u00e9e dans le fabuleux univers lilliputien de Miniatur Wunderland"}]},{"@type":"WebSite","@id":"https:\/\/news.canadamotorjobs.com\/#website","url":"https:\/\/news.canadamotorjobs.com\/","name":"CanadaMotorJobs.com","description":"Automotive Jobs","publisher":{"@id":"https:\/\/news.canadamotorjobs.com\/#organization"},"potentialAction":[{"@type":"SearchAction","target":{"@type":"EntryPoint","urlTemplate":"https:\/\/news.canadamotorjobs.com\/?s={search_term_string}"},"query-input":"required name=search_term_string"}],"inLanguage":"fr-CA"},{"@type":"Organization","@id":"https:\/\/news.canadamotorjobs.com\/#organization","name":"Canada Motor Jobs","url":"https:\/\/news.canadamotorjobs.com\/","logo":{"@type":"ImageObject","inLanguage":"fr-CA","@id":"https:\/\/news.canadamotorjobs.com\/#\/schema\/logo\/image\/","url":"https:\/\/news.canadamotorjobs.com\/wp-content\/uploads\/2022\/10\/logo-canada-motor-jobs-1.png","contentUrl":"https:\/\/news.canadamotorjobs.com\/wp-content\/uploads\/2022\/10\/logo-canada-motor-jobs-1.png","width":800,"height":400,"caption":"Canada Motor Jobs"},"image":{"@id":"https:\/\/news.canadamotorjobs.com\/#\/schema\/logo\/image\/"},"sameAs":["https:\/\/www.facebook.com\/canadamotorjobs\/","https:\/\/x.com\/canadamotorjobs","https:\/\/www.instagram.com\/canadamotorjobs\/","https:\/\/www.linkedin.com\/company\/canadamotorjobs"]},{"@type":"Person","@id":"https:\/\/news.canadamotorjobs.com\/#\/schema\/person\/51793d1f87d44011d7bcc2ed99269a90","name":"Benoit Charette","image":{"@type":"ImageObject","inLanguage":"fr-CA","@id":"https:\/\/news.canadamotorjobs.com\/#\/schema\/person\/image\/","url":"https:\/\/secure.gravatar.com\/avatar\/45f3d2eebcccd909668d7ce7ea7267b6?s=96&d=mm&r=g","contentUrl":"https:\/\/secure.gravatar.com\/avatar\/45f3d2eebcccd909668d7ce7ea7267b6?s=96&d=mm&r=g","caption":"Benoit Charette"},"description":"Benoit Charette \/ Propri\u00e9taire et r\u00e9dacteur en chef Benoit Charette pratique le journalisme automobile depuis bient\u00f4t 30 ans. Il a fait ses classes au c\u00f4t\u00e9 de Daniel H\u00e9raud et au Carnet de route de 1992 \u00e0 2001. Il est fondateur, copropri\u00e9taire et r\u00e9dacteur en chef de L\u2019Annuel de l\u2019automobile, qu\u2019il publie depuis 2001. Il a anim\u00e9 les \u00e9missions RPM et RPM+ sur V et les L\u00e9gendes de la route sur Historia. \u00c0 la radio depuis 1986, il reprend l\u2019antenne cette ann\u00e9e sur les ondes de Cogeco et participe pour la deuxi\u00e8me ann\u00e9e \u00e0 l\u2019\u00e9mission Passion Auto sur RDS en plus de mettre en ligne le site Web officiel de L\u2019Annuel de l\u2019automobile sur annuelauto.ca.","sameAs":["https:\/\/annuelauto.ca\/"],"url":"https:\/\/news.canadamotorjobs.com\/fr\/author\/benoit-charette\/"}]}},"_links":{"self":[{"href":"https:\/\/news.canadamotorjobs.com\/fr\/wp-json\/wp\/v2\/posts\/205933"}],"collection":[{"href":"https:\/\/news.canadamotorjobs.com\/fr\/wp-json\/wp\/v2\/posts"}],"about":[{"href":"https:\/\/news.canadamotorjobs.com\/fr\/wp-json\/wp\/v2\/types\/post"}],"author":[{"embeddable":true,"href":"https:\/\/news.canadamotorjobs.com\/fr\/wp-json\/wp\/v2\/users\/8"}],"replies":[{"embeddable":true,"href":"https:\/\/news.canadamotorjobs.com\/fr\/wp-json\/wp\/v2\/comments?post=205933"}],"version-history":[{"count":2,"href":"https:\/\/news.canadamotorjobs.com\/fr\/wp-json\/wp\/v2\/posts\/205933\/revisions"}],"predecessor-version":[{"id":205937,"href":"https:\/\/news.canadamotorjobs.com\/fr\/wp-json\/wp\/v2\/posts\/205933\/revisions\/205937"}],"wp:featuredmedia":[{"embeddable":true,"href":"https:\/\/news.canadamotorjobs.com\/fr\/wp-json\/wp\/v2\/media\/205935"}],"wp:attachment":[{"href":"https:\/\/news.canadamotorjobs.com\/fr\/wp-json\/wp\/v2\/media?parent=205933"}],"wp:term":[{"taxonomy":"category","embeddable":true,"href":"https:\/\/news.canadamotorjobs.com\/fr\/wp-json\/wp\/v2\/categories?post=205933"},{"taxonomy":"post_tag","embeddable":true,"href":"https:\/\/news.canadamotorjobs.com\/fr\/wp-json\/wp\/v2\/tags?post=205933"}],"curies":[{"name":"wp","href":"https:\/\/api.w.org\/{rel}","templated":true}]}}