{"id":20562,"date":"2021-05-06T08:50:59","date_gmt":"2021-05-06T12:50:59","guid":{"rendered":"https:\/\/blog.canadamotorjobs.com\/lapa-obtient-une-autorisation-de-recours-collectif-contre-nissan\/"},"modified":"2021-05-06T09:00:27","modified_gmt":"2021-05-06T13:00:27","slug":"lapa-obtient-une-autorisation-de-recours-collectif-contre-nissan","status":"publish","type":"post","link":"https:\/\/news.canadamotorjobs.com\/fr\/lapa-obtient-une-autorisation-de-recours-collectif-contre-nissan\/","title":{"rendered":"L\u2019APA obtient une autorisation de recours collectif contre Nissan"},"content":{"rendered":"<\/p>\n<p>L\u2019association pour la protection des automobilistes (APA) a obtenu une autorisation pour intenter un recours collectif de la Cour sup\u00e9rieure de la province de Qu\u00e9bec contre Nissan Canada. L&#8217;APA a re\u00e7u plus de 500 plaintes pour des d\u00e9faillances de la transmission CVT, uniquement de la part de r\u00e9sidents de la province de Qu\u00e9bec. Le co\u00fbt moyen de la r\u00e9paration est d&#8217;environ 4 000 $, un montant qui repr\u00e9sente une valeur \u00e9lev\u00e9e par rapport au co\u00fbt des v\u00e9hicules.<br \/> Un recours qui touche tous les mod\u00e8les<br \/> L\u2019APA a obtenu la plus grande couverture de mod\u00e8le de toute action jamais prise contre Nissan. Toute personne physique, personne morale, soci\u00e9t\u00e9 ou association qui, apr\u00e8s\u00a0le 25 mars 2010 a achet\u00e9 ou lou\u00e9 \u00e0 long terme au Qu\u00e9bec un v\u00e9hicule de marque Nissan \u00e9quip\u00e9 d\u2019une transmission CVT des mod\u00e8les et de l\u2019ann\u00e9e suivante est admissible\u00a0:<\/p>\n<p> &nbsp;<\/p>\n<p> Altima\u00a0\u00a0\u00a0\u00a0\u00a0\u00a0\u00a0\u00a0\u00a0 2010-2018<br \/> Cube \u00a0\u00a0\u00a0\u00a0\u00a0\u00a0\u00a0\u00a0\u00a0\u00a0\u00a0 2010-2013<br \/> Juke \u00a0\u00a0\u00a0\u00a0\u00a0\u00a0\u00a0\u00a0\u00a0\u00a0\u00a0\u00a0 2011-2017<br \/> Quest\u00a0\u00a0\u00a0\u00a0\u00a0\u00a0\u00a0\u00a0\u00a0\u00a0 2011-2014<br \/> Maxina\u00a0\u00a0\u00a0\u00a0\u00a0\u00a0\u00a0 2010-2014, 2016-2019<br \/> Murano\u00a0\u00a0\u00a0\u00a0\u00a0\u00a0 2010-2019<br \/> Pathfinder\u00a0 2013-2019<br \/> Rogue\u00a0\u00a0\u00a0\u00a0\u00a0\u00a0\u00a0\u00a0\u00a0 2010-2018<br \/> Sentra\u00a0\u00a0\u00a0\u00a0\u00a0\u00a0\u00a0\u00a0\u00a0 2010-2019<br \/> Versa\u00a0\u00a0\u00a0\u00a0\u00a0\u00a0\u00a0\u00a0\u00a0\u00a0\u00a0 2010-2014<br \/> Versa Note\u00a0 2014-2019<br \/> Qashqai \u00a0\u00a0\u00a0\u00a0\u00a0 2017<br \/> NV 200 \u00a0\u00a0\u00a0\u00a0\u00a0\u00a0 2013 \u00e0 2017<\/p>\n<p> &nbsp;<br \/> La cour identifie les conclusions recherch\u00e9es par l\u2019action collective \u00e0 intenter comme \u00e9tant les suivantes<\/p>\n<p> Nissan devra rembourser le co\u00fbt de la r\u00e9paration encouru plus les taxes applicables, et ordonner le recouvrement collectif de ces sommes.<br \/> Ordonner \u00e0 Nissan de rembourser aux membres du groupe qui ont connu un bris ou un mauvais fonctionnement et qui ne l\u2019ont pas r\u00e9parer avant de vendre le v\u00e9hicule, le prix moyen de la<\/p>\n","protected":false},"excerpt":{"rendered":"<p>L\u2019association pour la protection des automobilistes (APA) a obtenu une autorisation pour intenter un recours collectif de la Cour sup\u00e9rieure de la province de Qu\u00e9bec contre Nissan Canada. L&#8217;APA a re\u00e7u plus de 500 plaintes pour des d\u00e9faillances de la transmission CVT, uniquement de la part de r\u00e9sidents de la province de Qu\u00e9bec. Le co\u00fbt [&hellip;]<\/p>\n","protected":false},"author":8,"featured_media":20566,"comment_status":"close","ping_status":"closed","sticky":false,"template":"","format":"standard","meta":{"_monsterinsights_skip_tracking":false,"_monsterinsights_sitenote_active":false,"_monsterinsights_sitenote_note":"","_monsterinsights_sitenote_category":0,"footnotes":""},"categories":[101],"tags":[],"yoast_head":"<!-- This site is optimized with the Yoast SEO plugin v23.2 - https:\/\/yoast.com\/wordpress\/plugins\/seo\/ -->\n<title>L\u2019APA obtient une autorisation de recours collectif contre Nissan - CanadaMotorJobs.com<\/title>\n<meta name=\"description\" content=\"L\u2019APA obtient une autorisation de recours collectif contre Nissan - Benoit Charette - Annuel automobile - CanadaMotorJobs.com.\" \/>\n<meta name=\"robots\" content=\"index, follow, max-snippet:-1, max-image-preview:large, max-video-preview:-1\" \/>\n<meta property=\"og:locale\" content=\"fr_CA\" \/>\n<meta property=\"og:type\" content=\"article\" \/>\n<meta property=\"og:title\" content=\"L\u2019APA obtient une autorisation de recours collectif contre Nissan - CanadaMotorJobs.com\" \/>\n<meta property=\"og:description\" content=\"L\u2019APA obtient une autorisation de recours collectif contre Nissan - Benoit Charette - Annuel automobile - CanadaMotorJobs.com.\" \/>\n<meta property=\"og:url\" content=\"https:\/\/news.canadamotorjobs.com\/fr\/lapa-obtient-une-autorisation-de-recours-collectif-contre-nissan\/\" \/>\n<meta property=\"og:site_name\" content=\"CanadaMotorJobs.com\" \/>\n<meta property=\"article:publisher\" content=\"https:\/\/www.facebook.com\/canadamotorjobs\/\" \/>\n<meta property=\"article:published_time\" content=\"2021-05-06T12:50:59+00:00\" \/>\n<meta property=\"article:modified_time\" content=\"2021-05-06T13:00:27+00:00\" \/>\n<meta property=\"og:image\" content=\"https:\/\/news.canadamotorjobs.com\/wp-content\/uploads\/2021\/05\/2015_nissan_altima_01-1200x809-1-1.jpg\" \/>\n\t<meta property=\"og:image:width\" content=\"1200\" \/>\n\t<meta property=\"og:image:height\" content=\"809\" \/>\n\t<meta property=\"og:image:type\" content=\"image\/jpeg\" \/>\n<meta name=\"author\" content=\"Benoit Charette\" \/>\n<meta name=\"twitter:card\" content=\"summary_large_image\" \/>\n<meta name=\"twitter:creator\" content=\"@canadamotorjobs\" \/>\n<meta name=\"twitter:site\" content=\"@canadamotorjobs\" \/>\n<meta name=\"twitter:label1\" content=\"\u00c9crit par\" \/>\n\t<meta name=\"twitter:data1\" content=\"Benoit Charette\" \/>\n\t<meta name=\"twitter:label2\" content=\"Estimation du temps de lecture\" \/>\n\t<meta name=\"twitter:data2\" content=\"1 minute\" \/>\n<!-- \/ Yoast SEO plugin. -->","yoast_head_json":{"title":"L\u2019APA obtient une autorisation de recours collectif contre Nissan - CanadaMotorJobs.com","description":"L\u2019APA obtient une autorisation de recours collectif contre Nissan - Benoit Charette - Annuel automobile - CanadaMotorJobs.com.","robots":{"index":"index","follow":"follow","max-snippet":"max-snippet:-1","max-image-preview":"max-image-preview:large","max-video-preview":"max-video-preview:-1"},"og_locale":"fr_CA","og_type":"article","og_title":"L\u2019APA obtient une autorisation de recours collectif contre Nissan - CanadaMotorJobs.com","og_description":"L\u2019APA obtient une autorisation de recours collectif contre Nissan - Benoit Charette - Annuel automobile - CanadaMotorJobs.com.","og_url":"https:\/\/news.canadamotorjobs.com\/fr\/lapa-obtient-une-autorisation-de-recours-collectif-contre-nissan\/","og_site_name":"CanadaMotorJobs.com","article_publisher":"https:\/\/www.facebook.com\/canadamotorjobs\/","article_published_time":"2021-05-06T12:50:59+00:00","article_modified_time":"2021-05-06T13:00:27+00:00","og_image":[{"width":1200,"height":809,"url":"https:\/\/news.canadamotorjobs.com\/wp-content\/uploads\/2021\/05\/2015_nissan_altima_01-1200x809-1-1.jpg","type":"image\/jpeg"}],"author":"Benoit Charette","twitter_card":"summary_large_image","twitter_creator":"@canadamotorjobs","twitter_site":"@canadamotorjobs","twitter_misc":{"\u00c9crit par":"Benoit Charette","Estimation du temps de lecture":"1 minute"},"schema":{"@context":"https:\/\/schema.org","@graph":[{"@type":"Article","@id":"https:\/\/news.canadamotorjobs.com\/fr\/lapa-obtient-une-autorisation-de-recours-collectif-contre-nissan\/#article","isPartOf":{"@id":"https:\/\/news.canadamotorjobs.com\/fr\/lapa-obtient-une-autorisation-de-recours-collectif-contre-nissan\/"},"author":{"name":"Benoit Charette","@id":"https:\/\/news.canadamotorjobs.com\/#\/schema\/person\/51793d1f87d44011d7bcc2ed99269a90"},"headline":"L\u2019APA obtient une autorisation de recours collectif contre Nissan","datePublished":"2021-05-06T12:50:59+00:00","dateModified":"2021-05-06T13:00:27+00:00","mainEntityOfPage":{"@id":"https:\/\/news.canadamotorjobs.com\/fr\/lapa-obtient-une-autorisation-de-recours-collectif-contre-nissan\/"},"wordCount":272,"publisher":{"@id":"https:\/\/news.canadamotorjobs.com\/#organization"},"image":{"@id":"https:\/\/news.canadamotorjobs.com\/fr\/lapa-obtient-une-autorisation-de-recours-collectif-contre-nissan\/#primaryimage"},"thumbnailUrl":"https:\/\/news.canadamotorjobs.com\/wp-content\/uploads\/2021\/05\/2015_nissan_altima_01-1200x809-1-1.jpg","articleSection":["Annuel automobile"],"inLanguage":"fr-CA"},{"@type":"WebPage","@id":"https:\/\/news.canadamotorjobs.com\/fr\/lapa-obtient-une-autorisation-de-recours-collectif-contre-nissan\/","url":"https:\/\/news.canadamotorjobs.com\/fr\/lapa-obtient-une-autorisation-de-recours-collectif-contre-nissan\/","name":"L\u2019APA obtient une autorisation de recours collectif contre Nissan - CanadaMotorJobs.com","isPartOf":{"@id":"https:\/\/news.canadamotorjobs.com\/#website"},"primaryImageOfPage":{"@id":"https:\/\/news.canadamotorjobs.com\/fr\/lapa-obtient-une-autorisation-de-recours-collectif-contre-nissan\/#primaryimage"},"image":{"@id":"https:\/\/news.canadamotorjobs.com\/fr\/lapa-obtient-une-autorisation-de-recours-collectif-contre-nissan\/#primaryimage"},"thumbnailUrl":"https:\/\/news.canadamotorjobs.com\/wp-content\/uploads\/2021\/05\/2015_nissan_altima_01-1200x809-1-1.jpg","datePublished":"2021-05-06T12:50:59+00:00","dateModified":"2021-05-06T13:00:27+00:00","description":"L\u2019APA obtient une autorisation de recours collectif contre Nissan - Benoit Charette - Annuel automobile - CanadaMotorJobs.com.","breadcrumb":{"@id":"https:\/\/news.canadamotorjobs.com\/fr\/lapa-obtient-une-autorisation-de-recours-collectif-contre-nissan\/#breadcrumb"},"inLanguage":"fr-CA","potentialAction":[{"@type":"ReadAction","target":["https:\/\/news.canadamotorjobs.com\/fr\/lapa-obtient-une-autorisation-de-recours-collectif-contre-nissan\/"]}]},{"@type":"ImageObject","inLanguage":"fr-CA","@id":"https:\/\/news.canadamotorjobs.com\/fr\/lapa-obtient-une-autorisation-de-recours-collectif-contre-nissan\/#primaryimage","url":"https:\/\/news.canadamotorjobs.com\/wp-content\/uploads\/2021\/05\/2015_nissan_altima_01-1200x809-1-1.jpg","contentUrl":"https:\/\/news.canadamotorjobs.com\/wp-content\/uploads\/2021\/05\/2015_nissan_altima_01-1200x809-1-1.jpg","width":1200,"height":809},{"@type":"BreadcrumbList","@id":"https:\/\/news.canadamotorjobs.com\/fr\/lapa-obtient-une-autorisation-de-recours-collectif-contre-nissan\/#breadcrumb","itemListElement":[{"@type":"ListItem","position":1,"name":"Home","item":"https:\/\/news.canadamotorjobs.com\/fr\/blog\/"},{"@type":"ListItem","position":2,"name":"L\u2019APA obtient une autorisation de recours collectif contre Nissan"}]},{"@type":"WebSite","@id":"https:\/\/news.canadamotorjobs.com\/#website","url":"https:\/\/news.canadamotorjobs.com\/","name":"CanadaMotorJobs.com","description":"Automotive Jobs","publisher":{"@id":"https:\/\/news.canadamotorjobs.com\/#organization"},"potentialAction":[{"@type":"SearchAction","target":{"@type":"EntryPoint","urlTemplate":"https:\/\/news.canadamotorjobs.com\/?s={search_term_string}"},"query-input":"required name=search_term_string"}],"inLanguage":"fr-CA"},{"@type":"Organization","@id":"https:\/\/news.canadamotorjobs.com\/#organization","name":"Canada Motor Jobs","url":"https:\/\/news.canadamotorjobs.com\/","logo":{"@type":"ImageObject","inLanguage":"fr-CA","@id":"https:\/\/news.canadamotorjobs.com\/#\/schema\/logo\/image\/","url":"https:\/\/news.canadamotorjobs.com\/wp-content\/uploads\/2022\/10\/logo-canada-motor-jobs-1.png","contentUrl":"https:\/\/news.canadamotorjobs.com\/wp-content\/uploads\/2022\/10\/logo-canada-motor-jobs-1.png","width":800,"height":400,"caption":"Canada Motor Jobs"},"image":{"@id":"https:\/\/news.canadamotorjobs.com\/#\/schema\/logo\/image\/"},"sameAs":["https:\/\/www.facebook.com\/canadamotorjobs\/","https:\/\/x.com\/canadamotorjobs","https:\/\/www.instagram.com\/canadamotorjobs\/","https:\/\/www.linkedin.com\/company\/canadamotorjobs"]},{"@type":"Person","@id":"https:\/\/news.canadamotorjobs.com\/#\/schema\/person\/51793d1f87d44011d7bcc2ed99269a90","name":"Benoit Charette","image":{"@type":"ImageObject","inLanguage":"fr-CA","@id":"https:\/\/news.canadamotorjobs.com\/#\/schema\/person\/image\/","url":"https:\/\/secure.gravatar.com\/avatar\/45f3d2eebcccd909668d7ce7ea7267b6?s=96&d=mm&r=g","contentUrl":"https:\/\/secure.gravatar.com\/avatar\/45f3d2eebcccd909668d7ce7ea7267b6?s=96&d=mm&r=g","caption":"Benoit Charette"},"description":"Benoit Charette \/ Propri\u00e9taire et r\u00e9dacteur en chef Benoit Charette pratique le journalisme automobile depuis bient\u00f4t 30 ans. Il a fait ses classes au c\u00f4t\u00e9 de Daniel H\u00e9raud et au Carnet de route de 1992 \u00e0 2001. Il est fondateur, copropri\u00e9taire et r\u00e9dacteur en chef de L\u2019Annuel de l\u2019automobile, qu\u2019il publie depuis 2001. Il a anim\u00e9 les \u00e9missions RPM et RPM+ sur V et les L\u00e9gendes de la route sur Historia. \u00c0 la radio depuis 1986, il reprend l\u2019antenne cette ann\u00e9e sur les ondes de Cogeco et participe pour la deuxi\u00e8me ann\u00e9e \u00e0 l\u2019\u00e9mission Passion Auto sur RDS en plus de mettre en ligne le site Web officiel de L\u2019Annuel de l\u2019automobile sur annuelauto.ca.","sameAs":["https:\/\/annuelauto.ca\/"],"url":"https:\/\/news.canadamotorjobs.com\/fr\/author\/benoit-charette\/"}]}},"_links":{"self":[{"href":"https:\/\/news.canadamotorjobs.com\/fr\/wp-json\/wp\/v2\/posts\/20562"}],"collection":[{"href":"https:\/\/news.canadamotorjobs.com\/fr\/wp-json\/wp\/v2\/posts"}],"about":[{"href":"https:\/\/news.canadamotorjobs.com\/fr\/wp-json\/wp\/v2\/types\/post"}],"author":[{"embeddable":true,"href":"https:\/\/news.canadamotorjobs.com\/fr\/wp-json\/wp\/v2\/users\/8"}],"replies":[{"embeddable":true,"href":"https:\/\/news.canadamotorjobs.com\/fr\/wp-json\/wp\/v2\/comments?post=20562"}],"version-history":[{"count":0,"href":"https:\/\/news.canadamotorjobs.com\/fr\/wp-json\/wp\/v2\/posts\/20562\/revisions"}],"wp:featuredmedia":[{"embeddable":true,"href":"https:\/\/news.canadamotorjobs.com\/fr\/wp-json\/wp\/v2\/media\/20566"}],"wp:attachment":[{"href":"https:\/\/news.canadamotorjobs.com\/fr\/wp-json\/wp\/v2\/media?parent=20562"}],"wp:term":[{"taxonomy":"category","embeddable":true,"href":"https:\/\/news.canadamotorjobs.com\/fr\/wp-json\/wp\/v2\/categories?post=20562"},{"taxonomy":"post_tag","embeddable":true,"href":"https:\/\/news.canadamotorjobs.com\/fr\/wp-json\/wp\/v2\/tags?post=20562"}],"curies":[{"name":"wp","href":"https:\/\/api.w.org\/{rel}","templated":true}]}}