{"id":202243,"date":"2025-04-26T08:55:18","date_gmt":"2025-04-26T12:55:18","guid":{"rendered":"https:\/\/news.canadamotorjobs.com\/?p=202243"},"modified":"2025-04-26T08:59:32","modified_gmt":"2025-04-26T12:59:32","slug":"de-lontario-a-larctique-canadien-avec-un-hyundai-ioniq-5-2025-une-epopee-electrique-comme-projet-de-printemps","status":"publish","type":"post","link":"https:\/\/news.canadamotorjobs.com\/fr\/de-lontario-a-larctique-canadien-avec-un-hyundai-ioniq-5-2025-une-epopee-electrique-comme-projet-de-printemps\/","title":{"rendered":"De l\u2019Ontario \u00e0 l\u2019Arctique canadien avec un Hyundai Ioniq 5 2025 : une \u00e9pop\u00e9e \u00e9lectrique comme projet de printemps"},"content":{"rendered":"<\/p>\n<p>Hyundai Canada a annonc\u00e9 cette semaine le lancement d\u2019une aventure ambitieuse. Ce qui porte le titre officiel de \u00ab La travers\u00e9e du Canada en V\u00c9 Hyundai \u00bb sera un p\u00e9riple de plus de 15 000 km qui m\u00e8nera un courageux conducteur de Markham, en Ontario, jusqu\u2019aux rives de l\u2019oc\u00e9an Arctique, au volant d\u2019un Hyundai Ioniq 5 2025, un mod\u00e8le 100 % \u00e9lectrique, rappelons-le. \u00a0<\/p>\n<p>Le d\u00e9part de cette exp\u00e9dition a eu lieu hier, le jeudi 24 avril, depuis le si\u00e8ge social de Hyundai Canada \u00e0 Markham. Le v\u00e9hicule \u00e9lectrique traversera cinq provinces et deux territoires canadiens pour atteindre le hameau de Tuktoyaktuk, dans les Territoires du Nord-Ouest. \u00a0<\/p>\n<p><\/p>\n<figure><img decoding=\"async\" src=\"https:\/\/news.canadamotorjobs.com\/wp-content\/uploads\/2025\/04\/Photo6-5.jpg\" alt=\"Patrick Nadeau et le Hyundai Ioniq 5, lors du jour un de son aventure\" \/><figcaption>Patrick Nadeau et le Hyundai Ioniq 5, lors du jour un de son aventure | Auto123.com<\/figcaption><\/figure>\n<p>Au volant de l\u2019Ioniq 5, Patrick Nadeau. Si vous connaissez ce nom, c\u2019est peut-\u00eatre parce que ce passionn\u00e9 de v\u00e9hicules \u00e9lectriques entreprend ce voyage apr\u00e8s avoir d\u00e9j\u00e0 <a href=\"https:\/\/www.auto123.com\/fr\/actualites\/quebec-mexique-hyundai-ioniq-5\/70257\/\">parcouru le trajet du Qu\u00e9bec au Mexique<\/a> avec son propre Ioniq 5 en 2022. Cette pr\u00e9c\u00e9dente aventure avait suscit\u00e9 un vif int\u00e9r\u00eat et d\u00e9montr\u00e9 le potentiel des v\u00e9hicules \u00e9lectriques pour les longs trajets. \u00a0<\/p>\n<p>Bien s\u00fbr, il y aura des d\u00e9fis : trouver des bornes de recharge au milieu de nulle part, des routes qui ressemblent \u00e0 des pistes de ski en \u00e9t\u00e9, et des horaires de traversiers qui changent plus vite que la m\u00e9t\u00e9o. Mais Hyundai Canada et Patrick Nadeau vont nous tenir au courant de tout cela sur les r\u00e9seaux sociaux, avec m\u00eame un documentaire \u00e0 la cl\u00e9. \u00a0<\/p>\n<p><strong>L\u2019espoir sur roues<\/strong><\/p>\n<p>En parall\u00e8le, en collaboration avec L\u2019espoir sur roues de Hyundai, Patrick Nadeau cr\u00e9era du contenu en r\u00e9alit\u00e9 virtuelle pour les jeunes patients atteints de cancer dans les h\u00f4pitaux canadiens, leur permettant ainsi d\u2019explorer virtuellement l\u2019Arctique.<\/p>\n<p><\/p>\n<figure><img decoding=\"async\" src=\"https:\/\/news.canadamotorjobs.com\/wp-content\/uploads\/2025\/04\/Photo9-1.jpg\" alt=\"Le Hyundai Ioniq 5 2025 Preferred avec l\u2019ensemble Ultimate\" \/><figcaption>Le Hyundai Ioniq 5 2025 Preferred avec l\u2019ensemble Ultimate | Auto123.com<\/figcaption><\/figure>\n<p>Le v\u00e9hicule utilis\u00e9 pour cette exp\u00e9dition est un Hyundai Ioniq 5 2025 Preferred avec l\u2019ensemble Ultimate. Seules des modifications mineures, comme un habillage personnalis\u00e9 et l\u2019ajout d\u2019une tente de toit, ont \u00e9t\u00e9 apport\u00e9es au v\u00e9hicule. Patrick Nadeau souligne sa confiance en la capacit\u00e9 du v\u00e9hicule \u00e0 atteindre sa destination en toute s\u00e9curit\u00e9, bas\u00e9e sur son exp\u00e9rience personnelle avec son propre Ioniq 5. \u00a0<\/p>\n<p>Le Hyundai Ioniq 5 est un v\u00e9hicule \u00e9lectrique reconnu, ayant remport\u00e9 plusieurs prix prestigieux, dont Voiture mondiale de l\u2019ann\u00e9e, Voiture \u00e9lectrique mondiale de l\u2019ann\u00e9e et Design mondial de l\u2019ann\u00e9e en 2022. La version 2025 du Ioniq 5 a \u00e9t\u00e9 mise \u00e0 jour avec une batterie de 84 kWh offrant une autonomie allant jusqu\u2019\u00e0 504 km. \u00a0<\/p>\n<p>Pour suivre l\u2019aventure de Patrick Nadeau, Hyundai Canada invite le public \u00e0 consulter ses pages <a href=\"https:\/\/www.facebook.com\/hyundaicanada\">Facebook<\/a>, <a href=\"https:\/\/www.youtube.com\/user\/hyundaicanada\">YouTube<\/a> et <a href=\"https:\/\/www.instagram.com\/hyundaicanada\/?hl=fr\">Instagram<\/a>.<\/p>\n<p><\/p>\n<figure><img decoding=\"async\" src=\"https:\/\/news.canadamotorjobs.com\/wp-content\/uploads\/2025\/04\/Itinerary-1.jpg\" alt=\"Le trajet que suivra Patrik Nadeau au volant du Hyundai Ioniq 5 2025\" \/><figcaption>Le trajet que suivra Patrik Nadeau au volant du Hyundai Ioniq 5 2025 | Auto123.com<\/figcaption><\/figure>\n<p style=\"padding-top: 15px\">Contenu original de <a href=\"https:\/\/www.auto123.com\/fr\/actualites\/periple-ontario-arctique-hyundai-ioniq-5-2025\/72687\/\">auto123<\/a>.<\/p>\n<p>Le texte <a href=\"https:\/\/annuelauto.ca\/de-lontario-a-larctique-canadien-avec-un-hyundai-ioniq-5-2025-une-epopee-electrique-comme-projet-de-printemps\/\">De l\u2019Ontario \u00e0 l\u2019Arctique canadien avec un Hyundai Ioniq 5 2025 : une \u00e9pop\u00e9e \u00e9lectrique comme projet de printemps<\/a> provient de <a href=\"https:\/\/annuelauto.ca\">L&#8217;annuel de l&#8217;automobile &#8211; Actualit\u00e9 automobile<\/a><\/p>\n<p><\/p>\n","protected":false},"excerpt":{"rendered":"<p>Hyundai Canada a annonc\u00e9 cette semaine le lancement d\u2019une aventure ambitieuse. Ce qui porte le titre officiel de \u00ab La travers\u00e9e du Canada en V\u00c9 Hyundai \u00bb sera un p\u00e9riple de plus de 15 000 km qui m\u00e8nera un courageux conducteur de Markham, en Ontario, jusqu\u2019aux rives de l\u2019oc\u00e9an Arctique, au volant d\u2019un Hyundai Ioniq [&hellip;]<\/p>\n","protected":false},"author":8,"featured_media":202245,"comment_status":"close","ping_status":"closed","sticky":false,"template":"","format":"standard","meta":{"_monsterinsights_skip_tracking":false,"_monsterinsights_sitenote_active":false,"_monsterinsights_sitenote_note":"","_monsterinsights_sitenote_category":0,"footnotes":""},"categories":[101],"tags":[],"yoast_head":"<!-- This site is optimized with the Yoast SEO plugin v23.2 - https:\/\/yoast.com\/wordpress\/plugins\/seo\/ -->\n<title>De l\u2019Ontario \u00e0 l\u2019Arctique canadien avec un Hyundai Ioniq 5 2025 : une \u00e9pop\u00e9e \u00e9lectrique comme projet de printemps - CanadaMotorJobs.com<\/title>\n<meta name=\"description\" content=\"De l\u2019Ontario \u00e0 l\u2019Arctique canadien avec un Hyundai Ioniq 5 2025 : une \u00e9pop\u00e9e \u00e9lectrique comme projet de printemps - Benoit Charette - Annuel automobile - CanadaMotorJobs.com.\" \/>\n<meta name=\"robots\" content=\"index, follow, max-snippet:-1, max-image-preview:large, max-video-preview:-1\" \/>\n<meta property=\"og:locale\" content=\"fr_CA\" \/>\n<meta property=\"og:type\" content=\"article\" \/>\n<meta property=\"og:title\" content=\"De l\u2019Ontario \u00e0 l\u2019Arctique canadien avec un Hyundai Ioniq 5 2025 : une \u00e9pop\u00e9e \u00e9lectrique comme projet de printemps - CanadaMotorJobs.com\" \/>\n<meta property=\"og:description\" content=\"De l\u2019Ontario \u00e0 l\u2019Arctique canadien avec un Hyundai Ioniq 5 2025 : une \u00e9pop\u00e9e \u00e9lectrique comme projet de printemps - Benoit Charette - Annuel automobile - CanadaMotorJobs.com.\" \/>\n<meta property=\"og:url\" content=\"https:\/\/news.canadamotorjobs.com\/fr\/de-lontario-a-larctique-canadien-avec-un-hyundai-ioniq-5-2025-une-epopee-electrique-comme-projet-de-printemps\/\" \/>\n<meta property=\"og:site_name\" content=\"CanadaMotorJobs.com\" \/>\n<meta property=\"article:publisher\" content=\"https:\/\/www.facebook.com\/canadamotorjobs\/\" \/>\n<meta property=\"article:published_time\" content=\"2025-04-26T12:55:18+00:00\" \/>\n<meta property=\"article:modified_time\" content=\"2025-04-26T12:59:32+00:00\" \/>\n<meta property=\"og:image\" content=\"https:\/\/news.canadamotorjobs.com\/wp-content\/uploads\/2025\/04\/Photo6.jpg\" \/>\n\t<meta property=\"og:image:width\" content=\"1200\" \/>\n\t<meta property=\"og:image:height\" content=\"801\" \/>\n\t<meta property=\"og:image:type\" content=\"image\/jpeg\" \/>\n<meta name=\"author\" content=\"Benoit Charette\" \/>\n<meta name=\"twitter:card\" content=\"summary_large_image\" \/>\n<meta name=\"twitter:creator\" content=\"@canadamotorjobs\" \/>\n<meta name=\"twitter:site\" content=\"@canadamotorjobs\" \/>\n<meta name=\"twitter:label1\" content=\"\u00c9crit par\" \/>\n\t<meta name=\"twitter:data1\" content=\"Benoit Charette\" \/>\n\t<meta name=\"twitter:label2\" content=\"Estimation du temps de lecture\" \/>\n\t<meta name=\"twitter:data2\" content=\"3 minutes\" \/>\n<!-- \/ Yoast SEO plugin. -->","yoast_head_json":{"title":"De l\u2019Ontario \u00e0 l\u2019Arctique canadien avec un Hyundai Ioniq 5 2025 : une \u00e9pop\u00e9e \u00e9lectrique comme projet de printemps - CanadaMotorJobs.com","description":"De l\u2019Ontario \u00e0 l\u2019Arctique canadien avec un Hyundai Ioniq 5 2025 : une \u00e9pop\u00e9e \u00e9lectrique comme projet de printemps - Benoit Charette - Annuel automobile - CanadaMotorJobs.com.","robots":{"index":"index","follow":"follow","max-snippet":"max-snippet:-1","max-image-preview":"max-image-preview:large","max-video-preview":"max-video-preview:-1"},"og_locale":"fr_CA","og_type":"article","og_title":"De l\u2019Ontario \u00e0 l\u2019Arctique canadien avec un Hyundai Ioniq 5 2025 : une \u00e9pop\u00e9e \u00e9lectrique comme projet de printemps - CanadaMotorJobs.com","og_description":"De l\u2019Ontario \u00e0 l\u2019Arctique canadien avec un Hyundai Ioniq 5 2025 : une \u00e9pop\u00e9e \u00e9lectrique comme projet de printemps - Benoit Charette - Annuel automobile - CanadaMotorJobs.com.","og_url":"https:\/\/news.canadamotorjobs.com\/fr\/de-lontario-a-larctique-canadien-avec-un-hyundai-ioniq-5-2025-une-epopee-electrique-comme-projet-de-printemps\/","og_site_name":"CanadaMotorJobs.com","article_publisher":"https:\/\/www.facebook.com\/canadamotorjobs\/","article_published_time":"2025-04-26T12:55:18+00:00","article_modified_time":"2025-04-26T12:59:32+00:00","og_image":[{"width":1200,"height":801,"url":"https:\/\/news.canadamotorjobs.com\/wp-content\/uploads\/2025\/04\/Photo6.jpg","type":"image\/jpeg"}],"author":"Benoit Charette","twitter_card":"summary_large_image","twitter_creator":"@canadamotorjobs","twitter_site":"@canadamotorjobs","twitter_misc":{"\u00c9crit par":"Benoit Charette","Estimation du temps de lecture":"3 minutes"},"schema":{"@context":"https:\/\/schema.org","@graph":[{"@type":"Article","@id":"https:\/\/news.canadamotorjobs.com\/fr\/de-lontario-a-larctique-canadien-avec-un-hyundai-ioniq-5-2025-une-epopee-electrique-comme-projet-de-printemps\/#article","isPartOf":{"@id":"https:\/\/news.canadamotorjobs.com\/fr\/de-lontario-a-larctique-canadien-avec-un-hyundai-ioniq-5-2025-une-epopee-electrique-comme-projet-de-printemps\/"},"author":{"name":"Benoit Charette","@id":"https:\/\/news.canadamotorjobs.com\/#\/schema\/person\/51793d1f87d44011d7bcc2ed99269a90"},"headline":"De l\u2019Ontario \u00e0 l\u2019Arctique canadien avec un Hyundai Ioniq 5 2025 : une \u00e9pop\u00e9e \u00e9lectrique comme projet de printemps","datePublished":"2025-04-26T12:55:18+00:00","dateModified":"2025-04-26T12:59:32+00:00","mainEntityOfPage":{"@id":"https:\/\/news.canadamotorjobs.com\/fr\/de-lontario-a-larctique-canadien-avec-un-hyundai-ioniq-5-2025-une-epopee-electrique-comme-projet-de-printemps\/"},"wordCount":527,"publisher":{"@id":"https:\/\/news.canadamotorjobs.com\/#organization"},"image":{"@id":"https:\/\/news.canadamotorjobs.com\/fr\/de-lontario-a-larctique-canadien-avec-un-hyundai-ioniq-5-2025-une-epopee-electrique-comme-projet-de-printemps\/#primaryimage"},"thumbnailUrl":"https:\/\/news.canadamotorjobs.com\/wp-content\/uploads\/2025\/04\/Photo6.jpg","articleSection":["Annuel automobile"],"inLanguage":"fr-CA"},{"@type":"WebPage","@id":"https:\/\/news.canadamotorjobs.com\/fr\/de-lontario-a-larctique-canadien-avec-un-hyundai-ioniq-5-2025-une-epopee-electrique-comme-projet-de-printemps\/","url":"https:\/\/news.canadamotorjobs.com\/fr\/de-lontario-a-larctique-canadien-avec-un-hyundai-ioniq-5-2025-une-epopee-electrique-comme-projet-de-printemps\/","name":"De l\u2019Ontario \u00e0 l\u2019Arctique canadien avec un Hyundai Ioniq 5 2025 : une \u00e9pop\u00e9e \u00e9lectrique comme projet de printemps - CanadaMotorJobs.com","isPartOf":{"@id":"https:\/\/news.canadamotorjobs.com\/#website"},"primaryImageOfPage":{"@id":"https:\/\/news.canadamotorjobs.com\/fr\/de-lontario-a-larctique-canadien-avec-un-hyundai-ioniq-5-2025-une-epopee-electrique-comme-projet-de-printemps\/#primaryimage"},"image":{"@id":"https:\/\/news.canadamotorjobs.com\/fr\/de-lontario-a-larctique-canadien-avec-un-hyundai-ioniq-5-2025-une-epopee-electrique-comme-projet-de-printemps\/#primaryimage"},"thumbnailUrl":"https:\/\/news.canadamotorjobs.com\/wp-content\/uploads\/2025\/04\/Photo6.jpg","datePublished":"2025-04-26T12:55:18+00:00","dateModified":"2025-04-26T12:59:32+00:00","description":"De l\u2019Ontario \u00e0 l\u2019Arctique canadien avec un Hyundai Ioniq 5 2025 : une \u00e9pop\u00e9e \u00e9lectrique comme projet de printemps - Benoit Charette - Annuel automobile - CanadaMotorJobs.com.","breadcrumb":{"@id":"https:\/\/news.canadamotorjobs.com\/fr\/de-lontario-a-larctique-canadien-avec-un-hyundai-ioniq-5-2025-une-epopee-electrique-comme-projet-de-printemps\/#breadcrumb"},"inLanguage":"fr-CA","potentialAction":[{"@type":"ReadAction","target":["https:\/\/news.canadamotorjobs.com\/fr\/de-lontario-a-larctique-canadien-avec-un-hyundai-ioniq-5-2025-une-epopee-electrique-comme-projet-de-printemps\/"]}]},{"@type":"ImageObject","inLanguage":"fr-CA","@id":"https:\/\/news.canadamotorjobs.com\/fr\/de-lontario-a-larctique-canadien-avec-un-hyundai-ioniq-5-2025-une-epopee-electrique-comme-projet-de-printemps\/#primaryimage","url":"https:\/\/news.canadamotorjobs.com\/wp-content\/uploads\/2025\/04\/Photo6.jpg","contentUrl":"https:\/\/news.canadamotorjobs.com\/wp-content\/uploads\/2025\/04\/Photo6.jpg","width":1200,"height":801},{"@type":"BreadcrumbList","@id":"https:\/\/news.canadamotorjobs.com\/fr\/de-lontario-a-larctique-canadien-avec-un-hyundai-ioniq-5-2025-une-epopee-electrique-comme-projet-de-printemps\/#breadcrumb","itemListElement":[{"@type":"ListItem","position":1,"name":"Home","item":"https:\/\/news.canadamotorjobs.com\/fr\/blog\/"},{"@type":"ListItem","position":2,"name":"De l\u2019Ontario \u00e0 l\u2019Arctique canadien avec un Hyundai Ioniq 5 2025 : une \u00e9pop\u00e9e \u00e9lectrique comme projet de printemps"}]},{"@type":"WebSite","@id":"https:\/\/news.canadamotorjobs.com\/#website","url":"https:\/\/news.canadamotorjobs.com\/","name":"CanadaMotorJobs.com","description":"Automotive Jobs","publisher":{"@id":"https:\/\/news.canadamotorjobs.com\/#organization"},"potentialAction":[{"@type":"SearchAction","target":{"@type":"EntryPoint","urlTemplate":"https:\/\/news.canadamotorjobs.com\/?s={search_term_string}"},"query-input":"required name=search_term_string"}],"inLanguage":"fr-CA"},{"@type":"Organization","@id":"https:\/\/news.canadamotorjobs.com\/#organization","name":"Canada Motor Jobs","url":"https:\/\/news.canadamotorjobs.com\/","logo":{"@type":"ImageObject","inLanguage":"fr-CA","@id":"https:\/\/news.canadamotorjobs.com\/#\/schema\/logo\/image\/","url":"https:\/\/news.canadamotorjobs.com\/wp-content\/uploads\/2022\/10\/logo-canada-motor-jobs-1.png","contentUrl":"https:\/\/news.canadamotorjobs.com\/wp-content\/uploads\/2022\/10\/logo-canada-motor-jobs-1.png","width":800,"height":400,"caption":"Canada Motor Jobs"},"image":{"@id":"https:\/\/news.canadamotorjobs.com\/#\/schema\/logo\/image\/"},"sameAs":["https:\/\/www.facebook.com\/canadamotorjobs\/","https:\/\/x.com\/canadamotorjobs","https:\/\/www.instagram.com\/canadamotorjobs\/","https:\/\/www.linkedin.com\/company\/canadamotorjobs"]},{"@type":"Person","@id":"https:\/\/news.canadamotorjobs.com\/#\/schema\/person\/51793d1f87d44011d7bcc2ed99269a90","name":"Benoit Charette","image":{"@type":"ImageObject","inLanguage":"fr-CA","@id":"https:\/\/news.canadamotorjobs.com\/#\/schema\/person\/image\/","url":"https:\/\/secure.gravatar.com\/avatar\/45f3d2eebcccd909668d7ce7ea7267b6?s=96&d=mm&r=g","contentUrl":"https:\/\/secure.gravatar.com\/avatar\/45f3d2eebcccd909668d7ce7ea7267b6?s=96&d=mm&r=g","caption":"Benoit Charette"},"description":"Benoit Charette \/ Propri\u00e9taire et r\u00e9dacteur en chef Benoit Charette pratique le journalisme automobile depuis bient\u00f4t 30 ans. Il a fait ses classes au c\u00f4t\u00e9 de Daniel H\u00e9raud et au Carnet de route de 1992 \u00e0 2001. Il est fondateur, copropri\u00e9taire et r\u00e9dacteur en chef de L\u2019Annuel de l\u2019automobile, qu\u2019il publie depuis 2001. Il a anim\u00e9 les \u00e9missions RPM et RPM+ sur V et les L\u00e9gendes de la route sur Historia. \u00c0 la radio depuis 1986, il reprend l\u2019antenne cette ann\u00e9e sur les ondes de Cogeco et participe pour la deuxi\u00e8me ann\u00e9e \u00e0 l\u2019\u00e9mission Passion Auto sur RDS en plus de mettre en ligne le site Web officiel de L\u2019Annuel de l\u2019automobile sur annuelauto.ca.","sameAs":["https:\/\/annuelauto.ca\/"],"url":"https:\/\/news.canadamotorjobs.com\/fr\/author\/benoit-charette\/"}]}},"_links":{"self":[{"href":"https:\/\/news.canadamotorjobs.com\/fr\/wp-json\/wp\/v2\/posts\/202243"}],"collection":[{"href":"https:\/\/news.canadamotorjobs.com\/fr\/wp-json\/wp\/v2\/posts"}],"about":[{"href":"https:\/\/news.canadamotorjobs.com\/fr\/wp-json\/wp\/v2\/types\/post"}],"author":[{"embeddable":true,"href":"https:\/\/news.canadamotorjobs.com\/fr\/wp-json\/wp\/v2\/users\/8"}],"replies":[{"embeddable":true,"href":"https:\/\/news.canadamotorjobs.com\/fr\/wp-json\/wp\/v2\/comments?post=202243"}],"version-history":[{"count":3,"href":"https:\/\/news.canadamotorjobs.com\/fr\/wp-json\/wp\/v2\/posts\/202243\/revisions"}],"predecessor-version":[{"id":202278,"href":"https:\/\/news.canadamotorjobs.com\/fr\/wp-json\/wp\/v2\/posts\/202243\/revisions\/202278"}],"wp:featuredmedia":[{"embeddable":true,"href":"https:\/\/news.canadamotorjobs.com\/fr\/wp-json\/wp\/v2\/media\/202245"}],"wp:attachment":[{"href":"https:\/\/news.canadamotorjobs.com\/fr\/wp-json\/wp\/v2\/media?parent=202243"}],"wp:term":[{"taxonomy":"category","embeddable":true,"href":"https:\/\/news.canadamotorjobs.com\/fr\/wp-json\/wp\/v2\/categories?post=202243"},{"taxonomy":"post_tag","embeddable":true,"href":"https:\/\/news.canadamotorjobs.com\/fr\/wp-json\/wp\/v2\/tags?post=202243"}],"curies":[{"name":"wp","href":"https:\/\/api.w.org\/{rel}","templated":true}]}}