{"id":202072,"date":"2025-04-25T08:01:03","date_gmt":"2025-04-25T12:01:03","guid":{"rendered":"https:\/\/news.canadamotorjobs.com\/?p=202072"},"modified":"2025-04-25T08:14:33","modified_gmt":"2025-04-25T12:14:33","slug":"linteret-des-canadiens-pour-les-vehicules-electriques-chute-pour-une-troisieme-annee-de-suite","status":"publish","type":"post","link":"https:\/\/news.canadamotorjobs.com\/fr\/linteret-des-canadiens-pour-les-vehicules-electriques-chute-pour-une-troisieme-annee-de-suite\/","title":{"rendered":"L\u2019int\u00e9r\u00eat des Canadiens pour les v\u00e9hicules \u00e9lectriques chute pour une troisi\u00e8me ann\u00e9e de suite"},"content":{"rendered":"<\/p>\n<p class=\"\" data-start=\"626\" data-end=\"922\">Selon un nouveau <strong data-start=\"643\" data-end=\"676\">sondage publi\u00e9 par AutoTrader<\/strong>, l\u2019enthousiasme des Canadiens pour l\u2019achat d\u2019un v\u00e9hicule \u00e9lectrique (V\u00c9) continue de s\u2019\u00e9roder. Pour la <strong data-start=\"780\" data-end=\"811\">troisi\u00e8me ann\u00e9e cons\u00e9cutive<\/strong>, la proportion de consommateurs envisageant l\u2019achat d\u2019un V\u00c9 diminue, malgr\u00e9 une baisse significative des prix. En 2022, <strong data-start=\"933\" data-end=\"956\">68 % des r\u00e9pondants<\/strong> disaient consid\u00e9rer un V\u00c9 comme prochaine voiture. En 2023, ils n\u2019\u00e9taient plus que <strong data-start=\"1040\" data-end=\"1048\">46 %<\/strong>. Et cette ann\u00e9e? Seulement <strong data-start=\"1076\" data-end=\"1084\">42 %<\/strong> des Canadiens affirment qu\u2019ils envisageraient l\u2019achat d\u2019un v\u00e9hicule \u00e9lectrique.<\/p>\n<h3 data-start=\"1166\" data-end=\"1214\">Les acheteurs exclusifs de V\u00c9 en forte baisse<\/h3>\n<p><\/p>\n<p class=\"\" data-start=\"1216\" data-end=\"1431\">Le recul est encore plus marqu\u00e9 chez ceux qui disaient vouloir un V\u00c9 <strong data-start=\"1285\" data-end=\"1302\">exclusivement<\/strong>. Ils sont <strong data-start=\"1313\" data-end=\"1329\">29 % en 2025<\/strong>, contre <strong data-start=\"1338\" data-end=\"1359\">40 % l\u2019an dernier<\/strong>. Un signal clair que l\u2019int\u00e9r\u00eat se fragilise, m\u00eame parmi les convaincus.<\/p>\n<h3 data-start=\"1433\" data-end=\"1463\">Pourquoi cet essoufflement?<\/h3>\n<p><\/p>\n<p class=\"\" data-start=\"1465\" data-end=\"1608\">L\u2019\u00e9tude, qui s\u2019appuie sur les r\u00e9ponses de <strong data-start=\"1507\" data-end=\"1548\">1 801 utilisateurs du site AutoTrader<\/strong>, met en lumi\u00e8re les principales inqui\u00e9tudes des acheteurs :<\/p>\n<ul data-start=\"1610\" data-end=\"1782\"><\/p>\n<li class=\"\" data-start=\"1610\" data-end=\"1659\">\n<p class=\"\" data-start=\"1612\" data-end=\"1659\">La r\u00e9duction des <strong data-start=\"1629\" data-end=\"1659\">incitatifs gouvernementaux<\/strong><\/p>\n<p>\n<\/li>\n<p><\/p>\n<li class=\"\" data-start=\"1660\" data-end=\"1728\">\n<p class=\"\" data-start=\"1662\" data-end=\"1728\">Le manque <strong data-start=\"1672\" data-end=\"1728\">d\u2019infrastructures de recharge fiables et accessibles<\/strong><\/p>\n<p>\n<\/li>\n<p><\/p>\n<li class=\"\" data-start=\"1729\" data-end=\"1782\">\n<p class=\"\" data-start=\"1731\" data-end=\"1782\">Les co\u00fbts d\u2019entretien et de possession \u00e0 long terme<\/p>\n<p>\n<\/li>\n<p>\n<\/ul>\n<p><\/p>\n<p class=\"\" data-start=\"1784\" data-end=\"1912\">Tout cela, malgr\u00e9 une <strong data-start=\"1806\" data-end=\"1825\">baisse de 7,8 %<\/strong> du prix moyen des V\u00c9 au dernier trimestre de 2024, selon l\u2019indice des prix AutoTrader.<\/p>\n<h3 data-start=\"1914\" data-end=\"1968\">Les incitatifs gouvernementaux restent d\u00e9terminants<\/h3>\n<p><\/p>\n<p class=\"\" data-start=\"1970\" data-end=\"2223\">Parmi les non-propri\u00e9taires de V\u00c9 interrog\u00e9s, <strong data-start=\"2016\" data-end=\"2113\">68 % affirment que les incitatifs gouvernementaux pourraient influencer leur d\u00e9cision d\u2019achat<\/strong>, et un peu plus de la moiti\u00e9 indiquent qu\u2019ils renforcent leur <strong data-start=\"2176\" data-end=\"2222\">confiance envers les v\u00e9hicules \u00e9lectriques<\/strong>.<\/p>\n<h3 data-start=\"2225\" data-end=\"2238\">Conclusion<\/h3>\n<p><\/p>\n<p class=\"\" data-start=\"2240\" data-end=\"2562\">Malgr\u00e9 un march\u00e9 en croissance et des prix plus attrayants, les obstacles \u00e0 l\u2019adoption du V\u00c9 demeurent importants. Il faudra plus que des rabais pour convaincre les acheteurs : <strong data-start=\"2417\" data-end=\"2490\">des incitatifs clairs, une meilleure infrastructure et de l\u2019\u00e9ducation<\/strong> sur les co\u00fbts r\u00e9els du V\u00c9 seront essentiels pour renverser la tendance.<\/p>\n<p><\/p>\n<p data-start=\"2240\" data-end=\"2562\">Avec des renseignements d&#8217;Automotive News Canada<\/p>\n<p>Le texte <a href=\"https:\/\/annuelauto.ca\/interet-canadiens-vehicules-electriques-en-baisse-2025\/\">L\u2019int\u00e9r\u00eat des Canadiens pour les v\u00e9hicules \u00e9lectriques chute pour une troisi\u00e8me ann\u00e9e de suite<\/a> provient de <a href=\"https:\/\/annuelauto.ca\">L&#8217;annuel de l&#8217;automobile &#8211; Actualit\u00e9 automobile<\/a><\/p>\n<p><\/p>\n","protected":false},"excerpt":{"rendered":"<p>Selon un nouveau sondage publi\u00e9 par AutoTrader, l\u2019enthousiasme des Canadiens pour l\u2019achat d\u2019un v\u00e9hicule \u00e9lectrique (V\u00c9) continue de s\u2019\u00e9roder. Pour la troisi\u00e8me ann\u00e9e cons\u00e9cutive, la proportion de consommateurs envisageant l\u2019achat d\u2019un V\u00c9 diminue, malgr\u00e9 une baisse significative des prix. En 2022, 68 % des r\u00e9pondants disaient consid\u00e9rer un V\u00c9 comme prochaine voiture. En 2023, ils [&hellip;]<\/p>\n","protected":false},"author":8,"featured_media":202074,"comment_status":"close","ping_status":"closed","sticky":false,"template":"","format":"standard","meta":{"_monsterinsights_skip_tracking":false,"_monsterinsights_sitenote_active":false,"_monsterinsights_sitenote_note":"","_monsterinsights_sitenote_category":0,"footnotes":""},"categories":[101],"tags":[],"yoast_head":"<!-- This site is optimized with the Yoast SEO plugin v23.2 - https:\/\/yoast.com\/wordpress\/plugins\/seo\/ -->\n<title>L\u2019int\u00e9r\u00eat des Canadiens pour les v\u00e9hicules \u00e9lectriques chute pour une troisi\u00e8me ann\u00e9e de suite - CanadaMotorJobs.com<\/title>\n<meta name=\"description\" content=\"L\u2019int\u00e9r\u00eat des Canadiens pour les v\u00e9hicules \u00e9lectriques chute pour une troisi\u00e8me ann\u00e9e de suite - Benoit Charette - Annuel automobile - CanadaMotorJobs.com.\" \/>\n<meta name=\"robots\" content=\"index, follow, max-snippet:-1, max-image-preview:large, max-video-preview:-1\" \/>\n<meta property=\"og:locale\" content=\"fr_CA\" \/>\n<meta property=\"og:type\" content=\"article\" \/>\n<meta property=\"og:title\" content=\"L\u2019int\u00e9r\u00eat des Canadiens pour les v\u00e9hicules \u00e9lectriques chute pour une troisi\u00e8me ann\u00e9e de suite - CanadaMotorJobs.com\" \/>\n<meta property=\"og:description\" content=\"L\u2019int\u00e9r\u00eat des Canadiens pour les v\u00e9hicules \u00e9lectriques chute pour une troisi\u00e8me ann\u00e9e de suite - Benoit Charette - Annuel automobile - CanadaMotorJobs.com.\" \/>\n<meta property=\"og:url\" content=\"https:\/\/news.canadamotorjobs.com\/fr\/linteret-des-canadiens-pour-les-vehicules-electriques-chute-pour-une-troisieme-annee-de-suite\/\" \/>\n<meta property=\"og:site_name\" content=\"CanadaMotorJobs.com\" \/>\n<meta property=\"article:publisher\" content=\"https:\/\/www.facebook.com\/canadamotorjobs\/\" \/>\n<meta property=\"article:published_time\" content=\"2025-04-25T12:01:03+00:00\" \/>\n<meta property=\"article:modified_time\" content=\"2025-04-25T12:14:33+00:00\" \/>\n<meta property=\"og:image\" content=\"https:\/\/news.canadamotorjobs.com\/wp-content\/uploads\/2025\/04\/2024-chevrolet-equinox-ev-104-1662585429-scaled-1.jpg\" \/>\n\t<meta property=\"og:image:width\" content=\"2560\" \/>\n\t<meta property=\"og:image:height\" content=\"1707\" \/>\n\t<meta property=\"og:image:type\" content=\"image\/jpeg\" \/>\n<meta name=\"author\" content=\"Benoit Charette\" \/>\n<meta name=\"twitter:card\" content=\"summary_large_image\" \/>\n<meta name=\"twitter:creator\" content=\"@canadamotorjobs\" \/>\n<meta name=\"twitter:site\" content=\"@canadamotorjobs\" \/>\n<meta name=\"twitter:label1\" content=\"\u00c9crit par\" \/>\n\t<meta name=\"twitter:data1\" content=\"Benoit Charette\" \/>\n\t<meta name=\"twitter:label2\" content=\"Estimation du temps de lecture\" \/>\n\t<meta name=\"twitter:data2\" content=\"2 minutes\" \/>\n<!-- \/ Yoast SEO plugin. -->","yoast_head_json":{"title":"L\u2019int\u00e9r\u00eat des Canadiens pour les v\u00e9hicules \u00e9lectriques chute pour une troisi\u00e8me ann\u00e9e de suite - CanadaMotorJobs.com","description":"L\u2019int\u00e9r\u00eat des Canadiens pour les v\u00e9hicules \u00e9lectriques chute pour une troisi\u00e8me ann\u00e9e de suite - Benoit Charette - Annuel automobile - CanadaMotorJobs.com.","robots":{"index":"index","follow":"follow","max-snippet":"max-snippet:-1","max-image-preview":"max-image-preview:large","max-video-preview":"max-video-preview:-1"},"og_locale":"fr_CA","og_type":"article","og_title":"L\u2019int\u00e9r\u00eat des Canadiens pour les v\u00e9hicules \u00e9lectriques chute pour une troisi\u00e8me ann\u00e9e de suite - CanadaMotorJobs.com","og_description":"L\u2019int\u00e9r\u00eat des Canadiens pour les v\u00e9hicules \u00e9lectriques chute pour une troisi\u00e8me ann\u00e9e de suite - Benoit Charette - Annuel automobile - CanadaMotorJobs.com.","og_url":"https:\/\/news.canadamotorjobs.com\/fr\/linteret-des-canadiens-pour-les-vehicules-electriques-chute-pour-une-troisieme-annee-de-suite\/","og_site_name":"CanadaMotorJobs.com","article_publisher":"https:\/\/www.facebook.com\/canadamotorjobs\/","article_published_time":"2025-04-25T12:01:03+00:00","article_modified_time":"2025-04-25T12:14:33+00:00","og_image":[{"width":2560,"height":1707,"url":"https:\/\/news.canadamotorjobs.com\/wp-content\/uploads\/2025\/04\/2024-chevrolet-equinox-ev-104-1662585429-scaled-1.jpg","type":"image\/jpeg"}],"author":"Benoit Charette","twitter_card":"summary_large_image","twitter_creator":"@canadamotorjobs","twitter_site":"@canadamotorjobs","twitter_misc":{"\u00c9crit par":"Benoit Charette","Estimation du temps de lecture":"2 minutes"},"schema":{"@context":"https:\/\/schema.org","@graph":[{"@type":"Article","@id":"https:\/\/news.canadamotorjobs.com\/fr\/linteret-des-canadiens-pour-les-vehicules-electriques-chute-pour-une-troisieme-annee-de-suite\/#article","isPartOf":{"@id":"https:\/\/news.canadamotorjobs.com\/fr\/linteret-des-canadiens-pour-les-vehicules-electriques-chute-pour-une-troisieme-annee-de-suite\/"},"author":{"name":"Benoit Charette","@id":"https:\/\/news.canadamotorjobs.com\/#\/schema\/person\/51793d1f87d44011d7bcc2ed99269a90"},"headline":"L\u2019int\u00e9r\u00eat des Canadiens pour les v\u00e9hicules \u00e9lectriques chute pour une troisi\u00e8me ann\u00e9e de suite","datePublished":"2025-04-25T12:01:03+00:00","dateModified":"2025-04-25T12:14:33+00:00","mainEntityOfPage":{"@id":"https:\/\/news.canadamotorjobs.com\/fr\/linteret-des-canadiens-pour-les-vehicules-electriques-chute-pour-une-troisieme-annee-de-suite\/"},"wordCount":358,"publisher":{"@id":"https:\/\/news.canadamotorjobs.com\/#organization"},"image":{"@id":"https:\/\/news.canadamotorjobs.com\/fr\/linteret-des-canadiens-pour-les-vehicules-electriques-chute-pour-une-troisieme-annee-de-suite\/#primaryimage"},"thumbnailUrl":"https:\/\/news.canadamotorjobs.com\/wp-content\/uploads\/2025\/04\/2024-chevrolet-equinox-ev-104-1662585429-scaled-1.jpg","articleSection":["Annuel automobile"],"inLanguage":"fr-CA"},{"@type":"WebPage","@id":"https:\/\/news.canadamotorjobs.com\/fr\/linteret-des-canadiens-pour-les-vehicules-electriques-chute-pour-une-troisieme-annee-de-suite\/","url":"https:\/\/news.canadamotorjobs.com\/fr\/linteret-des-canadiens-pour-les-vehicules-electriques-chute-pour-une-troisieme-annee-de-suite\/","name":"L\u2019int\u00e9r\u00eat des Canadiens pour les v\u00e9hicules \u00e9lectriques chute pour une troisi\u00e8me ann\u00e9e de suite - CanadaMotorJobs.com","isPartOf":{"@id":"https:\/\/news.canadamotorjobs.com\/#website"},"primaryImageOfPage":{"@id":"https:\/\/news.canadamotorjobs.com\/fr\/linteret-des-canadiens-pour-les-vehicules-electriques-chute-pour-une-troisieme-annee-de-suite\/#primaryimage"},"image":{"@id":"https:\/\/news.canadamotorjobs.com\/fr\/linteret-des-canadiens-pour-les-vehicules-electriques-chute-pour-une-troisieme-annee-de-suite\/#primaryimage"},"thumbnailUrl":"https:\/\/news.canadamotorjobs.com\/wp-content\/uploads\/2025\/04\/2024-chevrolet-equinox-ev-104-1662585429-scaled-1.jpg","datePublished":"2025-04-25T12:01:03+00:00","dateModified":"2025-04-25T12:14:33+00:00","description":"L\u2019int\u00e9r\u00eat des Canadiens pour les v\u00e9hicules \u00e9lectriques chute pour une troisi\u00e8me ann\u00e9e de suite - Benoit Charette - Annuel automobile - CanadaMotorJobs.com.","breadcrumb":{"@id":"https:\/\/news.canadamotorjobs.com\/fr\/linteret-des-canadiens-pour-les-vehicules-electriques-chute-pour-une-troisieme-annee-de-suite\/#breadcrumb"},"inLanguage":"fr-CA","potentialAction":[{"@type":"ReadAction","target":["https:\/\/news.canadamotorjobs.com\/fr\/linteret-des-canadiens-pour-les-vehicules-electriques-chute-pour-une-troisieme-annee-de-suite\/"]}]},{"@type":"ImageObject","inLanguage":"fr-CA","@id":"https:\/\/news.canadamotorjobs.com\/fr\/linteret-des-canadiens-pour-les-vehicules-electriques-chute-pour-une-troisieme-annee-de-suite\/#primaryimage","url":"https:\/\/news.canadamotorjobs.com\/wp-content\/uploads\/2025\/04\/2024-chevrolet-equinox-ev-104-1662585429-scaled-1.jpg","contentUrl":"https:\/\/news.canadamotorjobs.com\/wp-content\/uploads\/2025\/04\/2024-chevrolet-equinox-ev-104-1662585429-scaled-1.jpg","width":2560,"height":1707},{"@type":"BreadcrumbList","@id":"https:\/\/news.canadamotorjobs.com\/fr\/linteret-des-canadiens-pour-les-vehicules-electriques-chute-pour-une-troisieme-annee-de-suite\/#breadcrumb","itemListElement":[{"@type":"ListItem","position":1,"name":"Home","item":"https:\/\/news.canadamotorjobs.com\/fr\/blog\/"},{"@type":"ListItem","position":2,"name":"L\u2019int\u00e9r\u00eat des Canadiens pour les v\u00e9hicules \u00e9lectriques chute pour une troisi\u00e8me ann\u00e9e de suite"}]},{"@type":"WebSite","@id":"https:\/\/news.canadamotorjobs.com\/#website","url":"https:\/\/news.canadamotorjobs.com\/","name":"CanadaMotorJobs.com","description":"Automotive Jobs","publisher":{"@id":"https:\/\/news.canadamotorjobs.com\/#organization"},"potentialAction":[{"@type":"SearchAction","target":{"@type":"EntryPoint","urlTemplate":"https:\/\/news.canadamotorjobs.com\/?s={search_term_string}"},"query-input":"required name=search_term_string"}],"inLanguage":"fr-CA"},{"@type":"Organization","@id":"https:\/\/news.canadamotorjobs.com\/#organization","name":"Canada Motor Jobs","url":"https:\/\/news.canadamotorjobs.com\/","logo":{"@type":"ImageObject","inLanguage":"fr-CA","@id":"https:\/\/news.canadamotorjobs.com\/#\/schema\/logo\/image\/","url":"https:\/\/news.canadamotorjobs.com\/wp-content\/uploads\/2022\/10\/logo-canada-motor-jobs-1.png","contentUrl":"https:\/\/news.canadamotorjobs.com\/wp-content\/uploads\/2022\/10\/logo-canada-motor-jobs-1.png","width":800,"height":400,"caption":"Canada Motor Jobs"},"image":{"@id":"https:\/\/news.canadamotorjobs.com\/#\/schema\/logo\/image\/"},"sameAs":["https:\/\/www.facebook.com\/canadamotorjobs\/","https:\/\/x.com\/canadamotorjobs","https:\/\/www.instagram.com\/canadamotorjobs\/","https:\/\/www.linkedin.com\/company\/canadamotorjobs"]},{"@type":"Person","@id":"https:\/\/news.canadamotorjobs.com\/#\/schema\/person\/51793d1f87d44011d7bcc2ed99269a90","name":"Benoit Charette","image":{"@type":"ImageObject","inLanguage":"fr-CA","@id":"https:\/\/news.canadamotorjobs.com\/#\/schema\/person\/image\/","url":"https:\/\/secure.gravatar.com\/avatar\/45f3d2eebcccd909668d7ce7ea7267b6?s=96&d=mm&r=g","contentUrl":"https:\/\/secure.gravatar.com\/avatar\/45f3d2eebcccd909668d7ce7ea7267b6?s=96&d=mm&r=g","caption":"Benoit Charette"},"description":"Benoit Charette \/ Propri\u00e9taire et r\u00e9dacteur en chef Benoit Charette pratique le journalisme automobile depuis bient\u00f4t 30 ans. Il a fait ses classes au c\u00f4t\u00e9 de Daniel H\u00e9raud et au Carnet de route de 1992 \u00e0 2001. Il est fondateur, copropri\u00e9taire et r\u00e9dacteur en chef de L\u2019Annuel de l\u2019automobile, qu\u2019il publie depuis 2001. Il a anim\u00e9 les \u00e9missions RPM et RPM+ sur V et les L\u00e9gendes de la route sur Historia. \u00c0 la radio depuis 1986, il reprend l\u2019antenne cette ann\u00e9e sur les ondes de Cogeco et participe pour la deuxi\u00e8me ann\u00e9e \u00e0 l\u2019\u00e9mission Passion Auto sur RDS en plus de mettre en ligne le site Web officiel de L\u2019Annuel de l\u2019automobile sur annuelauto.ca.","sameAs":["https:\/\/annuelauto.ca\/"],"url":"https:\/\/news.canadamotorjobs.com\/fr\/author\/benoit-charette\/"}]}},"_links":{"self":[{"href":"https:\/\/news.canadamotorjobs.com\/fr\/wp-json\/wp\/v2\/posts\/202072"}],"collection":[{"href":"https:\/\/news.canadamotorjobs.com\/fr\/wp-json\/wp\/v2\/posts"}],"about":[{"href":"https:\/\/news.canadamotorjobs.com\/fr\/wp-json\/wp\/v2\/types\/post"}],"author":[{"embeddable":true,"href":"https:\/\/news.canadamotorjobs.com\/fr\/wp-json\/wp\/v2\/users\/8"}],"replies":[{"embeddable":true,"href":"https:\/\/news.canadamotorjobs.com\/fr\/wp-json\/wp\/v2\/comments?post=202072"}],"version-history":[{"count":2,"href":"https:\/\/news.canadamotorjobs.com\/fr\/wp-json\/wp\/v2\/posts\/202072\/revisions"}],"predecessor-version":[{"id":202076,"href":"https:\/\/news.canadamotorjobs.com\/fr\/wp-json\/wp\/v2\/posts\/202072\/revisions\/202076"}],"wp:featuredmedia":[{"embeddable":true,"href":"https:\/\/news.canadamotorjobs.com\/fr\/wp-json\/wp\/v2\/media\/202074"}],"wp:attachment":[{"href":"https:\/\/news.canadamotorjobs.com\/fr\/wp-json\/wp\/v2\/media?parent=202072"}],"wp:term":[{"taxonomy":"category","embeddable":true,"href":"https:\/\/news.canadamotorjobs.com\/fr\/wp-json\/wp\/v2\/categories?post=202072"},{"taxonomy":"post_tag","embeddable":true,"href":"https:\/\/news.canadamotorjobs.com\/fr\/wp-json\/wp\/v2\/tags?post=202072"}],"curies":[{"name":"wp","href":"https:\/\/api.w.org\/{rel}","templated":true}]}}