{"id":201959,"date":"2025-04-24T07:08:43","date_gmt":"2025-04-24T11:08:43","guid":{"rendered":"https:\/\/news.canadamotorjobs.com\/?p=201959"},"modified":"2025-04-24T07:14:49","modified_gmt":"2025-04-24T11:14:49","slug":"trump-menace-dalourdir-les-tarifs-automobiles-de-25-contre-le-canada","status":"publish","type":"post","link":"https:\/\/news.canadamotorjobs.com\/fr\/trump-menace-dalourdir-les-tarifs-automobiles-de-25-contre-le-canada\/","title":{"rendered":"Trump menace d\u2019alourdir les tarifs automobiles de 25 % contre le Canada"},"content":{"rendered":"<\/p>\n<p class=\"\" data-start=\"542\" data-end=\"792\">Le pr\u00e9sident am\u00e9ricain Donald Trump a laiss\u00e9 entendre que les droits de douane impos\u00e9s aux voitures canadiennes pourraient grimper dans un avenir proche, malgr\u00e9 des discussions en cours avec Ottawa sur un \u00e9ventuel accord. \u00ab J\u2019ai impos\u00e9 des tarifs au Canada, ils paient 25 %, mais cela pourrait augmenter pour les voitures \u00bb, a d\u00e9clar\u00e9 Trump dans le Bureau ovale. \u00ab Quand on impose des tarifs, c\u2019est une mani\u00e8re de dire : &#8220;On ne veut pas de vos voitures, avec tout le respect.&#8221; \u00bb<\/p>\n<h3 data-start=\"1052\" data-end=\"1079\">Des tarifs d\u00e9j\u00e0 en place<\/h3>\n<p><\/p>\n<p class=\"\" data-start=\"1081\" data-end=\"1383\">Depuis le d\u00e9but du mois, tous les v\u00e9hicules import\u00e9s au pays sont frapp\u00e9s d\u2019un tarif de 25 %, sauf ceux couverts par l\u2019Accord \u00c9tats-Unis\u2013Mexique\u2013Canada (AEUMC). Seules les pi\u00e8ces de v\u00e9hicules non am\u00e9ricaines sont touch\u00e9es dans ce cas. Les droits sur ces pi\u00e8ces doivent entrer en vigueur d\u2019ici le 3 mai. Trump a ajout\u00e9 qu\u2019il ne souhaite plus que le Canada soit impliqu\u00e9 dans l\u2019industrie automobile am\u00e9ricaine, l\u2019accusant de lui &#8220;voler&#8221; des entreprises du secteur.<\/p>\n<h3 data-start=\"1546\" data-end=\"1586\">Une industrie historiquement int\u00e9gr\u00e9e<\/h3>\n<p><\/p>\n<p class=\"\" data-start=\"1588\" data-end=\"1965\">L\u2019industrie automobile nord-am\u00e9ricaine est hautement int\u00e9gr\u00e9e depuis plus d\u2019un si\u00e8cle. Les pi\u00e8ces traversent la fronti\u00e8re \u00e0 plusieurs reprises avant qu\u2019un v\u00e9hicule ne soit compl\u00e9t\u00e9. Ford du Canada, fond\u00e9e \u00e0 Walkerville en 1904, importait d\u00e9j\u00e0 des pi\u00e8ces am\u00e9ricaines pour assemblage local. Le Pacte de l\u2019automobile de 1965 a encore renforc\u00e9 cette collaboration transfrontali\u00e8re.<\/p>\n<h3 data-start=\"1967\" data-end=\"2000\">L\u2019impact \u00e9conomique des tarifs<\/h3>\n<p><\/p>\n<p class=\"\" data-start=\"2002\" data-end=\"2267\">Le Center for Automotive Research, bas\u00e9 au Michigan, estime que les tarifs entra\u00eeneront des co\u00fbts suppl\u00e9mentaires de 107,7 milliards USD pour les constructeurs am\u00e9ricains, dont 41,9 milliards USD pour les trois grands de Detroit : Ford, GM et Chrysler (Stellantis).<\/p>\n<p><\/p>\n<p class=\"\" data-start=\"2269\" data-end=\"2406\">Malgr\u00e9 les pressions de l&#8217;industrie, Trump reste inflexible : il veut un rapatriement complet de la production automobile aux \u00c9tats-Unis.<\/p>\n<h3 data-start=\"2408\" data-end=\"2441\">Les contre-mesures canadiennes<\/h3>\n<p><\/p>\n<p class=\"\" data-start=\"2443\" data-end=\"2759\">Le Canada a r\u00e9agi en ajustant ses contre-tarifs : les constructeurs qui maintiennent leur production au pays peuvent importer un certain nombre de v\u00e9hicules assembl\u00e9s aux \u00c9tats-Unis sans \u00eatre frapp\u00e9s par les droits de r\u00e9torsion. Toutefois, ce quota diminue si les investissements ou la production au Canada reculent. Depuis sa r\u00e9\u00e9lection, Trump cible r\u00e9guli\u00e8rement le Canada : 25 % sur l\u2019aluminium, l\u2019acier, et m\u00eame des tarifs li\u00e9s au fentanyl. Une guerre commerciale mondiale qu\u2019il qualifie de &#8220;r\u00e9ciproque&#8221;, avec une tr\u00eave partielle de 90 jours pour certains pays, mais pas pour tous.<\/p>\n<h3 data-start=\"3031\" data-end=\"3052\">Un accord en vue ?<\/h3>\n<p><\/p>\n<p class=\"\" data-start=\"3054\" data-end=\"3302\">Interrog\u00e9 sur l\u2019\u00e9lection canadienne \u00e0 venir, Trump a pr\u00e9f\u00e9r\u00e9 ne pas commenter, mais a soulign\u00e9 ses bonnes discussions avec le premier ministre Mark Carney. \u00ab Il a \u00e9t\u00e9 tr\u00e8s gentil, je dois le dire. Nous avons eu quelques tr\u00e8s bonnes conversations. \u00bb Selon Carney, Trump aurait accept\u00e9 d\u2019envisager un nouvel accord \u00e9conomique et s\u00e9curitaire apr\u00e8s les \u00e9lections. Mais Trump, fid\u00e8le \u00e0 son style provocateur, a conclu : \u00ab On travaille bien avec le Canada. On n\u2019a besoin de rien de leur part. On pourrait les annexer comme un \u00c9tat am\u00e9ricain. On verra bien. \u00bb<\/p>\n<p><\/p>\n<p data-start=\"3054\" data-end=\"3302\">Avec des renseignements d&#8217;Automotive News Canada<\/p>\n<p>Le texte <a href=\"https:\/\/annuelauto.ca\/trump-menace-tarifs-automobiles-canada\/\">Trump menace d\u2019alourdir les tarifs automobiles de 25 % contre le Canada<\/a> provient de <a href=\"https:\/\/annuelauto.ca\">L&#8217;annuel de l&#8217;automobile &#8211; Actualit\u00e9 automobile<\/a><\/p>\n<p><\/p>\n","protected":false},"excerpt":{"rendered":"<p>Le pr\u00e9sident am\u00e9ricain Donald Trump a laiss\u00e9 entendre que les droits de douane impos\u00e9s aux voitures canadiennes pourraient grimper dans un avenir proche, malgr\u00e9 des discussions en cours avec Ottawa sur un \u00e9ventuel accord. \u00ab J\u2019ai impos\u00e9 des tarifs au Canada, ils paient 25 %, mais cela pourrait augmenter pour les voitures \u00bb, a d\u00e9clar\u00e9 [&hellip;]<\/p>\n","protected":false},"author":8,"featured_media":201961,"comment_status":"close","ping_status":"closed","sticky":false,"template":"","format":"standard","meta":{"_monsterinsights_skip_tracking":false,"_monsterinsights_sitenote_active":false,"_monsterinsights_sitenote_note":"","_monsterinsights_sitenote_category":0,"footnotes":""},"categories":[101],"tags":[],"yoast_head":"<!-- This site is optimized with the Yoast SEO plugin v23.2 - https:\/\/yoast.com\/wordpress\/plugins\/seo\/ -->\n<title>Trump menace d\u2019alourdir les tarifs automobiles de 25 % contre le Canada - CanadaMotorJobs.com<\/title>\n<meta name=\"description\" content=\"Trump menace d\u2019alourdir les tarifs automobiles de 25 % contre le Canada - Benoit Charette - Annuel automobile - CanadaMotorJobs.com.\" \/>\n<meta name=\"robots\" content=\"index, follow, max-snippet:-1, max-image-preview:large, max-video-preview:-1\" \/>\n<meta property=\"og:locale\" content=\"fr_CA\" \/>\n<meta property=\"og:type\" content=\"article\" \/>\n<meta property=\"og:title\" content=\"Trump menace d\u2019alourdir les tarifs automobiles de 25 % contre le Canada - CanadaMotorJobs.com\" \/>\n<meta property=\"og:description\" content=\"Trump menace d\u2019alourdir les tarifs automobiles de 25 % contre le Canada - Benoit Charette - Annuel automobile - CanadaMotorJobs.com.\" \/>\n<meta property=\"og:url\" content=\"https:\/\/news.canadamotorjobs.com\/fr\/trump-menace-dalourdir-les-tarifs-automobiles-de-25-contre-le-canada\/\" \/>\n<meta property=\"og:site_name\" content=\"CanadaMotorJobs.com\" \/>\n<meta property=\"article:publisher\" content=\"https:\/\/www.facebook.com\/canadamotorjobs\/\" \/>\n<meta property=\"article:published_time\" content=\"2025-04-24T11:08:43+00:00\" \/>\n<meta property=\"article:modified_time\" content=\"2025-04-24T11:14:49+00:00\" \/>\n<meta property=\"og:image\" content=\"https:\/\/news.canadamotorjobs.com\/wp-content\/uploads\/2025\/04\/2e22ce0b3669de32d56af430e80849080f859401c65d445a4847fefd47293fe5.jpg\" \/>\n\t<meta property=\"og:image:width\" content=\"960\" \/>\n\t<meta property=\"og:image:height\" content=\"540\" \/>\n\t<meta property=\"og:image:type\" content=\"image\/jpeg\" \/>\n<meta name=\"author\" content=\"Benoit Charette\" \/>\n<meta name=\"twitter:card\" content=\"summary_large_image\" \/>\n<meta name=\"twitter:creator\" content=\"@canadamotorjobs\" \/>\n<meta name=\"twitter:site\" content=\"@canadamotorjobs\" \/>\n<meta name=\"twitter:label1\" content=\"\u00c9crit par\" \/>\n\t<meta name=\"twitter:data1\" content=\"Benoit Charette\" \/>\n\t<meta name=\"twitter:label2\" content=\"Estimation du temps de lecture\" \/>\n\t<meta name=\"twitter:data2\" content=\"3 minutes\" \/>\n<!-- \/ Yoast SEO plugin. -->","yoast_head_json":{"title":"Trump menace d\u2019alourdir les tarifs automobiles de 25 % contre le Canada - CanadaMotorJobs.com","description":"Trump menace d\u2019alourdir les tarifs automobiles de 25 % contre le Canada - Benoit Charette - Annuel automobile - CanadaMotorJobs.com.","robots":{"index":"index","follow":"follow","max-snippet":"max-snippet:-1","max-image-preview":"max-image-preview:large","max-video-preview":"max-video-preview:-1"},"og_locale":"fr_CA","og_type":"article","og_title":"Trump menace d\u2019alourdir les tarifs automobiles de 25 % contre le Canada - CanadaMotorJobs.com","og_description":"Trump menace d\u2019alourdir les tarifs automobiles de 25 % contre le Canada - Benoit Charette - Annuel automobile - CanadaMotorJobs.com.","og_url":"https:\/\/news.canadamotorjobs.com\/fr\/trump-menace-dalourdir-les-tarifs-automobiles-de-25-contre-le-canada\/","og_site_name":"CanadaMotorJobs.com","article_publisher":"https:\/\/www.facebook.com\/canadamotorjobs\/","article_published_time":"2025-04-24T11:08:43+00:00","article_modified_time":"2025-04-24T11:14:49+00:00","og_image":[{"width":960,"height":540,"url":"https:\/\/news.canadamotorjobs.com\/wp-content\/uploads\/2025\/04\/2e22ce0b3669de32d56af430e80849080f859401c65d445a4847fefd47293fe5.jpg","type":"image\/jpeg"}],"author":"Benoit Charette","twitter_card":"summary_large_image","twitter_creator":"@canadamotorjobs","twitter_site":"@canadamotorjobs","twitter_misc":{"\u00c9crit par":"Benoit Charette","Estimation du temps de lecture":"3 minutes"},"schema":{"@context":"https:\/\/schema.org","@graph":[{"@type":"Article","@id":"https:\/\/news.canadamotorjobs.com\/fr\/trump-menace-dalourdir-les-tarifs-automobiles-de-25-contre-le-canada\/#article","isPartOf":{"@id":"https:\/\/news.canadamotorjobs.com\/fr\/trump-menace-dalourdir-les-tarifs-automobiles-de-25-contre-le-canada\/"},"author":{"name":"Benoit Charette","@id":"https:\/\/news.canadamotorjobs.com\/#\/schema\/person\/51793d1f87d44011d7bcc2ed99269a90"},"headline":"Trump menace d\u2019alourdir les tarifs automobiles de 25 % contre le Canada","datePublished":"2025-04-24T11:08:43+00:00","dateModified":"2025-04-24T11:14:49+00:00","mainEntityOfPage":{"@id":"https:\/\/news.canadamotorjobs.com\/fr\/trump-menace-dalourdir-les-tarifs-automobiles-de-25-contre-le-canada\/"},"wordCount":563,"publisher":{"@id":"https:\/\/news.canadamotorjobs.com\/#organization"},"image":{"@id":"https:\/\/news.canadamotorjobs.com\/fr\/trump-menace-dalourdir-les-tarifs-automobiles-de-25-contre-le-canada\/#primaryimage"},"thumbnailUrl":"https:\/\/news.canadamotorjobs.com\/wp-content\/uploads\/2025\/04\/2e22ce0b3669de32d56af430e80849080f859401c65d445a4847fefd47293fe5.jpg","articleSection":["Annuel automobile"],"inLanguage":"fr-CA"},{"@type":"WebPage","@id":"https:\/\/news.canadamotorjobs.com\/fr\/trump-menace-dalourdir-les-tarifs-automobiles-de-25-contre-le-canada\/","url":"https:\/\/news.canadamotorjobs.com\/fr\/trump-menace-dalourdir-les-tarifs-automobiles-de-25-contre-le-canada\/","name":"Trump menace d\u2019alourdir les tarifs automobiles de 25 % contre le Canada - CanadaMotorJobs.com","isPartOf":{"@id":"https:\/\/news.canadamotorjobs.com\/#website"},"primaryImageOfPage":{"@id":"https:\/\/news.canadamotorjobs.com\/fr\/trump-menace-dalourdir-les-tarifs-automobiles-de-25-contre-le-canada\/#primaryimage"},"image":{"@id":"https:\/\/news.canadamotorjobs.com\/fr\/trump-menace-dalourdir-les-tarifs-automobiles-de-25-contre-le-canada\/#primaryimage"},"thumbnailUrl":"https:\/\/news.canadamotorjobs.com\/wp-content\/uploads\/2025\/04\/2e22ce0b3669de32d56af430e80849080f859401c65d445a4847fefd47293fe5.jpg","datePublished":"2025-04-24T11:08:43+00:00","dateModified":"2025-04-24T11:14:49+00:00","description":"Trump menace d\u2019alourdir les tarifs automobiles de 25 % contre le Canada - Benoit Charette - Annuel automobile - CanadaMotorJobs.com.","breadcrumb":{"@id":"https:\/\/news.canadamotorjobs.com\/fr\/trump-menace-dalourdir-les-tarifs-automobiles-de-25-contre-le-canada\/#breadcrumb"},"inLanguage":"fr-CA","potentialAction":[{"@type":"ReadAction","target":["https:\/\/news.canadamotorjobs.com\/fr\/trump-menace-dalourdir-les-tarifs-automobiles-de-25-contre-le-canada\/"]}]},{"@type":"ImageObject","inLanguage":"fr-CA","@id":"https:\/\/news.canadamotorjobs.com\/fr\/trump-menace-dalourdir-les-tarifs-automobiles-de-25-contre-le-canada\/#primaryimage","url":"https:\/\/news.canadamotorjobs.com\/wp-content\/uploads\/2025\/04\/2e22ce0b3669de32d56af430e80849080f859401c65d445a4847fefd47293fe5.jpg","contentUrl":"https:\/\/news.canadamotorjobs.com\/wp-content\/uploads\/2025\/04\/2e22ce0b3669de32d56af430e80849080f859401c65d445a4847fefd47293fe5.jpg","width":960,"height":540},{"@type":"BreadcrumbList","@id":"https:\/\/news.canadamotorjobs.com\/fr\/trump-menace-dalourdir-les-tarifs-automobiles-de-25-contre-le-canada\/#breadcrumb","itemListElement":[{"@type":"ListItem","position":1,"name":"Home","item":"https:\/\/news.canadamotorjobs.com\/fr\/blog\/"},{"@type":"ListItem","position":2,"name":"Trump menace d\u2019alourdir les tarifs automobiles de 25 % contre le Canada"}]},{"@type":"WebSite","@id":"https:\/\/news.canadamotorjobs.com\/#website","url":"https:\/\/news.canadamotorjobs.com\/","name":"CanadaMotorJobs.com","description":"Automotive Jobs","publisher":{"@id":"https:\/\/news.canadamotorjobs.com\/#organization"},"potentialAction":[{"@type":"SearchAction","target":{"@type":"EntryPoint","urlTemplate":"https:\/\/news.canadamotorjobs.com\/?s={search_term_string}"},"query-input":"required name=search_term_string"}],"inLanguage":"fr-CA"},{"@type":"Organization","@id":"https:\/\/news.canadamotorjobs.com\/#organization","name":"Canada Motor Jobs","url":"https:\/\/news.canadamotorjobs.com\/","logo":{"@type":"ImageObject","inLanguage":"fr-CA","@id":"https:\/\/news.canadamotorjobs.com\/#\/schema\/logo\/image\/","url":"https:\/\/news.canadamotorjobs.com\/wp-content\/uploads\/2022\/10\/logo-canada-motor-jobs-1.png","contentUrl":"https:\/\/news.canadamotorjobs.com\/wp-content\/uploads\/2022\/10\/logo-canada-motor-jobs-1.png","width":800,"height":400,"caption":"Canada Motor Jobs"},"image":{"@id":"https:\/\/news.canadamotorjobs.com\/#\/schema\/logo\/image\/"},"sameAs":["https:\/\/www.facebook.com\/canadamotorjobs\/","https:\/\/x.com\/canadamotorjobs","https:\/\/www.instagram.com\/canadamotorjobs\/","https:\/\/www.linkedin.com\/company\/canadamotorjobs"]},{"@type":"Person","@id":"https:\/\/news.canadamotorjobs.com\/#\/schema\/person\/51793d1f87d44011d7bcc2ed99269a90","name":"Benoit Charette","image":{"@type":"ImageObject","inLanguage":"fr-CA","@id":"https:\/\/news.canadamotorjobs.com\/#\/schema\/person\/image\/","url":"https:\/\/secure.gravatar.com\/avatar\/45f3d2eebcccd909668d7ce7ea7267b6?s=96&d=mm&r=g","contentUrl":"https:\/\/secure.gravatar.com\/avatar\/45f3d2eebcccd909668d7ce7ea7267b6?s=96&d=mm&r=g","caption":"Benoit Charette"},"description":"Benoit Charette \/ Propri\u00e9taire et r\u00e9dacteur en chef Benoit Charette pratique le journalisme automobile depuis bient\u00f4t 30 ans. Il a fait ses classes au c\u00f4t\u00e9 de Daniel H\u00e9raud et au Carnet de route de 1992 \u00e0 2001. Il est fondateur, copropri\u00e9taire et r\u00e9dacteur en chef de L\u2019Annuel de l\u2019automobile, qu\u2019il publie depuis 2001. Il a anim\u00e9 les \u00e9missions RPM et RPM+ sur V et les L\u00e9gendes de la route sur Historia. \u00c0 la radio depuis 1986, il reprend l\u2019antenne cette ann\u00e9e sur les ondes de Cogeco et participe pour la deuxi\u00e8me ann\u00e9e \u00e0 l\u2019\u00e9mission Passion Auto sur RDS en plus de mettre en ligne le site Web officiel de L\u2019Annuel de l\u2019automobile sur annuelauto.ca.","sameAs":["https:\/\/annuelauto.ca\/"],"url":"https:\/\/news.canadamotorjobs.com\/fr\/author\/benoit-charette\/"}]}},"_links":{"self":[{"href":"https:\/\/news.canadamotorjobs.com\/fr\/wp-json\/wp\/v2\/posts\/201959"}],"collection":[{"href":"https:\/\/news.canadamotorjobs.com\/fr\/wp-json\/wp\/v2\/posts"}],"about":[{"href":"https:\/\/news.canadamotorjobs.com\/fr\/wp-json\/wp\/v2\/types\/post"}],"author":[{"embeddable":true,"href":"https:\/\/news.canadamotorjobs.com\/fr\/wp-json\/wp\/v2\/users\/8"}],"replies":[{"embeddable":true,"href":"https:\/\/news.canadamotorjobs.com\/fr\/wp-json\/wp\/v2\/comments?post=201959"}],"version-history":[{"count":2,"href":"https:\/\/news.canadamotorjobs.com\/fr\/wp-json\/wp\/v2\/posts\/201959\/revisions"}],"predecessor-version":[{"id":201963,"href":"https:\/\/news.canadamotorjobs.com\/fr\/wp-json\/wp\/v2\/posts\/201959\/revisions\/201963"}],"wp:featuredmedia":[{"embeddable":true,"href":"https:\/\/news.canadamotorjobs.com\/fr\/wp-json\/wp\/v2\/media\/201961"}],"wp:attachment":[{"href":"https:\/\/news.canadamotorjobs.com\/fr\/wp-json\/wp\/v2\/media?parent=201959"}],"wp:term":[{"taxonomy":"category","embeddable":true,"href":"https:\/\/news.canadamotorjobs.com\/fr\/wp-json\/wp\/v2\/categories?post=201959"},{"taxonomy":"post_tag","embeddable":true,"href":"https:\/\/news.canadamotorjobs.com\/fr\/wp-json\/wp\/v2\/tags?post=201959"}],"curies":[{"name":"wp","href":"https:\/\/api.w.org\/{rel}","templated":true}]}}