{"id":201927,"date":"2025-04-24T06:31:48","date_gmt":"2025-04-24T10:31:48","guid":{"rendered":"https:\/\/news.canadamotorjobs.com\/?p=201927"},"modified":"2025-04-24T06:44:14","modified_gmt":"2025-04-24T10:44:14","slug":"tesla-encaisse-une-chute-de-71-de-ses-benefices-nets-au-premier-trimestre-2025","status":"publish","type":"post","link":"https:\/\/news.canadamotorjobs.com\/fr\/tesla-encaisse-une-chute-de-71-de-ses-benefices-nets-au-premier-trimestre-2025\/","title":{"rendered":"Tesla encaisse une chute de 71 % de ses b\u00e9n\u00e9fices nets au premier trimestre 2025"},"content":{"rendered":"<\/p>\n<p>Tesla a annonc\u00e9 un b\u00e9n\u00e9fice net de 409 millions de dollars pour le premier trimestre de 2025, soit une baisse de 71 % par rapport \u00e0 la m\u00eame p\u00e9riode l\u2019an dernier. Cette contre-performance s\u2019explique par la baisse des ventes mondiales, l\u2019arriv\u00e9e \u00e0 maturit\u00e9 des produits actuels et l\u2019activisme politique d\u2019Elon Musk, selon plusieurs analystes.<\/p>\n<p>Les revenus totaux du trimestre ont chut\u00e9 de 9,2 % pour atteindre 19,3 milliards USD. Les revenus automobiles, eux, ont d\u00e9gringol\u00e9 de 20 %, s\u2019\u00e9tablissant \u00e0 12,9 milliards USD.<\/p>\n<p><strong>Sauver par les cr\u00e9dits carbone<\/strong><\/p>\n<p>Tesla a g\u00e9n\u00e9r\u00e9 595 millions de dollars en vendant des cr\u00e9dits d\u2019\u00e9mission \u00e0 d\u2019autres constructeurs automobiles, une hausse par rapport aux 442 millions de l\u2019ann\u00e9e pr\u00e9c\u00e9dente. Sans ces cr\u00e9dits, Tesla aurait enregistr\u00e9 une perte nette pour la p\u00e9riode de janvier \u00e0 mars.<\/p>\n<p><strong>Elon Musk r\u00e9duit son implication gouvernementale<\/strong><\/p>\n<p>Lors de l\u2019appel aux investisseurs, Elon Musk a d\u00e9clar\u00e9 qu\u2019il allait consacrer moins de temps \u00e0 ses fonctions gouvernementales, notamment en tant que conseiller de Donald Trump et chef du D\u00e9partement de l\u2019Efficacit\u00e9 Gouvernementale (DOGE). Il continuera \u00e0 y consacrer \u00ab un ou deux jours par semaine \u00bb, mais \u00ab \u00e0 partir de mai, cette implication diminuera significativement \u00bb.<\/p>\n<p>Musk affirme qu\u2019il d\u00e9fend le libre-\u00e9change dans ses discussions avec Trump, malgr\u00e9 les lourdes taxes impos\u00e9es sur les voitures et pi\u00e8ces import\u00e9es du Mexique et du Canada. Toutefois, il reconna\u00eet que son engagement politique a provoqu\u00e9 une r\u00e9action n\u00e9gative.<\/p>\n<p><\/p>\n<figure><img decoding=\"async\" src=\"https:\/\/news.canadamotorjobs.com\/wp-content\/uploads\/2025\/04\/PXL_20240630_212854323-5.jpg\" alt=\"Le Tesla Cybertruck\" \/><figcaption>Le Tesla Cybertruck | Auto123.com<\/figcaption><\/figure>\n<p><strong>Prix en baisse, ventes en chute<\/strong><\/p>\n<p>Tesla attribue la baisse de ses profits \u00e0 la r\u00e9duction des prix des v\u00e9hicules, \u00e0 la baisse des livraisons (-13 %, soit 336 681 unit\u00e9s) et \u00e0 une hausse des d\u00e9penses op\u00e9rationnelles. Les livraisons du Model Y ont notamment souffert de la transition vers une version mise \u00e0 jour de ce mod\u00e8le, en cours de production dans les usines de Californie, du Texas, d\u2019Allemagne et de Chine.<\/p>\n<p><\/p>\n<figure><img decoding=\"async\" src=\"https:\/\/news.canadamotorjobs.com\/wp-content\/uploads\/2025\/04\/tesla_robotaxi_prototype_7-1.jpeg\" alt=\"Prototype Tesla Cybercab (Robotaxi)\" \/><figcaption>Prototype Tesla Cybercab (Robotaxi) | Auto123.com<\/figcaption><\/figure>\n<p><strong>Les projets \u00e0 venir : robotaxi et mod\u00e8les abordables<\/strong><\/p>\n<p>Tesla maintient ses \u00e9ch\u00e9anciers pour ses projets cl\u00e9s qui incluent une nouvelle gamme de v\u00e9hicules plus accessibles pr\u00e9vue pour le d\u00e9but de 2026, ainsi que le Cybercab, un robotaxi autonome utilisant une m\u00e9thode de production r\u00e9volutionnaire, avec un d\u00e9marrage de la production \u00e0 grande \u00e9chelle en 2026.<\/p>\n<p>Le lancement pilote d\u2019un service de robotaxi \u00e0 Austin, au Texas, est toujours pr\u00e9vu pour juin. Musk esp\u00e8re un d\u00e9ploiement national si l\u2019exp\u00e9rience est concluante. Il affirme par ailleurs que les v\u00e9hicules actuels de Tesla pourraient devenir enti\u00e8rement autonomes via une mise \u00e0 jour logicielle avant la fin de l\u2019ann\u00e9e dans certaines villes am\u00e9ricaines.<\/p>\n<p><strong>Wall Street soulag\u00e9e, malgr\u00e9 tout<\/strong><\/p>\n<p>Les analystes s\u2019attendaient \u00e0 des r\u00e9sultats d\u00e9sastreux, mais la hausse de 67 % des revenus li\u00e9s \u00e0 l\u2019\u00e9nergie a amorti la chute. Le b\u00e9n\u00e9fice brut s\u2019est \u00e9tabli \u00e0 16,3 %, au-dessus des pr\u00e9visions (15,8 %), bien qu\u2019en baisse par rapport aux 17,4 % de l\u2019an dernier.<\/p>\n<p>L\u2019action de Tesla a grimp\u00e9 de 5 % apr\u00e8s la cl\u00f4ture des march\u00e9s, port\u00e9e par ces r\u00e9sultats jug\u00e9s \u00ab moins mauvais que pr\u00e9vu \u00bb.<\/p>\n<p><strong>La r\u00e9putation de Musk en question<\/strong><\/p>\n<p>Certains analystes, dont Dan Ives, exhortent Musk \u00e0 se retirer de ses fonctions gouvernementales pour se concentrer \u00e0 nouveau sur Tesla. Selon lui, l\u2019image de la marque a souffert de ses prises de position politiques sur X (ex-Twitter) et de sa pr\u00e9sence au sein de l\u2019administration Trump.<\/p>\n<p><\/p>\n<p style=\"padding-top: 15px\">Contenu original de <a href=\"https:\/\/www.auto123.com\/fr\/actualites\/tesla-baisse-benefice-2025-musk\/72678\/\">auto123<\/a>.<\/p>\n<p>Le texte <a href=\"https:\/\/annuelauto.ca\/tesla-encaisse-une-chute-de-71-de-ses-benefices-nets-au-premier-trimestre-2025\/\">Tesla encaisse une chute de 71 % de ses b\u00e9n\u00e9fices nets au premier trimestre 2025<\/a> provient de <a href=\"https:\/\/annuelauto.ca\">L&#8217;annuel de l&#8217;automobile &#8211; Actualit\u00e9 automobile<\/a><\/p>\n<p><\/p>\n","protected":false},"excerpt":{"rendered":"<p>Tesla a annonc\u00e9 un b\u00e9n\u00e9fice net de 409 millions de dollars pour le premier trimestre de 2025, soit une baisse de 71 % par rapport \u00e0 la m\u00eame p\u00e9riode l\u2019an dernier. Cette contre-performance s\u2019explique par la baisse des ventes mondiales, l\u2019arriv\u00e9e \u00e0 maturit\u00e9 des produits actuels et l\u2019activisme politique d\u2019Elon Musk, selon plusieurs analystes. Les [&hellip;]<\/p>\n","protected":false},"author":8,"featured_media":201929,"comment_status":"close","ping_status":"closed","sticky":false,"template":"","format":"standard","meta":{"_monsterinsights_skip_tracking":false,"_monsterinsights_sitenote_active":false,"_monsterinsights_sitenote_note":"","_monsterinsights_sitenote_category":0,"footnotes":""},"categories":[101],"tags":[],"yoast_head":"<!-- This site is optimized with the Yoast SEO plugin v23.2 - https:\/\/yoast.com\/wordpress\/plugins\/seo\/ -->\n<title>Tesla encaisse une chute de 71 % de ses b\u00e9n\u00e9fices nets au premier trimestre 2025 - CanadaMotorJobs.com<\/title>\n<meta name=\"description\" content=\"Tesla encaisse une chute de 71 % de ses b\u00e9n\u00e9fices nets au premier trimestre 2025 - Benoit Charette - Annuel automobile - CanadaMotorJobs.com.\" \/>\n<meta name=\"robots\" content=\"index, follow, max-snippet:-1, max-image-preview:large, max-video-preview:-1\" \/>\n<meta property=\"og:locale\" content=\"fr_CA\" \/>\n<meta property=\"og:type\" content=\"article\" \/>\n<meta property=\"og:title\" content=\"Tesla encaisse une chute de 71 % de ses b\u00e9n\u00e9fices nets au premier trimestre 2025 - CanadaMotorJobs.com\" \/>\n<meta property=\"og:description\" content=\"Tesla encaisse une chute de 71 % de ses b\u00e9n\u00e9fices nets au premier trimestre 2025 - Benoit Charette - Annuel automobile - CanadaMotorJobs.com.\" \/>\n<meta property=\"og:url\" content=\"https:\/\/news.canadamotorjobs.com\/fr\/tesla-encaisse-une-chute-de-71-de-ses-benefices-nets-au-premier-trimestre-2025\/\" \/>\n<meta property=\"og:site_name\" content=\"CanadaMotorJobs.com\" \/>\n<meta property=\"article:publisher\" content=\"https:\/\/www.facebook.com\/canadamotorjobs\/\" \/>\n<meta property=\"article:published_time\" content=\"2025-04-24T10:31:48+00:00\" \/>\n<meta property=\"article:modified_time\" content=\"2025-04-24T10:44:14+00:00\" \/>\n<meta property=\"og:image\" content=\"https:\/\/news.canadamotorjobs.com\/wp-content\/uploads\/2025\/04\/PXL_20240630_212854323.jpg\" \/>\n\t<meta property=\"og:image:width\" content=\"1200\" \/>\n\t<meta property=\"og:image:height\" content=\"800\" \/>\n\t<meta property=\"og:image:type\" content=\"image\/jpeg\" \/>\n<meta name=\"author\" content=\"Benoit Charette\" \/>\n<meta name=\"twitter:card\" content=\"summary_large_image\" \/>\n<meta name=\"twitter:creator\" content=\"@canadamotorjobs\" \/>\n<meta name=\"twitter:site\" content=\"@canadamotorjobs\" \/>\n<meta name=\"twitter:label1\" content=\"\u00c9crit par\" \/>\n\t<meta name=\"twitter:data1\" content=\"Benoit Charette\" \/>\n\t<meta name=\"twitter:label2\" content=\"Estimation du temps de lecture\" \/>\n\t<meta name=\"twitter:data2\" content=\"3 minutes\" \/>\n<!-- \/ Yoast SEO plugin. -->","yoast_head_json":{"title":"Tesla encaisse une chute de 71 % de ses b\u00e9n\u00e9fices nets au premier trimestre 2025 - CanadaMotorJobs.com","description":"Tesla encaisse une chute de 71 % de ses b\u00e9n\u00e9fices nets au premier trimestre 2025 - Benoit Charette - Annuel automobile - CanadaMotorJobs.com.","robots":{"index":"index","follow":"follow","max-snippet":"max-snippet:-1","max-image-preview":"max-image-preview:large","max-video-preview":"max-video-preview:-1"},"og_locale":"fr_CA","og_type":"article","og_title":"Tesla encaisse une chute de 71 % de ses b\u00e9n\u00e9fices nets au premier trimestre 2025 - CanadaMotorJobs.com","og_description":"Tesla encaisse une chute de 71 % de ses b\u00e9n\u00e9fices nets au premier trimestre 2025 - Benoit Charette - Annuel automobile - CanadaMotorJobs.com.","og_url":"https:\/\/news.canadamotorjobs.com\/fr\/tesla-encaisse-une-chute-de-71-de-ses-benefices-nets-au-premier-trimestre-2025\/","og_site_name":"CanadaMotorJobs.com","article_publisher":"https:\/\/www.facebook.com\/canadamotorjobs\/","article_published_time":"2025-04-24T10:31:48+00:00","article_modified_time":"2025-04-24T10:44:14+00:00","og_image":[{"width":1200,"height":800,"url":"https:\/\/news.canadamotorjobs.com\/wp-content\/uploads\/2025\/04\/PXL_20240630_212854323.jpg","type":"image\/jpeg"}],"author":"Benoit Charette","twitter_card":"summary_large_image","twitter_creator":"@canadamotorjobs","twitter_site":"@canadamotorjobs","twitter_misc":{"\u00c9crit par":"Benoit Charette","Estimation du temps de lecture":"3 minutes"},"schema":{"@context":"https:\/\/schema.org","@graph":[{"@type":"Article","@id":"https:\/\/news.canadamotorjobs.com\/fr\/tesla-encaisse-une-chute-de-71-de-ses-benefices-nets-au-premier-trimestre-2025\/#article","isPartOf":{"@id":"https:\/\/news.canadamotorjobs.com\/fr\/tesla-encaisse-une-chute-de-71-de-ses-benefices-nets-au-premier-trimestre-2025\/"},"author":{"name":"Benoit Charette","@id":"https:\/\/news.canadamotorjobs.com\/#\/schema\/person\/51793d1f87d44011d7bcc2ed99269a90"},"headline":"Tesla encaisse une chute de 71 % de ses b\u00e9n\u00e9fices nets au premier trimestre 2025","datePublished":"2025-04-24T10:31:48+00:00","dateModified":"2025-04-24T10:44:14+00:00","mainEntityOfPage":{"@id":"https:\/\/news.canadamotorjobs.com\/fr\/tesla-encaisse-une-chute-de-71-de-ses-benefices-nets-au-premier-trimestre-2025\/"},"wordCount":635,"publisher":{"@id":"https:\/\/news.canadamotorjobs.com\/#organization"},"image":{"@id":"https:\/\/news.canadamotorjobs.com\/fr\/tesla-encaisse-une-chute-de-71-de-ses-benefices-nets-au-premier-trimestre-2025\/#primaryimage"},"thumbnailUrl":"https:\/\/news.canadamotorjobs.com\/wp-content\/uploads\/2025\/04\/PXL_20240630_212854323.jpg","articleSection":["Annuel automobile"],"inLanguage":"fr-CA"},{"@type":"WebPage","@id":"https:\/\/news.canadamotorjobs.com\/fr\/tesla-encaisse-une-chute-de-71-de-ses-benefices-nets-au-premier-trimestre-2025\/","url":"https:\/\/news.canadamotorjobs.com\/fr\/tesla-encaisse-une-chute-de-71-de-ses-benefices-nets-au-premier-trimestre-2025\/","name":"Tesla encaisse une chute de 71 % de ses b\u00e9n\u00e9fices nets au premier trimestre 2025 - CanadaMotorJobs.com","isPartOf":{"@id":"https:\/\/news.canadamotorjobs.com\/#website"},"primaryImageOfPage":{"@id":"https:\/\/news.canadamotorjobs.com\/fr\/tesla-encaisse-une-chute-de-71-de-ses-benefices-nets-au-premier-trimestre-2025\/#primaryimage"},"image":{"@id":"https:\/\/news.canadamotorjobs.com\/fr\/tesla-encaisse-une-chute-de-71-de-ses-benefices-nets-au-premier-trimestre-2025\/#primaryimage"},"thumbnailUrl":"https:\/\/news.canadamotorjobs.com\/wp-content\/uploads\/2025\/04\/PXL_20240630_212854323.jpg","datePublished":"2025-04-24T10:31:48+00:00","dateModified":"2025-04-24T10:44:14+00:00","description":"Tesla encaisse une chute de 71 % de ses b\u00e9n\u00e9fices nets au premier trimestre 2025 - Benoit Charette - Annuel automobile - CanadaMotorJobs.com.","breadcrumb":{"@id":"https:\/\/news.canadamotorjobs.com\/fr\/tesla-encaisse-une-chute-de-71-de-ses-benefices-nets-au-premier-trimestre-2025\/#breadcrumb"},"inLanguage":"fr-CA","potentialAction":[{"@type":"ReadAction","target":["https:\/\/news.canadamotorjobs.com\/fr\/tesla-encaisse-une-chute-de-71-de-ses-benefices-nets-au-premier-trimestre-2025\/"]}]},{"@type":"ImageObject","inLanguage":"fr-CA","@id":"https:\/\/news.canadamotorjobs.com\/fr\/tesla-encaisse-une-chute-de-71-de-ses-benefices-nets-au-premier-trimestre-2025\/#primaryimage","url":"https:\/\/news.canadamotorjobs.com\/wp-content\/uploads\/2025\/04\/PXL_20240630_212854323.jpg","contentUrl":"https:\/\/news.canadamotorjobs.com\/wp-content\/uploads\/2025\/04\/PXL_20240630_212854323.jpg","width":1200,"height":800},{"@type":"BreadcrumbList","@id":"https:\/\/news.canadamotorjobs.com\/fr\/tesla-encaisse-une-chute-de-71-de-ses-benefices-nets-au-premier-trimestre-2025\/#breadcrumb","itemListElement":[{"@type":"ListItem","position":1,"name":"Home","item":"https:\/\/news.canadamotorjobs.com\/fr\/blog\/"},{"@type":"ListItem","position":2,"name":"Tesla encaisse une chute de 71 % de ses b\u00e9n\u00e9fices nets au premier trimestre 2025"}]},{"@type":"WebSite","@id":"https:\/\/news.canadamotorjobs.com\/#website","url":"https:\/\/news.canadamotorjobs.com\/","name":"CanadaMotorJobs.com","description":"Automotive Jobs","publisher":{"@id":"https:\/\/news.canadamotorjobs.com\/#organization"},"potentialAction":[{"@type":"SearchAction","target":{"@type":"EntryPoint","urlTemplate":"https:\/\/news.canadamotorjobs.com\/?s={search_term_string}"},"query-input":"required name=search_term_string"}],"inLanguage":"fr-CA"},{"@type":"Organization","@id":"https:\/\/news.canadamotorjobs.com\/#organization","name":"Canada Motor Jobs","url":"https:\/\/news.canadamotorjobs.com\/","logo":{"@type":"ImageObject","inLanguage":"fr-CA","@id":"https:\/\/news.canadamotorjobs.com\/#\/schema\/logo\/image\/","url":"https:\/\/news.canadamotorjobs.com\/wp-content\/uploads\/2022\/10\/logo-canada-motor-jobs-1.png","contentUrl":"https:\/\/news.canadamotorjobs.com\/wp-content\/uploads\/2022\/10\/logo-canada-motor-jobs-1.png","width":800,"height":400,"caption":"Canada Motor Jobs"},"image":{"@id":"https:\/\/news.canadamotorjobs.com\/#\/schema\/logo\/image\/"},"sameAs":["https:\/\/www.facebook.com\/canadamotorjobs\/","https:\/\/x.com\/canadamotorjobs","https:\/\/www.instagram.com\/canadamotorjobs\/","https:\/\/www.linkedin.com\/company\/canadamotorjobs"]},{"@type":"Person","@id":"https:\/\/news.canadamotorjobs.com\/#\/schema\/person\/51793d1f87d44011d7bcc2ed99269a90","name":"Benoit Charette","image":{"@type":"ImageObject","inLanguage":"fr-CA","@id":"https:\/\/news.canadamotorjobs.com\/#\/schema\/person\/image\/","url":"https:\/\/secure.gravatar.com\/avatar\/45f3d2eebcccd909668d7ce7ea7267b6?s=96&d=mm&r=g","contentUrl":"https:\/\/secure.gravatar.com\/avatar\/45f3d2eebcccd909668d7ce7ea7267b6?s=96&d=mm&r=g","caption":"Benoit Charette"},"description":"Benoit Charette \/ Propri\u00e9taire et r\u00e9dacteur en chef Benoit Charette pratique le journalisme automobile depuis bient\u00f4t 30 ans. Il a fait ses classes au c\u00f4t\u00e9 de Daniel H\u00e9raud et au Carnet de route de 1992 \u00e0 2001. Il est fondateur, copropri\u00e9taire et r\u00e9dacteur en chef de L\u2019Annuel de l\u2019automobile, qu\u2019il publie depuis 2001. Il a anim\u00e9 les \u00e9missions RPM et RPM+ sur V et les L\u00e9gendes de la route sur Historia. \u00c0 la radio depuis 1986, il reprend l\u2019antenne cette ann\u00e9e sur les ondes de Cogeco et participe pour la deuxi\u00e8me ann\u00e9e \u00e0 l\u2019\u00e9mission Passion Auto sur RDS en plus de mettre en ligne le site Web officiel de L\u2019Annuel de l\u2019automobile sur annuelauto.ca.","sameAs":["https:\/\/annuelauto.ca\/"],"url":"https:\/\/news.canadamotorjobs.com\/fr\/author\/benoit-charette\/"}]}},"_links":{"self":[{"href":"https:\/\/news.canadamotorjobs.com\/fr\/wp-json\/wp\/v2\/posts\/201927"}],"collection":[{"href":"https:\/\/news.canadamotorjobs.com\/fr\/wp-json\/wp\/v2\/posts"}],"about":[{"href":"https:\/\/news.canadamotorjobs.com\/fr\/wp-json\/wp\/v2\/types\/post"}],"author":[{"embeddable":true,"href":"https:\/\/news.canadamotorjobs.com\/fr\/wp-json\/wp\/v2\/users\/8"}],"replies":[{"embeddable":true,"href":"https:\/\/news.canadamotorjobs.com\/fr\/wp-json\/wp\/v2\/comments?post=201927"}],"version-history":[{"count":3,"href":"https:\/\/news.canadamotorjobs.com\/fr\/wp-json\/wp\/v2\/posts\/201927\/revisions"}],"predecessor-version":[{"id":201958,"href":"https:\/\/news.canadamotorjobs.com\/fr\/wp-json\/wp\/v2\/posts\/201927\/revisions\/201958"}],"wp:featuredmedia":[{"embeddable":true,"href":"https:\/\/news.canadamotorjobs.com\/fr\/wp-json\/wp\/v2\/media\/201929"}],"wp:attachment":[{"href":"https:\/\/news.canadamotorjobs.com\/fr\/wp-json\/wp\/v2\/media?parent=201927"}],"wp:term":[{"taxonomy":"category","embeddable":true,"href":"https:\/\/news.canadamotorjobs.com\/fr\/wp-json\/wp\/v2\/categories?post=201927"},{"taxonomy":"post_tag","embeddable":true,"href":"https:\/\/news.canadamotorjobs.com\/fr\/wp-json\/wp\/v2\/tags?post=201927"}],"curies":[{"name":"wp","href":"https:\/\/api.w.org\/{rel}","templated":true}]}}