{"id":201899,"date":"2025-04-24T06:31:49","date_gmt":"2025-04-24T10:31:49","guid":{"rendered":"https:\/\/news.canadamotorjobs.com\/?p=201899"},"modified":"2025-04-24T06:43:58","modified_gmt":"2025-04-24T10:43:58","slug":"production-relancee-dans-lincertitude-a-lusine-stellantis-de-windsor","status":"publish","type":"post","link":"https:\/\/news.canadamotorjobs.com\/fr\/production-relancee-dans-lincertitude-a-lusine-stellantis-de-windsor\/","title":{"rendered":"Production relanc\u00e9e dans l\u2019incertitude \u00e0 l\u2019usine Stellantis de Windsor"},"content":{"rendered":"<\/p>\n<p>Il y a un peu plus de deux semaines, Stellantis avisait qu\u2019elle cessait temporairement les activit\u00e9s \u00e0 son usine canadienne de Windsor, en Ontario, \u00e0 la suite de l\u2019annonce du pr\u00e9sident am\u00e9ricain Donald Trump concernant les tarifs de 25 % touchant les v\u00e9hicules import\u00e9s aux \u00c9tats-Unis. La compagnie avait alors mentionn\u00e9 que la pause allait \u00eatre de deux semaines.<\/p>\n<p>Ainsi, la production a \u00e9t\u00e9 relanc\u00e9e cette semaine. Le fabricant a pass\u00e9 les deux derni\u00e8res \u00e0 examiner et \u00e0 \u00e9valuer les effets des tarifs insens\u00e9s de l\u2019administration am\u00e9ricaine.<\/p>\n<p>La compagnie a \u00e9galement rappel\u00e9 cette semaine plus de la moiti\u00e9 des 900 travailleurs qu\u2019elle avait temporairement licenci\u00e9s dans ses usines am\u00e9ricaines du Michigan et de l\u2019Indiana.<\/p>\n<p>Les travailleurs am\u00e9ricains sont n\u00e9cessaires pour soutenir la production de l\u2019usine d\u2019assemblage de Windsor qui produit les fourgonnettes Chrysler Pacifica et Voyager ainsi que la Dodge Charger Daytona.<\/p>\n<p><\/p>\n<figure><img decoding=\"async\" src=\"https:\/\/news.canadamotorjobs.com\/wp-content\/uploads\/2025\/04\/2024-dodge-charger-ev_15-5.jpg\" alt=\"La Dodge Charger Daytona\" \/><figcaption>La Dodge Charger Daytona | Auto123.com<\/figcaption><\/figure>\n<p>Stellantis avait aussi arr\u00eat\u00e9 la production \u00e0 son usine d\u2019assemblage de Toluca au Mexique quelques heures apr\u00e8s que le pr\u00e9sident Trump ait impos\u00e9 des droits de douane de 25 % sur les v\u00e9hicules fabriqu\u00e9s \u00e0 l\u2019\u00e9tranger le 3 avril. L\u00e0-bas, le constructeur fabrique le Jeep Compass et le Jeep Wagoneer S.<\/p>\n<p>Nous allons bien s\u00fbr suivre cette situation de pr\u00e8s, car si les tarifs demeurent en place longtemps, d\u2019autres fermetures ou pauses dans la production sont \u00e0 pr\u00e9voir. L\u2019industrie automobile telle qu\u2019elle fonctionne ne peut pas survivre longtemps avec les tarifs impos\u00e9s.<\/p>\n<p>Et c\u2019est sans compter les r\u00e9percussions sur les consommateurs, qui vont devoir tr\u00e8s bient\u00f4t payer beaucoup plus pour se procurer un v\u00e9hicule.<\/p>\n<p><\/p>\n<p style=\"padding-top: 15px\">Contenu original de <a href=\"https:\/\/www.auto123.com\/fr\/actualites\/stellantis-usine-windsor-production-relancee\/72677\/\">auto123<\/a>.<\/p>\n<p>Le texte <a href=\"https:\/\/annuelauto.ca\/production-relancee-dans-lincertitude-a-lusine-stellantis-de-windsor\/\">Production relanc\u00e9e dans l\u2019incertitude \u00e0 l\u2019usine Stellantis de Windsor<\/a> provient de <a href=\"https:\/\/annuelauto.ca\">L&#8217;annuel de l&#8217;automobile &#8211; Actualit\u00e9 automobile<\/a><\/p>\n<p><\/p>\n","protected":false},"excerpt":{"rendered":"<p>Il y a un peu plus de deux semaines, Stellantis avisait qu\u2019elle cessait temporairement les activit\u00e9s \u00e0 son usine canadienne de Windsor, en Ontario, \u00e0 la suite de l\u2019annonce du pr\u00e9sident am\u00e9ricain Donald Trump concernant les tarifs de 25 % touchant les v\u00e9hicules import\u00e9s aux \u00c9tats-Unis. La compagnie avait alors mentionn\u00e9 que la pause allait [&hellip;]<\/p>\n","protected":false},"author":8,"featured_media":201901,"comment_status":"close","ping_status":"closed","sticky":false,"template":"","format":"standard","meta":{"_monsterinsights_skip_tracking":false,"_monsterinsights_sitenote_active":false,"_monsterinsights_sitenote_note":"","_monsterinsights_sitenote_category":0,"footnotes":""},"categories":[101],"tags":[],"yoast_head":"<!-- This site is optimized with the Yoast SEO plugin v23.2 - https:\/\/yoast.com\/wordpress\/plugins\/seo\/ -->\n<title>Production relanc\u00e9e dans l\u2019incertitude \u00e0 l\u2019usine Stellantis de Windsor - CanadaMotorJobs.com<\/title>\n<meta name=\"description\" content=\"Production relanc\u00e9e dans l\u2019incertitude \u00e0 l\u2019usine Stellantis de Windsor - Benoit Charette - Annuel automobile - CanadaMotorJobs.com.\" \/>\n<meta name=\"robots\" content=\"index, follow, max-snippet:-1, max-image-preview:large, max-video-preview:-1\" \/>\n<meta property=\"og:locale\" content=\"fr_CA\" \/>\n<meta property=\"og:type\" content=\"article\" \/>\n<meta property=\"og:title\" content=\"Production relanc\u00e9e dans l\u2019incertitude \u00e0 l\u2019usine Stellantis de Windsor - CanadaMotorJobs.com\" \/>\n<meta property=\"og:description\" content=\"Production relanc\u00e9e dans l\u2019incertitude \u00e0 l\u2019usine Stellantis de Windsor - Benoit Charette - Annuel automobile - CanadaMotorJobs.com.\" \/>\n<meta property=\"og:url\" content=\"https:\/\/news.canadamotorjobs.com\/fr\/production-relancee-dans-lincertitude-a-lusine-stellantis-de-windsor\/\" \/>\n<meta property=\"og:site_name\" content=\"CanadaMotorJobs.com\" \/>\n<meta property=\"article:publisher\" content=\"https:\/\/www.facebook.com\/canadamotorjobs\/\" \/>\n<meta property=\"article:published_time\" content=\"2025-04-24T10:31:49+00:00\" \/>\n<meta property=\"article:modified_time\" content=\"2025-04-24T10:43:58+00:00\" \/>\n<meta property=\"og:image\" content=\"https:\/\/news.canadamotorjobs.com\/wp-content\/uploads\/2025\/04\/2024-dodge-charger-ev_15.jpg\" \/>\n\t<meta property=\"og:image:width\" content=\"1200\" \/>\n\t<meta property=\"og:image:height\" content=\"800\" \/>\n\t<meta property=\"og:image:type\" content=\"image\/jpeg\" \/>\n<meta name=\"author\" content=\"Benoit Charette\" \/>\n<meta name=\"twitter:card\" content=\"summary_large_image\" \/>\n<meta name=\"twitter:creator\" content=\"@canadamotorjobs\" \/>\n<meta name=\"twitter:site\" content=\"@canadamotorjobs\" \/>\n<meta name=\"twitter:label1\" content=\"\u00c9crit par\" \/>\n\t<meta name=\"twitter:data1\" content=\"Benoit Charette\" \/>\n\t<meta name=\"twitter:label2\" content=\"Estimation du temps de lecture\" \/>\n\t<meta name=\"twitter:data2\" content=\"2 minutes\" \/>\n<!-- \/ Yoast SEO plugin. -->","yoast_head_json":{"title":"Production relanc\u00e9e dans l\u2019incertitude \u00e0 l\u2019usine Stellantis de Windsor - CanadaMotorJobs.com","description":"Production relanc\u00e9e dans l\u2019incertitude \u00e0 l\u2019usine Stellantis de Windsor - Benoit Charette - Annuel automobile - CanadaMotorJobs.com.","robots":{"index":"index","follow":"follow","max-snippet":"max-snippet:-1","max-image-preview":"max-image-preview:large","max-video-preview":"max-video-preview:-1"},"og_locale":"fr_CA","og_type":"article","og_title":"Production relanc\u00e9e dans l\u2019incertitude \u00e0 l\u2019usine Stellantis de Windsor - CanadaMotorJobs.com","og_description":"Production relanc\u00e9e dans l\u2019incertitude \u00e0 l\u2019usine Stellantis de Windsor - Benoit Charette - Annuel automobile - CanadaMotorJobs.com.","og_url":"https:\/\/news.canadamotorjobs.com\/fr\/production-relancee-dans-lincertitude-a-lusine-stellantis-de-windsor\/","og_site_name":"CanadaMotorJobs.com","article_publisher":"https:\/\/www.facebook.com\/canadamotorjobs\/","article_published_time":"2025-04-24T10:31:49+00:00","article_modified_time":"2025-04-24T10:43:58+00:00","og_image":[{"width":1200,"height":800,"url":"https:\/\/news.canadamotorjobs.com\/wp-content\/uploads\/2025\/04\/2024-dodge-charger-ev_15.jpg","type":"image\/jpeg"}],"author":"Benoit Charette","twitter_card":"summary_large_image","twitter_creator":"@canadamotorjobs","twitter_site":"@canadamotorjobs","twitter_misc":{"\u00c9crit par":"Benoit Charette","Estimation du temps de lecture":"2 minutes"},"schema":{"@context":"https:\/\/schema.org","@graph":[{"@type":"Article","@id":"https:\/\/news.canadamotorjobs.com\/fr\/production-relancee-dans-lincertitude-a-lusine-stellantis-de-windsor\/#article","isPartOf":{"@id":"https:\/\/news.canadamotorjobs.com\/fr\/production-relancee-dans-lincertitude-a-lusine-stellantis-de-windsor\/"},"author":{"name":"Benoit Charette","@id":"https:\/\/news.canadamotorjobs.com\/#\/schema\/person\/51793d1f87d44011d7bcc2ed99269a90"},"headline":"Production relanc\u00e9e dans l\u2019incertitude \u00e0 l\u2019usine Stellantis de Windsor","datePublished":"2025-04-24T10:31:49+00:00","dateModified":"2025-04-24T10:43:58+00:00","mainEntityOfPage":{"@id":"https:\/\/news.canadamotorjobs.com\/fr\/production-relancee-dans-lincertitude-a-lusine-stellantis-de-windsor\/"},"wordCount":327,"publisher":{"@id":"https:\/\/news.canadamotorjobs.com\/#organization"},"image":{"@id":"https:\/\/news.canadamotorjobs.com\/fr\/production-relancee-dans-lincertitude-a-lusine-stellantis-de-windsor\/#primaryimage"},"thumbnailUrl":"https:\/\/news.canadamotorjobs.com\/wp-content\/uploads\/2025\/04\/2024-dodge-charger-ev_15.jpg","articleSection":["Annuel automobile"],"inLanguage":"fr-CA"},{"@type":"WebPage","@id":"https:\/\/news.canadamotorjobs.com\/fr\/production-relancee-dans-lincertitude-a-lusine-stellantis-de-windsor\/","url":"https:\/\/news.canadamotorjobs.com\/fr\/production-relancee-dans-lincertitude-a-lusine-stellantis-de-windsor\/","name":"Production relanc\u00e9e dans l\u2019incertitude \u00e0 l\u2019usine Stellantis de Windsor - CanadaMotorJobs.com","isPartOf":{"@id":"https:\/\/news.canadamotorjobs.com\/#website"},"primaryImageOfPage":{"@id":"https:\/\/news.canadamotorjobs.com\/fr\/production-relancee-dans-lincertitude-a-lusine-stellantis-de-windsor\/#primaryimage"},"image":{"@id":"https:\/\/news.canadamotorjobs.com\/fr\/production-relancee-dans-lincertitude-a-lusine-stellantis-de-windsor\/#primaryimage"},"thumbnailUrl":"https:\/\/news.canadamotorjobs.com\/wp-content\/uploads\/2025\/04\/2024-dodge-charger-ev_15.jpg","datePublished":"2025-04-24T10:31:49+00:00","dateModified":"2025-04-24T10:43:58+00:00","description":"Production relanc\u00e9e dans l\u2019incertitude \u00e0 l\u2019usine Stellantis de Windsor - Benoit Charette - Annuel automobile - CanadaMotorJobs.com.","breadcrumb":{"@id":"https:\/\/news.canadamotorjobs.com\/fr\/production-relancee-dans-lincertitude-a-lusine-stellantis-de-windsor\/#breadcrumb"},"inLanguage":"fr-CA","potentialAction":[{"@type":"ReadAction","target":["https:\/\/news.canadamotorjobs.com\/fr\/production-relancee-dans-lincertitude-a-lusine-stellantis-de-windsor\/"]}]},{"@type":"ImageObject","inLanguage":"fr-CA","@id":"https:\/\/news.canadamotorjobs.com\/fr\/production-relancee-dans-lincertitude-a-lusine-stellantis-de-windsor\/#primaryimage","url":"https:\/\/news.canadamotorjobs.com\/wp-content\/uploads\/2025\/04\/2024-dodge-charger-ev_15.jpg","contentUrl":"https:\/\/news.canadamotorjobs.com\/wp-content\/uploads\/2025\/04\/2024-dodge-charger-ev_15.jpg","width":1200,"height":800},{"@type":"BreadcrumbList","@id":"https:\/\/news.canadamotorjobs.com\/fr\/production-relancee-dans-lincertitude-a-lusine-stellantis-de-windsor\/#breadcrumb","itemListElement":[{"@type":"ListItem","position":1,"name":"Home","item":"https:\/\/news.canadamotorjobs.com\/fr\/blog\/"},{"@type":"ListItem","position":2,"name":"Production relanc\u00e9e dans l\u2019incertitude \u00e0 l\u2019usine Stellantis de Windsor"}]},{"@type":"WebSite","@id":"https:\/\/news.canadamotorjobs.com\/#website","url":"https:\/\/news.canadamotorjobs.com\/","name":"CanadaMotorJobs.com","description":"Automotive Jobs","publisher":{"@id":"https:\/\/news.canadamotorjobs.com\/#organization"},"potentialAction":[{"@type":"SearchAction","target":{"@type":"EntryPoint","urlTemplate":"https:\/\/news.canadamotorjobs.com\/?s={search_term_string}"},"query-input":"required name=search_term_string"}],"inLanguage":"fr-CA"},{"@type":"Organization","@id":"https:\/\/news.canadamotorjobs.com\/#organization","name":"Canada Motor Jobs","url":"https:\/\/news.canadamotorjobs.com\/","logo":{"@type":"ImageObject","inLanguage":"fr-CA","@id":"https:\/\/news.canadamotorjobs.com\/#\/schema\/logo\/image\/","url":"https:\/\/news.canadamotorjobs.com\/wp-content\/uploads\/2022\/10\/logo-canada-motor-jobs-1.png","contentUrl":"https:\/\/news.canadamotorjobs.com\/wp-content\/uploads\/2022\/10\/logo-canada-motor-jobs-1.png","width":800,"height":400,"caption":"Canada Motor Jobs"},"image":{"@id":"https:\/\/news.canadamotorjobs.com\/#\/schema\/logo\/image\/"},"sameAs":["https:\/\/www.facebook.com\/canadamotorjobs\/","https:\/\/x.com\/canadamotorjobs","https:\/\/www.instagram.com\/canadamotorjobs\/","https:\/\/www.linkedin.com\/company\/canadamotorjobs"]},{"@type":"Person","@id":"https:\/\/news.canadamotorjobs.com\/#\/schema\/person\/51793d1f87d44011d7bcc2ed99269a90","name":"Benoit Charette","image":{"@type":"ImageObject","inLanguage":"fr-CA","@id":"https:\/\/news.canadamotorjobs.com\/#\/schema\/person\/image\/","url":"https:\/\/secure.gravatar.com\/avatar\/45f3d2eebcccd909668d7ce7ea7267b6?s=96&d=mm&r=g","contentUrl":"https:\/\/secure.gravatar.com\/avatar\/45f3d2eebcccd909668d7ce7ea7267b6?s=96&d=mm&r=g","caption":"Benoit Charette"},"description":"Benoit Charette \/ Propri\u00e9taire et r\u00e9dacteur en chef Benoit Charette pratique le journalisme automobile depuis bient\u00f4t 30 ans. Il a fait ses classes au c\u00f4t\u00e9 de Daniel H\u00e9raud et au Carnet de route de 1992 \u00e0 2001. Il est fondateur, copropri\u00e9taire et r\u00e9dacteur en chef de L\u2019Annuel de l\u2019automobile, qu\u2019il publie depuis 2001. Il a anim\u00e9 les \u00e9missions RPM et RPM+ sur V et les L\u00e9gendes de la route sur Historia. \u00c0 la radio depuis 1986, il reprend l\u2019antenne cette ann\u00e9e sur les ondes de Cogeco et participe pour la deuxi\u00e8me ann\u00e9e \u00e0 l\u2019\u00e9mission Passion Auto sur RDS en plus de mettre en ligne le site Web officiel de L\u2019Annuel de l\u2019automobile sur annuelauto.ca.","sameAs":["https:\/\/annuelauto.ca\/"],"url":"https:\/\/news.canadamotorjobs.com\/fr\/author\/benoit-charette\/"}]}},"_links":{"self":[{"href":"https:\/\/news.canadamotorjobs.com\/fr\/wp-json\/wp\/v2\/posts\/201899"}],"collection":[{"href":"https:\/\/news.canadamotorjobs.com\/fr\/wp-json\/wp\/v2\/posts"}],"about":[{"href":"https:\/\/news.canadamotorjobs.com\/fr\/wp-json\/wp\/v2\/types\/post"}],"author":[{"embeddable":true,"href":"https:\/\/news.canadamotorjobs.com\/fr\/wp-json\/wp\/v2\/users\/8"}],"replies":[{"embeddable":true,"href":"https:\/\/news.canadamotorjobs.com\/fr\/wp-json\/wp\/v2\/comments?post=201899"}],"version-history":[{"count":3,"href":"https:\/\/news.canadamotorjobs.com\/fr\/wp-json\/wp\/v2\/posts\/201899\/revisions"}],"predecessor-version":[{"id":201926,"href":"https:\/\/news.canadamotorjobs.com\/fr\/wp-json\/wp\/v2\/posts\/201899\/revisions\/201926"}],"wp:featuredmedia":[{"embeddable":true,"href":"https:\/\/news.canadamotorjobs.com\/fr\/wp-json\/wp\/v2\/media\/201901"}],"wp:attachment":[{"href":"https:\/\/news.canadamotorjobs.com\/fr\/wp-json\/wp\/v2\/media?parent=201899"}],"wp:term":[{"taxonomy":"category","embeddable":true,"href":"https:\/\/news.canadamotorjobs.com\/fr\/wp-json\/wp\/v2\/categories?post=201899"},{"taxonomy":"post_tag","embeddable":true,"href":"https:\/\/news.canadamotorjobs.com\/fr\/wp-json\/wp\/v2\/tags?post=201899"}],"curies":[{"name":"wp","href":"https:\/\/api.w.org\/{rel}","templated":true}]}}