{"id":200364,"date":"2025-04-04T06:56:33","date_gmt":"2025-04-04T10:56:33","guid":{"rendered":"https:\/\/news.canadamotorjobs.com\/?p=200364"},"modified":"2025-04-04T06:59:28","modified_gmt":"2025-04-04T10:59:28","slug":"volkswagen-prevoit-dindiquer-le-prix-des-tarifs-sur-les-etiquettes-de-ses-vehicules-aux-etats-unis","status":"publish","type":"post","link":"https:\/\/news.canadamotorjobs.com\/fr\/volkswagen-prevoit-dindiquer-le-prix-des-tarifs-sur-les-etiquettes-de-ses-vehicules-aux-etats-unis\/","title":{"rendered":"Volkswagen pr\u00e9voit d\u2019indiquer le prix des tarifs sur les \u00e9tiquettes de ses v\u00e9hicules aux \u00c9tats-Unis"},"content":{"rendered":"<p><img loading=\"lazy\" decoding=\"async\" width=\"1200\" height=\"746\" src=\"https:\/\/annuelauto.ca\/wp-content\/uploads\/2025\/04\/volkswagen-puebla-plant-mexico.jpg\" class=\"attachment-post-thumbnail size-post-thumbnail wp-post-image\" alt=\"\" \/><\/p>\n<p>Volkswagen Am\u00e9rique va indiquer sur les \u00e9tiquettes d\u00e9crivant le prix de ses v\u00e9hicules neufs les frais de douanes qui viennent d\u2019\u00eatre impos\u00e9s aux mod\u00e8les qui sont fabriqu\u00e9s \u00e0 l\u2019ext\u00e9rieur et import\u00e9s aux \u00c9tats-Unis.<\/p>\n<p>La compagnie a aussi confirm\u00e9 qu\u2019elle avait interrompu les transports ferroviaires de v\u00e9hicules construits au Mexique vers les \u00c9tats-Unis. C\u2019est ce que rapporte Automotive News, selon qui cette information a \u00e9t\u00e9 transmise aux concessionnaires via une communication interne. Le transport par bateau depuis l\u2019usine de Puebla, au Mexique, ainsi que de l\u2019Europe se poursuit comme pr\u00e9vu.<\/p>\n<p>Le constructeur a mentionn\u00e9 qu\u2019il s\u2019attendait \u00e0 ce que les tarifs aient un impact sur les prix des v\u00e9hicules import\u00e9s du Mexique et d\u2019Europe \u00e0 partir du 3 avril. La communication interne, dat\u00e9e du 1er avril, indique que la production \u00e0 l\u2019usine d\u2019assemblage de Chattanooga, au Tennessee, sera \u00e9galement affect\u00e9e, sans pr\u00e9ciser de quelle fa\u00e7on.<\/p>\n<p><\/p>\n<figure><figcaption>Dans l&#8217;usine de Volkswagen de Puebla, au Mexique | Auto123.com<\/figcaption><\/figure>\n<p><strong>Trois mod\u00e8les au Mexique<\/strong><\/p>\n<p>Volkswagen fabrique trois mod\u00e8les au Mexique, tous destin\u00e9s au march\u00e9 nord-am\u00e9ricain. Il s\u2019agit de la berline Jetta, ainsi que des VUS Taos et Tiguan, ce dernier \u00e9tant le produit le plus vendu de la marque chez nos voisins.<\/p>\n<p>Volkswagen n\u2019a pas encore statu\u00e9 sur les augmentations pr\u00e9cises qui toucheront chaque mod\u00e8le, car elle \u00e9tudie toujours la fa\u00e7on dont les tarifs vont impacter chacun de ses produits.<\/p>\n<p>Comme l\u2019ont fait d\u2019autres compagnies, Volkswagen a fait le plein avant l\u2019entr\u00e9e en vigueur des tarifs, si bien qu\u2019elle dispose d\u2019un stock de 50 \u00e0 60 jours. C\u2019est toutefois semblable \u00e0 ce qu\u2019elle a habituellement en r\u00e9serve.<\/p>\n<p>Pour le moment, tout v\u00e9hicule qui va arriver de l\u2019ext\u00e9rieur dans un port am\u00e9ricain y sera retenu et ne sera pas trait\u00e9 imm\u00e9diatement ni livr\u00e9 aux concessionnaires. La compagnie \u00e9tudie assur\u00e9ment ses options. Elle pr\u00e9voit avoir une r\u00e9ponse \u00e0 offrir \u00e0 la mi-avril.<\/p>\n<p>\u00c0 son usine du Tennessee, Volkswagen fabrique les VUS Atlas et Atlas Cross Sport, ainsi que le VUS \u00e9lectrique ID.4. En principe, ces mod\u00e8les ne devraient pas \u00eatre touch\u00e9s, mais verra-t-on la compagnie r\u00e9partir les frais des tarifs \u00e0 travers sa gamme, afin de ne pas p\u00e9naliser certains mod\u00e8les ? Ce sera \u00e0 voir.<\/p>\n<p>Le nouveau VUS \u00e9lectrique ID. Buzz et les Golf GTI et Golf R sont assembl\u00e9es en Europe et assujettis aux tarifs.<\/p>\n<p><\/p>\n<p style=\"padding-top: 15px\">Contenu original de <a href=\"https:\/\/www.auto123.com\/fr\/actualites\/volkswagen-prix-tarifs-auto-etiquettes\/72602\/\">auto123<\/a>.<\/p>\n<p>Le texte <a href=\"https:\/\/annuelauto.ca\/volkswagen-prevoit-dindiquer-le-prix-des-tarifs-sur-les-etiquettes-de-ses-vehicules-aux-etats-unis\/\">Volkswagen pr\u00e9voit d\u2019indiquer le prix des tarifs sur les \u00e9tiquettes de ses v\u00e9hicules aux \u00c9tats-Unis<\/a> provient de <a href=\"https:\/\/annuelauto.ca\">L&#8217;annuel de l&#8217;automobile &#8211; Actualit\u00e9 automobile<\/a><\/p>\n<p><\/p>\n","protected":false},"excerpt":{"rendered":"<p>Volkswagen Am\u00e9rique va indiquer sur les \u00e9tiquettes d\u00e9crivant le prix de ses v\u00e9hicules neufs les frais de douanes qui viennent d\u2019\u00eatre impos\u00e9s aux mod\u00e8les qui sont fabriqu\u00e9s \u00e0 l\u2019ext\u00e9rieur et import\u00e9s aux \u00c9tats-Unis. La compagnie a aussi confirm\u00e9 qu\u2019elle avait interrompu les transports ferroviaires de v\u00e9hicules construits au Mexique vers les \u00c9tats-Unis. C\u2019est ce que [&hellip;]<\/p>\n","protected":false},"author":8,"featured_media":200366,"comment_status":"close","ping_status":"closed","sticky":false,"template":"","format":"standard","meta":{"_monsterinsights_skip_tracking":false,"_monsterinsights_sitenote_active":false,"_monsterinsights_sitenote_note":"","_monsterinsights_sitenote_category":0,"footnotes":""},"categories":[101],"tags":[],"yoast_head":"<!-- This site is optimized with the Yoast SEO plugin v23.2 - https:\/\/yoast.com\/wordpress\/plugins\/seo\/ -->\n<title>Volkswagen pr\u00e9voit d\u2019indiquer le prix des tarifs sur les \u00e9tiquettes de ses v\u00e9hicules aux \u00c9tats-Unis - CanadaMotorJobs.com<\/title>\n<meta name=\"description\" content=\"Volkswagen pr\u00e9voit d\u2019indiquer le prix des tarifs sur les \u00e9tiquettes de ses v\u00e9hicules aux \u00c9tats-Unis - Benoit Charette - Annuel automobile - CanadaMotorJobs.com.\" \/>\n<meta name=\"robots\" content=\"index, follow, max-snippet:-1, max-image-preview:large, max-video-preview:-1\" \/>\n<meta property=\"og:locale\" content=\"fr_CA\" \/>\n<meta property=\"og:type\" content=\"article\" \/>\n<meta property=\"og:title\" content=\"Volkswagen pr\u00e9voit d\u2019indiquer le prix des tarifs sur les \u00e9tiquettes de ses v\u00e9hicules aux \u00c9tats-Unis - CanadaMotorJobs.com\" \/>\n<meta property=\"og:description\" content=\"Volkswagen pr\u00e9voit d\u2019indiquer le prix des tarifs sur les \u00e9tiquettes de ses v\u00e9hicules aux \u00c9tats-Unis - Benoit Charette - Annuel automobile - CanadaMotorJobs.com.\" \/>\n<meta property=\"og:url\" content=\"https:\/\/news.canadamotorjobs.com\/fr\/volkswagen-prevoit-dindiquer-le-prix-des-tarifs-sur-les-etiquettes-de-ses-vehicules-aux-etats-unis\/\" \/>\n<meta property=\"og:site_name\" content=\"CanadaMotorJobs.com\" \/>\n<meta property=\"article:publisher\" content=\"https:\/\/www.facebook.com\/canadamotorjobs\/\" \/>\n<meta property=\"article:published_time\" content=\"2025-04-04T10:56:33+00:00\" \/>\n<meta property=\"article:modified_time\" content=\"2025-04-04T10:59:28+00:00\" \/>\n<meta property=\"og:image\" content=\"https:\/\/news.canadamotorjobs.com\/wp-content\/uploads\/2025\/04\/volkswagen-puebla-plant-mexico.jpg\" \/>\n\t<meta property=\"og:image:width\" content=\"1200\" \/>\n\t<meta property=\"og:image:height\" content=\"746\" \/>\n\t<meta property=\"og:image:type\" content=\"image\/jpeg\" \/>\n<meta name=\"author\" content=\"Benoit Charette\" \/>\n<meta name=\"twitter:card\" content=\"summary_large_image\" \/>\n<meta name=\"twitter:creator\" content=\"@canadamotorjobs\" \/>\n<meta name=\"twitter:site\" content=\"@canadamotorjobs\" \/>\n<meta name=\"twitter:label1\" content=\"\u00c9crit par\" \/>\n\t<meta name=\"twitter:data1\" content=\"Benoit Charette\" \/>\n\t<meta name=\"twitter:label2\" content=\"Estimation du temps de lecture\" \/>\n\t<meta name=\"twitter:data2\" content=\"2 minutes\" \/>\n<!-- \/ Yoast SEO plugin. -->","yoast_head_json":{"title":"Volkswagen pr\u00e9voit d\u2019indiquer le prix des tarifs sur les \u00e9tiquettes de ses v\u00e9hicules aux \u00c9tats-Unis - CanadaMotorJobs.com","description":"Volkswagen pr\u00e9voit d\u2019indiquer le prix des tarifs sur les \u00e9tiquettes de ses v\u00e9hicules aux \u00c9tats-Unis - Benoit Charette - Annuel automobile - CanadaMotorJobs.com.","robots":{"index":"index","follow":"follow","max-snippet":"max-snippet:-1","max-image-preview":"max-image-preview:large","max-video-preview":"max-video-preview:-1"},"og_locale":"fr_CA","og_type":"article","og_title":"Volkswagen pr\u00e9voit d\u2019indiquer le prix des tarifs sur les \u00e9tiquettes de ses v\u00e9hicules aux \u00c9tats-Unis - CanadaMotorJobs.com","og_description":"Volkswagen pr\u00e9voit d\u2019indiquer le prix des tarifs sur les \u00e9tiquettes de ses v\u00e9hicules aux \u00c9tats-Unis - Benoit Charette - Annuel automobile - CanadaMotorJobs.com.","og_url":"https:\/\/news.canadamotorjobs.com\/fr\/volkswagen-prevoit-dindiquer-le-prix-des-tarifs-sur-les-etiquettes-de-ses-vehicules-aux-etats-unis\/","og_site_name":"CanadaMotorJobs.com","article_publisher":"https:\/\/www.facebook.com\/canadamotorjobs\/","article_published_time":"2025-04-04T10:56:33+00:00","article_modified_time":"2025-04-04T10:59:28+00:00","og_image":[{"width":1200,"height":746,"url":"https:\/\/news.canadamotorjobs.com\/wp-content\/uploads\/2025\/04\/volkswagen-puebla-plant-mexico.jpg","type":"image\/jpeg"}],"author":"Benoit Charette","twitter_card":"summary_large_image","twitter_creator":"@canadamotorjobs","twitter_site":"@canadamotorjobs","twitter_misc":{"\u00c9crit par":"Benoit Charette","Estimation du temps de lecture":"2 minutes"},"schema":{"@context":"https:\/\/schema.org","@graph":[{"@type":"Article","@id":"https:\/\/news.canadamotorjobs.com\/fr\/volkswagen-prevoit-dindiquer-le-prix-des-tarifs-sur-les-etiquettes-de-ses-vehicules-aux-etats-unis\/#article","isPartOf":{"@id":"https:\/\/news.canadamotorjobs.com\/fr\/volkswagen-prevoit-dindiquer-le-prix-des-tarifs-sur-les-etiquettes-de-ses-vehicules-aux-etats-unis\/"},"author":{"name":"Benoit Charette","@id":"https:\/\/news.canadamotorjobs.com\/#\/schema\/person\/51793d1f87d44011d7bcc2ed99269a90"},"headline":"Volkswagen pr\u00e9voit d\u2019indiquer le prix des tarifs sur les \u00e9tiquettes de ses v\u00e9hicules aux \u00c9tats-Unis","datePublished":"2025-04-04T10:56:33+00:00","dateModified":"2025-04-04T10:59:28+00:00","mainEntityOfPage":{"@id":"https:\/\/news.canadamotorjobs.com\/fr\/volkswagen-prevoit-dindiquer-le-prix-des-tarifs-sur-les-etiquettes-de-ses-vehicules-aux-etats-unis\/"},"wordCount":476,"publisher":{"@id":"https:\/\/news.canadamotorjobs.com\/#organization"},"image":{"@id":"https:\/\/news.canadamotorjobs.com\/fr\/volkswagen-prevoit-dindiquer-le-prix-des-tarifs-sur-les-etiquettes-de-ses-vehicules-aux-etats-unis\/#primaryimage"},"thumbnailUrl":"https:\/\/news.canadamotorjobs.com\/wp-content\/uploads\/2025\/04\/volkswagen-puebla-plant-mexico.jpg","articleSection":["Annuel automobile"],"inLanguage":"fr-CA"},{"@type":"WebPage","@id":"https:\/\/news.canadamotorjobs.com\/fr\/volkswagen-prevoit-dindiquer-le-prix-des-tarifs-sur-les-etiquettes-de-ses-vehicules-aux-etats-unis\/","url":"https:\/\/news.canadamotorjobs.com\/fr\/volkswagen-prevoit-dindiquer-le-prix-des-tarifs-sur-les-etiquettes-de-ses-vehicules-aux-etats-unis\/","name":"Volkswagen pr\u00e9voit d\u2019indiquer le prix des tarifs sur les \u00e9tiquettes de ses v\u00e9hicules aux \u00c9tats-Unis - CanadaMotorJobs.com","isPartOf":{"@id":"https:\/\/news.canadamotorjobs.com\/#website"},"primaryImageOfPage":{"@id":"https:\/\/news.canadamotorjobs.com\/fr\/volkswagen-prevoit-dindiquer-le-prix-des-tarifs-sur-les-etiquettes-de-ses-vehicules-aux-etats-unis\/#primaryimage"},"image":{"@id":"https:\/\/news.canadamotorjobs.com\/fr\/volkswagen-prevoit-dindiquer-le-prix-des-tarifs-sur-les-etiquettes-de-ses-vehicules-aux-etats-unis\/#primaryimage"},"thumbnailUrl":"https:\/\/news.canadamotorjobs.com\/wp-content\/uploads\/2025\/04\/volkswagen-puebla-plant-mexico.jpg","datePublished":"2025-04-04T10:56:33+00:00","dateModified":"2025-04-04T10:59:28+00:00","description":"Volkswagen pr\u00e9voit d\u2019indiquer le prix des tarifs sur les \u00e9tiquettes de ses v\u00e9hicules aux \u00c9tats-Unis - Benoit Charette - Annuel automobile - CanadaMotorJobs.com.","breadcrumb":{"@id":"https:\/\/news.canadamotorjobs.com\/fr\/volkswagen-prevoit-dindiquer-le-prix-des-tarifs-sur-les-etiquettes-de-ses-vehicules-aux-etats-unis\/#breadcrumb"},"inLanguage":"fr-CA","potentialAction":[{"@type":"ReadAction","target":["https:\/\/news.canadamotorjobs.com\/fr\/volkswagen-prevoit-dindiquer-le-prix-des-tarifs-sur-les-etiquettes-de-ses-vehicules-aux-etats-unis\/"]}]},{"@type":"ImageObject","inLanguage":"fr-CA","@id":"https:\/\/news.canadamotorjobs.com\/fr\/volkswagen-prevoit-dindiquer-le-prix-des-tarifs-sur-les-etiquettes-de-ses-vehicules-aux-etats-unis\/#primaryimage","url":"https:\/\/news.canadamotorjobs.com\/wp-content\/uploads\/2025\/04\/volkswagen-puebla-plant-mexico.jpg","contentUrl":"https:\/\/news.canadamotorjobs.com\/wp-content\/uploads\/2025\/04\/volkswagen-puebla-plant-mexico.jpg","width":1200,"height":746},{"@type":"BreadcrumbList","@id":"https:\/\/news.canadamotorjobs.com\/fr\/volkswagen-prevoit-dindiquer-le-prix-des-tarifs-sur-les-etiquettes-de-ses-vehicules-aux-etats-unis\/#breadcrumb","itemListElement":[{"@type":"ListItem","position":1,"name":"Home","item":"https:\/\/news.canadamotorjobs.com\/fr\/blog\/"},{"@type":"ListItem","position":2,"name":"Volkswagen pr\u00e9voit d\u2019indiquer le prix des tarifs sur les \u00e9tiquettes de ses v\u00e9hicules aux \u00c9tats-Unis"}]},{"@type":"WebSite","@id":"https:\/\/news.canadamotorjobs.com\/#website","url":"https:\/\/news.canadamotorjobs.com\/","name":"CanadaMotorJobs.com","description":"Automotive Jobs","publisher":{"@id":"https:\/\/news.canadamotorjobs.com\/#organization"},"potentialAction":[{"@type":"SearchAction","target":{"@type":"EntryPoint","urlTemplate":"https:\/\/news.canadamotorjobs.com\/?s={search_term_string}"},"query-input":"required name=search_term_string"}],"inLanguage":"fr-CA"},{"@type":"Organization","@id":"https:\/\/news.canadamotorjobs.com\/#organization","name":"Canada Motor Jobs","url":"https:\/\/news.canadamotorjobs.com\/","logo":{"@type":"ImageObject","inLanguage":"fr-CA","@id":"https:\/\/news.canadamotorjobs.com\/#\/schema\/logo\/image\/","url":"https:\/\/news.canadamotorjobs.com\/wp-content\/uploads\/2022\/10\/logo-canada-motor-jobs-1.png","contentUrl":"https:\/\/news.canadamotorjobs.com\/wp-content\/uploads\/2022\/10\/logo-canada-motor-jobs-1.png","width":800,"height":400,"caption":"Canada Motor Jobs"},"image":{"@id":"https:\/\/news.canadamotorjobs.com\/#\/schema\/logo\/image\/"},"sameAs":["https:\/\/www.facebook.com\/canadamotorjobs\/","https:\/\/x.com\/canadamotorjobs","https:\/\/www.instagram.com\/canadamotorjobs\/","https:\/\/www.linkedin.com\/company\/canadamotorjobs"]},{"@type":"Person","@id":"https:\/\/news.canadamotorjobs.com\/#\/schema\/person\/51793d1f87d44011d7bcc2ed99269a90","name":"Benoit Charette","image":{"@type":"ImageObject","inLanguage":"fr-CA","@id":"https:\/\/news.canadamotorjobs.com\/#\/schema\/person\/image\/","url":"https:\/\/secure.gravatar.com\/avatar\/45f3d2eebcccd909668d7ce7ea7267b6?s=96&d=mm&r=g","contentUrl":"https:\/\/secure.gravatar.com\/avatar\/45f3d2eebcccd909668d7ce7ea7267b6?s=96&d=mm&r=g","caption":"Benoit Charette"},"description":"Benoit Charette \/ Propri\u00e9taire et r\u00e9dacteur en chef Benoit Charette pratique le journalisme automobile depuis bient\u00f4t 30 ans. Il a fait ses classes au c\u00f4t\u00e9 de Daniel H\u00e9raud et au Carnet de route de 1992 \u00e0 2001. Il est fondateur, copropri\u00e9taire et r\u00e9dacteur en chef de L\u2019Annuel de l\u2019automobile, qu\u2019il publie depuis 2001. Il a anim\u00e9 les \u00e9missions RPM et RPM+ sur V et les L\u00e9gendes de la route sur Historia. \u00c0 la radio depuis 1986, il reprend l\u2019antenne cette ann\u00e9e sur les ondes de Cogeco et participe pour la deuxi\u00e8me ann\u00e9e \u00e0 l\u2019\u00e9mission Passion Auto sur RDS en plus de mettre en ligne le site Web officiel de L\u2019Annuel de l\u2019automobile sur annuelauto.ca.","sameAs":["https:\/\/annuelauto.ca\/"],"url":"https:\/\/news.canadamotorjobs.com\/fr\/author\/benoit-charette\/"}]}},"_links":{"self":[{"href":"https:\/\/news.canadamotorjobs.com\/fr\/wp-json\/wp\/v2\/posts\/200364"}],"collection":[{"href":"https:\/\/news.canadamotorjobs.com\/fr\/wp-json\/wp\/v2\/posts"}],"about":[{"href":"https:\/\/news.canadamotorjobs.com\/fr\/wp-json\/wp\/v2\/types\/post"}],"author":[{"embeddable":true,"href":"https:\/\/news.canadamotorjobs.com\/fr\/wp-json\/wp\/v2\/users\/8"}],"replies":[{"embeddable":true,"href":"https:\/\/news.canadamotorjobs.com\/fr\/wp-json\/wp\/v2\/comments?post=200364"}],"version-history":[{"count":2,"href":"https:\/\/news.canadamotorjobs.com\/fr\/wp-json\/wp\/v2\/posts\/200364\/revisions"}],"predecessor-version":[{"id":200368,"href":"https:\/\/news.canadamotorjobs.com\/fr\/wp-json\/wp\/v2\/posts\/200364\/revisions\/200368"}],"wp:featuredmedia":[{"embeddable":true,"href":"https:\/\/news.canadamotorjobs.com\/fr\/wp-json\/wp\/v2\/media\/200366"}],"wp:attachment":[{"href":"https:\/\/news.canadamotorjobs.com\/fr\/wp-json\/wp\/v2\/media?parent=200364"}],"wp:term":[{"taxonomy":"category","embeddable":true,"href":"https:\/\/news.canadamotorjobs.com\/fr\/wp-json\/wp\/v2\/categories?post=200364"},{"taxonomy":"post_tag","embeddable":true,"href":"https:\/\/news.canadamotorjobs.com\/fr\/wp-json\/wp\/v2\/tags?post=200364"}],"curies":[{"name":"wp","href":"https:\/\/api.w.org\/{rel}","templated":true}]}}