{"id":200357,"date":"2025-04-04T06:56:33","date_gmt":"2025-04-04T10:56:33","guid":{"rendered":"https:\/\/news.canadamotorjobs.com\/?p=200357"},"modified":"2025-04-04T06:59:18","modified_gmt":"2025-04-04T10:59:18","slug":"le-canada-impose-un-tarif-de-25-sur-les-vehicules-fabriques-aux-etats-unis","status":"publish","type":"post","link":"https:\/\/news.canadamotorjobs.com\/fr\/le-canada-impose-un-tarif-de-25-sur-les-vehicules-fabriques-aux-etats-unis\/","title":{"rendered":"Le Canada impose un tarif de 25 % sur les v\u00e9hicules fabriqu\u00e9s aux \u00c9tats-Unis"},"content":{"rendered":"<p><img loading=\"lazy\" decoding=\"async\" width=\"1200\" height=\"799\" src=\"https:\/\/annuelauto.ca\/wp-content\/uploads\/2025\/04\/2024-cadillac-lyriq_2.jpg\" class=\"attachment-post-thumbnail size-post-thumbnail wp-post-image\" alt=\"\" \/><\/p>\n<p>Le premier ministre canadien Mark Carney a rapidement r\u00e9agi aux tarifs douaniers automobiles impos\u00e9s par l\u2019administration am\u00e9ricaine, des tarifs qui sont entr\u00e9s en vigueur \u00e0 minuit la nuit derni\u00e8re.<\/p>\n<p>Le Canada impose donc un tarif de 25 % sur tous les v\u00e9hicules fabriqu\u00e9s aux \u00c9tats-Unis et qui ne sont pas conformes \u00e0 l\u2019accord de libre-\u00e9change ACEUM actuel entre le Canada, les \u00c9tats-Unis et le Mexique.<\/p>\n<p>De plus, et \u00e0 l\u2019instar de la mesure prise par les \u00c9tats-Unis, le Canada impose un tarif de 25 % sur les composants fabriqu\u00e9s aux \u00c9tats-Unis dans les v\u00e9hicules import\u00e9s qui sont conformes \u00e0 l\u2019ACEUM.<\/p>\n<p>Le premier ministre Carney a ajout\u00e9 que le gouvernement f\u00e9d\u00e9ral travaille sur un cadre qui permettra aux constructeurs automobiles d\u2019\u00e9viter les tarifs douaniers canadiens sur les pi\u00e8ces automobiles, \u00e0 condition que ces constructeurs continuent de produire des v\u00e9hicules et des composants ici et d\u2019investir dans l\u2019industrie automobile canadienne.<\/p>\n<p>Mark Carney a expliqu\u00e9 que les nouvelles mesures de son gouvernement sont con\u00e7ues pour avoir \u00ab un impact maximal aux \u00c9tats-Unis et un impact minimal ici au Canada \u00bb.<\/p>\n<p><strong><em>Mise \u00e0 jour<\/em><\/strong><\/p>\n<p>Cet apr\u00e8s-midi, la CBC a rapport\u00e9 des d\u00e9tails suppl\u00e9mentaires fournis par le cabinet du Premier ministre qui clarifient la mani\u00e8re dont les droits de douane sur les composants non canadiens fonctionneront. Pour citer l&#8217;exemple du Toyota RAV4, dont l&#8217;assemblage final a lieu au Canada, on consid\u00e8re qu&#8217;il contient 70 % de pi\u00e8ces fabriqu\u00e9es aux \u00c9tats-Unis ; 70 % de ce v\u00e9hicule sera donc soumis \u00e0 un pr\u00e9l\u00e8vement de 25 %.<\/p>\n<p>C&#8217;est le cas des v\u00e9hicules conformes \u00e0 l&#8217;ACEUM, et comme environ 90 % des v\u00e9hicules qui traversent entre le Canada et les \u00c9tats-Unis sont conformes, ce calcul s&#8217;appliquera \u00e0 la grande majorit\u00e9 des v\u00e9hicules. Seuls les 10 % de v\u00e9hicules non conformes \u00e0 l&#8217;ACEUM seront tax\u00e9s \u00e0 hauteur de 25 % de leur valeur totale.<\/p>\n<p>Autre \u00e9l\u00e9ment important &#8211; et casse-t\u00eate &#8211; pour les constructeurs automobiles : ils seront tenus d&#8217;identifier la provenance et la valeur des pi\u00e8ces de chaque v\u00e9hicule entrant au Canada.<\/p>\n<p><strong>Suspension de la taxe de vente sur les voitures ?<\/strong><\/p>\n<p>Aujourd\u2019hui, le chef du Parti conservateur, Pierre Poilievre, s\u2019est joint au chef du NPD (Nouveau Parti d\u00e9mocratique), Jagmeet Singh, pour demander la suspension de la taxe de vente f\u00e9d\u00e9rale sur les v\u00e9hicules fabriqu\u00e9s au Canada. Le gouvernement lib\u00e9ral n\u2019a pas encore indiqu\u00e9 s\u2019il envisageait de prendre une telle mesure.<\/p>\n<p><\/p>\n<figure><figcaption>Le Cadillac Lyriq | Auto123.com<\/figcaption><\/figure>\n<p style=\"padding-top: 15px\">Contenu original de <a href=\"https:\/\/www.auto123.com\/fr\/actualites\/canada-tarif-vehicules-fabriques-etats-unis\/72601\/\">auto123<\/a>.<\/p>\n<p>Le texte <a href=\"https:\/\/annuelauto.ca\/le-canada-impose-un-tarif-de-25-sur-les-vehicules-fabriques-aux-etats-unis\/\">Le Canada impose un tarif de 25 % sur les v\u00e9hicules fabriqu\u00e9s aux \u00c9tats-Unis<\/a> provient de <a href=\"https:\/\/annuelauto.ca\">L&#8217;annuel de l&#8217;automobile &#8211; Actualit\u00e9 automobile<\/a><\/p>\n<p><\/p>\n","protected":false},"excerpt":{"rendered":"<p>Le premier ministre canadien Mark Carney a rapidement r\u00e9agi aux tarifs douaniers automobiles impos\u00e9s par l\u2019administration am\u00e9ricaine, des tarifs qui sont entr\u00e9s en vigueur \u00e0 minuit la nuit derni\u00e8re. Le Canada impose donc un tarif de 25 % sur tous les v\u00e9hicules fabriqu\u00e9s aux \u00c9tats-Unis et qui ne sont pas conformes \u00e0 l\u2019accord de libre-\u00e9change [&hellip;]<\/p>\n","protected":false},"author":8,"featured_media":200359,"comment_status":"close","ping_status":"closed","sticky":false,"template":"","format":"standard","meta":{"_monsterinsights_skip_tracking":false,"_monsterinsights_sitenote_active":false,"_monsterinsights_sitenote_note":"","_monsterinsights_sitenote_category":0,"footnotes":""},"categories":[101],"tags":[],"yoast_head":"<!-- This site is optimized with the Yoast SEO plugin v23.2 - https:\/\/yoast.com\/wordpress\/plugins\/seo\/ -->\n<title>Le Canada impose un tarif de 25 % sur les v\u00e9hicules fabriqu\u00e9s aux \u00c9tats-Unis - CanadaMotorJobs.com<\/title>\n<meta name=\"description\" content=\"Le Canada impose un tarif de 25 % sur les v\u00e9hicules fabriqu\u00e9s aux \u00c9tats-Unis - Benoit Charette - Annuel automobile - CanadaMotorJobs.com.\" \/>\n<meta name=\"robots\" content=\"index, follow, max-snippet:-1, max-image-preview:large, max-video-preview:-1\" \/>\n<meta property=\"og:locale\" content=\"fr_CA\" \/>\n<meta property=\"og:type\" content=\"article\" \/>\n<meta property=\"og:title\" content=\"Le Canada impose un tarif de 25 % sur les v\u00e9hicules fabriqu\u00e9s aux \u00c9tats-Unis - CanadaMotorJobs.com\" \/>\n<meta property=\"og:description\" content=\"Le Canada impose un tarif de 25 % sur les v\u00e9hicules fabriqu\u00e9s aux \u00c9tats-Unis - Benoit Charette - Annuel automobile - CanadaMotorJobs.com.\" \/>\n<meta property=\"og:url\" content=\"https:\/\/news.canadamotorjobs.com\/fr\/le-canada-impose-un-tarif-de-25-sur-les-vehicules-fabriques-aux-etats-unis\/\" \/>\n<meta property=\"og:site_name\" content=\"CanadaMotorJobs.com\" \/>\n<meta property=\"article:publisher\" content=\"https:\/\/www.facebook.com\/canadamotorjobs\/\" \/>\n<meta property=\"article:published_time\" content=\"2025-04-04T10:56:33+00:00\" \/>\n<meta property=\"article:modified_time\" content=\"2025-04-04T10:59:18+00:00\" \/>\n<meta property=\"og:image\" content=\"https:\/\/news.canadamotorjobs.com\/wp-content\/uploads\/2025\/04\/2024-cadillac-lyriq_2.jpg\" \/>\n\t<meta property=\"og:image:width\" content=\"1200\" \/>\n\t<meta property=\"og:image:height\" content=\"799\" \/>\n\t<meta property=\"og:image:type\" content=\"image\/jpeg\" \/>\n<meta name=\"author\" content=\"Benoit Charette\" \/>\n<meta name=\"twitter:card\" content=\"summary_large_image\" \/>\n<meta name=\"twitter:creator\" content=\"@canadamotorjobs\" \/>\n<meta name=\"twitter:site\" content=\"@canadamotorjobs\" \/>\n<meta name=\"twitter:label1\" content=\"\u00c9crit par\" \/>\n\t<meta name=\"twitter:data1\" content=\"Benoit Charette\" \/>\n\t<meta name=\"twitter:label2\" content=\"Estimation du temps de lecture\" \/>\n\t<meta name=\"twitter:data2\" content=\"2 minutes\" \/>\n<!-- \/ Yoast SEO plugin. -->","yoast_head_json":{"title":"Le Canada impose un tarif de 25 % sur les v\u00e9hicules fabriqu\u00e9s aux \u00c9tats-Unis - CanadaMotorJobs.com","description":"Le Canada impose un tarif de 25 % sur les v\u00e9hicules fabriqu\u00e9s aux \u00c9tats-Unis - Benoit Charette - Annuel automobile - CanadaMotorJobs.com.","robots":{"index":"index","follow":"follow","max-snippet":"max-snippet:-1","max-image-preview":"max-image-preview:large","max-video-preview":"max-video-preview:-1"},"og_locale":"fr_CA","og_type":"article","og_title":"Le Canada impose un tarif de 25 % sur les v\u00e9hicules fabriqu\u00e9s aux \u00c9tats-Unis - CanadaMotorJobs.com","og_description":"Le Canada impose un tarif de 25 % sur les v\u00e9hicules fabriqu\u00e9s aux \u00c9tats-Unis - Benoit Charette - Annuel automobile - CanadaMotorJobs.com.","og_url":"https:\/\/news.canadamotorjobs.com\/fr\/le-canada-impose-un-tarif-de-25-sur-les-vehicules-fabriques-aux-etats-unis\/","og_site_name":"CanadaMotorJobs.com","article_publisher":"https:\/\/www.facebook.com\/canadamotorjobs\/","article_published_time":"2025-04-04T10:56:33+00:00","article_modified_time":"2025-04-04T10:59:18+00:00","og_image":[{"width":1200,"height":799,"url":"https:\/\/news.canadamotorjobs.com\/wp-content\/uploads\/2025\/04\/2024-cadillac-lyriq_2.jpg","type":"image\/jpeg"}],"author":"Benoit Charette","twitter_card":"summary_large_image","twitter_creator":"@canadamotorjobs","twitter_site":"@canadamotorjobs","twitter_misc":{"\u00c9crit par":"Benoit Charette","Estimation du temps de lecture":"2 minutes"},"schema":{"@context":"https:\/\/schema.org","@graph":[{"@type":"Article","@id":"https:\/\/news.canadamotorjobs.com\/fr\/le-canada-impose-un-tarif-de-25-sur-les-vehicules-fabriques-aux-etats-unis\/#article","isPartOf":{"@id":"https:\/\/news.canadamotorjobs.com\/fr\/le-canada-impose-un-tarif-de-25-sur-les-vehicules-fabriques-aux-etats-unis\/"},"author":{"name":"Benoit Charette","@id":"https:\/\/news.canadamotorjobs.com\/#\/schema\/person\/51793d1f87d44011d7bcc2ed99269a90"},"headline":"Le Canada impose un tarif de 25 % sur les v\u00e9hicules fabriqu\u00e9s aux \u00c9tats-Unis","datePublished":"2025-04-04T10:56:33+00:00","dateModified":"2025-04-04T10:59:18+00:00","mainEntityOfPage":{"@id":"https:\/\/news.canadamotorjobs.com\/fr\/le-canada-impose-un-tarif-de-25-sur-les-vehicules-fabriques-aux-etats-unis\/"},"wordCount":470,"publisher":{"@id":"https:\/\/news.canadamotorjobs.com\/#organization"},"image":{"@id":"https:\/\/news.canadamotorjobs.com\/fr\/le-canada-impose-un-tarif-de-25-sur-les-vehicules-fabriques-aux-etats-unis\/#primaryimage"},"thumbnailUrl":"https:\/\/news.canadamotorjobs.com\/wp-content\/uploads\/2025\/04\/2024-cadillac-lyriq_2.jpg","articleSection":["Annuel automobile"],"inLanguage":"fr-CA"},{"@type":"WebPage","@id":"https:\/\/news.canadamotorjobs.com\/fr\/le-canada-impose-un-tarif-de-25-sur-les-vehicules-fabriques-aux-etats-unis\/","url":"https:\/\/news.canadamotorjobs.com\/fr\/le-canada-impose-un-tarif-de-25-sur-les-vehicules-fabriques-aux-etats-unis\/","name":"Le Canada impose un tarif de 25 % sur les v\u00e9hicules fabriqu\u00e9s aux \u00c9tats-Unis - CanadaMotorJobs.com","isPartOf":{"@id":"https:\/\/news.canadamotorjobs.com\/#website"},"primaryImageOfPage":{"@id":"https:\/\/news.canadamotorjobs.com\/fr\/le-canada-impose-un-tarif-de-25-sur-les-vehicules-fabriques-aux-etats-unis\/#primaryimage"},"image":{"@id":"https:\/\/news.canadamotorjobs.com\/fr\/le-canada-impose-un-tarif-de-25-sur-les-vehicules-fabriques-aux-etats-unis\/#primaryimage"},"thumbnailUrl":"https:\/\/news.canadamotorjobs.com\/wp-content\/uploads\/2025\/04\/2024-cadillac-lyriq_2.jpg","datePublished":"2025-04-04T10:56:33+00:00","dateModified":"2025-04-04T10:59:18+00:00","description":"Le Canada impose un tarif de 25 % sur les v\u00e9hicules fabriqu\u00e9s aux \u00c9tats-Unis - Benoit Charette - Annuel automobile - CanadaMotorJobs.com.","breadcrumb":{"@id":"https:\/\/news.canadamotorjobs.com\/fr\/le-canada-impose-un-tarif-de-25-sur-les-vehicules-fabriques-aux-etats-unis\/#breadcrumb"},"inLanguage":"fr-CA","potentialAction":[{"@type":"ReadAction","target":["https:\/\/news.canadamotorjobs.com\/fr\/le-canada-impose-un-tarif-de-25-sur-les-vehicules-fabriques-aux-etats-unis\/"]}]},{"@type":"ImageObject","inLanguage":"fr-CA","@id":"https:\/\/news.canadamotorjobs.com\/fr\/le-canada-impose-un-tarif-de-25-sur-les-vehicules-fabriques-aux-etats-unis\/#primaryimage","url":"https:\/\/news.canadamotorjobs.com\/wp-content\/uploads\/2025\/04\/2024-cadillac-lyriq_2.jpg","contentUrl":"https:\/\/news.canadamotorjobs.com\/wp-content\/uploads\/2025\/04\/2024-cadillac-lyriq_2.jpg","width":1200,"height":799},{"@type":"BreadcrumbList","@id":"https:\/\/news.canadamotorjobs.com\/fr\/le-canada-impose-un-tarif-de-25-sur-les-vehicules-fabriques-aux-etats-unis\/#breadcrumb","itemListElement":[{"@type":"ListItem","position":1,"name":"Home","item":"https:\/\/news.canadamotorjobs.com\/fr\/blog\/"},{"@type":"ListItem","position":2,"name":"Le Canada impose un tarif de 25 % sur les v\u00e9hicules fabriqu\u00e9s aux \u00c9tats-Unis"}]},{"@type":"WebSite","@id":"https:\/\/news.canadamotorjobs.com\/#website","url":"https:\/\/news.canadamotorjobs.com\/","name":"CanadaMotorJobs.com","description":"Automotive Jobs","publisher":{"@id":"https:\/\/news.canadamotorjobs.com\/#organization"},"potentialAction":[{"@type":"SearchAction","target":{"@type":"EntryPoint","urlTemplate":"https:\/\/news.canadamotorjobs.com\/?s={search_term_string}"},"query-input":"required name=search_term_string"}],"inLanguage":"fr-CA"},{"@type":"Organization","@id":"https:\/\/news.canadamotorjobs.com\/#organization","name":"Canada Motor Jobs","url":"https:\/\/news.canadamotorjobs.com\/","logo":{"@type":"ImageObject","inLanguage":"fr-CA","@id":"https:\/\/news.canadamotorjobs.com\/#\/schema\/logo\/image\/","url":"https:\/\/news.canadamotorjobs.com\/wp-content\/uploads\/2022\/10\/logo-canada-motor-jobs-1.png","contentUrl":"https:\/\/news.canadamotorjobs.com\/wp-content\/uploads\/2022\/10\/logo-canada-motor-jobs-1.png","width":800,"height":400,"caption":"Canada Motor Jobs"},"image":{"@id":"https:\/\/news.canadamotorjobs.com\/#\/schema\/logo\/image\/"},"sameAs":["https:\/\/www.facebook.com\/canadamotorjobs\/","https:\/\/x.com\/canadamotorjobs","https:\/\/www.instagram.com\/canadamotorjobs\/","https:\/\/www.linkedin.com\/company\/canadamotorjobs"]},{"@type":"Person","@id":"https:\/\/news.canadamotorjobs.com\/#\/schema\/person\/51793d1f87d44011d7bcc2ed99269a90","name":"Benoit Charette","image":{"@type":"ImageObject","inLanguage":"fr-CA","@id":"https:\/\/news.canadamotorjobs.com\/#\/schema\/person\/image\/","url":"https:\/\/secure.gravatar.com\/avatar\/45f3d2eebcccd909668d7ce7ea7267b6?s=96&d=mm&r=g","contentUrl":"https:\/\/secure.gravatar.com\/avatar\/45f3d2eebcccd909668d7ce7ea7267b6?s=96&d=mm&r=g","caption":"Benoit Charette"},"description":"Benoit Charette \/ Propri\u00e9taire et r\u00e9dacteur en chef Benoit Charette pratique le journalisme automobile depuis bient\u00f4t 30 ans. Il a fait ses classes au c\u00f4t\u00e9 de Daniel H\u00e9raud et au Carnet de route de 1992 \u00e0 2001. Il est fondateur, copropri\u00e9taire et r\u00e9dacteur en chef de L\u2019Annuel de l\u2019automobile, qu\u2019il publie depuis 2001. Il a anim\u00e9 les \u00e9missions RPM et RPM+ sur V et les L\u00e9gendes de la route sur Historia. \u00c0 la radio depuis 1986, il reprend l\u2019antenne cette ann\u00e9e sur les ondes de Cogeco et participe pour la deuxi\u00e8me ann\u00e9e \u00e0 l\u2019\u00e9mission Passion Auto sur RDS en plus de mettre en ligne le site Web officiel de L\u2019Annuel de l\u2019automobile sur annuelauto.ca.","sameAs":["https:\/\/annuelauto.ca\/"],"url":"https:\/\/news.canadamotorjobs.com\/fr\/author\/benoit-charette\/"}]}},"_links":{"self":[{"href":"https:\/\/news.canadamotorjobs.com\/fr\/wp-json\/wp\/v2\/posts\/200357"}],"collection":[{"href":"https:\/\/news.canadamotorjobs.com\/fr\/wp-json\/wp\/v2\/posts"}],"about":[{"href":"https:\/\/news.canadamotorjobs.com\/fr\/wp-json\/wp\/v2\/types\/post"}],"author":[{"embeddable":true,"href":"https:\/\/news.canadamotorjobs.com\/fr\/wp-json\/wp\/v2\/users\/8"}],"replies":[{"embeddable":true,"href":"https:\/\/news.canadamotorjobs.com\/fr\/wp-json\/wp\/v2\/comments?post=200357"}],"version-history":[{"count":2,"href":"https:\/\/news.canadamotorjobs.com\/fr\/wp-json\/wp\/v2\/posts\/200357\/revisions"}],"predecessor-version":[{"id":200361,"href":"https:\/\/news.canadamotorjobs.com\/fr\/wp-json\/wp\/v2\/posts\/200357\/revisions\/200361"}],"wp:featuredmedia":[{"embeddable":true,"href":"https:\/\/news.canadamotorjobs.com\/fr\/wp-json\/wp\/v2\/media\/200359"}],"wp:attachment":[{"href":"https:\/\/news.canadamotorjobs.com\/fr\/wp-json\/wp\/v2\/media?parent=200357"}],"wp:term":[{"taxonomy":"category","embeddable":true,"href":"https:\/\/news.canadamotorjobs.com\/fr\/wp-json\/wp\/v2\/categories?post=200357"},{"taxonomy":"post_tag","embeddable":true,"href":"https:\/\/news.canadamotorjobs.com\/fr\/wp-json\/wp\/v2\/tags?post=200357"}],"curies":[{"name":"wp","href":"https:\/\/api.w.org\/{rel}","templated":true}]}}