{"id":200325,"date":"2025-04-04T06:56:34","date_gmt":"2025-04-04T10:56:34","guid":{"rendered":"https:\/\/news.canadamotorjobs.com\/?p=200325"},"modified":"2025-04-04T06:59:05","modified_gmt":"2025-04-04T10:59:05","slug":"hyundai-ioniq-6-2026-un-restylage-et-une-version-n-bientot","status":"publish","type":"post","link":"https:\/\/news.canadamotorjobs.com\/fr\/hyundai-ioniq-6-2026-un-restylage-et-une-version-n-bientot\/","title":{"rendered":"Hyundai Ioniq 6 2026 : un restylage et une version N bient\u00f4t"},"content":{"rendered":"<p><img loading=\"lazy\" decoding=\"async\" width=\"1200\" height=\"675\" src=\"https:\/\/annuelauto.ca\/wp-content\/uploads\/2025\/04\/hyundai-ioniq-6-ioniq-6-n-line-seoul-mobility-show-2025-02_png_bfc_off.jpg\" class=\"attachment-post-thumbnail size-post-thumbnail wp-post-image\" alt=\"\" \/><\/p>\n<p><strong>\u2022\u00a0\u00a0\u00a0 Hyundai d\u00e9voile une version restyl\u00e9e de l\u2019Ioniq 6 et confirme une version sportive Ioniq 6 N.<\/strong><\/p>\n<p>La Hyundai Ioniq 6 a toujours \u00e9t\u00e9 un v\u00e9hicule \u00e9lectrique int\u00e9ressant, mais son design divisait les opinions. Hyundai a profit\u00e9 du Salon de la mobilit\u00e9 de S\u00e9oul (Seoul Mobility Show), en Cor\u00e9e du Sud, pour d\u00e9voiler une version restyl\u00e9e de sa berline \u00e9lectrique, avec un faci\u00e8s avant profond\u00e9ment retravaill\u00e9.<\/p>\n<p>Le museau de la Hyundai Ioniq 6 2026 s\u2019affiche avec une esth\u00e9tique plus affin\u00e9e et agressive, surtout dans la finition N Line. Exit les phares singuliers de l\u2019ancienne g\u00e9n\u00e9ration : Hyundai adopte d\u00e9sormais une signature lumineuse \u00e0 DEL en deux parties, avec des phares de jour fins et des projecteurs s\u00e9par\u00e9s, plac\u00e9s plus bas sur le pare-chocs.<\/p>\n<p><\/p>\n<figure><figcaption>Hyundai Ioniq 6 2026, avant | Auto123.com<\/figcaption><\/figure>\n<figure><img decoding=\"async\" src=\"https:\/\/news.canadamotorjobs.com\/wp-content\/uploads\/2025\/04\/hyundai-ioniq-6-ioniq-6-n-line-seoul-mobility-show-2025-mk08_png_bfc_off-1.jpg\" alt=\"Hyundai Ioniq 6 N Line 2026, de profil\" \/><figcaption>Hyundai Ioniq 6 N Line 2026, de profil | Auto123.com<\/figcaption><\/figure>\n<p><strong>Une version N Line pour 2026<\/strong><\/p>\n<p>Hyundai enrichit la gamme avec une version N Line qui devrait ravir les amateurs de sportivit\u00e9. Inspir\u00e9e de l\u2019Elantra N, cette d\u00e9clinaison int\u00e8gre une calandre b\u00e9ante, des prises d\u2019air plus imposantes et un bouclier arri\u00e8re redessin\u00e9 avec davantage d\u2019\u00e9l\u00e9ments noirs. Elle se distingue aussi par des jantes \u00e0 deux tons noir et argent au design plus agressif.<\/p>\n<p><\/p>\n<figure><img decoding=\"async\" src=\"https:\/\/news.canadamotorjobs.com\/wp-content\/uploads\/2025\/04\/hyundai-ioniq-6-ioniq-6-n-line-seoul-mobility-show-2025-mk03_png_bfc_off-1.jpg\" alt=\"Hyundai Ioniq 6 2026, arri\u00e8re\" \/><figcaption>Hyundai Ioniq 6 2026, arri\u00e8re | Auto123.com<\/figcaption><\/figure>\n<p>\u00c0 l\u2019arri\u00e8re, le bandeau lumineux \u00e0 DEL caract\u00e9ristique de l\u2019Ioniq 6 reste, mais un nouvel aileron \u00ab ducktail \u00bb remplace l\u2019ancien aileron double, apportant un style plus \u00e9pur\u00e9 et sportif.<\/p>\n<p><strong>L\u2019Ioniq 6 N : une vraie rivale de la Tesla Model 3 Performance ?<\/strong><\/p>\n<p>Le plus grand \u00e9v\u00e9nement de cette annonce reste l\u2019arriv\u00e9e de l\u2019Ioniq 6 N, attendue pour 2026. Hyundai n\u2019a pas encore confirm\u00e9 ses sp\u00e9cifications techniques, mais les rumeurs \u00e9voquent une puissance de 641 chevaux, ce qui placerait le mod\u00e8le en concurrence directe avec la Tesla Model 3 Performance.<\/p>\n<p>Simon Loasby, responsable du design chez Hyundai, explique cette \u00e9volution :<\/p>\n<p>\u00ab L\u2019Ioniq 6 n\u2019est plus seulement une berline \u00e9lectrique, mais une gamme \u00e0 part enti\u00e8re, o\u00f9 chaque mod\u00e8le exprime sa propre personnalit\u00e9 tout en respectant une vision raffin\u00e9e. \u00bb<\/p>\n<p><\/p>\n<figure><img decoding=\"async\" src=\"https:\/\/news.canadamotorjobs.com\/wp-content\/uploads\/2025\/04\/hyundai-ioniq-6-ioniq-6-n-line-seoul-mobility-show-2025-04_png_bfc_off-1.jpg\" alt=\"Hyundai Ioniq 6 N Line 2026, int\u00e9rieur\" \/><figcaption>Hyundai Ioniq 6 N Line 2026, int\u00e9rieur | Auto123.com<\/figcaption><\/figure>\n<p><strong>Quelques changements dans l\u2019habitacle<\/strong><\/p>\n<p>L\u2019int\u00e9rieur profite aussi de quelques am\u00e9liorations, bien que discr\u00e8tes. Hyundai a repens\u00e9 le volant avec un nouveau design \u00e0 trois branches, repositionn\u00e9 les commandes des vitres et ajout\u00e9 de nouveaux ports USB.<\/p>\n<p>Pour l\u2019instant, Hyundai n\u2019a pas communiqu\u00e9 de d\u00e9tails techniques sur ces nouvelles versions, mais l\u2019attente autour de l\u2019Ioniq 6 N promet d\u00e9j\u00e0 de faire cro\u00eetre le niveau d\u2019anticipation dans le segment des berlines \u00e9lectriques sportives.<\/p>\n<p><\/p>\n<figure><img decoding=\"async\" src=\"https:\/\/news.canadamotorjobs.com\/wp-content\/uploads\/2025\/04\/hyundai-ioniq-6-ioniq-6-n-line-seoul-mobility-show-2025-mk09_png_bfc_off-1.jpg\" alt=\"Hyundai Ioniq 6 N Line 2026, de profil\" \/><figcaption>Hyundai Ioniq 6 N Line 2026, de profil | Auto123.com<\/figcaption><\/figure>\n<figure><img decoding=\"async\" src=\"https:\/\/news.canadamotorjobs.com\/wp-content\/uploads\/2025\/04\/hyundai-ioniq-6-ioniq-6-n-line-seoul-mobility-show-2025-mk04_png_bfc_off-1.jpg\" alt=\"Hyundai Ioniq 6 2026, de profil\" \/><figcaption>Hyundai Ioniq 6 2026, de profil | Auto123.com<\/figcaption><\/figure>\n<figure><img decoding=\"async\" src=\"https:\/\/news.canadamotorjobs.com\/wp-content\/uploads\/2025\/04\/hyundai-ioniq-6-ioniq-6-n-line-seoul-mobility-show-2025-03_png_bfc_off-1.jpg\" alt=\"Hyundai Ioniq 6 N Line 2026, avant\" \/><figcaption>Hyundai Ioniq 6 N Line 2026, avant | Auto123.com<\/figcaption><\/figure>\n<p style=\"padding-top: 15px\">Contenu original de <a href=\"https:\/\/www.auto123.com\/fr\/actualites\/hyundai-ioniq-6-restylage-version-n\/72600\/\">auto123<\/a>.<\/p>\n<p>Le texte <a href=\"https:\/\/annuelauto.ca\/hyundai-ioniq-6-2026-un-restylage-et-une-version-n-bientot\/\">Hyundai Ioniq 6 2026 : un restylage et une version N bient\u00f4t<\/a> provient de <a href=\"https:\/\/annuelauto.ca\">L&#8217;annuel de l&#8217;automobile &#8211; Actualit\u00e9 automobile<\/a><\/p>\n<p><\/p>\n","protected":false},"excerpt":{"rendered":"<p>\u2022\u00a0\u00a0\u00a0 Hyundai d\u00e9voile une version restyl\u00e9e de l\u2019Ioniq 6 et confirme une version sportive Ioniq 6 N. La Hyundai Ioniq 6 a toujours \u00e9t\u00e9 un v\u00e9hicule \u00e9lectrique int\u00e9ressant, mais son design divisait les opinions. Hyundai a profit\u00e9 du Salon de la mobilit\u00e9 de S\u00e9oul (Seoul Mobility Show), en Cor\u00e9e du Sud, pour d\u00e9voiler une version [&hellip;]<\/p>\n","protected":false},"author":8,"featured_media":200327,"comment_status":"close","ping_status":"closed","sticky":false,"template":"","format":"standard","meta":{"_monsterinsights_skip_tracking":false,"_monsterinsights_sitenote_active":false,"_monsterinsights_sitenote_note":"","_monsterinsights_sitenote_category":0,"footnotes":""},"categories":[101],"tags":[],"yoast_head":"<!-- This site is optimized with the Yoast SEO plugin v23.2 - https:\/\/yoast.com\/wordpress\/plugins\/seo\/ -->\n<title>Hyundai Ioniq 6 2026 : un restylage et une version N bient\u00f4t - CanadaMotorJobs.com<\/title>\n<meta name=\"description\" content=\"Hyundai Ioniq 6 2026 : un restylage et une version N bient\u00f4t - Benoit Charette - Annuel automobile - CanadaMotorJobs.com.\" \/>\n<meta name=\"robots\" content=\"index, follow, max-snippet:-1, max-image-preview:large, max-video-preview:-1\" \/>\n<meta property=\"og:locale\" content=\"fr_CA\" \/>\n<meta property=\"og:type\" content=\"article\" \/>\n<meta property=\"og:title\" content=\"Hyundai Ioniq 6 2026 : un restylage et une version N bient\u00f4t - CanadaMotorJobs.com\" \/>\n<meta property=\"og:description\" content=\"Hyundai Ioniq 6 2026 : un restylage et une version N bient\u00f4t - Benoit Charette - Annuel automobile - CanadaMotorJobs.com.\" \/>\n<meta property=\"og:url\" content=\"https:\/\/news.canadamotorjobs.com\/fr\/hyundai-ioniq-6-2026-un-restylage-et-une-version-n-bientot\/\" \/>\n<meta property=\"og:site_name\" content=\"CanadaMotorJobs.com\" \/>\n<meta property=\"article:publisher\" content=\"https:\/\/www.facebook.com\/canadamotorjobs\/\" \/>\n<meta property=\"article:published_time\" content=\"2025-04-04T10:56:34+00:00\" \/>\n<meta property=\"article:modified_time\" content=\"2025-04-04T10:59:05+00:00\" \/>\n<meta property=\"og:image\" content=\"https:\/\/news.canadamotorjobs.com\/wp-content\/uploads\/2025\/04\/hyundai-ioniq-6-ioniq-6-n-line-seoul-mobility-show-2025-02_png_bfc_off.jpg\" \/>\n\t<meta property=\"og:image:width\" content=\"1200\" \/>\n\t<meta property=\"og:image:height\" content=\"675\" \/>\n\t<meta property=\"og:image:type\" content=\"image\/jpeg\" \/>\n<meta name=\"author\" content=\"Benoit Charette\" \/>\n<meta name=\"twitter:card\" content=\"summary_large_image\" \/>\n<meta name=\"twitter:creator\" content=\"@canadamotorjobs\" \/>\n<meta name=\"twitter:site\" content=\"@canadamotorjobs\" \/>\n<meta name=\"twitter:label1\" content=\"\u00c9crit par\" \/>\n\t<meta name=\"twitter:data1\" content=\"Benoit Charette\" \/>\n\t<meta name=\"twitter:label2\" content=\"Estimation du temps de lecture\" \/>\n\t<meta name=\"twitter:data2\" content=\"2 minutes\" \/>\n<!-- \/ Yoast SEO plugin. -->","yoast_head_json":{"title":"Hyundai Ioniq 6 2026 : un restylage et une version N bient\u00f4t - CanadaMotorJobs.com","description":"Hyundai Ioniq 6 2026 : un restylage et une version N bient\u00f4t - Benoit Charette - Annuel automobile - CanadaMotorJobs.com.","robots":{"index":"index","follow":"follow","max-snippet":"max-snippet:-1","max-image-preview":"max-image-preview:large","max-video-preview":"max-video-preview:-1"},"og_locale":"fr_CA","og_type":"article","og_title":"Hyundai Ioniq 6 2026 : un restylage et une version N bient\u00f4t - CanadaMotorJobs.com","og_description":"Hyundai Ioniq 6 2026 : un restylage et une version N bient\u00f4t - Benoit Charette - Annuel automobile - CanadaMotorJobs.com.","og_url":"https:\/\/news.canadamotorjobs.com\/fr\/hyundai-ioniq-6-2026-un-restylage-et-une-version-n-bientot\/","og_site_name":"CanadaMotorJobs.com","article_publisher":"https:\/\/www.facebook.com\/canadamotorjobs\/","article_published_time":"2025-04-04T10:56:34+00:00","article_modified_time":"2025-04-04T10:59:05+00:00","og_image":[{"width":1200,"height":675,"url":"https:\/\/news.canadamotorjobs.com\/wp-content\/uploads\/2025\/04\/hyundai-ioniq-6-ioniq-6-n-line-seoul-mobility-show-2025-02_png_bfc_off.jpg","type":"image\/jpeg"}],"author":"Benoit Charette","twitter_card":"summary_large_image","twitter_creator":"@canadamotorjobs","twitter_site":"@canadamotorjobs","twitter_misc":{"\u00c9crit par":"Benoit Charette","Estimation du temps de lecture":"2 minutes"},"schema":{"@context":"https:\/\/schema.org","@graph":[{"@type":"Article","@id":"https:\/\/news.canadamotorjobs.com\/fr\/hyundai-ioniq-6-2026-un-restylage-et-une-version-n-bientot\/#article","isPartOf":{"@id":"https:\/\/news.canadamotorjobs.com\/fr\/hyundai-ioniq-6-2026-un-restylage-et-une-version-n-bientot\/"},"author":{"name":"Benoit Charette","@id":"https:\/\/news.canadamotorjobs.com\/#\/schema\/person\/51793d1f87d44011d7bcc2ed99269a90"},"headline":"Hyundai Ioniq 6 2026 : un restylage et une version N bient\u00f4t","datePublished":"2025-04-04T10:56:34+00:00","dateModified":"2025-04-04T10:59:05+00:00","mainEntityOfPage":{"@id":"https:\/\/news.canadamotorjobs.com\/fr\/hyundai-ioniq-6-2026-un-restylage-et-une-version-n-bientot\/"},"wordCount":503,"publisher":{"@id":"https:\/\/news.canadamotorjobs.com\/#organization"},"image":{"@id":"https:\/\/news.canadamotorjobs.com\/fr\/hyundai-ioniq-6-2026-un-restylage-et-une-version-n-bientot\/#primaryimage"},"thumbnailUrl":"https:\/\/news.canadamotorjobs.com\/wp-content\/uploads\/2025\/04\/hyundai-ioniq-6-ioniq-6-n-line-seoul-mobility-show-2025-02_png_bfc_off.jpg","articleSection":["Annuel automobile"],"inLanguage":"fr-CA"},{"@type":"WebPage","@id":"https:\/\/news.canadamotorjobs.com\/fr\/hyundai-ioniq-6-2026-un-restylage-et-une-version-n-bientot\/","url":"https:\/\/news.canadamotorjobs.com\/fr\/hyundai-ioniq-6-2026-un-restylage-et-une-version-n-bientot\/","name":"Hyundai Ioniq 6 2026 : un restylage et une version N bient\u00f4t - CanadaMotorJobs.com","isPartOf":{"@id":"https:\/\/news.canadamotorjobs.com\/#website"},"primaryImageOfPage":{"@id":"https:\/\/news.canadamotorjobs.com\/fr\/hyundai-ioniq-6-2026-un-restylage-et-une-version-n-bientot\/#primaryimage"},"image":{"@id":"https:\/\/news.canadamotorjobs.com\/fr\/hyundai-ioniq-6-2026-un-restylage-et-une-version-n-bientot\/#primaryimage"},"thumbnailUrl":"https:\/\/news.canadamotorjobs.com\/wp-content\/uploads\/2025\/04\/hyundai-ioniq-6-ioniq-6-n-line-seoul-mobility-show-2025-02_png_bfc_off.jpg","datePublished":"2025-04-04T10:56:34+00:00","dateModified":"2025-04-04T10:59:05+00:00","description":"Hyundai Ioniq 6 2026 : un restylage et une version N bient\u00f4t - Benoit Charette - Annuel automobile - CanadaMotorJobs.com.","breadcrumb":{"@id":"https:\/\/news.canadamotorjobs.com\/fr\/hyundai-ioniq-6-2026-un-restylage-et-une-version-n-bientot\/#breadcrumb"},"inLanguage":"fr-CA","potentialAction":[{"@type":"ReadAction","target":["https:\/\/news.canadamotorjobs.com\/fr\/hyundai-ioniq-6-2026-un-restylage-et-une-version-n-bientot\/"]}]},{"@type":"ImageObject","inLanguage":"fr-CA","@id":"https:\/\/news.canadamotorjobs.com\/fr\/hyundai-ioniq-6-2026-un-restylage-et-une-version-n-bientot\/#primaryimage","url":"https:\/\/news.canadamotorjobs.com\/wp-content\/uploads\/2025\/04\/hyundai-ioniq-6-ioniq-6-n-line-seoul-mobility-show-2025-02_png_bfc_off.jpg","contentUrl":"https:\/\/news.canadamotorjobs.com\/wp-content\/uploads\/2025\/04\/hyundai-ioniq-6-ioniq-6-n-line-seoul-mobility-show-2025-02_png_bfc_off.jpg","width":1200,"height":675},{"@type":"BreadcrumbList","@id":"https:\/\/news.canadamotorjobs.com\/fr\/hyundai-ioniq-6-2026-un-restylage-et-une-version-n-bientot\/#breadcrumb","itemListElement":[{"@type":"ListItem","position":1,"name":"Home","item":"https:\/\/news.canadamotorjobs.com\/fr\/blog\/"},{"@type":"ListItem","position":2,"name":"Hyundai Ioniq 6 2026 : un restylage et une version N bient\u00f4t"}]},{"@type":"WebSite","@id":"https:\/\/news.canadamotorjobs.com\/#website","url":"https:\/\/news.canadamotorjobs.com\/","name":"CanadaMotorJobs.com","description":"Automotive Jobs","publisher":{"@id":"https:\/\/news.canadamotorjobs.com\/#organization"},"potentialAction":[{"@type":"SearchAction","target":{"@type":"EntryPoint","urlTemplate":"https:\/\/news.canadamotorjobs.com\/?s={search_term_string}"},"query-input":"required name=search_term_string"}],"inLanguage":"fr-CA"},{"@type":"Organization","@id":"https:\/\/news.canadamotorjobs.com\/#organization","name":"Canada Motor Jobs","url":"https:\/\/news.canadamotorjobs.com\/","logo":{"@type":"ImageObject","inLanguage":"fr-CA","@id":"https:\/\/news.canadamotorjobs.com\/#\/schema\/logo\/image\/","url":"https:\/\/news.canadamotorjobs.com\/wp-content\/uploads\/2022\/10\/logo-canada-motor-jobs-1.png","contentUrl":"https:\/\/news.canadamotorjobs.com\/wp-content\/uploads\/2022\/10\/logo-canada-motor-jobs-1.png","width":800,"height":400,"caption":"Canada Motor Jobs"},"image":{"@id":"https:\/\/news.canadamotorjobs.com\/#\/schema\/logo\/image\/"},"sameAs":["https:\/\/www.facebook.com\/canadamotorjobs\/","https:\/\/x.com\/canadamotorjobs","https:\/\/www.instagram.com\/canadamotorjobs\/","https:\/\/www.linkedin.com\/company\/canadamotorjobs"]},{"@type":"Person","@id":"https:\/\/news.canadamotorjobs.com\/#\/schema\/person\/51793d1f87d44011d7bcc2ed99269a90","name":"Benoit Charette","image":{"@type":"ImageObject","inLanguage":"fr-CA","@id":"https:\/\/news.canadamotorjobs.com\/#\/schema\/person\/image\/","url":"https:\/\/secure.gravatar.com\/avatar\/45f3d2eebcccd909668d7ce7ea7267b6?s=96&d=mm&r=g","contentUrl":"https:\/\/secure.gravatar.com\/avatar\/45f3d2eebcccd909668d7ce7ea7267b6?s=96&d=mm&r=g","caption":"Benoit Charette"},"description":"Benoit Charette \/ Propri\u00e9taire et r\u00e9dacteur en chef Benoit Charette pratique le journalisme automobile depuis bient\u00f4t 30 ans. Il a fait ses classes au c\u00f4t\u00e9 de Daniel H\u00e9raud et au Carnet de route de 1992 \u00e0 2001. Il est fondateur, copropri\u00e9taire et r\u00e9dacteur en chef de L\u2019Annuel de l\u2019automobile, qu\u2019il publie depuis 2001. Il a anim\u00e9 les \u00e9missions RPM et RPM+ sur V et les L\u00e9gendes de la route sur Historia. \u00c0 la radio depuis 1986, il reprend l\u2019antenne cette ann\u00e9e sur les ondes de Cogeco et participe pour la deuxi\u00e8me ann\u00e9e \u00e0 l\u2019\u00e9mission Passion Auto sur RDS en plus de mettre en ligne le site Web officiel de L\u2019Annuel de l\u2019automobile sur annuelauto.ca.","sameAs":["https:\/\/annuelauto.ca\/"],"url":"https:\/\/news.canadamotorjobs.com\/fr\/author\/benoit-charette\/"}]}},"_links":{"self":[{"href":"https:\/\/news.canadamotorjobs.com\/fr\/wp-json\/wp\/v2\/posts\/200325"}],"collection":[{"href":"https:\/\/news.canadamotorjobs.com\/fr\/wp-json\/wp\/v2\/posts"}],"about":[{"href":"https:\/\/news.canadamotorjobs.com\/fr\/wp-json\/wp\/v2\/types\/post"}],"author":[{"embeddable":true,"href":"https:\/\/news.canadamotorjobs.com\/fr\/wp-json\/wp\/v2\/users\/8"}],"replies":[{"embeddable":true,"href":"https:\/\/news.canadamotorjobs.com\/fr\/wp-json\/wp\/v2\/comments?post=200325"}],"version-history":[{"count":3,"href":"https:\/\/news.canadamotorjobs.com\/fr\/wp-json\/wp\/v2\/posts\/200325\/revisions"}],"predecessor-version":[{"id":200356,"href":"https:\/\/news.canadamotorjobs.com\/fr\/wp-json\/wp\/v2\/posts\/200325\/revisions\/200356"}],"wp:featuredmedia":[{"embeddable":true,"href":"https:\/\/news.canadamotorjobs.com\/fr\/wp-json\/wp\/v2\/media\/200327"}],"wp:attachment":[{"href":"https:\/\/news.canadamotorjobs.com\/fr\/wp-json\/wp\/v2\/media?parent=200325"}],"wp:term":[{"taxonomy":"category","embeddable":true,"href":"https:\/\/news.canadamotorjobs.com\/fr\/wp-json\/wp\/v2\/categories?post=200325"},{"taxonomy":"post_tag","embeddable":true,"href":"https:\/\/news.canadamotorjobs.com\/fr\/wp-json\/wp\/v2\/tags?post=200325"}],"curies":[{"name":"wp","href":"https:\/\/api.w.org\/{rel}","templated":true}]}}