{"id":200318,"date":"2025-04-04T06:56:34","date_gmt":"2025-04-04T10:56:34","guid":{"rendered":"https:\/\/news.canadamotorjobs.com\/?p=200318"},"modified":"2025-04-04T06:58:45","modified_gmt":"2025-04-04T10:58:45","slug":"tarifs-stellantis-met-sur-pause-sa-production-au-canada","status":"publish","type":"post","link":"https:\/\/news.canadamotorjobs.com\/fr\/tarifs-stellantis-met-sur-pause-sa-production-au-canada\/","title":{"rendered":"Tarifs : Stellantis met sur pause sa production au Canada"},"content":{"rendered":"<p><img loading=\"lazy\" decoding=\"async\" width=\"1200\" height=\"800\" src=\"https:\/\/annuelauto.ca\/wp-content\/uploads\/2025\/04\/Stellantis-windsor-assembly-plant_5.jpg\" class=\"attachment-post-thumbnail size-post-thumbnail wp-post-image\" alt=\"\" \/><\/p>\n<p><strong>\u2022\u00a0\u00a0\u00a0 Stellantis va mettre sa production canadienne sur pause en raison des tarifs automobile am\u00e9ricains.<\/strong><\/p>\n<p>Les experts et analystes de l\u2019industrie avaient pr\u00e9dit que l\u2019imposition des tarifs de Donald Trump sur les v\u00e9hicules import\u00e9s aux \u00c9tats-Unis allait avoir des effets d\u00e9vastateurs.<\/p>\n<p><strong>Une pause de deux semaines<\/strong><\/p>\n<p>Une premi\u00e8re compagnie n\u2019a pas tard\u00e9 \u00e0 r\u00e9agir en cette premi\u00e8re journ\u00e9e des tarifs de 25 %. Stellantis a annonc\u00e9 qu\u2019elle allait interrompre la production \u00e0 son usine d\u2019assemblage de Windsor, en Ontario, d\u00e8s lundi prochain 7 avril. La compagnie pr\u00e9voit reprendre la production deux semaines plus tard, soit le 21 avril.<\/p>\n<p>L\u2019usine de Windsor, o\u00f9 \u0153uvrent 4200 travailleurs, assemble les Chrysler Grand Caravan et Chrysler Pacifica, et doit aussi s\u2019occuper de la fabrication de la Dodge Charger Daytona (\u00e9lectrique et essence).<\/p>\n<p>Les v\u00e9hicules import\u00e9s aux \u00c9tats-Unis sont d\u00e9sormais soumis \u00e0 un pr\u00e9l\u00e8vement de 25 %, mais il convient de pr\u00e9ciser que les mod\u00e8les en provenance du Canada et du Mexique qui respectent les r\u00e8gles commerciales de l\u2019ACEUM (Accord Canada\u2013\u00c9tats-Unis\u2013Mexique) seront soumis \u00e0 un tarif de 25 % uniquement sur leur contenu non am\u00e9ricain.<\/p>\n<p>Voici ce que Stellantis avait \u00e0 communiquer au site Automotive News :<\/p>\n<blockquote><p><\/p>\n<p>\u00ab Les mesures imm\u00e9diates que nous devons prendre comprennent l\u2019arr\u00eat temporaire de la production dans certaines de nos usines d\u2019assemblage canadiennes et mexicaines, ce qui aura un impact sur plusieurs de nos installations am\u00e9ricaines de groupes motopropulseurs et d\u2019emboutissage qui soutiennent ces op\u00e9rations. Nous interromprons temporairement la production \u00e0 l\u2019usine d\u2019assemblage de Windsor pendant deux semaines (les 7 et 14 avril) et les op\u00e9rations reprendront la semaine du 21 avril. \u00bb<\/p>\n<p>\n<\/p><\/blockquote>\n<p><\/p>\n<figure><figcaption>Dans l&#8217;usine de Stellantis \u00e0 Windsor | Auto123.com<\/figcaption><\/figure>\n<p>Certains experts, comme Linda Hasenfratz, pr\u00e9sidente ex\u00e9cutive de Linamar, un \u00e9quipementier automobile canadien sp\u00e9cialis\u00e9 dans l\u2019usinage, avait mentionn\u00e9 que l\u2019industrie automobile nord-am\u00e9ricaine pourrait cesser de fonctionner une semaine du deux apr\u00e8s l\u2019entr\u00e9e en vigueur des tarifs.<\/p>\n<p><strong>D\u2019autres tarifs \u00e0 venir?<\/strong><\/p>\n<p>Et l\u2019industrie n\u2019en est qu\u2019au d\u00e9but de ses peines, car certaines pi\u00e8ces automobiles seront \u00e9galement soumises \u00e0 des tarifs de 25 %. Nous serons fix\u00e9s sur l\u2019identit\u00e9 de ces derni\u00e8res au d\u00e9but du mois de mai.<\/p>\n<p>On peut deviner que des discussions se poursuivent en coulisse pour trouver des terrains d\u2019entente, mais l\u2019Administration Trump ne semble pas vouloir reculer. Si tel est le cas, une crise sans pr\u00e9c\u00e9dent pend au bout du nez de l\u2019industrie.<\/p>\n<p><\/p>\n<p style=\"padding-top: 15px\">Contenu original de <a href=\"https:\/\/www.auto123.com\/fr\/actualites\/tarifs-stellantis-arret-production-windsor\/72598\/\">auto123<\/a>.<\/p>\n<p>Le texte <a href=\"https:\/\/annuelauto.ca\/tarifs-stellantis-met-sur-pause-sa-production-au-canada\/\">Tarifs : Stellantis met sur pause sa production au Canada<\/a> provient de <a href=\"https:\/\/annuelauto.ca\">L&#8217;annuel de l&#8217;automobile &#8211; Actualit\u00e9 automobile<\/a><\/p>\n<p><\/p>\n","protected":false},"excerpt":{"rendered":"<p>\u2022\u00a0\u00a0\u00a0 Stellantis va mettre sa production canadienne sur pause en raison des tarifs automobile am\u00e9ricains. Les experts et analystes de l\u2019industrie avaient pr\u00e9dit que l\u2019imposition des tarifs de Donald Trump sur les v\u00e9hicules import\u00e9s aux \u00c9tats-Unis allait avoir des effets d\u00e9vastateurs. Une pause de deux semaines Une premi\u00e8re compagnie n\u2019a pas tard\u00e9 \u00e0 r\u00e9agir en [&hellip;]<\/p>\n","protected":false},"author":8,"featured_media":200320,"comment_status":"close","ping_status":"closed","sticky":false,"template":"","format":"standard","meta":{"_monsterinsights_skip_tracking":false,"_monsterinsights_sitenote_active":false,"_monsterinsights_sitenote_note":"","_monsterinsights_sitenote_category":0,"footnotes":""},"categories":[101],"tags":[],"yoast_head":"<!-- This site is optimized with the Yoast SEO plugin v23.2 - https:\/\/yoast.com\/wordpress\/plugins\/seo\/ -->\n<title>Tarifs : Stellantis met sur pause sa production au Canada - CanadaMotorJobs.com<\/title>\n<meta name=\"description\" content=\"Tarifs : Stellantis met sur pause sa production au Canada - Benoit Charette - Annuel automobile - CanadaMotorJobs.com.\" \/>\n<meta name=\"robots\" content=\"index, follow, max-snippet:-1, max-image-preview:large, max-video-preview:-1\" \/>\n<meta property=\"og:locale\" content=\"fr_CA\" \/>\n<meta property=\"og:type\" content=\"article\" \/>\n<meta property=\"og:title\" content=\"Tarifs : Stellantis met sur pause sa production au Canada - CanadaMotorJobs.com\" \/>\n<meta property=\"og:description\" content=\"Tarifs : Stellantis met sur pause sa production au Canada - Benoit Charette - Annuel automobile - CanadaMotorJobs.com.\" \/>\n<meta property=\"og:url\" content=\"https:\/\/news.canadamotorjobs.com\/fr\/tarifs-stellantis-met-sur-pause-sa-production-au-canada\/\" \/>\n<meta property=\"og:site_name\" content=\"CanadaMotorJobs.com\" \/>\n<meta property=\"article:publisher\" content=\"https:\/\/www.facebook.com\/canadamotorjobs\/\" \/>\n<meta property=\"article:published_time\" content=\"2025-04-04T10:56:34+00:00\" \/>\n<meta property=\"article:modified_time\" content=\"2025-04-04T10:58:45+00:00\" \/>\n<meta property=\"og:image\" content=\"https:\/\/news.canadamotorjobs.com\/wp-content\/uploads\/2025\/04\/Stellantis-windsor-assembly-plant_5.jpg\" \/>\n\t<meta property=\"og:image:width\" content=\"1200\" \/>\n\t<meta property=\"og:image:height\" content=\"800\" \/>\n\t<meta property=\"og:image:type\" content=\"image\/jpeg\" \/>\n<meta name=\"author\" content=\"Benoit Charette\" \/>\n<meta name=\"twitter:card\" content=\"summary_large_image\" \/>\n<meta name=\"twitter:creator\" content=\"@canadamotorjobs\" \/>\n<meta name=\"twitter:site\" content=\"@canadamotorjobs\" \/>\n<meta name=\"twitter:label1\" content=\"\u00c9crit par\" \/>\n\t<meta name=\"twitter:data1\" content=\"Benoit Charette\" \/>\n\t<meta name=\"twitter:label2\" content=\"Estimation du temps de lecture\" \/>\n\t<meta name=\"twitter:data2\" content=\"2 minutes\" \/>\n<!-- \/ Yoast SEO plugin. -->","yoast_head_json":{"title":"Tarifs : Stellantis met sur pause sa production au Canada - CanadaMotorJobs.com","description":"Tarifs : Stellantis met sur pause sa production au Canada - Benoit Charette - Annuel automobile - CanadaMotorJobs.com.","robots":{"index":"index","follow":"follow","max-snippet":"max-snippet:-1","max-image-preview":"max-image-preview:large","max-video-preview":"max-video-preview:-1"},"og_locale":"fr_CA","og_type":"article","og_title":"Tarifs : Stellantis met sur pause sa production au Canada - CanadaMotorJobs.com","og_description":"Tarifs : Stellantis met sur pause sa production au Canada - Benoit Charette - Annuel automobile - CanadaMotorJobs.com.","og_url":"https:\/\/news.canadamotorjobs.com\/fr\/tarifs-stellantis-met-sur-pause-sa-production-au-canada\/","og_site_name":"CanadaMotorJobs.com","article_publisher":"https:\/\/www.facebook.com\/canadamotorjobs\/","article_published_time":"2025-04-04T10:56:34+00:00","article_modified_time":"2025-04-04T10:58:45+00:00","og_image":[{"width":1200,"height":800,"url":"https:\/\/news.canadamotorjobs.com\/wp-content\/uploads\/2025\/04\/Stellantis-windsor-assembly-plant_5.jpg","type":"image\/jpeg"}],"author":"Benoit Charette","twitter_card":"summary_large_image","twitter_creator":"@canadamotorjobs","twitter_site":"@canadamotorjobs","twitter_misc":{"\u00c9crit par":"Benoit Charette","Estimation du temps de lecture":"2 minutes"},"schema":{"@context":"https:\/\/schema.org","@graph":[{"@type":"Article","@id":"https:\/\/news.canadamotorjobs.com\/fr\/tarifs-stellantis-met-sur-pause-sa-production-au-canada\/#article","isPartOf":{"@id":"https:\/\/news.canadamotorjobs.com\/fr\/tarifs-stellantis-met-sur-pause-sa-production-au-canada\/"},"author":{"name":"Benoit Charette","@id":"https:\/\/news.canadamotorjobs.com\/#\/schema\/person\/51793d1f87d44011d7bcc2ed99269a90"},"headline":"Tarifs : Stellantis met sur pause sa production au Canada","datePublished":"2025-04-04T10:56:34+00:00","dateModified":"2025-04-04T10:58:45+00:00","mainEntityOfPage":{"@id":"https:\/\/news.canadamotorjobs.com\/fr\/tarifs-stellantis-met-sur-pause-sa-production-au-canada\/"},"wordCount":458,"publisher":{"@id":"https:\/\/news.canadamotorjobs.com\/#organization"},"image":{"@id":"https:\/\/news.canadamotorjobs.com\/fr\/tarifs-stellantis-met-sur-pause-sa-production-au-canada\/#primaryimage"},"thumbnailUrl":"https:\/\/news.canadamotorjobs.com\/wp-content\/uploads\/2025\/04\/Stellantis-windsor-assembly-plant_5.jpg","articleSection":["Annuel automobile"],"inLanguage":"fr-CA"},{"@type":"WebPage","@id":"https:\/\/news.canadamotorjobs.com\/fr\/tarifs-stellantis-met-sur-pause-sa-production-au-canada\/","url":"https:\/\/news.canadamotorjobs.com\/fr\/tarifs-stellantis-met-sur-pause-sa-production-au-canada\/","name":"Tarifs : Stellantis met sur pause sa production au Canada - CanadaMotorJobs.com","isPartOf":{"@id":"https:\/\/news.canadamotorjobs.com\/#website"},"primaryImageOfPage":{"@id":"https:\/\/news.canadamotorjobs.com\/fr\/tarifs-stellantis-met-sur-pause-sa-production-au-canada\/#primaryimage"},"image":{"@id":"https:\/\/news.canadamotorjobs.com\/fr\/tarifs-stellantis-met-sur-pause-sa-production-au-canada\/#primaryimage"},"thumbnailUrl":"https:\/\/news.canadamotorjobs.com\/wp-content\/uploads\/2025\/04\/Stellantis-windsor-assembly-plant_5.jpg","datePublished":"2025-04-04T10:56:34+00:00","dateModified":"2025-04-04T10:58:45+00:00","description":"Tarifs : Stellantis met sur pause sa production au Canada - Benoit Charette - Annuel automobile - CanadaMotorJobs.com.","breadcrumb":{"@id":"https:\/\/news.canadamotorjobs.com\/fr\/tarifs-stellantis-met-sur-pause-sa-production-au-canada\/#breadcrumb"},"inLanguage":"fr-CA","potentialAction":[{"@type":"ReadAction","target":["https:\/\/news.canadamotorjobs.com\/fr\/tarifs-stellantis-met-sur-pause-sa-production-au-canada\/"]}]},{"@type":"ImageObject","inLanguage":"fr-CA","@id":"https:\/\/news.canadamotorjobs.com\/fr\/tarifs-stellantis-met-sur-pause-sa-production-au-canada\/#primaryimage","url":"https:\/\/news.canadamotorjobs.com\/wp-content\/uploads\/2025\/04\/Stellantis-windsor-assembly-plant_5.jpg","contentUrl":"https:\/\/news.canadamotorjobs.com\/wp-content\/uploads\/2025\/04\/Stellantis-windsor-assembly-plant_5.jpg","width":1200,"height":800},{"@type":"BreadcrumbList","@id":"https:\/\/news.canadamotorjobs.com\/fr\/tarifs-stellantis-met-sur-pause-sa-production-au-canada\/#breadcrumb","itemListElement":[{"@type":"ListItem","position":1,"name":"Home","item":"https:\/\/news.canadamotorjobs.com\/fr\/blog\/"},{"@type":"ListItem","position":2,"name":"Tarifs : Stellantis met sur pause sa production au Canada"}]},{"@type":"WebSite","@id":"https:\/\/news.canadamotorjobs.com\/#website","url":"https:\/\/news.canadamotorjobs.com\/","name":"CanadaMotorJobs.com","description":"Automotive Jobs","publisher":{"@id":"https:\/\/news.canadamotorjobs.com\/#organization"},"potentialAction":[{"@type":"SearchAction","target":{"@type":"EntryPoint","urlTemplate":"https:\/\/news.canadamotorjobs.com\/?s={search_term_string}"},"query-input":"required name=search_term_string"}],"inLanguage":"fr-CA"},{"@type":"Organization","@id":"https:\/\/news.canadamotorjobs.com\/#organization","name":"Canada Motor Jobs","url":"https:\/\/news.canadamotorjobs.com\/","logo":{"@type":"ImageObject","inLanguage":"fr-CA","@id":"https:\/\/news.canadamotorjobs.com\/#\/schema\/logo\/image\/","url":"https:\/\/news.canadamotorjobs.com\/wp-content\/uploads\/2022\/10\/logo-canada-motor-jobs-1.png","contentUrl":"https:\/\/news.canadamotorjobs.com\/wp-content\/uploads\/2022\/10\/logo-canada-motor-jobs-1.png","width":800,"height":400,"caption":"Canada Motor Jobs"},"image":{"@id":"https:\/\/news.canadamotorjobs.com\/#\/schema\/logo\/image\/"},"sameAs":["https:\/\/www.facebook.com\/canadamotorjobs\/","https:\/\/x.com\/canadamotorjobs","https:\/\/www.instagram.com\/canadamotorjobs\/","https:\/\/www.linkedin.com\/company\/canadamotorjobs"]},{"@type":"Person","@id":"https:\/\/news.canadamotorjobs.com\/#\/schema\/person\/51793d1f87d44011d7bcc2ed99269a90","name":"Benoit Charette","image":{"@type":"ImageObject","inLanguage":"fr-CA","@id":"https:\/\/news.canadamotorjobs.com\/#\/schema\/person\/image\/","url":"https:\/\/secure.gravatar.com\/avatar\/45f3d2eebcccd909668d7ce7ea7267b6?s=96&d=mm&r=g","contentUrl":"https:\/\/secure.gravatar.com\/avatar\/45f3d2eebcccd909668d7ce7ea7267b6?s=96&d=mm&r=g","caption":"Benoit Charette"},"description":"Benoit Charette \/ Propri\u00e9taire et r\u00e9dacteur en chef Benoit Charette pratique le journalisme automobile depuis bient\u00f4t 30 ans. Il a fait ses classes au c\u00f4t\u00e9 de Daniel H\u00e9raud et au Carnet de route de 1992 \u00e0 2001. Il est fondateur, copropri\u00e9taire et r\u00e9dacteur en chef de L\u2019Annuel de l\u2019automobile, qu\u2019il publie depuis 2001. Il a anim\u00e9 les \u00e9missions RPM et RPM+ sur V et les L\u00e9gendes de la route sur Historia. \u00c0 la radio depuis 1986, il reprend l\u2019antenne cette ann\u00e9e sur les ondes de Cogeco et participe pour la deuxi\u00e8me ann\u00e9e \u00e0 l\u2019\u00e9mission Passion Auto sur RDS en plus de mettre en ligne le site Web officiel de L\u2019Annuel de l\u2019automobile sur annuelauto.ca.","sameAs":["https:\/\/annuelauto.ca\/"],"url":"https:\/\/news.canadamotorjobs.com\/fr\/author\/benoit-charette\/"}]}},"_links":{"self":[{"href":"https:\/\/news.canadamotorjobs.com\/fr\/wp-json\/wp\/v2\/posts\/200318"}],"collection":[{"href":"https:\/\/news.canadamotorjobs.com\/fr\/wp-json\/wp\/v2\/posts"}],"about":[{"href":"https:\/\/news.canadamotorjobs.com\/fr\/wp-json\/wp\/v2\/types\/post"}],"author":[{"embeddable":true,"href":"https:\/\/news.canadamotorjobs.com\/fr\/wp-json\/wp\/v2\/users\/8"}],"replies":[{"embeddable":true,"href":"https:\/\/news.canadamotorjobs.com\/fr\/wp-json\/wp\/v2\/comments?post=200318"}],"version-history":[{"count":2,"href":"https:\/\/news.canadamotorjobs.com\/fr\/wp-json\/wp\/v2\/posts\/200318\/revisions"}],"predecessor-version":[{"id":200322,"href":"https:\/\/news.canadamotorjobs.com\/fr\/wp-json\/wp\/v2\/posts\/200318\/revisions\/200322"}],"wp:featuredmedia":[{"embeddable":true,"href":"https:\/\/news.canadamotorjobs.com\/fr\/wp-json\/wp\/v2\/media\/200320"}],"wp:attachment":[{"href":"https:\/\/news.canadamotorjobs.com\/fr\/wp-json\/wp\/v2\/media?parent=200318"}],"wp:term":[{"taxonomy":"category","embeddable":true,"href":"https:\/\/news.canadamotorjobs.com\/fr\/wp-json\/wp\/v2\/categories?post=200318"},{"taxonomy":"post_tag","embeddable":true,"href":"https:\/\/news.canadamotorjobs.com\/fr\/wp-json\/wp\/v2\/tags?post=200318"}],"curies":[{"name":"wp","href":"https:\/\/api.w.org\/{rel}","templated":true}]}}