{"id":200316,"date":"2025-04-03T17:15:41","date_gmt":"2025-04-03T21:15:41","guid":{"rendered":"https:\/\/news.canadamotorjobs.com\/?p=200316"},"modified":"2025-04-03T17:28:56","modified_gmt":"2025-04-03T21:28:56","slug":"le-canada-riposte-aux-tarifs-automobiles-americains-avec-une-taxe-de-25","status":"publish","type":"post","link":"https:\/\/news.canadamotorjobs.com\/fr\/le-canada-riposte-aux-tarifs-automobiles-americains-avec-une-taxe-de-25\/","title":{"rendered":"Le Canada riposte aux tarifs automobiles am\u00e9ricains avec une taxe de 25 %"},"content":{"rendered":"<p><img loading=\"lazy\" decoding=\"async\" width=\"1200\" height=\"786\" src=\"https:\/\/annuelauto.ca\/wp-content\/uploads\/2025\/04\/carney-talking-tariffs.jpg\" class=\"attachment-post-thumbnail size-post-thumbnail wp-post-image\" alt=\"\" \/><\/p>\n<p class=\"\" data-start=\"547\" data-end=\"964\">Le gouvernement canadien n\u2019a pas tard\u00e9 \u00e0 r\u00e9agir aux nouvelles taxes am\u00e9ricaines impos\u00e9es par Donald Trump sur l\u2019industrie automobile. Ottawa a annonc\u00e9 une taxe de 25 % sur les v\u00e9hicules import\u00e9s des \u00c9tats-Unis qui ne respectent pas les r\u00e8gles de l\u2019Accord Canada\u2013\u00c9tats-Unis\u2013Mexique (CUSMA). Pour les v\u00e9hicules conformes \u00e0 cet accord, une taxe \u00e9quivalente s\u2019appliquera sur la valeur de leurs composants non canadiens.<\/p>\n<h3 data-start=\"966\" data-end=\"1014\"><strong data-start=\"969\" data-end=\"1012\">Une exception pour les pi\u00e8ces d\u00e9tach\u00e9es<\/strong><\/h3>\n<p><\/p>\n<p class=\"\" data-start=\"1015\" data-end=\"1219\">Contrairement aux \u00c9tats-Unis, qui taxent l\u2019ensemble des v\u00e9hicules et pi\u00e8ces import\u00e9s du Canada, Ottawa a choisi d\u2019\u00e9pargner les pi\u00e8ces d\u00e9tach\u00e9es am\u00e9ricaines destin\u00e9es aux usines d\u2019assemblage canadiennes. &#8220;Nous connaissons les avantages de notre syst\u00e8me de production int\u00e9gr\u00e9,&#8221; a d\u00e9clar\u00e9 Mark Carney, chef du Parti lib\u00e9ral, lors d\u2019une conf\u00e9rence de presse \u00e0 Ottawa. En d\u2019autres termes, le Canada veut \u00e9viter de p\u00e9naliser ses propres usines et maintenir la fluidit\u00e9 de sa cha\u00eene d\u2019approvisionnement.<\/p>\n<h3 data-start=\"1523\" data-end=\"1569\"><strong data-start=\"1526\" data-end=\"1567\">Comment les tarifs vont s\u2019appliquer ?<\/strong><\/h3>\n<p><\/p>\n<ul data-start=\"1570\" data-end=\"2013\"><\/p>\n<li class=\"\" data-start=\"1570\" data-end=\"1663\">\n<p class=\"\" data-start=\"1572\" data-end=\"1663\"><strong data-start=\"1572\" data-end=\"1608\">V\u00e9hicules non conformes au AC\u00c9UM<\/strong> : Pour \u00eatre conformes \u00e0 l&#8217;AC\u00c9UM une v\u00e9hicule doit avoir 75 % de pi\u00e8ces nord-am\u00e9ricaine. Si le v\u00e9hicule est non-conforme, on applique la taxe de 25 %<\/p>\n<p>\n<\/li>\n<p><\/p>\n<li class=\"\" data-start=\"1664\" data-end=\"1789\">\n<p class=\"\" data-start=\"1666\" data-end=\"1789\"><strong data-start=\"1666\" data-end=\"1698\">V\u00e9hicules conformes au AC\u00c9UM<\/strong> : une taxe de 25 % sera appliqu\u00e9e uniquement sur la valeur des composants non canadiens.<\/p>\n<p>\n<\/li>\n<p><\/p>\n<li class=\"\" data-start=\"1790\" data-end=\"1901\">\n<p class=\"\" data-start=\"1792\" data-end=\"1901\"><strong data-start=\"1792\" data-end=\"1824\">Pi\u00e8ces d\u00e9tach\u00e9es am\u00e9ricaines<\/strong> : exempt\u00e9es pour \u00e9viter de perturber la production des usines canadiennes.<\/p>\n<p>\n<\/li>\n<p><\/p>\n<li class=\"\" data-start=\"1902\" data-end=\"2013\">\n<p class=\"\" data-start=\"1904\" data-end=\"2013\"><strong data-start=\"1904\" data-end=\"1924\">Contenu mexicain<\/strong> : aucun tarif suppl\u00e9mentaire, puisque le Mexique continue de respecter l\u2019accord USMCA.<\/p>\n<p>\n<\/li>\n<p>\n<\/ul>\n<p>\nSur les 670 000 v\u00e9hicules am\u00e9ricains fabriqu\u00e9s et export\u00e9s des \u00c9tats-Unis vers le Canada l&#8217;an dernier, 90 % \u00e9taient conformes \u00e0 l&#8217;entente de libre \u00e9change. Ce qui veut dire qu&#8217;environ 67 000 v\u00e9hicules seraient touch\u00e9s par une taxe de 25 %<\/p>\n<h3 data-start=\"2015\" data-end=\"2051\"><strong data-start=\"2018\" data-end=\"2049\">Un impact \u00e9conomique massif<\/strong><\/h3>\n<p><\/p>\n<p class=\"\" data-start=\"2052\" data-end=\"2400\">Les nouvelles taxes am\u00e9ricaines, entr\u00e9es en vigueur le 3 avril \u00e0 00h01, risquent de bouleverser l\u2019industrie automobile nord-am\u00e9ricaine. En r\u00e9action, le gouvernement canadien estime que ses contre-mesures pourraient g\u00e9n\u00e9rer environ <strong data-start=\"2283\" data-end=\"2316\">8 milliards de dollars par an<\/strong>, qui seront r\u00e9investis pour soutenir les travailleurs et les entreprises touch\u00e9s.<\/p>\n<blockquote data-start=\"2402\" data-end=\"2551\"><p><\/p>\n<p class=\"\" data-start=\"2404\" data-end=\"2551\">&#8220;Trump met fin \u00e0 80 ans de leadership \u00e9conomique mondial des \u00c9tats-Unis. C\u2019est une trag\u00e9die, mais aussi une nouvelle r\u00e9alit\u00e9,&#8221; a comment\u00e9 Carney.<\/p>\n<p>\n<\/p><\/blockquote>\n<p><\/p>\n<h3 data-start=\"2553\" data-end=\"2593\"><strong data-start=\"2556\" data-end=\"2591\">Des r\u00e9percussions d\u00e9j\u00e0 visibles<\/strong><\/h3>\n<p><\/p>\n<p class=\"\" data-start=\"2594\" data-end=\"2975\">Moins de 24 heures apr\u00e8s l\u2019annonce de Trump, les effets se font d\u00e9j\u00e0 sentir au Canada. L\u2019usine Stellantis de Windsor fermera ses portes pendant au moins <strong data-start=\"2747\" data-end=\"2785\">deux semaines \u00e0 compter du 7 avril<\/strong>, mettant temporairement \u00e0 pied des centaines de travailleurs. Aux \u00c9tats-Unis, Stellantis pr\u00e9voit aussi de licencier pr\u00e8s de <strong data-start=\"2910\" data-end=\"2928\">1 000 employ\u00e9s<\/strong> dans ses usines du Michigan et de l\u2019Indiana.<\/p>\n<h3 data-start=\"2977\" data-end=\"3018\"><strong data-start=\"2980\" data-end=\"3016\">Une strat\u00e9gie \u00e0 double tranchant<\/strong><\/h3>\n<p><\/p>\n<p class=\"\" data-start=\"3019\" data-end=\"3314\">Alors que le Canada suit une strat\u00e9gie de repr\u00e9sailles mesur\u00e9e, le secteur automobile nord-am\u00e9ricain entre dans une p\u00e9riode d\u2019incertitude. Reste \u00e0 voir si ces tensions commerciales provoqueront un r\u00e9\u00e9quilibrage des cha\u00eenes d\u2019approvisionnement ou une escalade qui p\u00e9nalisera l\u2019ensemble du march\u00e9.<\/p>\n<p><\/p>\n<p data-start=\"3019\" data-end=\"3314\">Avec des renseignements d&#8217;Automobile News<\/p>\n<p>Le texte <a href=\"https:\/\/annuelauto.ca\/canada-replique-tarifs-automobiles-usa\/\">Le Canada riposte aux tarifs automobiles am\u00e9ricains avec une taxe de 25 %<\/a> provient de <a href=\"https:\/\/annuelauto.ca\">L&#8217;annuel de l&#8217;automobile &#8211; Actualit\u00e9 automobile<\/a><\/p>\n<p><\/p>\n","protected":false},"excerpt":{"rendered":"<p>Le gouvernement canadien n\u2019a pas tard\u00e9 \u00e0 r\u00e9agir aux nouvelles taxes am\u00e9ricaines impos\u00e9es par Donald Trump sur l\u2019industrie automobile. Ottawa a annonc\u00e9 une taxe de 25 % sur les v\u00e9hicules import\u00e9s des \u00c9tats-Unis qui ne respectent pas les r\u00e8gles de l\u2019Accord Canada\u2013\u00c9tats-Unis\u2013Mexique (CUSMA). Pour les v\u00e9hicules conformes \u00e0 cet accord, une taxe \u00e9quivalente s\u2019appliquera sur [&hellip;]<\/p>\n","protected":false},"author":8,"featured_media":0,"comment_status":"close","ping_status":"closed","sticky":false,"template":"","format":"standard","meta":{"_monsterinsights_skip_tracking":false,"_monsterinsights_sitenote_active":false,"_monsterinsights_sitenote_note":"","_monsterinsights_sitenote_category":0,"footnotes":""},"categories":[101],"tags":[],"yoast_head":"<!-- This site is optimized with the Yoast SEO plugin v23.2 - https:\/\/yoast.com\/wordpress\/plugins\/seo\/ -->\n<title>Le Canada riposte aux tarifs automobiles am\u00e9ricains avec une taxe de 25 % - CanadaMotorJobs.com<\/title>\n<meta name=\"description\" content=\"Le Canada riposte aux tarifs automobiles am\u00e9ricains avec une taxe de 25 % - Benoit Charette - Annuel automobile - CanadaMotorJobs.com.\" \/>\n<meta name=\"robots\" content=\"index, follow, max-snippet:-1, max-image-preview:large, max-video-preview:-1\" \/>\n<meta property=\"og:locale\" content=\"fr_CA\" \/>\n<meta property=\"og:type\" content=\"article\" \/>\n<meta property=\"og:title\" content=\"Le Canada riposte aux tarifs automobiles am\u00e9ricains avec une taxe de 25 % - CanadaMotorJobs.com\" \/>\n<meta property=\"og:description\" content=\"Le Canada riposte aux tarifs automobiles am\u00e9ricains avec une taxe de 25 % - Benoit Charette - Annuel automobile - CanadaMotorJobs.com.\" \/>\n<meta property=\"og:url\" content=\"https:\/\/news.canadamotorjobs.com\/fr\/le-canada-riposte-aux-tarifs-automobiles-americains-avec-une-taxe-de-25\/\" \/>\n<meta property=\"og:site_name\" content=\"CanadaMotorJobs.com\" \/>\n<meta property=\"article:publisher\" content=\"https:\/\/www.facebook.com\/canadamotorjobs\/\" \/>\n<meta property=\"article:published_time\" content=\"2025-04-03T21:15:41+00:00\" \/>\n<meta property=\"article:modified_time\" content=\"2025-04-03T21:28:56+00:00\" \/>\n<meta property=\"og:image\" content=\"https:\/\/annuelauto.ca\/wp-content\/uploads\/2025\/04\/carney-talking-tariffs.jpg\" \/>\n<meta name=\"author\" content=\"Benoit Charette\" \/>\n<meta name=\"twitter:card\" content=\"summary_large_image\" \/>\n<meta name=\"twitter:creator\" content=\"@canadamotorjobs\" \/>\n<meta name=\"twitter:site\" content=\"@canadamotorjobs\" \/>\n<meta name=\"twitter:label1\" content=\"\u00c9crit par\" \/>\n\t<meta name=\"twitter:data1\" content=\"Benoit Charette\" \/>\n\t<meta name=\"twitter:label2\" content=\"Estimation du temps de lecture\" \/>\n\t<meta name=\"twitter:data2\" content=\"3 minutes\" \/>\n<!-- \/ Yoast SEO plugin. -->","yoast_head_json":{"title":"Le Canada riposte aux tarifs automobiles am\u00e9ricains avec une taxe de 25 % - CanadaMotorJobs.com","description":"Le Canada riposte aux tarifs automobiles am\u00e9ricains avec une taxe de 25 % - Benoit Charette - Annuel automobile - CanadaMotorJobs.com.","robots":{"index":"index","follow":"follow","max-snippet":"max-snippet:-1","max-image-preview":"max-image-preview:large","max-video-preview":"max-video-preview:-1"},"og_locale":"fr_CA","og_type":"article","og_title":"Le Canada riposte aux tarifs automobiles am\u00e9ricains avec une taxe de 25 % - CanadaMotorJobs.com","og_description":"Le Canada riposte aux tarifs automobiles am\u00e9ricains avec une taxe de 25 % - Benoit Charette - Annuel automobile - CanadaMotorJobs.com.","og_url":"https:\/\/news.canadamotorjobs.com\/fr\/le-canada-riposte-aux-tarifs-automobiles-americains-avec-une-taxe-de-25\/","og_site_name":"CanadaMotorJobs.com","article_publisher":"https:\/\/www.facebook.com\/canadamotorjobs\/","article_published_time":"2025-04-03T21:15:41+00:00","article_modified_time":"2025-04-03T21:28:56+00:00","og_image":[{"url":"https:\/\/annuelauto.ca\/wp-content\/uploads\/2025\/04\/carney-talking-tariffs.jpg"}],"author":"Benoit Charette","twitter_card":"summary_large_image","twitter_creator":"@canadamotorjobs","twitter_site":"@canadamotorjobs","twitter_misc":{"\u00c9crit par":"Benoit Charette","Estimation du temps de lecture":"3 minutes"},"schema":{"@context":"https:\/\/schema.org","@graph":[{"@type":"Article","@id":"https:\/\/news.canadamotorjobs.com\/fr\/le-canada-riposte-aux-tarifs-automobiles-americains-avec-une-taxe-de-25\/#article","isPartOf":{"@id":"https:\/\/news.canadamotorjobs.com\/fr\/le-canada-riposte-aux-tarifs-automobiles-americains-avec-une-taxe-de-25\/"},"author":{"name":"Benoit Charette","@id":"https:\/\/news.canadamotorjobs.com\/#\/schema\/person\/51793d1f87d44011d7bcc2ed99269a90"},"headline":"Le Canada riposte aux tarifs automobiles am\u00e9ricains avec une taxe de 25 %","datePublished":"2025-04-03T21:15:41+00:00","dateModified":"2025-04-03T21:28:56+00:00","mainEntityOfPage":{"@id":"https:\/\/news.canadamotorjobs.com\/fr\/le-canada-riposte-aux-tarifs-automobiles-americains-avec-une-taxe-de-25\/"},"wordCount":552,"publisher":{"@id":"https:\/\/news.canadamotorjobs.com\/#organization"},"image":{"@id":"https:\/\/news.canadamotorjobs.com\/fr\/le-canada-riposte-aux-tarifs-automobiles-americains-avec-une-taxe-de-25\/#primaryimage"},"thumbnailUrl":"https:\/\/annuelauto.ca\/wp-content\/uploads\/2025\/04\/carney-talking-tariffs.jpg","articleSection":["Annuel automobile"],"inLanguage":"fr-CA"},{"@type":"WebPage","@id":"https:\/\/news.canadamotorjobs.com\/fr\/le-canada-riposte-aux-tarifs-automobiles-americains-avec-une-taxe-de-25\/","url":"https:\/\/news.canadamotorjobs.com\/fr\/le-canada-riposte-aux-tarifs-automobiles-americains-avec-une-taxe-de-25\/","name":"Le Canada riposte aux tarifs automobiles am\u00e9ricains avec une taxe de 25 % - CanadaMotorJobs.com","isPartOf":{"@id":"https:\/\/news.canadamotorjobs.com\/#website"},"primaryImageOfPage":{"@id":"https:\/\/news.canadamotorjobs.com\/fr\/le-canada-riposte-aux-tarifs-automobiles-americains-avec-une-taxe-de-25\/#primaryimage"},"image":{"@id":"https:\/\/news.canadamotorjobs.com\/fr\/le-canada-riposte-aux-tarifs-automobiles-americains-avec-une-taxe-de-25\/#primaryimage"},"thumbnailUrl":"https:\/\/annuelauto.ca\/wp-content\/uploads\/2025\/04\/carney-talking-tariffs.jpg","datePublished":"2025-04-03T21:15:41+00:00","dateModified":"2025-04-03T21:28:56+00:00","description":"Le Canada riposte aux tarifs automobiles am\u00e9ricains avec une taxe de 25 % - Benoit Charette - Annuel automobile - CanadaMotorJobs.com.","breadcrumb":{"@id":"https:\/\/news.canadamotorjobs.com\/fr\/le-canada-riposte-aux-tarifs-automobiles-americains-avec-une-taxe-de-25\/#breadcrumb"},"inLanguage":"fr-CA","potentialAction":[{"@type":"ReadAction","target":["https:\/\/news.canadamotorjobs.com\/fr\/le-canada-riposte-aux-tarifs-automobiles-americains-avec-une-taxe-de-25\/"]}]},{"@type":"ImageObject","inLanguage":"fr-CA","@id":"https:\/\/news.canadamotorjobs.com\/fr\/le-canada-riposte-aux-tarifs-automobiles-americains-avec-une-taxe-de-25\/#primaryimage","url":"https:\/\/annuelauto.ca\/wp-content\/uploads\/2025\/04\/carney-talking-tariffs.jpg","contentUrl":"https:\/\/annuelauto.ca\/wp-content\/uploads\/2025\/04\/carney-talking-tariffs.jpg"},{"@type":"BreadcrumbList","@id":"https:\/\/news.canadamotorjobs.com\/fr\/le-canada-riposte-aux-tarifs-automobiles-americains-avec-une-taxe-de-25\/#breadcrumb","itemListElement":[{"@type":"ListItem","position":1,"name":"Home","item":"https:\/\/news.canadamotorjobs.com\/fr\/blog\/"},{"@type":"ListItem","position":2,"name":"Le Canada riposte aux tarifs automobiles am\u00e9ricains avec une taxe de 25 %"}]},{"@type":"WebSite","@id":"https:\/\/news.canadamotorjobs.com\/#website","url":"https:\/\/news.canadamotorjobs.com\/","name":"CanadaMotorJobs.com","description":"Automotive Jobs","publisher":{"@id":"https:\/\/news.canadamotorjobs.com\/#organization"},"potentialAction":[{"@type":"SearchAction","target":{"@type":"EntryPoint","urlTemplate":"https:\/\/news.canadamotorjobs.com\/?s={search_term_string}"},"query-input":"required name=search_term_string"}],"inLanguage":"fr-CA"},{"@type":"Organization","@id":"https:\/\/news.canadamotorjobs.com\/#organization","name":"Canada Motor Jobs","url":"https:\/\/news.canadamotorjobs.com\/","logo":{"@type":"ImageObject","inLanguage":"fr-CA","@id":"https:\/\/news.canadamotorjobs.com\/#\/schema\/logo\/image\/","url":"https:\/\/news.canadamotorjobs.com\/wp-content\/uploads\/2022\/10\/logo-canada-motor-jobs-1.png","contentUrl":"https:\/\/news.canadamotorjobs.com\/wp-content\/uploads\/2022\/10\/logo-canada-motor-jobs-1.png","width":800,"height":400,"caption":"Canada Motor Jobs"},"image":{"@id":"https:\/\/news.canadamotorjobs.com\/#\/schema\/logo\/image\/"},"sameAs":["https:\/\/www.facebook.com\/canadamotorjobs\/","https:\/\/x.com\/canadamotorjobs","https:\/\/www.instagram.com\/canadamotorjobs\/","https:\/\/www.linkedin.com\/company\/canadamotorjobs"]},{"@type":"Person","@id":"https:\/\/news.canadamotorjobs.com\/#\/schema\/person\/51793d1f87d44011d7bcc2ed99269a90","name":"Benoit Charette","image":{"@type":"ImageObject","inLanguage":"fr-CA","@id":"https:\/\/news.canadamotorjobs.com\/#\/schema\/person\/image\/","url":"https:\/\/secure.gravatar.com\/avatar\/45f3d2eebcccd909668d7ce7ea7267b6?s=96&d=mm&r=g","contentUrl":"https:\/\/secure.gravatar.com\/avatar\/45f3d2eebcccd909668d7ce7ea7267b6?s=96&d=mm&r=g","caption":"Benoit Charette"},"description":"Benoit Charette \/ Propri\u00e9taire et r\u00e9dacteur en chef Benoit Charette pratique le journalisme automobile depuis bient\u00f4t 30 ans. Il a fait ses classes au c\u00f4t\u00e9 de Daniel H\u00e9raud et au Carnet de route de 1992 \u00e0 2001. Il est fondateur, copropri\u00e9taire et r\u00e9dacteur en chef de L\u2019Annuel de l\u2019automobile, qu\u2019il publie depuis 2001. Il a anim\u00e9 les \u00e9missions RPM et RPM+ sur V et les L\u00e9gendes de la route sur Historia. \u00c0 la radio depuis 1986, il reprend l\u2019antenne cette ann\u00e9e sur les ondes de Cogeco et participe pour la deuxi\u00e8me ann\u00e9e \u00e0 l\u2019\u00e9mission Passion Auto sur RDS en plus de mettre en ligne le site Web officiel de L\u2019Annuel de l\u2019automobile sur annuelauto.ca.","sameAs":["https:\/\/annuelauto.ca\/"],"url":"https:\/\/news.canadamotorjobs.com\/fr\/author\/benoit-charette\/"}]}},"_links":{"self":[{"href":"https:\/\/news.canadamotorjobs.com\/fr\/wp-json\/wp\/v2\/posts\/200316"}],"collection":[{"href":"https:\/\/news.canadamotorjobs.com\/fr\/wp-json\/wp\/v2\/posts"}],"about":[{"href":"https:\/\/news.canadamotorjobs.com\/fr\/wp-json\/wp\/v2\/types\/post"}],"author":[{"embeddable":true,"href":"https:\/\/news.canadamotorjobs.com\/fr\/wp-json\/wp\/v2\/users\/8"}],"replies":[{"embeddable":true,"href":"https:\/\/news.canadamotorjobs.com\/fr\/wp-json\/wp\/v2\/comments?post=200316"}],"version-history":[{"count":1,"href":"https:\/\/news.canadamotorjobs.com\/fr\/wp-json\/wp\/v2\/posts\/200316\/revisions"}],"predecessor-version":[{"id":200317,"href":"https:\/\/news.canadamotorjobs.com\/fr\/wp-json\/wp\/v2\/posts\/200316\/revisions\/200317"}],"wp:attachment":[{"href":"https:\/\/news.canadamotorjobs.com\/fr\/wp-json\/wp\/v2\/media?parent=200316"}],"wp:term":[{"taxonomy":"category","embeddable":true,"href":"https:\/\/news.canadamotorjobs.com\/fr\/wp-json\/wp\/v2\/categories?post=200316"},{"taxonomy":"post_tag","embeddable":true,"href":"https:\/\/news.canadamotorjobs.com\/fr\/wp-json\/wp\/v2\/tags?post=200316"}],"curies":[{"name":"wp","href":"https:\/\/api.w.org\/{rel}","templated":true}]}}