{"id":200306,"date":"2025-04-03T08:07:39","date_gmt":"2025-04-03T12:07:39","guid":{"rendered":"https:\/\/news.canadamotorjobs.com\/?p=200306"},"modified":"2025-04-03T08:14:02","modified_gmt":"2025-04-03T12:14:02","slug":"stellantis-suspend-la-production-a-windsor","status":"publish","type":"post","link":"https:\/\/news.canadamotorjobs.com\/fr\/stellantis-suspend-la-production-a-windsor\/","title":{"rendered":"Stellantis suspend la production \u00e0 Windsor"},"content":{"rendered":"<p><img loading=\"lazy\" decoding=\"async\" width=\"1200\" height=\"800\" src=\"https:\/\/annuelauto.ca\/wp-content\/uploads\/2025\/03\/FCA_Windsor_Assembly.jpg\" class=\"attachment-post-thumbnail size-post-thumbnail wp-post-image\" alt=\"\" \/><\/p>\n<p class=\"\" data-start=\"501\" data-end=\"864\">L\u2019usine d\u2019assemblage Stellantis de Windsor (Ontario) sera mise \u00e0 l\u2019arr\u00eat pendant deux semaines \u00e0 compter du lundi 7 avril, a annonc\u00e9 mercredi soir Unifor Local 444. Cette interruption touchera les semaines du 7 et du 14 avril, et d\u2019autres ajustements pourraient suivre dans les prochaines semaines, a pr\u00e9venu le syndicat dans un message sur les r\u00e9seaux sociaux.<\/p>\n<h3 data-start=\"866\" data-end=\"912\"><strong data-start=\"869\" data-end=\"910\">Trump et les nouvelles taxes en cause<\/strong><\/h3>\n<p><\/p>\n<p class=\"\" data-start=\"913\" data-end=\"1110\">Si des rumeurs circulaient d\u00e9j\u00e0 sur une possible interruption, Unifor confirme que la d\u00e9cision a \u00e9t\u00e9 principalement motiv\u00e9e par l\u2019annonce des nouveaux tarifs automobiles impos\u00e9s par Donald Trump. &#8220;Cette situation cr\u00e9e une incertitude majeure dans toute l\u2019industrie automobile. Ce n\u2019est pas seulement notre usine qui est affect\u00e9e, mais aussi des installations aux \u00c9tats-Unis et au Mexique,&#8221; a d\u00e9clar\u00e9 le syndicat.<\/p>\n<h3 data-start=\"1334\" data-end=\"1382\"><strong data-start=\"1337\" data-end=\"1380\">Des tarifs qui bouleversent l\u2019industrie<\/strong><\/h3>\n<p><\/p>\n<p class=\"\" data-start=\"1383\" data-end=\"1558\">Mercredi, le pr\u00e9sident Trump a officialis\u00e9 une s\u00e9rie de tarifs visant plusieurs pays, avec des taxes sp\u00e9cifiques sur l\u2019industrie automobile qui entrent en vigueur d\u00e8s jeudi. Ces nouveaux droits de douane de 25 % s\u2019appliqueront \u00e0 la valeur des composants non am\u00e9ricains int\u00e9gr\u00e9s aux v\u00e9hicules. Toutefois, les pi\u00e8ces import\u00e9es sous l\u2019accord Canada\u2013\u00c9tats-Unis\u2013Mexique (CUSMA) devraient, pour l\u2019instant, rester exempt\u00e9es de ces taxes.<\/p>\n<h3 data-start=\"1820\" data-end=\"1848\"><strong data-start=\"1823\" data-end=\"1846\">Une crise \u00e0 venir ?<\/strong><\/h3>\n<p><\/p>\n<p class=\"\" data-start=\"1849\" data-end=\"2076\">L\u2019incertitude plane sur l\u2019avenir de l\u2019industrie automobile nord-am\u00e9ricaine, et cette fermeture temporaire de l\u2019usine Stellantis de Windsor pourrait n\u2019\u00eatre que le d\u00e9but d\u2019une s\u00e9rie de perturbations plus larges. \u00c0 suivre de pr\u00e8s.<\/p>\n<p><\/p>\n<p data-start=\"1849\" data-end=\"2076\">Avec des renseignements de CBC News<\/p>\n<p>Le texte <a href=\"https:\/\/annuelauto.ca\/usine-stellantis-windsor-fermeture-tarifs\/\">Stellantis suspend la production \u00e0 Windsor<\/a> provient de <a href=\"https:\/\/annuelauto.ca\">L&#8217;annuel de l&#8217;automobile &#8211; Actualit\u00e9 automobile<\/a><\/p>\n<p><\/p>\n","protected":false},"excerpt":{"rendered":"<p>L\u2019usine d\u2019assemblage Stellantis de Windsor (Ontario) sera mise \u00e0 l\u2019arr\u00eat pendant deux semaines \u00e0 compter du lundi 7 avril, a annonc\u00e9 mercredi soir Unifor Local 444. Cette interruption touchera les semaines du 7 et du 14 avril, et d\u2019autres ajustements pourraient suivre dans les prochaines semaines, a pr\u00e9venu le syndicat dans un message sur les [&hellip;]<\/p>\n","protected":false},"author":8,"featured_media":0,"comment_status":"close","ping_status":"closed","sticky":false,"template":"","format":"standard","meta":{"_monsterinsights_skip_tracking":false,"_monsterinsights_sitenote_active":false,"_monsterinsights_sitenote_note":"","_monsterinsights_sitenote_category":0,"footnotes":""},"categories":[101],"tags":[],"yoast_head":"<!-- This site is optimized with the Yoast SEO plugin v23.2 - https:\/\/yoast.com\/wordpress\/plugins\/seo\/ -->\n<title>Stellantis suspend la production \u00e0 Windsor - CanadaMotorJobs.com<\/title>\n<meta name=\"description\" content=\"Stellantis suspend la production \u00e0 Windsor - Benoit Charette - Annuel automobile - CanadaMotorJobs.com.\" \/>\n<meta name=\"robots\" content=\"index, follow, max-snippet:-1, max-image-preview:large, max-video-preview:-1\" \/>\n<meta property=\"og:locale\" content=\"fr_CA\" \/>\n<meta property=\"og:type\" content=\"article\" \/>\n<meta property=\"og:title\" content=\"Stellantis suspend la production \u00e0 Windsor - CanadaMotorJobs.com\" \/>\n<meta property=\"og:description\" content=\"Stellantis suspend la production \u00e0 Windsor - Benoit Charette - Annuel automobile - CanadaMotorJobs.com.\" \/>\n<meta property=\"og:url\" content=\"https:\/\/news.canadamotorjobs.com\/fr\/stellantis-suspend-la-production-a-windsor\/\" \/>\n<meta property=\"og:site_name\" content=\"CanadaMotorJobs.com\" \/>\n<meta property=\"article:publisher\" content=\"https:\/\/www.facebook.com\/canadamotorjobs\/\" \/>\n<meta property=\"article:published_time\" content=\"2025-04-03T12:07:39+00:00\" \/>\n<meta property=\"article:modified_time\" content=\"2025-04-03T12:14:02+00:00\" \/>\n<meta property=\"og:image\" content=\"https:\/\/annuelauto.ca\/wp-content\/uploads\/2025\/03\/FCA_Windsor_Assembly.jpg\" \/>\n<meta name=\"author\" content=\"Benoit Charette\" \/>\n<meta name=\"twitter:card\" content=\"summary_large_image\" \/>\n<meta name=\"twitter:creator\" content=\"@canadamotorjobs\" \/>\n<meta name=\"twitter:site\" content=\"@canadamotorjobs\" \/>\n<meta name=\"twitter:label1\" content=\"\u00c9crit par\" \/>\n\t<meta name=\"twitter:data1\" content=\"Benoit Charette\" \/>\n\t<meta name=\"twitter:label2\" content=\"Estimation du temps de lecture\" \/>\n\t<meta name=\"twitter:data2\" content=\"1 minute\" \/>\n<!-- \/ Yoast SEO plugin. -->","yoast_head_json":{"title":"Stellantis suspend la production \u00e0 Windsor - CanadaMotorJobs.com","description":"Stellantis suspend la production \u00e0 Windsor - Benoit Charette - Annuel automobile - CanadaMotorJobs.com.","robots":{"index":"index","follow":"follow","max-snippet":"max-snippet:-1","max-image-preview":"max-image-preview:large","max-video-preview":"max-video-preview:-1"},"og_locale":"fr_CA","og_type":"article","og_title":"Stellantis suspend la production \u00e0 Windsor - CanadaMotorJobs.com","og_description":"Stellantis suspend la production \u00e0 Windsor - Benoit Charette - Annuel automobile - CanadaMotorJobs.com.","og_url":"https:\/\/news.canadamotorjobs.com\/fr\/stellantis-suspend-la-production-a-windsor\/","og_site_name":"CanadaMotorJobs.com","article_publisher":"https:\/\/www.facebook.com\/canadamotorjobs\/","article_published_time":"2025-04-03T12:07:39+00:00","article_modified_time":"2025-04-03T12:14:02+00:00","og_image":[{"url":"https:\/\/annuelauto.ca\/wp-content\/uploads\/2025\/03\/FCA_Windsor_Assembly.jpg"}],"author":"Benoit Charette","twitter_card":"summary_large_image","twitter_creator":"@canadamotorjobs","twitter_site":"@canadamotorjobs","twitter_misc":{"\u00c9crit par":"Benoit Charette","Estimation du temps de lecture":"1 minute"},"schema":{"@context":"https:\/\/schema.org","@graph":[{"@type":"Article","@id":"https:\/\/news.canadamotorjobs.com\/fr\/stellantis-suspend-la-production-a-windsor\/#article","isPartOf":{"@id":"https:\/\/news.canadamotorjobs.com\/fr\/stellantis-suspend-la-production-a-windsor\/"},"author":{"name":"Benoit Charette","@id":"https:\/\/news.canadamotorjobs.com\/#\/schema\/person\/51793d1f87d44011d7bcc2ed99269a90"},"headline":"Stellantis suspend la production \u00e0 Windsor","datePublished":"2025-04-03T12:07:39+00:00","dateModified":"2025-04-03T12:14:02+00:00","mainEntityOfPage":{"@id":"https:\/\/news.canadamotorjobs.com\/fr\/stellantis-suspend-la-production-a-windsor\/"},"wordCount":288,"publisher":{"@id":"https:\/\/news.canadamotorjobs.com\/#organization"},"image":{"@id":"https:\/\/news.canadamotorjobs.com\/fr\/stellantis-suspend-la-production-a-windsor\/#primaryimage"},"thumbnailUrl":"https:\/\/annuelauto.ca\/wp-content\/uploads\/2025\/03\/FCA_Windsor_Assembly.jpg","articleSection":["Annuel automobile"],"inLanguage":"fr-CA"},{"@type":"WebPage","@id":"https:\/\/news.canadamotorjobs.com\/fr\/stellantis-suspend-la-production-a-windsor\/","url":"https:\/\/news.canadamotorjobs.com\/fr\/stellantis-suspend-la-production-a-windsor\/","name":"Stellantis suspend la production \u00e0 Windsor - CanadaMotorJobs.com","isPartOf":{"@id":"https:\/\/news.canadamotorjobs.com\/#website"},"primaryImageOfPage":{"@id":"https:\/\/news.canadamotorjobs.com\/fr\/stellantis-suspend-la-production-a-windsor\/#primaryimage"},"image":{"@id":"https:\/\/news.canadamotorjobs.com\/fr\/stellantis-suspend-la-production-a-windsor\/#primaryimage"},"thumbnailUrl":"https:\/\/annuelauto.ca\/wp-content\/uploads\/2025\/03\/FCA_Windsor_Assembly.jpg","datePublished":"2025-04-03T12:07:39+00:00","dateModified":"2025-04-03T12:14:02+00:00","description":"Stellantis suspend la production \u00e0 Windsor - Benoit Charette - Annuel automobile - CanadaMotorJobs.com.","breadcrumb":{"@id":"https:\/\/news.canadamotorjobs.com\/fr\/stellantis-suspend-la-production-a-windsor\/#breadcrumb"},"inLanguage":"fr-CA","potentialAction":[{"@type":"ReadAction","target":["https:\/\/news.canadamotorjobs.com\/fr\/stellantis-suspend-la-production-a-windsor\/"]}]},{"@type":"ImageObject","inLanguage":"fr-CA","@id":"https:\/\/news.canadamotorjobs.com\/fr\/stellantis-suspend-la-production-a-windsor\/#primaryimage","url":"https:\/\/annuelauto.ca\/wp-content\/uploads\/2025\/03\/FCA_Windsor_Assembly.jpg","contentUrl":"https:\/\/annuelauto.ca\/wp-content\/uploads\/2025\/03\/FCA_Windsor_Assembly.jpg"},{"@type":"BreadcrumbList","@id":"https:\/\/news.canadamotorjobs.com\/fr\/stellantis-suspend-la-production-a-windsor\/#breadcrumb","itemListElement":[{"@type":"ListItem","position":1,"name":"Home","item":"https:\/\/news.canadamotorjobs.com\/fr\/blog\/"},{"@type":"ListItem","position":2,"name":"Stellantis suspend la production \u00e0 Windsor"}]},{"@type":"WebSite","@id":"https:\/\/news.canadamotorjobs.com\/#website","url":"https:\/\/news.canadamotorjobs.com\/","name":"CanadaMotorJobs.com","description":"Automotive Jobs","publisher":{"@id":"https:\/\/news.canadamotorjobs.com\/#organization"},"potentialAction":[{"@type":"SearchAction","target":{"@type":"EntryPoint","urlTemplate":"https:\/\/news.canadamotorjobs.com\/?s={search_term_string}"},"query-input":"required name=search_term_string"}],"inLanguage":"fr-CA"},{"@type":"Organization","@id":"https:\/\/news.canadamotorjobs.com\/#organization","name":"Canada Motor Jobs","url":"https:\/\/news.canadamotorjobs.com\/","logo":{"@type":"ImageObject","inLanguage":"fr-CA","@id":"https:\/\/news.canadamotorjobs.com\/#\/schema\/logo\/image\/","url":"https:\/\/news.canadamotorjobs.com\/wp-content\/uploads\/2022\/10\/logo-canada-motor-jobs-1.png","contentUrl":"https:\/\/news.canadamotorjobs.com\/wp-content\/uploads\/2022\/10\/logo-canada-motor-jobs-1.png","width":800,"height":400,"caption":"Canada Motor Jobs"},"image":{"@id":"https:\/\/news.canadamotorjobs.com\/#\/schema\/logo\/image\/"},"sameAs":["https:\/\/www.facebook.com\/canadamotorjobs\/","https:\/\/x.com\/canadamotorjobs","https:\/\/www.instagram.com\/canadamotorjobs\/","https:\/\/www.linkedin.com\/company\/canadamotorjobs"]},{"@type":"Person","@id":"https:\/\/news.canadamotorjobs.com\/#\/schema\/person\/51793d1f87d44011d7bcc2ed99269a90","name":"Benoit Charette","image":{"@type":"ImageObject","inLanguage":"fr-CA","@id":"https:\/\/news.canadamotorjobs.com\/#\/schema\/person\/image\/","url":"https:\/\/secure.gravatar.com\/avatar\/45f3d2eebcccd909668d7ce7ea7267b6?s=96&d=mm&r=g","contentUrl":"https:\/\/secure.gravatar.com\/avatar\/45f3d2eebcccd909668d7ce7ea7267b6?s=96&d=mm&r=g","caption":"Benoit Charette"},"description":"Benoit Charette \/ Propri\u00e9taire et r\u00e9dacteur en chef Benoit Charette pratique le journalisme automobile depuis bient\u00f4t 30 ans. Il a fait ses classes au c\u00f4t\u00e9 de Daniel H\u00e9raud et au Carnet de route de 1992 \u00e0 2001. Il est fondateur, copropri\u00e9taire et r\u00e9dacteur en chef de L\u2019Annuel de l\u2019automobile, qu\u2019il publie depuis 2001. Il a anim\u00e9 les \u00e9missions RPM et RPM+ sur V et les L\u00e9gendes de la route sur Historia. \u00c0 la radio depuis 1986, il reprend l\u2019antenne cette ann\u00e9e sur les ondes de Cogeco et participe pour la deuxi\u00e8me ann\u00e9e \u00e0 l\u2019\u00e9mission Passion Auto sur RDS en plus de mettre en ligne le site Web officiel de L\u2019Annuel de l\u2019automobile sur annuelauto.ca.","sameAs":["https:\/\/annuelauto.ca\/"],"url":"https:\/\/news.canadamotorjobs.com\/fr\/author\/benoit-charette\/"}]}},"_links":{"self":[{"href":"https:\/\/news.canadamotorjobs.com\/fr\/wp-json\/wp\/v2\/posts\/200306"}],"collection":[{"href":"https:\/\/news.canadamotorjobs.com\/fr\/wp-json\/wp\/v2\/posts"}],"about":[{"href":"https:\/\/news.canadamotorjobs.com\/fr\/wp-json\/wp\/v2\/types\/post"}],"author":[{"embeddable":true,"href":"https:\/\/news.canadamotorjobs.com\/fr\/wp-json\/wp\/v2\/users\/8"}],"replies":[{"embeddable":true,"href":"https:\/\/news.canadamotorjobs.com\/fr\/wp-json\/wp\/v2\/comments?post=200306"}],"version-history":[{"count":1,"href":"https:\/\/news.canadamotorjobs.com\/fr\/wp-json\/wp\/v2\/posts\/200306\/revisions"}],"predecessor-version":[{"id":200307,"href":"https:\/\/news.canadamotorjobs.com\/fr\/wp-json\/wp\/v2\/posts\/200306\/revisions\/200307"}],"wp:attachment":[{"href":"https:\/\/news.canadamotorjobs.com\/fr\/wp-json\/wp\/v2\/media?parent=200306"}],"wp:term":[{"taxonomy":"category","embeddable":true,"href":"https:\/\/news.canadamotorjobs.com\/fr\/wp-json\/wp\/v2\/categories?post=200306"},{"taxonomy":"post_tag","embeddable":true,"href":"https:\/\/news.canadamotorjobs.com\/fr\/wp-json\/wp\/v2\/tags?post=200306"}],"curies":[{"name":"wp","href":"https:\/\/api.w.org\/{rel}","templated":true}]}}