{"id":200302,"date":"2025-04-03T07:24:04","date_gmt":"2025-04-03T11:24:04","guid":{"rendered":"https:\/\/news.canadamotorjobs.com\/?p=200302"},"modified":"2025-04-03T07:28:50","modified_gmt":"2025-04-03T11:28:50","slug":"preparez-vous-a-attendre-si-vous-voulez-une-toyota-hybride","status":"publish","type":"post","link":"https:\/\/news.canadamotorjobs.com\/fr\/preparez-vous-a-attendre-si-vous-voulez-une-toyota-hybride\/","title":{"rendered":"Pr\u00e9parez-vous \u00e0 attendre si vous voulez une Toyota hybride"},"content":{"rendered":"<p><img loading=\"lazy\" decoding=\"async\" width=\"2560\" height=\"1690\" src=\"https:\/\/annuelauto.ca\/wp-content\/uploads\/2025\/01\/the-toyota-logo-is-displayed-on-car-on-the-sales-lot-at-news-photo-1636047617-scaled.jpg\" class=\"attachment-post-thumbnail size-post-thumbnail wp-post-image\" alt=\"\" \/><\/p>\n<p>Les probl\u00e8mes d\u2019approvisionnement qu\u2019on a connu durant la pand\u00e9mie ne semblent pas enti\u00e8rement termin\u00e9s pour certains constructeurs. Ou en tout cas, la demande envers les v\u00e9hicules hybrides provoque une p\u00e9nurie mondiale chez Toyota, o\u00f9 certains acheteurs doivent attendre jusqu\u2019\u00e0 neuf mois avant d\u2019obtenir leur v\u00e9hicule hybride.<\/p>\n<p>Le probl\u00e8me est mondial\u00a0: l\u2019attente pour un hybride de marque Toyota est d\u2019un mois ou deux en Europe, de deux \u00e0 cinq mois au Japon et de neuf mois en Inde. La Yaris Cross Hybrid, qui n\u2019est pas vendue au Canada, et le Rav4 Prime, qui lui est vendu chez nous, sont les mod\u00e8les les plus impact\u00e9s par cette p\u00e9nurie.<\/p>\n<p>Le Canada n\u2019\u00e9chappe pas tout \u00e0 fait au ph\u00e9nom\u00e8ne. Sur le site web de Toyota Canada, on voit que plusieurs v\u00e9hicules sont disponibles en quantit\u00e9 limit\u00e9e seulement. La Prius serait en rupture de stocks, tandis que la Camry, la Corolla et le Rav4 ne sont disponibles qu\u2019en quantit\u00e9 limit\u00e9e.<\/p>\n<p>Selon ce que rapportait l\u2019agence Reuters cette semaine, ce sont deux des fournisseurs de Toyota au Japon qui peinent \u00e0 fournir les pi\u00e8ces requises pour assembler des hybrides en nombre suffisant. Il s\u2019agit de Denso et Aisin. Les pi\u00e8ces en question seraient des aimants qui sont n\u00e9cessaires pour faire fonctionner le moteur \u00e9lectrique des motorisations hybrides de Toyota.<\/p>\n<p>Et pendant qu\u2019il y a une p\u00e9nurie, d\u2019un c\u00f4t\u00e9, il y aurait un bond de la demande partout dans le monde. Dans bien des r\u00e9gions du monde o\u00f9 l\u2019infrastructure \u00e9lectrique est moins accessible qu\u2019au Qu\u00e9bec, les v\u00e9hicules hybrides sont le meilleur moyen de r\u00e9duire sa consommation.<\/p>\n<p>Il faut dire aussi que Toyota offre une version hybride sur pratiquement tous ses mod\u00e8les, quand ce n\u2019est pas la seule m\u00e9canique offerte. \u00c7a aussi, \u00e7a force ses fournisseurs \u00e0 produire plus de pi\u00e8ces\u2026<\/p>\n<p>\u00a0<\/p>\n<p>Le texte <a href=\"https:\/\/annuelauto.ca\/preparez-vous-a-attendre-si-vous-voulez-une-toyota-hybride\/\">Pr\u00e9parez-vous \u00e0 attendre si vous voulez une Toyota hybride<\/a> provient de <a href=\"https:\/\/annuelauto.ca\">L&#8217;annuel de l&#8217;automobile &#8211; Actualit\u00e9 automobile<\/a><\/p>\n<p><\/p>\n","protected":false},"excerpt":{"rendered":"<p>Les probl\u00e8mes d\u2019approvisionnement qu\u2019on a connu durant la pand\u00e9mie ne semblent pas enti\u00e8rement termin\u00e9s pour certains constructeurs. Ou en tout cas, la demande envers les v\u00e9hicules hybrides provoque une p\u00e9nurie mondiale chez Toyota, o\u00f9 certains acheteurs doivent attendre jusqu\u2019\u00e0 neuf mois avant d\u2019obtenir leur v\u00e9hicule hybride. Le probl\u00e8me est mondial\u00a0: l\u2019attente pour un hybride de [&hellip;]<\/p>\n","protected":false},"author":8,"featured_media":0,"comment_status":"close","ping_status":"closed","sticky":false,"template":"","format":"standard","meta":{"_monsterinsights_skip_tracking":false,"_monsterinsights_sitenote_active":false,"_monsterinsights_sitenote_note":"","_monsterinsights_sitenote_category":0,"footnotes":""},"categories":[101],"tags":[],"yoast_head":"<!-- This site is optimized with the Yoast SEO plugin v23.2 - https:\/\/yoast.com\/wordpress\/plugins\/seo\/ -->\n<title>Pr\u00e9parez-vous \u00e0 attendre si vous voulez une Toyota hybride - CanadaMotorJobs.com<\/title>\n<meta name=\"description\" content=\"Pr\u00e9parez-vous \u00e0 attendre si vous voulez une Toyota hybride - Benoit Charette - Annuel automobile - CanadaMotorJobs.com.\" \/>\n<meta name=\"robots\" content=\"index, follow, max-snippet:-1, max-image-preview:large, max-video-preview:-1\" \/>\n<meta property=\"og:locale\" content=\"fr_CA\" \/>\n<meta property=\"og:type\" content=\"article\" \/>\n<meta property=\"og:title\" content=\"Pr\u00e9parez-vous \u00e0 attendre si vous voulez une Toyota hybride - CanadaMotorJobs.com\" \/>\n<meta property=\"og:description\" content=\"Pr\u00e9parez-vous \u00e0 attendre si vous voulez une Toyota hybride - Benoit Charette - Annuel automobile - CanadaMotorJobs.com.\" \/>\n<meta property=\"og:url\" content=\"https:\/\/news.canadamotorjobs.com\/fr\/preparez-vous-a-attendre-si-vous-voulez-une-toyota-hybride\/\" \/>\n<meta property=\"og:site_name\" content=\"CanadaMotorJobs.com\" \/>\n<meta property=\"article:publisher\" content=\"https:\/\/www.facebook.com\/canadamotorjobs\/\" \/>\n<meta property=\"article:published_time\" content=\"2025-04-03T11:24:04+00:00\" \/>\n<meta property=\"article:modified_time\" content=\"2025-04-03T11:28:50+00:00\" \/>\n<meta property=\"og:image\" content=\"https:\/\/annuelauto.ca\/wp-content\/uploads\/2025\/01\/the-toyota-logo-is-displayed-on-car-on-the-sales-lot-at-news-photo-1636047617-scaled.jpg\" \/>\n<meta name=\"author\" content=\"Benoit Charette\" \/>\n<meta name=\"twitter:card\" content=\"summary_large_image\" \/>\n<meta name=\"twitter:creator\" content=\"@canadamotorjobs\" \/>\n<meta name=\"twitter:site\" content=\"@canadamotorjobs\" \/>\n<meta name=\"twitter:label1\" content=\"\u00c9crit par\" \/>\n\t<meta name=\"twitter:data1\" content=\"Benoit Charette\" \/>\n\t<meta name=\"twitter:label2\" content=\"Estimation du temps de lecture\" \/>\n\t<meta name=\"twitter:data2\" content=\"2 minutes\" \/>\n<!-- \/ Yoast SEO plugin. -->","yoast_head_json":{"title":"Pr\u00e9parez-vous \u00e0 attendre si vous voulez une Toyota hybride - CanadaMotorJobs.com","description":"Pr\u00e9parez-vous \u00e0 attendre si vous voulez une Toyota hybride - Benoit Charette - Annuel automobile - CanadaMotorJobs.com.","robots":{"index":"index","follow":"follow","max-snippet":"max-snippet:-1","max-image-preview":"max-image-preview:large","max-video-preview":"max-video-preview:-1"},"og_locale":"fr_CA","og_type":"article","og_title":"Pr\u00e9parez-vous \u00e0 attendre si vous voulez une Toyota hybride - CanadaMotorJobs.com","og_description":"Pr\u00e9parez-vous \u00e0 attendre si vous voulez une Toyota hybride - Benoit Charette - Annuel automobile - CanadaMotorJobs.com.","og_url":"https:\/\/news.canadamotorjobs.com\/fr\/preparez-vous-a-attendre-si-vous-voulez-une-toyota-hybride\/","og_site_name":"CanadaMotorJobs.com","article_publisher":"https:\/\/www.facebook.com\/canadamotorjobs\/","article_published_time":"2025-04-03T11:24:04+00:00","article_modified_time":"2025-04-03T11:28:50+00:00","og_image":[{"url":"https:\/\/annuelauto.ca\/wp-content\/uploads\/2025\/01\/the-toyota-logo-is-displayed-on-car-on-the-sales-lot-at-news-photo-1636047617-scaled.jpg"}],"author":"Benoit Charette","twitter_card":"summary_large_image","twitter_creator":"@canadamotorjobs","twitter_site":"@canadamotorjobs","twitter_misc":{"\u00c9crit par":"Benoit Charette","Estimation du temps de lecture":"2 minutes"},"schema":{"@context":"https:\/\/schema.org","@graph":[{"@type":"Article","@id":"https:\/\/news.canadamotorjobs.com\/fr\/preparez-vous-a-attendre-si-vous-voulez-une-toyota-hybride\/#article","isPartOf":{"@id":"https:\/\/news.canadamotorjobs.com\/fr\/preparez-vous-a-attendre-si-vous-voulez-une-toyota-hybride\/"},"author":{"name":"Benoit Charette","@id":"https:\/\/news.canadamotorjobs.com\/#\/schema\/person\/51793d1f87d44011d7bcc2ed99269a90"},"headline":"Pr\u00e9parez-vous \u00e0 attendre si vous voulez une Toyota hybride","datePublished":"2025-04-03T11:24:04+00:00","dateModified":"2025-04-03T11:28:50+00:00","mainEntityOfPage":{"@id":"https:\/\/news.canadamotorjobs.com\/fr\/preparez-vous-a-attendre-si-vous-voulez-une-toyota-hybride\/"},"wordCount":362,"publisher":{"@id":"https:\/\/news.canadamotorjobs.com\/#organization"},"image":{"@id":"https:\/\/news.canadamotorjobs.com\/fr\/preparez-vous-a-attendre-si-vous-voulez-une-toyota-hybride\/#primaryimage"},"thumbnailUrl":"https:\/\/annuelauto.ca\/wp-content\/uploads\/2025\/01\/the-toyota-logo-is-displayed-on-car-on-the-sales-lot-at-news-photo-1636047617-scaled.jpg","articleSection":["Annuel automobile"],"inLanguage":"fr-CA"},{"@type":"WebPage","@id":"https:\/\/news.canadamotorjobs.com\/fr\/preparez-vous-a-attendre-si-vous-voulez-une-toyota-hybride\/","url":"https:\/\/news.canadamotorjobs.com\/fr\/preparez-vous-a-attendre-si-vous-voulez-une-toyota-hybride\/","name":"Pr\u00e9parez-vous \u00e0 attendre si vous voulez une Toyota hybride - CanadaMotorJobs.com","isPartOf":{"@id":"https:\/\/news.canadamotorjobs.com\/#website"},"primaryImageOfPage":{"@id":"https:\/\/news.canadamotorjobs.com\/fr\/preparez-vous-a-attendre-si-vous-voulez-une-toyota-hybride\/#primaryimage"},"image":{"@id":"https:\/\/news.canadamotorjobs.com\/fr\/preparez-vous-a-attendre-si-vous-voulez-une-toyota-hybride\/#primaryimage"},"thumbnailUrl":"https:\/\/annuelauto.ca\/wp-content\/uploads\/2025\/01\/the-toyota-logo-is-displayed-on-car-on-the-sales-lot-at-news-photo-1636047617-scaled.jpg","datePublished":"2025-04-03T11:24:04+00:00","dateModified":"2025-04-03T11:28:50+00:00","description":"Pr\u00e9parez-vous \u00e0 attendre si vous voulez une Toyota hybride - Benoit Charette - Annuel automobile - CanadaMotorJobs.com.","breadcrumb":{"@id":"https:\/\/news.canadamotorjobs.com\/fr\/preparez-vous-a-attendre-si-vous-voulez-une-toyota-hybride\/#breadcrumb"},"inLanguage":"fr-CA","potentialAction":[{"@type":"ReadAction","target":["https:\/\/news.canadamotorjobs.com\/fr\/preparez-vous-a-attendre-si-vous-voulez-une-toyota-hybride\/"]}]},{"@type":"ImageObject","inLanguage":"fr-CA","@id":"https:\/\/news.canadamotorjobs.com\/fr\/preparez-vous-a-attendre-si-vous-voulez-une-toyota-hybride\/#primaryimage","url":"https:\/\/annuelauto.ca\/wp-content\/uploads\/2025\/01\/the-toyota-logo-is-displayed-on-car-on-the-sales-lot-at-news-photo-1636047617-scaled.jpg","contentUrl":"https:\/\/annuelauto.ca\/wp-content\/uploads\/2025\/01\/the-toyota-logo-is-displayed-on-car-on-the-sales-lot-at-news-photo-1636047617-scaled.jpg"},{"@type":"BreadcrumbList","@id":"https:\/\/news.canadamotorjobs.com\/fr\/preparez-vous-a-attendre-si-vous-voulez-une-toyota-hybride\/#breadcrumb","itemListElement":[{"@type":"ListItem","position":1,"name":"Home","item":"https:\/\/news.canadamotorjobs.com\/fr\/blog\/"},{"@type":"ListItem","position":2,"name":"Pr\u00e9parez-vous \u00e0 attendre si vous voulez une Toyota hybride"}]},{"@type":"WebSite","@id":"https:\/\/news.canadamotorjobs.com\/#website","url":"https:\/\/news.canadamotorjobs.com\/","name":"CanadaMotorJobs.com","description":"Automotive Jobs","publisher":{"@id":"https:\/\/news.canadamotorjobs.com\/#organization"},"potentialAction":[{"@type":"SearchAction","target":{"@type":"EntryPoint","urlTemplate":"https:\/\/news.canadamotorjobs.com\/?s={search_term_string}"},"query-input":"required name=search_term_string"}],"inLanguage":"fr-CA"},{"@type":"Organization","@id":"https:\/\/news.canadamotorjobs.com\/#organization","name":"Canada Motor Jobs","url":"https:\/\/news.canadamotorjobs.com\/","logo":{"@type":"ImageObject","inLanguage":"fr-CA","@id":"https:\/\/news.canadamotorjobs.com\/#\/schema\/logo\/image\/","url":"https:\/\/news.canadamotorjobs.com\/wp-content\/uploads\/2022\/10\/logo-canada-motor-jobs-1.png","contentUrl":"https:\/\/news.canadamotorjobs.com\/wp-content\/uploads\/2022\/10\/logo-canada-motor-jobs-1.png","width":800,"height":400,"caption":"Canada Motor Jobs"},"image":{"@id":"https:\/\/news.canadamotorjobs.com\/#\/schema\/logo\/image\/"},"sameAs":["https:\/\/www.facebook.com\/canadamotorjobs\/","https:\/\/x.com\/canadamotorjobs","https:\/\/www.instagram.com\/canadamotorjobs\/","https:\/\/www.linkedin.com\/company\/canadamotorjobs"]},{"@type":"Person","@id":"https:\/\/news.canadamotorjobs.com\/#\/schema\/person\/51793d1f87d44011d7bcc2ed99269a90","name":"Benoit Charette","image":{"@type":"ImageObject","inLanguage":"fr-CA","@id":"https:\/\/news.canadamotorjobs.com\/#\/schema\/person\/image\/","url":"https:\/\/secure.gravatar.com\/avatar\/45f3d2eebcccd909668d7ce7ea7267b6?s=96&d=mm&r=g","contentUrl":"https:\/\/secure.gravatar.com\/avatar\/45f3d2eebcccd909668d7ce7ea7267b6?s=96&d=mm&r=g","caption":"Benoit Charette"},"description":"Benoit Charette \/ Propri\u00e9taire et r\u00e9dacteur en chef Benoit Charette pratique le journalisme automobile depuis bient\u00f4t 30 ans. Il a fait ses classes au c\u00f4t\u00e9 de Daniel H\u00e9raud et au Carnet de route de 1992 \u00e0 2001. Il est fondateur, copropri\u00e9taire et r\u00e9dacteur en chef de L\u2019Annuel de l\u2019automobile, qu\u2019il publie depuis 2001. Il a anim\u00e9 les \u00e9missions RPM et RPM+ sur V et les L\u00e9gendes de la route sur Historia. \u00c0 la radio depuis 1986, il reprend l\u2019antenne cette ann\u00e9e sur les ondes de Cogeco et participe pour la deuxi\u00e8me ann\u00e9e \u00e0 l\u2019\u00e9mission Passion Auto sur RDS en plus de mettre en ligne le site Web officiel de L\u2019Annuel de l\u2019automobile sur annuelauto.ca.","sameAs":["https:\/\/annuelauto.ca\/"],"url":"https:\/\/news.canadamotorjobs.com\/fr\/author\/benoit-charette\/"}]}},"_links":{"self":[{"href":"https:\/\/news.canadamotorjobs.com\/fr\/wp-json\/wp\/v2\/posts\/200302"}],"collection":[{"href":"https:\/\/news.canadamotorjobs.com\/fr\/wp-json\/wp\/v2\/posts"}],"about":[{"href":"https:\/\/news.canadamotorjobs.com\/fr\/wp-json\/wp\/v2\/types\/post"}],"author":[{"embeddable":true,"href":"https:\/\/news.canadamotorjobs.com\/fr\/wp-json\/wp\/v2\/users\/8"}],"replies":[{"embeddable":true,"href":"https:\/\/news.canadamotorjobs.com\/fr\/wp-json\/wp\/v2\/comments?post=200302"}],"version-history":[{"count":1,"href":"https:\/\/news.canadamotorjobs.com\/fr\/wp-json\/wp\/v2\/posts\/200302\/revisions"}],"predecessor-version":[{"id":200303,"href":"https:\/\/news.canadamotorjobs.com\/fr\/wp-json\/wp\/v2\/posts\/200302\/revisions\/200303"}],"wp:attachment":[{"href":"https:\/\/news.canadamotorjobs.com\/fr\/wp-json\/wp\/v2\/media?parent=200302"}],"wp:term":[{"taxonomy":"category","embeddable":true,"href":"https:\/\/news.canadamotorjobs.com\/fr\/wp-json\/wp\/v2\/categories?post=200302"},{"taxonomy":"post_tag","embeddable":true,"href":"https:\/\/news.canadamotorjobs.com\/fr\/wp-json\/wp\/v2\/tags?post=200302"}],"curies":[{"name":"wp","href":"https:\/\/api.w.org\/{rel}","templated":true}]}}