{"id":200300,"date":"2025-04-03T07:01:49","date_gmt":"2025-04-03T11:01:49","guid":{"rendered":"https:\/\/news.canadamotorjobs.com\/?p=200300"},"modified":"2025-04-03T07:13:56","modified_gmt":"2025-04-03T11:13:56","slug":"donald-trump-declare-la-guerre-economique-au-reste-de-la-planete","status":"publish","type":"post","link":"https:\/\/news.canadamotorjobs.com\/fr\/donald-trump-declare-la-guerre-economique-au-reste-de-la-planete\/","title":{"rendered":"Donald Trump d\u00e9clare la guerre \u00e9conomique au reste de la plan\u00e8te"},"content":{"rendered":"<p><img loading=\"lazy\" decoding=\"async\" width=\"768\" height=\"432\" src=\"https:\/\/annuelauto.ca\/wp-content\/uploads\/2025\/03\/skynews-donald-trump-white-house_6848453.jpg\" class=\"attachment-post-thumbnail size-post-thumbnail wp-post-image\" alt=\"\" \/><\/p>\n<p>Le vent \u00e9tait lourd de tension ce matin-l\u00e0. Sous les dorures du Rose Garden de la Maison-Blanche, Donald Trump tenait fi\u00e8rement un tableau. D&#8217;un ton tranchant, il \u00e9non\u00e7a les nouvelles r\u00e8gles du jeu : des tarifs douaniers massifs sur les importations automobiles. L&#8217;Europe, la Chine, la Cor\u00e9e du Sud, le Japon, Ta\u00efwan&#8230; tous \u00e9taient dans sa ligne de mire. Le Canada, lui, semblait \u00e9pargn\u00e9. Mais la r\u00e9alit\u00e9 est bien diff\u00e9rente<\/p>\n<h3><strong>Une menace persistante pour l&#8217;automobile canadienne<\/strong><\/h3>\n<p>\nMalgr\u00e9 l&#8217;absence du Canada sur la liste de Trump, la taxe de 25 % sur les v\u00e9hicules et les pi\u00e8ces automobiles fabriqu\u00e9s au Canada est valide depuis minuit. Une sanction qui, selon Flavio Volpe, pr\u00e9sident de l&#8217;Association des fabricants de pi\u00e8ces automobiles, pourrait avoir des cons\u00e9quences catastrophiques. Le Canada ne subira pas l&#8217;assaut des tarifs r\u00e9ciproques, un bien maigre soulagement<\/p>\n<h3><strong>L&#8217;impact sur les prix et la production<\/strong><\/h3>\n<p>\nLes experts sont formels : ces tarifs signifient des co\u00fbts accrus pour les constructeurs, des v\u00e9hicules plus chers pour les consommateurs et un avenir incertain pour les travailleurs des deux c\u00f4t\u00e9s de la fronti\u00e8re. &#8220;Les marges de profit de l&#8217;industrie tournent autour de 6 \u00e0 7 %&#8221;, explique Volpe. &#8220;Ces tarifs sont quatre fois sup\u00e9rieurs \u00e0 ces marges. L&#8217;impact sera immense.&#8221;<\/p>\n<h3><strong>Une d\u00e9claration d&#8217;ind\u00e9pendance \u00e9conomique selon Trump<\/strong><\/h3>\n<p>\nFid\u00e8le \u00e0 son style, Trump d\u00e9fend sa strat\u00e9gie avec ferveur. &#8220;C&#8217;est notre d\u00e9claration d&#8217;ind\u00e9pendance \u00e9conomique&#8221;, proclame-t-il. &#8220;Pendant des ann\u00e9es, l&#8217;Am\u00e9rique a regard\u00e9 les autres nations s&#8217;enrichir \u00e0 nos d\u00e9pens. Mais aujourd&#8217;hui, c&#8217;est notre tour.<\/p>\n<h3><strong>Le Canada pr\u00e9pare sa r\u00e9plique<\/strong><\/h3>\n<p>\nPendant ce temps, au nord de la fronti\u00e8re, Mark Carney, chef du Parti lib\u00e9ral, ne cache pas sa col\u00e8re. &#8220;Nous allons r\u00e9pondre \u00e0 ces tarifs avec d\u00e9termination et force&#8221;, annonce-t-il. &#8220;Nous prot\u00e9gerons nos travailleurs et nous renforcerons notre \u00e9conomie.&#8221; Mais la r\u00e9ponse canadienne devra \u00eatre calcul\u00e9e. David Adams, pr\u00e9sident de Global Automakers of Canada, plaide pour une approche prudente. &#8220;Les constructeurs ont besoin de stabilit\u00e9&#8221;, rappelle-t-il. &#8220;Avant de r\u00e9agir, le Canada doit \u00e9valuer les cons\u00e9quences pour sa comp\u00e9titivit\u00e9.&#8221;<\/p>\n<h3><strong>Un avenir incertain pour l&#8217;industrie automobile<\/strong><\/h3>\n<p>\nLes prochains mois seront d\u00e9terminants. La strat\u00e9gie de Trump am\u00e8nera-t-elle des investissements am\u00e9ricains, ou d\u00e9truira-t-elle une industrie int\u00e9gr\u00e9e depuis des d\u00e9cennies ? Une chose est certaine : la partie ne fait que commencer.<\/p>\n<p>Avec des renseignements d&#8217;Automotive News Canada<\/p>\n<p>Le texte <a href=\"https:\/\/annuelauto.ca\/trump-tarifs-automobiles-canada\/\">Donald Trump d\u00e9clare la guerre \u00e9conomique au reste de la plan\u00e8te<\/a> provient de <a href=\"https:\/\/annuelauto.ca\">L&#8217;annuel de l&#8217;automobile &#8211; Actualit\u00e9 automobile<\/a><\/p>\n<p><\/p>\n","protected":false},"excerpt":{"rendered":"<p>Le vent \u00e9tait lourd de tension ce matin-l\u00e0. Sous les dorures du Rose Garden de la Maison-Blanche, Donald Trump tenait fi\u00e8rement un tableau. D&#8217;un ton tranchant, il \u00e9non\u00e7a les nouvelles r\u00e8gles du jeu : des tarifs douaniers massifs sur les importations automobiles. L&#8217;Europe, la Chine, la Cor\u00e9e du Sud, le Japon, Ta\u00efwan&#8230; tous \u00e9taient dans [&hellip;]<\/p>\n","protected":false},"author":8,"featured_media":0,"comment_status":"close","ping_status":"closed","sticky":false,"template":"","format":"standard","meta":{"_monsterinsights_skip_tracking":false,"_monsterinsights_sitenote_active":false,"_monsterinsights_sitenote_note":"","_monsterinsights_sitenote_category":0,"footnotes":""},"categories":[101],"tags":[],"yoast_head":"<!-- This site is optimized with the Yoast SEO plugin v23.2 - https:\/\/yoast.com\/wordpress\/plugins\/seo\/ -->\n<title>Donald Trump d\u00e9clare la guerre \u00e9conomique au reste de la plan\u00e8te - CanadaMotorJobs.com<\/title>\n<meta name=\"description\" content=\"Donald Trump d\u00e9clare la guerre \u00e9conomique au reste de la plan\u00e8te - Benoit Charette - Annuel automobile - CanadaMotorJobs.com.\" \/>\n<meta name=\"robots\" content=\"index, follow, max-snippet:-1, max-image-preview:large, max-video-preview:-1\" \/>\n<meta property=\"og:locale\" content=\"fr_CA\" \/>\n<meta property=\"og:type\" content=\"article\" \/>\n<meta property=\"og:title\" content=\"Donald Trump d\u00e9clare la guerre \u00e9conomique au reste de la plan\u00e8te - CanadaMotorJobs.com\" \/>\n<meta property=\"og:description\" content=\"Donald Trump d\u00e9clare la guerre \u00e9conomique au reste de la plan\u00e8te - Benoit Charette - Annuel automobile - CanadaMotorJobs.com.\" \/>\n<meta property=\"og:url\" content=\"https:\/\/news.canadamotorjobs.com\/fr\/donald-trump-declare-la-guerre-economique-au-reste-de-la-planete\/\" \/>\n<meta property=\"og:site_name\" content=\"CanadaMotorJobs.com\" \/>\n<meta property=\"article:publisher\" content=\"https:\/\/www.facebook.com\/canadamotorjobs\/\" \/>\n<meta property=\"article:published_time\" content=\"2025-04-03T11:01:49+00:00\" \/>\n<meta property=\"article:modified_time\" content=\"2025-04-03T11:13:56+00:00\" \/>\n<meta property=\"og:image\" content=\"https:\/\/annuelauto.ca\/wp-content\/uploads\/2025\/03\/skynews-donald-trump-white-house_6848453.jpg\" \/>\n<meta name=\"author\" content=\"Benoit Charette\" \/>\n<meta name=\"twitter:card\" content=\"summary_large_image\" \/>\n<meta name=\"twitter:creator\" content=\"@canadamotorjobs\" \/>\n<meta name=\"twitter:site\" content=\"@canadamotorjobs\" \/>\n<meta name=\"twitter:label1\" content=\"\u00c9crit par\" \/>\n\t<meta name=\"twitter:data1\" content=\"Benoit Charette\" \/>\n\t<meta name=\"twitter:label2\" content=\"Estimation du temps de lecture\" \/>\n\t<meta name=\"twitter:data2\" content=\"2 minutes\" \/>\n<!-- \/ Yoast SEO plugin. -->","yoast_head_json":{"title":"Donald Trump d\u00e9clare la guerre \u00e9conomique au reste de la plan\u00e8te - CanadaMotorJobs.com","description":"Donald Trump d\u00e9clare la guerre \u00e9conomique au reste de la plan\u00e8te - Benoit Charette - Annuel automobile - CanadaMotorJobs.com.","robots":{"index":"index","follow":"follow","max-snippet":"max-snippet:-1","max-image-preview":"max-image-preview:large","max-video-preview":"max-video-preview:-1"},"og_locale":"fr_CA","og_type":"article","og_title":"Donald Trump d\u00e9clare la guerre \u00e9conomique au reste de la plan\u00e8te - CanadaMotorJobs.com","og_description":"Donald Trump d\u00e9clare la guerre \u00e9conomique au reste de la plan\u00e8te - Benoit Charette - Annuel automobile - CanadaMotorJobs.com.","og_url":"https:\/\/news.canadamotorjobs.com\/fr\/donald-trump-declare-la-guerre-economique-au-reste-de-la-planete\/","og_site_name":"CanadaMotorJobs.com","article_publisher":"https:\/\/www.facebook.com\/canadamotorjobs\/","article_published_time":"2025-04-03T11:01:49+00:00","article_modified_time":"2025-04-03T11:13:56+00:00","og_image":[{"url":"https:\/\/annuelauto.ca\/wp-content\/uploads\/2025\/03\/skynews-donald-trump-white-house_6848453.jpg"}],"author":"Benoit Charette","twitter_card":"summary_large_image","twitter_creator":"@canadamotorjobs","twitter_site":"@canadamotorjobs","twitter_misc":{"\u00c9crit par":"Benoit Charette","Estimation du temps de lecture":"2 minutes"},"schema":{"@context":"https:\/\/schema.org","@graph":[{"@type":"Article","@id":"https:\/\/news.canadamotorjobs.com\/fr\/donald-trump-declare-la-guerre-economique-au-reste-de-la-planete\/#article","isPartOf":{"@id":"https:\/\/news.canadamotorjobs.com\/fr\/donald-trump-declare-la-guerre-economique-au-reste-de-la-planete\/"},"author":{"name":"Benoit Charette","@id":"https:\/\/news.canadamotorjobs.com\/#\/schema\/person\/51793d1f87d44011d7bcc2ed99269a90"},"headline":"Donald Trump d\u00e9clare la guerre \u00e9conomique au reste de la plan\u00e8te","datePublished":"2025-04-03T11:01:49+00:00","dateModified":"2025-04-03T11:13:56+00:00","mainEntityOfPage":{"@id":"https:\/\/news.canadamotorjobs.com\/fr\/donald-trump-declare-la-guerre-economique-au-reste-de-la-planete\/"},"wordCount":465,"publisher":{"@id":"https:\/\/news.canadamotorjobs.com\/#organization"},"image":{"@id":"https:\/\/news.canadamotorjobs.com\/fr\/donald-trump-declare-la-guerre-economique-au-reste-de-la-planete\/#primaryimage"},"thumbnailUrl":"https:\/\/annuelauto.ca\/wp-content\/uploads\/2025\/03\/skynews-donald-trump-white-house_6848453.jpg","articleSection":["Annuel automobile"],"inLanguage":"fr-CA"},{"@type":"WebPage","@id":"https:\/\/news.canadamotorjobs.com\/fr\/donald-trump-declare-la-guerre-economique-au-reste-de-la-planete\/","url":"https:\/\/news.canadamotorjobs.com\/fr\/donald-trump-declare-la-guerre-economique-au-reste-de-la-planete\/","name":"Donald Trump d\u00e9clare la guerre \u00e9conomique au reste de la plan\u00e8te - CanadaMotorJobs.com","isPartOf":{"@id":"https:\/\/news.canadamotorjobs.com\/#website"},"primaryImageOfPage":{"@id":"https:\/\/news.canadamotorjobs.com\/fr\/donald-trump-declare-la-guerre-economique-au-reste-de-la-planete\/#primaryimage"},"image":{"@id":"https:\/\/news.canadamotorjobs.com\/fr\/donald-trump-declare-la-guerre-economique-au-reste-de-la-planete\/#primaryimage"},"thumbnailUrl":"https:\/\/annuelauto.ca\/wp-content\/uploads\/2025\/03\/skynews-donald-trump-white-house_6848453.jpg","datePublished":"2025-04-03T11:01:49+00:00","dateModified":"2025-04-03T11:13:56+00:00","description":"Donald Trump d\u00e9clare la guerre \u00e9conomique au reste de la plan\u00e8te - Benoit Charette - Annuel automobile - CanadaMotorJobs.com.","breadcrumb":{"@id":"https:\/\/news.canadamotorjobs.com\/fr\/donald-trump-declare-la-guerre-economique-au-reste-de-la-planete\/#breadcrumb"},"inLanguage":"fr-CA","potentialAction":[{"@type":"ReadAction","target":["https:\/\/news.canadamotorjobs.com\/fr\/donald-trump-declare-la-guerre-economique-au-reste-de-la-planete\/"]}]},{"@type":"ImageObject","inLanguage":"fr-CA","@id":"https:\/\/news.canadamotorjobs.com\/fr\/donald-trump-declare-la-guerre-economique-au-reste-de-la-planete\/#primaryimage","url":"https:\/\/annuelauto.ca\/wp-content\/uploads\/2025\/03\/skynews-donald-trump-white-house_6848453.jpg","contentUrl":"https:\/\/annuelauto.ca\/wp-content\/uploads\/2025\/03\/skynews-donald-trump-white-house_6848453.jpg"},{"@type":"BreadcrumbList","@id":"https:\/\/news.canadamotorjobs.com\/fr\/donald-trump-declare-la-guerre-economique-au-reste-de-la-planete\/#breadcrumb","itemListElement":[{"@type":"ListItem","position":1,"name":"Home","item":"https:\/\/news.canadamotorjobs.com\/fr\/blog\/"},{"@type":"ListItem","position":2,"name":"Donald Trump d\u00e9clare la guerre \u00e9conomique au reste de la plan\u00e8te"}]},{"@type":"WebSite","@id":"https:\/\/news.canadamotorjobs.com\/#website","url":"https:\/\/news.canadamotorjobs.com\/","name":"CanadaMotorJobs.com","description":"Automotive Jobs","publisher":{"@id":"https:\/\/news.canadamotorjobs.com\/#organization"},"potentialAction":[{"@type":"SearchAction","target":{"@type":"EntryPoint","urlTemplate":"https:\/\/news.canadamotorjobs.com\/?s={search_term_string}"},"query-input":"required name=search_term_string"}],"inLanguage":"fr-CA"},{"@type":"Organization","@id":"https:\/\/news.canadamotorjobs.com\/#organization","name":"Canada Motor Jobs","url":"https:\/\/news.canadamotorjobs.com\/","logo":{"@type":"ImageObject","inLanguage":"fr-CA","@id":"https:\/\/news.canadamotorjobs.com\/#\/schema\/logo\/image\/","url":"https:\/\/news.canadamotorjobs.com\/wp-content\/uploads\/2022\/10\/logo-canada-motor-jobs-1.png","contentUrl":"https:\/\/news.canadamotorjobs.com\/wp-content\/uploads\/2022\/10\/logo-canada-motor-jobs-1.png","width":800,"height":400,"caption":"Canada Motor Jobs"},"image":{"@id":"https:\/\/news.canadamotorjobs.com\/#\/schema\/logo\/image\/"},"sameAs":["https:\/\/www.facebook.com\/canadamotorjobs\/","https:\/\/x.com\/canadamotorjobs","https:\/\/www.instagram.com\/canadamotorjobs\/","https:\/\/www.linkedin.com\/company\/canadamotorjobs"]},{"@type":"Person","@id":"https:\/\/news.canadamotorjobs.com\/#\/schema\/person\/51793d1f87d44011d7bcc2ed99269a90","name":"Benoit Charette","image":{"@type":"ImageObject","inLanguage":"fr-CA","@id":"https:\/\/news.canadamotorjobs.com\/#\/schema\/person\/image\/","url":"https:\/\/secure.gravatar.com\/avatar\/45f3d2eebcccd909668d7ce7ea7267b6?s=96&d=mm&r=g","contentUrl":"https:\/\/secure.gravatar.com\/avatar\/45f3d2eebcccd909668d7ce7ea7267b6?s=96&d=mm&r=g","caption":"Benoit Charette"},"description":"Benoit Charette \/ Propri\u00e9taire et r\u00e9dacteur en chef Benoit Charette pratique le journalisme automobile depuis bient\u00f4t 30 ans. Il a fait ses classes au c\u00f4t\u00e9 de Daniel H\u00e9raud et au Carnet de route de 1992 \u00e0 2001. Il est fondateur, copropri\u00e9taire et r\u00e9dacteur en chef de L\u2019Annuel de l\u2019automobile, qu\u2019il publie depuis 2001. Il a anim\u00e9 les \u00e9missions RPM et RPM+ sur V et les L\u00e9gendes de la route sur Historia. \u00c0 la radio depuis 1986, il reprend l\u2019antenne cette ann\u00e9e sur les ondes de Cogeco et participe pour la deuxi\u00e8me ann\u00e9e \u00e0 l\u2019\u00e9mission Passion Auto sur RDS en plus de mettre en ligne le site Web officiel de L\u2019Annuel de l\u2019automobile sur annuelauto.ca.","sameAs":["https:\/\/annuelauto.ca\/"],"url":"https:\/\/news.canadamotorjobs.com\/fr\/author\/benoit-charette\/"}]}},"_links":{"self":[{"href":"https:\/\/news.canadamotorjobs.com\/fr\/wp-json\/wp\/v2\/posts\/200300"}],"collection":[{"href":"https:\/\/news.canadamotorjobs.com\/fr\/wp-json\/wp\/v2\/posts"}],"about":[{"href":"https:\/\/news.canadamotorjobs.com\/fr\/wp-json\/wp\/v2\/types\/post"}],"author":[{"embeddable":true,"href":"https:\/\/news.canadamotorjobs.com\/fr\/wp-json\/wp\/v2\/users\/8"}],"replies":[{"embeddable":true,"href":"https:\/\/news.canadamotorjobs.com\/fr\/wp-json\/wp\/v2\/comments?post=200300"}],"version-history":[{"count":1,"href":"https:\/\/news.canadamotorjobs.com\/fr\/wp-json\/wp\/v2\/posts\/200300\/revisions"}],"predecessor-version":[{"id":200301,"href":"https:\/\/news.canadamotorjobs.com\/fr\/wp-json\/wp\/v2\/posts\/200300\/revisions\/200301"}],"wp:attachment":[{"href":"https:\/\/news.canadamotorjobs.com\/fr\/wp-json\/wp\/v2\/media?parent=200300"}],"wp:term":[{"taxonomy":"category","embeddable":true,"href":"https:\/\/news.canadamotorjobs.com\/fr\/wp-json\/wp\/v2\/categories?post=200300"},{"taxonomy":"post_tag","embeddable":true,"href":"https:\/\/news.canadamotorjobs.com\/fr\/wp-json\/wp\/v2\/tags?post=200300"}],"curies":[{"name":"wp","href":"https:\/\/api.w.org\/{rel}","templated":true}]}}