{"id":200293,"date":"2025-04-03T06:28:56","date_gmt":"2025-04-03T10:28:56","guid":{"rendered":"https:\/\/news.canadamotorjobs.com\/?p=200293"},"modified":"2025-04-03T06:30:52","modified_gmt":"2025-04-03T10:30:52","slug":"donald-trump-confirme-les-tarifs-de-25-sur-les-vehicules-importes-aux-etats-unis","status":"publish","type":"post","link":"https:\/\/news.canadamotorjobs.com\/fr\/donald-trump-confirme-les-tarifs-de-25-sur-les-vehicules-importes-aux-etats-unis\/","title":{"rendered":"Donald Trump confirme les tarifs de 25 % sur les v\u00e9hicules import\u00e9s aux \u00c9tats-Unis"},"content":{"rendered":"<p><img loading=\"lazy\" decoding=\"async\" width=\"1200\" height=\"674\" src=\"https:\/\/annuelauto.ca\/wp-content\/uploads\/2025\/04\/ford_oakville_plant_-_001.jpg\" class=\"attachment-post-thumbnail size-post-thumbnail wp-post-image\" alt=\"\" \/><\/p>\n<p>\u00c0 16 heures aujourd&#8217;hui, Donald Trump a confirm\u00e9 qu\u2019un tarif de 25 % serait appliqu\u00e9 \u00e0 tous les v\u00e9hicules fabriqu\u00e9s \u00e0 l\u2019\u00e9tranger et qui seront import\u00e9s aux \u00c9tats-Unis. L&#8217;annonce a \u00e9t\u00e9 faite au d\u00e9but de son expos\u00e9 sur les tarifs douaniers r\u00e9ciproques qu\u2019il compte imposer \u00e0 une flop\u00e9e de pays \u00e0 travers le monde. Il semble pour l&#8217;instant que le Canada et le Mexique ne fassent pas partie de ces pays, mais ils continueront \u00e0 \u00eatre soumis \u00e0 l&#8217;ensemble des droits de douane annonc\u00e9s pr\u00e9c\u00e9demment.<\/p>\n<p>Concernant le Canada, ce qui semble \u00eatre confirm\u00e9 est un tarif g\u00e9n\u00e9ralis\u00e9 de 10 % sur les produits, mais il faudra voir de quelle fa\u00e7on \u00e7a va toucher le secteur automobile. Les exemptions concernant ce qui touche l\u2019entente ACEUM resteraient en vigueur.<\/p>\n<p>Ce qui est clair au moment d\u2019\u00e9crire ces lignes, c\u2019est que l\u2019industrie automobile est celle qui est la plus touch\u00e9e.<\/p>\n<p><\/p>\n<figure><figcaption>L&#8217;usine Ford \u00e0 Oakville, en Ontario | Auto123.com<\/figcaption><\/figure>\n<p>Une premi\u00e8re r\u00e9action est tomb\u00e9e rapidement, soit celle de Constructeurs d\u2019automobiles mondiaux du Canada :<\/p>\n<blockquote><p><\/p>\n<p>\u00a0\u00ab Les tarifs douaniers sont des taxes qui nuisent aux consommateurs en augmentant les co\u00fbts, en faisant grimper l\u2019inflation et en impactant injustement les travailleurs des deux c\u00f4t\u00e9s de la fronti\u00e8re.<\/p>\n<p>\u00c0 une \u00e9poque o\u00f9 les constructeurs automobiles ont plus que jamais besoin de certitude, nous exhortons les gouvernements \u00e0 tous les niveaux \u00e0 consulter l\u2019industrie et \u00e0 r\u00e9fl\u00e9chir attentivement \u00e0 la mani\u00e8re de r\u00e9pondre efficacement \u00e0 ces tarifs injustifi\u00e9s, en mettant l\u2019accent sur la stabilit\u00e9 et le maintien de la comp\u00e9titivit\u00e9 tout en minimisant les cons\u00e9quences impr\u00e9vues.<\/p>\n<p>Les gouvernements devraient rechercher des solutions \u00e0 long terme pour supprimer ces tarifs, en donnant la priorit\u00e9 \u00e0 l\u2019\u00e9limination des obstacles r\u00e9glementaires \u00e0 la comp\u00e9titivit\u00e9 de l\u2019industrie et en offrant aux constructeurs automobiles la flexibilit\u00e9 n\u00e9cessaire pour r\u00e9agir en ces temps incertains. \u00bb<\/p>\n<p>\u2014 David Adams, le pr\u00e9sident et chef de la direction de Constructeurs mondiaux d\u2019automobiles du Canada.<\/p>\n<p>\n<\/p><\/blockquote>\n<p>Jean Charest, ancien premier ministre du Qu\u00e9bec et membre du conseil sur les relations canado-am\u00e9ricaines, d\u00e9clarait en entrevue \u00e0 la t\u00e9l\u00e9vision de Radio-Canada qu\u2019il ressort des annonces de Donald Trump \u00ab une confusion remarquable \u00bb. Il a reconnu que pour le domaine automobile, les tarifs allaient faire mal. Selon lui, \u00ab la r\u00e9action des march\u00e9s am\u00e9ricains va faire mal \u00e0 Donald Trump. En fait, ce qui risque de faire mal, c\u2019est la confusion ; les march\u00e9s r\u00e9agissent tr\u00e8s mal \u00e0 cela. \u00bb<\/p>\n<p>D\u2019autres r\u00e9actions suivront surement dans les prochains jours, et qui sait, peut-\u00eatre plus de clart\u00e9 de la part de l&#8217;administration am\u00e9ricaine. Nous allons surveiller la situation de pr\u00e8s.<\/p>\n<p><\/p>\n<p style=\"padding-top: 15px\">Contenu original de <a href=\"https:\/\/www.auto123.com\/fr\/actualites\/etats-unis-tarifs-25%-confirmes-vehicules\/72597\/\">auto123<\/a>.<\/p>\n<p>Le texte <a href=\"https:\/\/annuelauto.ca\/donald-trump-confirme-les-tarifs-de-25-sur-les-vehicules-importes-aux-etats-unis\/\">Donald Trump confirme les tarifs de 25 % sur les v\u00e9hicules import\u00e9s aux \u00c9tats-Unis<\/a> provient de <a href=\"https:\/\/annuelauto.ca\">L&#8217;annuel de l&#8217;automobile &#8211; Actualit\u00e9 automobile<\/a><\/p>\n<p><\/p>\n","protected":false},"excerpt":{"rendered":"<p>\u00c0 16 heures aujourd&#8217;hui, Donald Trump a confirm\u00e9 qu\u2019un tarif de 25 % serait appliqu\u00e9 \u00e0 tous les v\u00e9hicules fabriqu\u00e9s \u00e0 l\u2019\u00e9tranger et qui seront import\u00e9s aux \u00c9tats-Unis. L&#8217;annonce a \u00e9t\u00e9 faite au d\u00e9but de son expos\u00e9 sur les tarifs douaniers r\u00e9ciproques qu\u2019il compte imposer \u00e0 une flop\u00e9e de pays \u00e0 travers le monde. Il [&hellip;]<\/p>\n","protected":false},"author":8,"featured_media":200295,"comment_status":"close","ping_status":"closed","sticky":false,"template":"","format":"standard","meta":{"_monsterinsights_skip_tracking":false,"_monsterinsights_sitenote_active":false,"_monsterinsights_sitenote_note":"","_monsterinsights_sitenote_category":0,"footnotes":""},"categories":[101],"tags":[],"yoast_head":"<!-- This site is optimized with the Yoast SEO plugin v23.2 - https:\/\/yoast.com\/wordpress\/plugins\/seo\/ -->\n<title>Donald Trump confirme les tarifs de 25 % sur les v\u00e9hicules import\u00e9s aux \u00c9tats-Unis - CanadaMotorJobs.com<\/title>\n<meta name=\"description\" content=\"Donald Trump confirme les tarifs de 25 % sur les v\u00e9hicules import\u00e9s aux \u00c9tats-Unis - Benoit Charette - Annuel automobile - CanadaMotorJobs.com.\" \/>\n<meta name=\"robots\" content=\"index, follow, max-snippet:-1, max-image-preview:large, max-video-preview:-1\" \/>\n<meta property=\"og:locale\" content=\"fr_CA\" \/>\n<meta property=\"og:type\" content=\"article\" \/>\n<meta property=\"og:title\" content=\"Donald Trump confirme les tarifs de 25 % sur les v\u00e9hicules import\u00e9s aux \u00c9tats-Unis - CanadaMotorJobs.com\" \/>\n<meta property=\"og:description\" content=\"Donald Trump confirme les tarifs de 25 % sur les v\u00e9hicules import\u00e9s aux \u00c9tats-Unis - Benoit Charette - Annuel automobile - CanadaMotorJobs.com.\" \/>\n<meta property=\"og:url\" content=\"https:\/\/news.canadamotorjobs.com\/fr\/donald-trump-confirme-les-tarifs-de-25-sur-les-vehicules-importes-aux-etats-unis\/\" \/>\n<meta property=\"og:site_name\" content=\"CanadaMotorJobs.com\" \/>\n<meta property=\"article:publisher\" content=\"https:\/\/www.facebook.com\/canadamotorjobs\/\" \/>\n<meta property=\"article:published_time\" content=\"2025-04-03T10:28:56+00:00\" \/>\n<meta property=\"article:modified_time\" content=\"2025-04-03T10:30:52+00:00\" \/>\n<meta property=\"og:image\" content=\"https:\/\/news.canadamotorjobs.com\/wp-content\/uploads\/2025\/04\/ford_oakville_plant_-_001.jpg\" \/>\n\t<meta property=\"og:image:width\" content=\"1200\" \/>\n\t<meta property=\"og:image:height\" content=\"674\" \/>\n\t<meta property=\"og:image:type\" content=\"image\/jpeg\" \/>\n<meta name=\"author\" content=\"Benoit Charette\" \/>\n<meta name=\"twitter:card\" content=\"summary_large_image\" \/>\n<meta name=\"twitter:creator\" content=\"@canadamotorjobs\" \/>\n<meta name=\"twitter:site\" content=\"@canadamotorjobs\" \/>\n<meta name=\"twitter:label1\" content=\"\u00c9crit par\" \/>\n\t<meta name=\"twitter:data1\" content=\"Benoit Charette\" \/>\n\t<meta name=\"twitter:label2\" content=\"Estimation du temps de lecture\" \/>\n\t<meta name=\"twitter:data2\" content=\"2 minutes\" \/>\n<!-- \/ Yoast SEO plugin. -->","yoast_head_json":{"title":"Donald Trump confirme les tarifs de 25 % sur les v\u00e9hicules import\u00e9s aux \u00c9tats-Unis - CanadaMotorJobs.com","description":"Donald Trump confirme les tarifs de 25 % sur les v\u00e9hicules import\u00e9s aux \u00c9tats-Unis - Benoit Charette - Annuel automobile - CanadaMotorJobs.com.","robots":{"index":"index","follow":"follow","max-snippet":"max-snippet:-1","max-image-preview":"max-image-preview:large","max-video-preview":"max-video-preview:-1"},"og_locale":"fr_CA","og_type":"article","og_title":"Donald Trump confirme les tarifs de 25 % sur les v\u00e9hicules import\u00e9s aux \u00c9tats-Unis - CanadaMotorJobs.com","og_description":"Donald Trump confirme les tarifs de 25 % sur les v\u00e9hicules import\u00e9s aux \u00c9tats-Unis - Benoit Charette - Annuel automobile - CanadaMotorJobs.com.","og_url":"https:\/\/news.canadamotorjobs.com\/fr\/donald-trump-confirme-les-tarifs-de-25-sur-les-vehicules-importes-aux-etats-unis\/","og_site_name":"CanadaMotorJobs.com","article_publisher":"https:\/\/www.facebook.com\/canadamotorjobs\/","article_published_time":"2025-04-03T10:28:56+00:00","article_modified_time":"2025-04-03T10:30:52+00:00","og_image":[{"width":1200,"height":674,"url":"https:\/\/news.canadamotorjobs.com\/wp-content\/uploads\/2025\/04\/ford_oakville_plant_-_001.jpg","type":"image\/jpeg"}],"author":"Benoit Charette","twitter_card":"summary_large_image","twitter_creator":"@canadamotorjobs","twitter_site":"@canadamotorjobs","twitter_misc":{"\u00c9crit par":"Benoit Charette","Estimation du temps de lecture":"2 minutes"},"schema":{"@context":"https:\/\/schema.org","@graph":[{"@type":"Article","@id":"https:\/\/news.canadamotorjobs.com\/fr\/donald-trump-confirme-les-tarifs-de-25-sur-les-vehicules-importes-aux-etats-unis\/#article","isPartOf":{"@id":"https:\/\/news.canadamotorjobs.com\/fr\/donald-trump-confirme-les-tarifs-de-25-sur-les-vehicules-importes-aux-etats-unis\/"},"author":{"name":"Benoit Charette","@id":"https:\/\/news.canadamotorjobs.com\/#\/schema\/person\/51793d1f87d44011d7bcc2ed99269a90"},"headline":"Donald Trump confirme les tarifs de 25 % sur les v\u00e9hicules import\u00e9s aux \u00c9tats-Unis","datePublished":"2025-04-03T10:28:56+00:00","dateModified":"2025-04-03T10:30:52+00:00","mainEntityOfPage":{"@id":"https:\/\/news.canadamotorjobs.com\/fr\/donald-trump-confirme-les-tarifs-de-25-sur-les-vehicules-importes-aux-etats-unis\/"},"wordCount":508,"publisher":{"@id":"https:\/\/news.canadamotorjobs.com\/#organization"},"image":{"@id":"https:\/\/news.canadamotorjobs.com\/fr\/donald-trump-confirme-les-tarifs-de-25-sur-les-vehicules-importes-aux-etats-unis\/#primaryimage"},"thumbnailUrl":"https:\/\/news.canadamotorjobs.com\/wp-content\/uploads\/2025\/04\/ford_oakville_plant_-_001.jpg","articleSection":["Annuel automobile"],"inLanguage":"fr-CA"},{"@type":"WebPage","@id":"https:\/\/news.canadamotorjobs.com\/fr\/donald-trump-confirme-les-tarifs-de-25-sur-les-vehicules-importes-aux-etats-unis\/","url":"https:\/\/news.canadamotorjobs.com\/fr\/donald-trump-confirme-les-tarifs-de-25-sur-les-vehicules-importes-aux-etats-unis\/","name":"Donald Trump confirme les tarifs de 25 % sur les v\u00e9hicules import\u00e9s aux \u00c9tats-Unis - CanadaMotorJobs.com","isPartOf":{"@id":"https:\/\/news.canadamotorjobs.com\/#website"},"primaryImageOfPage":{"@id":"https:\/\/news.canadamotorjobs.com\/fr\/donald-trump-confirme-les-tarifs-de-25-sur-les-vehicules-importes-aux-etats-unis\/#primaryimage"},"image":{"@id":"https:\/\/news.canadamotorjobs.com\/fr\/donald-trump-confirme-les-tarifs-de-25-sur-les-vehicules-importes-aux-etats-unis\/#primaryimage"},"thumbnailUrl":"https:\/\/news.canadamotorjobs.com\/wp-content\/uploads\/2025\/04\/ford_oakville_plant_-_001.jpg","datePublished":"2025-04-03T10:28:56+00:00","dateModified":"2025-04-03T10:30:52+00:00","description":"Donald Trump confirme les tarifs de 25 % sur les v\u00e9hicules import\u00e9s aux \u00c9tats-Unis - Benoit Charette - Annuel automobile - CanadaMotorJobs.com.","breadcrumb":{"@id":"https:\/\/news.canadamotorjobs.com\/fr\/donald-trump-confirme-les-tarifs-de-25-sur-les-vehicules-importes-aux-etats-unis\/#breadcrumb"},"inLanguage":"fr-CA","potentialAction":[{"@type":"ReadAction","target":["https:\/\/news.canadamotorjobs.com\/fr\/donald-trump-confirme-les-tarifs-de-25-sur-les-vehicules-importes-aux-etats-unis\/"]}]},{"@type":"ImageObject","inLanguage":"fr-CA","@id":"https:\/\/news.canadamotorjobs.com\/fr\/donald-trump-confirme-les-tarifs-de-25-sur-les-vehicules-importes-aux-etats-unis\/#primaryimage","url":"https:\/\/news.canadamotorjobs.com\/wp-content\/uploads\/2025\/04\/ford_oakville_plant_-_001.jpg","contentUrl":"https:\/\/news.canadamotorjobs.com\/wp-content\/uploads\/2025\/04\/ford_oakville_plant_-_001.jpg","width":1200,"height":674},{"@type":"BreadcrumbList","@id":"https:\/\/news.canadamotorjobs.com\/fr\/donald-trump-confirme-les-tarifs-de-25-sur-les-vehicules-importes-aux-etats-unis\/#breadcrumb","itemListElement":[{"@type":"ListItem","position":1,"name":"Home","item":"https:\/\/news.canadamotorjobs.com\/fr\/blog\/"},{"@type":"ListItem","position":2,"name":"Donald Trump confirme les tarifs de 25 % sur les v\u00e9hicules import\u00e9s aux \u00c9tats-Unis"}]},{"@type":"WebSite","@id":"https:\/\/news.canadamotorjobs.com\/#website","url":"https:\/\/news.canadamotorjobs.com\/","name":"CanadaMotorJobs.com","description":"Automotive Jobs","publisher":{"@id":"https:\/\/news.canadamotorjobs.com\/#organization"},"potentialAction":[{"@type":"SearchAction","target":{"@type":"EntryPoint","urlTemplate":"https:\/\/news.canadamotorjobs.com\/?s={search_term_string}"},"query-input":"required name=search_term_string"}],"inLanguage":"fr-CA"},{"@type":"Organization","@id":"https:\/\/news.canadamotorjobs.com\/#organization","name":"Canada Motor Jobs","url":"https:\/\/news.canadamotorjobs.com\/","logo":{"@type":"ImageObject","inLanguage":"fr-CA","@id":"https:\/\/news.canadamotorjobs.com\/#\/schema\/logo\/image\/","url":"https:\/\/news.canadamotorjobs.com\/wp-content\/uploads\/2022\/10\/logo-canada-motor-jobs-1.png","contentUrl":"https:\/\/news.canadamotorjobs.com\/wp-content\/uploads\/2022\/10\/logo-canada-motor-jobs-1.png","width":800,"height":400,"caption":"Canada Motor Jobs"},"image":{"@id":"https:\/\/news.canadamotorjobs.com\/#\/schema\/logo\/image\/"},"sameAs":["https:\/\/www.facebook.com\/canadamotorjobs\/","https:\/\/x.com\/canadamotorjobs","https:\/\/www.instagram.com\/canadamotorjobs\/","https:\/\/www.linkedin.com\/company\/canadamotorjobs"]},{"@type":"Person","@id":"https:\/\/news.canadamotorjobs.com\/#\/schema\/person\/51793d1f87d44011d7bcc2ed99269a90","name":"Benoit Charette","image":{"@type":"ImageObject","inLanguage":"fr-CA","@id":"https:\/\/news.canadamotorjobs.com\/#\/schema\/person\/image\/","url":"https:\/\/secure.gravatar.com\/avatar\/45f3d2eebcccd909668d7ce7ea7267b6?s=96&d=mm&r=g","contentUrl":"https:\/\/secure.gravatar.com\/avatar\/45f3d2eebcccd909668d7ce7ea7267b6?s=96&d=mm&r=g","caption":"Benoit Charette"},"description":"Benoit Charette \/ Propri\u00e9taire et r\u00e9dacteur en chef Benoit Charette pratique le journalisme automobile depuis bient\u00f4t 30 ans. Il a fait ses classes au c\u00f4t\u00e9 de Daniel H\u00e9raud et au Carnet de route de 1992 \u00e0 2001. Il est fondateur, copropri\u00e9taire et r\u00e9dacteur en chef de L\u2019Annuel de l\u2019automobile, qu\u2019il publie depuis 2001. Il a anim\u00e9 les \u00e9missions RPM et RPM+ sur V et les L\u00e9gendes de la route sur Historia. \u00c0 la radio depuis 1986, il reprend l\u2019antenne cette ann\u00e9e sur les ondes de Cogeco et participe pour la deuxi\u00e8me ann\u00e9e \u00e0 l\u2019\u00e9mission Passion Auto sur RDS en plus de mettre en ligne le site Web officiel de L\u2019Annuel de l\u2019automobile sur annuelauto.ca.","sameAs":["https:\/\/annuelauto.ca\/"],"url":"https:\/\/news.canadamotorjobs.com\/fr\/author\/benoit-charette\/"}]}},"_links":{"self":[{"href":"https:\/\/news.canadamotorjobs.com\/fr\/wp-json\/wp\/v2\/posts\/200293"}],"collection":[{"href":"https:\/\/news.canadamotorjobs.com\/fr\/wp-json\/wp\/v2\/posts"}],"about":[{"href":"https:\/\/news.canadamotorjobs.com\/fr\/wp-json\/wp\/v2\/types\/post"}],"author":[{"embeddable":true,"href":"https:\/\/news.canadamotorjobs.com\/fr\/wp-json\/wp\/v2\/users\/8"}],"replies":[{"embeddable":true,"href":"https:\/\/news.canadamotorjobs.com\/fr\/wp-json\/wp\/v2\/comments?post=200293"}],"version-history":[{"count":2,"href":"https:\/\/news.canadamotorjobs.com\/fr\/wp-json\/wp\/v2\/posts\/200293\/revisions"}],"predecessor-version":[{"id":200297,"href":"https:\/\/news.canadamotorjobs.com\/fr\/wp-json\/wp\/v2\/posts\/200293\/revisions\/200297"}],"wp:featuredmedia":[{"embeddable":true,"href":"https:\/\/news.canadamotorjobs.com\/fr\/wp-json\/wp\/v2\/media\/200295"}],"wp:attachment":[{"href":"https:\/\/news.canadamotorjobs.com\/fr\/wp-json\/wp\/v2\/media?parent=200293"}],"wp:term":[{"taxonomy":"category","embeddable":true,"href":"https:\/\/news.canadamotorjobs.com\/fr\/wp-json\/wp\/v2\/categories?post=200293"},{"taxonomy":"post_tag","embeddable":true,"href":"https:\/\/news.canadamotorjobs.com\/fr\/wp-json\/wp\/v2\/tags?post=200293"}],"curies":[{"name":"wp","href":"https:\/\/api.w.org\/{rel}","templated":true}]}}