{"id":200230,"date":"2025-04-03T06:28:59","date_gmt":"2025-04-03T10:28:59","guid":{"rendered":"https:\/\/news.canadamotorjobs.com\/?p=200230"},"modified":"2025-04-03T06:29:58","modified_gmt":"2025-04-03T10:29:58","slug":"volkswagen-stellantis-et-13-autres-constructeurs-condamnes-pour-pratiques-anticoncurrentielles","status":"publish","type":"post","link":"https:\/\/news.canadamotorjobs.com\/fr\/volkswagen-stellantis-et-13-autres-constructeurs-condamnes-pour-pratiques-anticoncurrentielles\/","title":{"rendered":"Volkswagen, Stellantis et 13 autres constructeurs condamn\u00e9s pour pratiques anticoncurrentielles"},"content":{"rendered":"<p><img loading=\"lazy\" decoding=\"async\" width=\"1022\" height=\"382\" src=\"https:\/\/annuelauto.ca\/wp-content\/uploads\/2025\/04\/honda_procie.jpeg\" class=\"attachment-post-thumbnail size-post-thumbnail wp-post-image\" alt=\"\" \/><\/p>\n<p>L\u2019Union europ\u00e9enne a inflig\u00e9 une amende totale de 675 millions CAD (458 millions d\u2019euros) \u00e0 Volkswagen, Stellantis et 13 autres constructeurs, ainsi qu\u2019\u00e0 leur association professionnelle, pour avoir pris part \u00e0 un cartel visant le recyclage des v\u00e9hicules en fin de vie.<\/p>\n<p>L\u2019annonce a \u00e9t\u00e9 faite mardi par la Commission europ\u00e9enne, trois ans apr\u00e8s une vaste enqu\u00eate men\u00e9e aupr\u00e8s des entreprises concern\u00e9es.<\/p>\n<p><strong>L\u2019Association des constructeurs europ\u00e9ens d\u2019automobiles, au c\u0153ur de ces activit\u00e9s<\/strong><\/p>\n<p>Ce cartel, qui a op\u00e9r\u00e9 de mai 2002 \u00e0 septembre 2017, a \u00e9t\u00e9 orchestr\u00e9 par l\u2019Association des constructeurs europ\u00e9ens d\u2019automobiles (ACEA), qui facilitait les contacts et r\u00e9unions entre les entreprises impliqu\u00e9es.<\/p>\n<p>\u00a0<\/p>\n<p><\/p>\n<figure><figcaption>Volkswagen, Stellantis et 13 autres constructeurs condamn\u00e9s pour pratiques anticoncurrentielles | Auto123.com<\/figcaption><\/figure>\n<p><strong>Des pratiques anticoncurrentielles sur le recyclage des v\u00e9hicules<\/strong><\/p>\n<p>Le recyclage des v\u00e9hicules en fin de vie consiste \u00e0 d\u00e9monter et traiter les mod\u00e8les hors d\u2019usage pour en r\u00e9cup\u00e9rer les mat\u00e9riaux. L\u2019UE exige que les constructeurs prennent en charge les co\u00fbts de ce processus afin de permettre aux propri\u00e9taires de se d\u00e9barrasser gratuitement de leurs v\u00e9hicules aupr\u00e8s de d\u00e9molisseurs agr\u00e9\u00e9s.<\/p>\n<p>Selon l\u2019enqu\u00eate de la Commission europ\u00e9enne, les constructeurs se sont entendus pour ne pas se faire concurrence sur la communication de leurs efforts en mati\u00e8re de recyclage et ont \u00e9galement convenu de ne pas r\u00e9mun\u00e9rer les centres de d\u00e9montage pour la gestion des v\u00e9hicules hors d\u2019usage.<\/p>\n<blockquote><p><\/p>\n<p>\u00ab Nous ne tol\u00e9rerons aucun cartel, surtout ceux qui emp\u00eachent les consommateurs d\u2019acc\u00e9der \u00e0 des produits plus respectueux de l\u2019environnement. \u00bb<\/p>\n<p>\u2013 Teresa Ribera, responsable de l\u2019Autorit\u00e9 europ\u00e9enne de la concurrence<\/p>\n<p>\n<\/p><\/blockquote>\n<p><strong>Les amendes inflig\u00e9es aux diff\u00e9rents constructeurs<\/strong><\/p>\n<p>Les principales entreprises sanctionn\u00e9es et leurs amendes respectives sont les suivantes :<\/p>\n<p>\u2022\u00a0\u00a0\u00a0 Volkswagen : 188 millions $ CA (127,69 millions \u20ac)<\/p>\n<p>\u2022\u00a0\u00a0\u00a0 Stellantis : 146 millions $ CA (99,5 millions \u20ac)<\/p>\n<p>\u2022\u00a0\u00a0\u00a0 Renault-Nissan : 120 millions $ CA (81,46 millions \u20ac)<\/p>\n<p>\u2022\u00a0\u00a0\u00a0 Ford : 61 millions $ CA (41,46 millions \u20ac)<\/p>\n<p>D\u2019autres constructeurs concern\u00e9s incluent Toyota, Mitsubishi, Honda, Hyundai, Jaguar Land Rover, Mazda, General Motors, Suzuki et Volvo.<\/p>\n<p><strong>Mercedes-Benz \u00e9chappe \u00e0 l\u2019amende<\/strong><\/p>\n<p>Mercedes-Benz a \u00e9chapp\u00e9 aux sanctions apr\u00e8s avoir alert\u00e9 les autorit\u00e9s europ\u00e9ennes de l\u2019existence du cartel, b\u00e9n\u00e9ficiant ainsi d\u2019une immunit\u00e9. L\u2019ACEA, l\u2019association professionnelle des constructeurs, a quant \u00e0 elle \u00e9cop\u00e9 d\u2019une amende de 735 000 $ CA (500 000 \u20ac).<\/p>\n<p>L\u2019ensemble des entreprises impliqu\u00e9es a reconnu les faits en \u00e9change d\u2019une r\u00e9duction de 10 % des amendes.<\/p>\n<p><strong>R\u00e9action des constructeurs<\/strong><\/p>\n<p>Dans un communiqu\u00e9, Stellantis a reconnu la d\u00e9cision de la Commission europ\u00e9enne et affirm\u00e9 avoir collabor\u00e9 tout au long de l\u2019enqu\u00eate. L\u2019entreprise pr\u00e9cise \u00e9galement avoir pr\u00e9vu des provisions pour couvrir cette sanction, qui est d\u00e9j\u00e0 refl\u00e9t\u00e9e dans ses r\u00e9sultats financiers 2024.<\/p>\n<p><\/p>\n<p style=\"padding-top: 15px\">Contenu original de <a href=\"https:\/\/www.auto123.com\/fr\/actualites\/constructeurs-amende-pratiques-recyclage-auto\/72593\/\">auto123<\/a>.<\/p>\n<p>Le texte <a href=\"https:\/\/annuelauto.ca\/volkswagen-stellantis-et-13-autres-constructeurs-condamnes-pour-pratiques-anticoncurrentielles\/\">Volkswagen, Stellantis et 13 autres constructeurs condamn\u00e9s pour pratiques anticoncurrentielles<\/a> provient de <a href=\"https:\/\/annuelauto.ca\">L&#8217;annuel de l&#8217;automobile &#8211; Actualit\u00e9 automobile<\/a><\/p>\n<p><\/p>\n","protected":false},"excerpt":{"rendered":"<p>L\u2019Union europ\u00e9enne a inflig\u00e9 une amende totale de 675 millions CAD (458 millions d\u2019euros) \u00e0 Volkswagen, Stellantis et 13 autres constructeurs, ainsi qu\u2019\u00e0 leur association professionnelle, pour avoir pris part \u00e0 un cartel visant le recyclage des v\u00e9hicules en fin de vie. L\u2019annonce a \u00e9t\u00e9 faite mardi par la Commission europ\u00e9enne, trois ans apr\u00e8s une [&hellip;]<\/p>\n","protected":false},"author":8,"featured_media":200232,"comment_status":"close","ping_status":"closed","sticky":false,"template":"","format":"standard","meta":{"_monsterinsights_skip_tracking":false,"_monsterinsights_sitenote_active":false,"_monsterinsights_sitenote_note":"","_monsterinsights_sitenote_category":0,"footnotes":""},"categories":[101],"tags":[],"yoast_head":"<!-- This site is optimized with the Yoast SEO plugin v23.2 - https:\/\/yoast.com\/wordpress\/plugins\/seo\/ -->\n<title>Volkswagen, Stellantis et 13 autres constructeurs condamn\u00e9s pour pratiques anticoncurrentielles - CanadaMotorJobs.com<\/title>\n<meta name=\"description\" content=\"Volkswagen, Stellantis et 13 autres constructeurs condamn\u00e9s pour pratiques anticoncurrentielles - Benoit Charette - Annuel automobile - CanadaMotorJobs.com.\" \/>\n<meta name=\"robots\" content=\"index, follow, max-snippet:-1, max-image-preview:large, max-video-preview:-1\" \/>\n<meta property=\"og:locale\" content=\"fr_CA\" \/>\n<meta property=\"og:type\" content=\"article\" \/>\n<meta property=\"og:title\" content=\"Volkswagen, Stellantis et 13 autres constructeurs condamn\u00e9s pour pratiques anticoncurrentielles - CanadaMotorJobs.com\" \/>\n<meta property=\"og:description\" content=\"Volkswagen, Stellantis et 13 autres constructeurs condamn\u00e9s pour pratiques anticoncurrentielles - Benoit Charette - Annuel automobile - CanadaMotorJobs.com.\" \/>\n<meta property=\"og:url\" content=\"https:\/\/news.canadamotorjobs.com\/fr\/volkswagen-stellantis-et-13-autres-constructeurs-condamnes-pour-pratiques-anticoncurrentielles\/\" \/>\n<meta property=\"og:site_name\" content=\"CanadaMotorJobs.com\" \/>\n<meta property=\"article:publisher\" content=\"https:\/\/www.facebook.com\/canadamotorjobs\/\" \/>\n<meta property=\"article:published_time\" content=\"2025-04-03T10:28:59+00:00\" \/>\n<meta property=\"article:modified_time\" content=\"2025-04-03T10:29:58+00:00\" \/>\n<meta property=\"og:image\" content=\"https:\/\/news.canadamotorjobs.com\/wp-content\/uploads\/2025\/04\/honda_procie.jpeg\" \/>\n\t<meta property=\"og:image:width\" content=\"1022\" \/>\n\t<meta property=\"og:image:height\" content=\"382\" \/>\n\t<meta property=\"og:image:type\" content=\"image\/jpeg\" \/>\n<meta name=\"author\" content=\"Benoit Charette\" \/>\n<meta name=\"twitter:card\" content=\"summary_large_image\" \/>\n<meta name=\"twitter:creator\" content=\"@canadamotorjobs\" \/>\n<meta name=\"twitter:site\" content=\"@canadamotorjobs\" \/>\n<meta name=\"twitter:label1\" content=\"\u00c9crit par\" \/>\n\t<meta name=\"twitter:data1\" content=\"Benoit Charette\" \/>\n\t<meta name=\"twitter:label2\" content=\"Estimation du temps de lecture\" \/>\n\t<meta name=\"twitter:data2\" content=\"2 minutes\" \/>\n<!-- \/ Yoast SEO plugin. -->","yoast_head_json":{"title":"Volkswagen, Stellantis et 13 autres constructeurs condamn\u00e9s pour pratiques anticoncurrentielles - CanadaMotorJobs.com","description":"Volkswagen, Stellantis et 13 autres constructeurs condamn\u00e9s pour pratiques anticoncurrentielles - Benoit Charette - Annuel automobile - CanadaMotorJobs.com.","robots":{"index":"index","follow":"follow","max-snippet":"max-snippet:-1","max-image-preview":"max-image-preview:large","max-video-preview":"max-video-preview:-1"},"og_locale":"fr_CA","og_type":"article","og_title":"Volkswagen, Stellantis et 13 autres constructeurs condamn\u00e9s pour pratiques anticoncurrentielles - CanadaMotorJobs.com","og_description":"Volkswagen, Stellantis et 13 autres constructeurs condamn\u00e9s pour pratiques anticoncurrentielles - Benoit Charette - Annuel automobile - CanadaMotorJobs.com.","og_url":"https:\/\/news.canadamotorjobs.com\/fr\/volkswagen-stellantis-et-13-autres-constructeurs-condamnes-pour-pratiques-anticoncurrentielles\/","og_site_name":"CanadaMotorJobs.com","article_publisher":"https:\/\/www.facebook.com\/canadamotorjobs\/","article_published_time":"2025-04-03T10:28:59+00:00","article_modified_time":"2025-04-03T10:29:58+00:00","og_image":[{"width":1022,"height":382,"url":"https:\/\/news.canadamotorjobs.com\/wp-content\/uploads\/2025\/04\/honda_procie.jpeg","type":"image\/jpeg"}],"author":"Benoit Charette","twitter_card":"summary_large_image","twitter_creator":"@canadamotorjobs","twitter_site":"@canadamotorjobs","twitter_misc":{"\u00c9crit par":"Benoit Charette","Estimation du temps de lecture":"2 minutes"},"schema":{"@context":"https:\/\/schema.org","@graph":[{"@type":"Article","@id":"https:\/\/news.canadamotorjobs.com\/fr\/volkswagen-stellantis-et-13-autres-constructeurs-condamnes-pour-pratiques-anticoncurrentielles\/#article","isPartOf":{"@id":"https:\/\/news.canadamotorjobs.com\/fr\/volkswagen-stellantis-et-13-autres-constructeurs-condamnes-pour-pratiques-anticoncurrentielles\/"},"author":{"name":"Benoit Charette","@id":"https:\/\/news.canadamotorjobs.com\/#\/schema\/person\/51793d1f87d44011d7bcc2ed99269a90"},"headline":"Volkswagen, Stellantis et 13 autres constructeurs condamn\u00e9s pour pratiques anticoncurrentielles","datePublished":"2025-04-03T10:28:59+00:00","dateModified":"2025-04-03T10:29:58+00:00","mainEntityOfPage":{"@id":"https:\/\/news.canadamotorjobs.com\/fr\/volkswagen-stellantis-et-13-autres-constructeurs-condamnes-pour-pratiques-anticoncurrentielles\/"},"wordCount":503,"publisher":{"@id":"https:\/\/news.canadamotorjobs.com\/#organization"},"image":{"@id":"https:\/\/news.canadamotorjobs.com\/fr\/volkswagen-stellantis-et-13-autres-constructeurs-condamnes-pour-pratiques-anticoncurrentielles\/#primaryimage"},"thumbnailUrl":"https:\/\/news.canadamotorjobs.com\/wp-content\/uploads\/2025\/04\/honda_procie.jpeg","articleSection":["Annuel automobile"],"inLanguage":"fr-CA"},{"@type":"WebPage","@id":"https:\/\/news.canadamotorjobs.com\/fr\/volkswagen-stellantis-et-13-autres-constructeurs-condamnes-pour-pratiques-anticoncurrentielles\/","url":"https:\/\/news.canadamotorjobs.com\/fr\/volkswagen-stellantis-et-13-autres-constructeurs-condamnes-pour-pratiques-anticoncurrentielles\/","name":"Volkswagen, Stellantis et 13 autres constructeurs condamn\u00e9s pour pratiques anticoncurrentielles - CanadaMotorJobs.com","isPartOf":{"@id":"https:\/\/news.canadamotorjobs.com\/#website"},"primaryImageOfPage":{"@id":"https:\/\/news.canadamotorjobs.com\/fr\/volkswagen-stellantis-et-13-autres-constructeurs-condamnes-pour-pratiques-anticoncurrentielles\/#primaryimage"},"image":{"@id":"https:\/\/news.canadamotorjobs.com\/fr\/volkswagen-stellantis-et-13-autres-constructeurs-condamnes-pour-pratiques-anticoncurrentielles\/#primaryimage"},"thumbnailUrl":"https:\/\/news.canadamotorjobs.com\/wp-content\/uploads\/2025\/04\/honda_procie.jpeg","datePublished":"2025-04-03T10:28:59+00:00","dateModified":"2025-04-03T10:29:58+00:00","description":"Volkswagen, Stellantis et 13 autres constructeurs condamn\u00e9s pour pratiques anticoncurrentielles - Benoit Charette - Annuel automobile - CanadaMotorJobs.com.","breadcrumb":{"@id":"https:\/\/news.canadamotorjobs.com\/fr\/volkswagen-stellantis-et-13-autres-constructeurs-condamnes-pour-pratiques-anticoncurrentielles\/#breadcrumb"},"inLanguage":"fr-CA","potentialAction":[{"@type":"ReadAction","target":["https:\/\/news.canadamotorjobs.com\/fr\/volkswagen-stellantis-et-13-autres-constructeurs-condamnes-pour-pratiques-anticoncurrentielles\/"]}]},{"@type":"ImageObject","inLanguage":"fr-CA","@id":"https:\/\/news.canadamotorjobs.com\/fr\/volkswagen-stellantis-et-13-autres-constructeurs-condamnes-pour-pratiques-anticoncurrentielles\/#primaryimage","url":"https:\/\/news.canadamotorjobs.com\/wp-content\/uploads\/2025\/04\/honda_procie.jpeg","contentUrl":"https:\/\/news.canadamotorjobs.com\/wp-content\/uploads\/2025\/04\/honda_procie.jpeg","width":1022,"height":382},{"@type":"BreadcrumbList","@id":"https:\/\/news.canadamotorjobs.com\/fr\/volkswagen-stellantis-et-13-autres-constructeurs-condamnes-pour-pratiques-anticoncurrentielles\/#breadcrumb","itemListElement":[{"@type":"ListItem","position":1,"name":"Home","item":"https:\/\/news.canadamotorjobs.com\/fr\/blog\/"},{"@type":"ListItem","position":2,"name":"Volkswagen, Stellantis et 13 autres constructeurs condamn\u00e9s pour pratiques anticoncurrentielles"}]},{"@type":"WebSite","@id":"https:\/\/news.canadamotorjobs.com\/#website","url":"https:\/\/news.canadamotorjobs.com\/","name":"CanadaMotorJobs.com","description":"Automotive Jobs","publisher":{"@id":"https:\/\/news.canadamotorjobs.com\/#organization"},"potentialAction":[{"@type":"SearchAction","target":{"@type":"EntryPoint","urlTemplate":"https:\/\/news.canadamotorjobs.com\/?s={search_term_string}"},"query-input":"required name=search_term_string"}],"inLanguage":"fr-CA"},{"@type":"Organization","@id":"https:\/\/news.canadamotorjobs.com\/#organization","name":"Canada Motor Jobs","url":"https:\/\/news.canadamotorjobs.com\/","logo":{"@type":"ImageObject","inLanguage":"fr-CA","@id":"https:\/\/news.canadamotorjobs.com\/#\/schema\/logo\/image\/","url":"https:\/\/news.canadamotorjobs.com\/wp-content\/uploads\/2022\/10\/logo-canada-motor-jobs-1.png","contentUrl":"https:\/\/news.canadamotorjobs.com\/wp-content\/uploads\/2022\/10\/logo-canada-motor-jobs-1.png","width":800,"height":400,"caption":"Canada Motor Jobs"},"image":{"@id":"https:\/\/news.canadamotorjobs.com\/#\/schema\/logo\/image\/"},"sameAs":["https:\/\/www.facebook.com\/canadamotorjobs\/","https:\/\/x.com\/canadamotorjobs","https:\/\/www.instagram.com\/canadamotorjobs\/","https:\/\/www.linkedin.com\/company\/canadamotorjobs"]},{"@type":"Person","@id":"https:\/\/news.canadamotorjobs.com\/#\/schema\/person\/51793d1f87d44011d7bcc2ed99269a90","name":"Benoit Charette","image":{"@type":"ImageObject","inLanguage":"fr-CA","@id":"https:\/\/news.canadamotorjobs.com\/#\/schema\/person\/image\/","url":"https:\/\/secure.gravatar.com\/avatar\/45f3d2eebcccd909668d7ce7ea7267b6?s=96&d=mm&r=g","contentUrl":"https:\/\/secure.gravatar.com\/avatar\/45f3d2eebcccd909668d7ce7ea7267b6?s=96&d=mm&r=g","caption":"Benoit Charette"},"description":"Benoit Charette \/ Propri\u00e9taire et r\u00e9dacteur en chef Benoit Charette pratique le journalisme automobile depuis bient\u00f4t 30 ans. Il a fait ses classes au c\u00f4t\u00e9 de Daniel H\u00e9raud et au Carnet de route de 1992 \u00e0 2001. Il est fondateur, copropri\u00e9taire et r\u00e9dacteur en chef de L\u2019Annuel de l\u2019automobile, qu\u2019il publie depuis 2001. Il a anim\u00e9 les \u00e9missions RPM et RPM+ sur V et les L\u00e9gendes de la route sur Historia. \u00c0 la radio depuis 1986, il reprend l\u2019antenne cette ann\u00e9e sur les ondes de Cogeco et participe pour la deuxi\u00e8me ann\u00e9e \u00e0 l\u2019\u00e9mission Passion Auto sur RDS en plus de mettre en ligne le site Web officiel de L\u2019Annuel de l\u2019automobile sur annuelauto.ca.","sameAs":["https:\/\/annuelauto.ca\/"],"url":"https:\/\/news.canadamotorjobs.com\/fr\/author\/benoit-charette\/"}]}},"_links":{"self":[{"href":"https:\/\/news.canadamotorjobs.com\/fr\/wp-json\/wp\/v2\/posts\/200230"}],"collection":[{"href":"https:\/\/news.canadamotorjobs.com\/fr\/wp-json\/wp\/v2\/posts"}],"about":[{"href":"https:\/\/news.canadamotorjobs.com\/fr\/wp-json\/wp\/v2\/types\/post"}],"author":[{"embeddable":true,"href":"https:\/\/news.canadamotorjobs.com\/fr\/wp-json\/wp\/v2\/users\/8"}],"replies":[{"embeddable":true,"href":"https:\/\/news.canadamotorjobs.com\/fr\/wp-json\/wp\/v2\/comments?post=200230"}],"version-history":[{"count":2,"href":"https:\/\/news.canadamotorjobs.com\/fr\/wp-json\/wp\/v2\/posts\/200230\/revisions"}],"predecessor-version":[{"id":200234,"href":"https:\/\/news.canadamotorjobs.com\/fr\/wp-json\/wp\/v2\/posts\/200230\/revisions\/200234"}],"wp:featuredmedia":[{"embeddable":true,"href":"https:\/\/news.canadamotorjobs.com\/fr\/wp-json\/wp\/v2\/media\/200232"}],"wp:attachment":[{"href":"https:\/\/news.canadamotorjobs.com\/fr\/wp-json\/wp\/v2\/media?parent=200230"}],"wp:term":[{"taxonomy":"category","embeddable":true,"href":"https:\/\/news.canadamotorjobs.com\/fr\/wp-json\/wp\/v2\/categories?post=200230"},{"taxonomy":"post_tag","embeddable":true,"href":"https:\/\/news.canadamotorjobs.com\/fr\/wp-json\/wp\/v2\/tags?post=200230"}],"curies":[{"name":"wp","href":"https:\/\/api.w.org\/{rel}","templated":true}]}}