{"id":200202,"date":"2025-04-02T05:59:59","date_gmt":"2025-04-02T09:59:59","guid":{"rendered":"https:\/\/news.canadamotorjobs.com\/?p=200202"},"modified":"2025-04-02T06:15:10","modified_gmt":"2025-04-02T10:15:10","slug":"stellantis-relance-son-usine-de-belvidere-pour-une-nouvelle-camionnette-ram","status":"publish","type":"post","link":"https:\/\/news.canadamotorjobs.com\/fr\/stellantis-relance-son-usine-de-belvidere-pour-une-nouvelle-camionnette-ram\/","title":{"rendered":"Stellantis relance son usine de Belvidere pour une nouvelle camionnette Ram"},"content":{"rendered":"<p><img loading=\"lazy\" decoding=\"async\" width=\"1200\" height=\"801\" src=\"https:\/\/annuelauto.ca\/wp-content\/uploads\/2025\/04\/uaw-BelvidereRally2-1030x859-1.jpg\" class=\"attachment-post-thumbnail size-post-thumbnail wp-post-image\" alt=\"\" \/><\/p>\n<p>Stellantis a confirm\u00e9 la r\u00e9ouverture de son usine de Belvidere, en Illinois, pour produire une nouvelle camionnette de taille interm\u00e9diaire Ram d\u2019ici le d\u00e9but de 2027. Cette relance n\u00e9cessitera une mise \u00e0 niveau et des r\u00e9novations \u00e0 la hauteur de 1,2 milliard USD et permettra le retour de plus de 1500 travailleurs, selon les responsables locaux et les syndicats.<\/p>\n<p>Cependant, ce projet se fait au d\u00e9triment de deux initiatives majeures : l\u2019annulation de la construction d\u2019une usine de batteries et d\u2019un centre de distribution de pi\u00e8ces qui \u00e9tait pr\u00e9vue sur le site.<\/p>\n<p><strong>Un revirement politique et syndical<\/strong><\/p>\n<p>Ferm\u00e9e en 2023 apr\u00e8s l\u2019arr\u00eat de la production du Jeep Cherokee, l\u2019usine de Belvidere, autrefois employeur de 5000 travailleurs, \u00e9tait r\u00e9duite \u00e0 une simple \u00e9quipe d\u2019entretien. Son red\u00e9marrage s\u2019inscrit dans un contexte politique tendu, marqu\u00e9 par des pressions du pr\u00e9sident Donald Trump en faveur d\u2019une augmentation de la production automobile nationale pour \u00e9viter les tarifs douaniers sur les importations.<\/p>\n<p><strong>Les tarifs, un facteur<\/strong><\/p>\n<p>Selon le syndicat UAW (United Auto Workers), la d\u00e9cision de rouvrir Belvidere est \u00e9galement le r\u00e9sultat de fortes n\u00e9gociations syndicales et de menaces de gr\u00e8ve. Kevin Gotinsky, repr\u00e9sentant du d\u00e9partement Stellantis de l\u2019UAW, a admis que \u00ab ce serait mentir de dire que les tarifs douaniers n\u2019ont pas pes\u00e9 dans la balance \u00bb.<\/p>\n<p>Le pr\u00e9sident de l\u2019UAW, Shawn Fain, et le directeur de la production Stellantis en Am\u00e9rique du Nord, Tim Fallon, ont visit\u00e9 le site de Belvidere ce mois-ci pour finaliser les plans de red\u00e9marrage.<\/p>\n<p><\/p>\n<figure><figcaption>La r\u00e9ouverture de l&#8217;usine Belvidere ram\u00e8nera 1500 emplois | Auto123.com<\/figcaption><\/figure>\n<p><strong>Une camionnette Ram sur une plateforme multi\u00e9nergies<\/strong><\/p>\n<p>Le futur camion interm\u00e9diaire de Ram reposera sur une plateforme multi\u00e9nergies, ce qui signifie qu\u2019il pourrait \u00eatre d\u00e9clin\u00e9 en versions hybride et essence, avec une possible variante \u00e9lectrique.<\/p>\n<p>Selon Sam Fiorani, vice-pr\u00e9sident d\u2019AutoForecast Solutions, le v\u00e9hicule serait bas\u00e9 sur la plateforme STLA Large et viendrait concurrencer des mod\u00e8les bien \u00e9tablis comme le Toyota Tacoma, le Ford Ranger et le Chevrolet Colorado.<\/p>\n<p>Il s\u2019agira du premier pickup interm\u00e9diaire de Stellantis depuis l\u2019arr\u00eat de la production du Ram Dakota en 2011.<\/p>\n<p><strong>Abandon des projets de batteries et de distribution<\/strong><\/p>\n<p>Si la r\u00e9ouverture de Belvidere est une bonne nouvelle pour l\u2019emploi, Stellantis a \u00e9galement annonc\u00e9 l\u2019annulation de son projet d\u2019usine de batteries de 3 milliards USD, ainsi que celle d\u2019un centre de distribution de pi\u00e8ces Mopar \u00e0 100 millions USD.<\/p>\n<p>La raison principale invoqu\u00e9e ? Une demande plus lente que pr\u00e9vu pour les v\u00e9hicules \u00e9lectriques et une capacit\u00e9 de production suffisante dans son usine de batteries situ\u00e9e \u00e0 Kokomo, \u00e0 Indiana.<\/p>\n<p><\/p>\n<figure><img decoding=\"async\" src=\"https:\/\/news.canadamotorjobs.com\/wp-content\/uploads\/2025\/04\/ram-1500-rev-2025_2-1.jpg\" alt=\"Calandre du camion Ram 1500 REV\" \/><figcaption>Calandre du camion Ram 1500 REV | Auto123.com<\/figcaption><\/figure>\n<p style=\"padding-top: 15px\">Contenu original de <a href=\"https:\/\/www.auto123.com\/fr\/actualites\/stellantis-reouverture-usine-belvidere-pickup-ram\/72590\/\">auto123<\/a>.<\/p>\n<p>Le texte <a href=\"https:\/\/annuelauto.ca\/stellantis-relance-son-usine-de-belvidere-pour-une-nouvelle-camionnette-ram\/\">Stellantis relance son usine de Belvidere pour une nouvelle camionnette Ram<\/a> provient de <a href=\"https:\/\/annuelauto.ca\">L&#8217;annuel de l&#8217;automobile &#8211; Actualit\u00e9 automobile<\/a><\/p>\n<p><\/p>\n","protected":false},"excerpt":{"rendered":"<p>Stellantis a confirm\u00e9 la r\u00e9ouverture de son usine de Belvidere, en Illinois, pour produire une nouvelle camionnette de taille interm\u00e9diaire Ram d\u2019ici le d\u00e9but de 2027. Cette relance n\u00e9cessitera une mise \u00e0 niveau et des r\u00e9novations \u00e0 la hauteur de 1,2 milliard USD et permettra le retour de plus de 1500 travailleurs, selon les responsables [&hellip;]<\/p>\n","protected":false},"author":8,"featured_media":200204,"comment_status":"close","ping_status":"closed","sticky":false,"template":"","format":"standard","meta":{"_monsterinsights_skip_tracking":false,"_monsterinsights_sitenote_active":false,"_monsterinsights_sitenote_note":"","_monsterinsights_sitenote_category":0,"footnotes":""},"categories":[101],"tags":[],"yoast_head":"<!-- This site is optimized with the Yoast SEO plugin v23.2 - https:\/\/yoast.com\/wordpress\/plugins\/seo\/ -->\n<title>Stellantis relance son usine de Belvidere pour une nouvelle camionnette Ram - CanadaMotorJobs.com<\/title>\n<meta name=\"description\" content=\"Stellantis relance son usine de Belvidere pour une nouvelle camionnette Ram - Benoit Charette - Annuel automobile - CanadaMotorJobs.com.\" \/>\n<meta name=\"robots\" content=\"index, follow, max-snippet:-1, max-image-preview:large, max-video-preview:-1\" \/>\n<meta property=\"og:locale\" content=\"fr_CA\" \/>\n<meta property=\"og:type\" content=\"article\" \/>\n<meta property=\"og:title\" content=\"Stellantis relance son usine de Belvidere pour une nouvelle camionnette Ram - CanadaMotorJobs.com\" \/>\n<meta property=\"og:description\" content=\"Stellantis relance son usine de Belvidere pour une nouvelle camionnette Ram - Benoit Charette - Annuel automobile - CanadaMotorJobs.com.\" \/>\n<meta property=\"og:url\" content=\"https:\/\/news.canadamotorjobs.com\/fr\/stellantis-relance-son-usine-de-belvidere-pour-une-nouvelle-camionnette-ram\/\" \/>\n<meta property=\"og:site_name\" content=\"CanadaMotorJobs.com\" \/>\n<meta property=\"article:publisher\" content=\"https:\/\/www.facebook.com\/canadamotorjobs\/\" \/>\n<meta property=\"article:published_time\" content=\"2025-04-02T09:59:59+00:00\" \/>\n<meta property=\"article:modified_time\" content=\"2025-04-02T10:15:10+00:00\" \/>\n<meta property=\"og:image\" content=\"https:\/\/news.canadamotorjobs.com\/wp-content\/uploads\/2025\/04\/uaw-BelvidereRally2-1030x859-1.jpg\" \/>\n\t<meta property=\"og:image:width\" content=\"1200\" \/>\n\t<meta property=\"og:image:height\" content=\"801\" \/>\n\t<meta property=\"og:image:type\" content=\"image\/jpeg\" \/>\n<meta name=\"author\" content=\"Benoit Charette\" \/>\n<meta name=\"twitter:card\" content=\"summary_large_image\" \/>\n<meta name=\"twitter:creator\" content=\"@canadamotorjobs\" \/>\n<meta name=\"twitter:site\" content=\"@canadamotorjobs\" \/>\n<meta name=\"twitter:label1\" content=\"\u00c9crit par\" \/>\n\t<meta name=\"twitter:data1\" content=\"Benoit Charette\" \/>\n\t<meta name=\"twitter:label2\" content=\"Estimation du temps de lecture\" \/>\n\t<meta name=\"twitter:data2\" content=\"2 minutes\" \/>\n<!-- \/ Yoast SEO plugin. -->","yoast_head_json":{"title":"Stellantis relance son usine de Belvidere pour une nouvelle camionnette Ram - CanadaMotorJobs.com","description":"Stellantis relance son usine de Belvidere pour une nouvelle camionnette Ram - Benoit Charette - Annuel automobile - CanadaMotorJobs.com.","robots":{"index":"index","follow":"follow","max-snippet":"max-snippet:-1","max-image-preview":"max-image-preview:large","max-video-preview":"max-video-preview:-1"},"og_locale":"fr_CA","og_type":"article","og_title":"Stellantis relance son usine de Belvidere pour une nouvelle camionnette Ram - CanadaMotorJobs.com","og_description":"Stellantis relance son usine de Belvidere pour une nouvelle camionnette Ram - Benoit Charette - Annuel automobile - CanadaMotorJobs.com.","og_url":"https:\/\/news.canadamotorjobs.com\/fr\/stellantis-relance-son-usine-de-belvidere-pour-une-nouvelle-camionnette-ram\/","og_site_name":"CanadaMotorJobs.com","article_publisher":"https:\/\/www.facebook.com\/canadamotorjobs\/","article_published_time":"2025-04-02T09:59:59+00:00","article_modified_time":"2025-04-02T10:15:10+00:00","og_image":[{"width":1200,"height":801,"url":"https:\/\/news.canadamotorjobs.com\/wp-content\/uploads\/2025\/04\/uaw-BelvidereRally2-1030x859-1.jpg","type":"image\/jpeg"}],"author":"Benoit Charette","twitter_card":"summary_large_image","twitter_creator":"@canadamotorjobs","twitter_site":"@canadamotorjobs","twitter_misc":{"\u00c9crit par":"Benoit Charette","Estimation du temps de lecture":"2 minutes"},"schema":{"@context":"https:\/\/schema.org","@graph":[{"@type":"Article","@id":"https:\/\/news.canadamotorjobs.com\/fr\/stellantis-relance-son-usine-de-belvidere-pour-une-nouvelle-camionnette-ram\/#article","isPartOf":{"@id":"https:\/\/news.canadamotorjobs.com\/fr\/stellantis-relance-son-usine-de-belvidere-pour-une-nouvelle-camionnette-ram\/"},"author":{"name":"Benoit Charette","@id":"https:\/\/news.canadamotorjobs.com\/#\/schema\/person\/51793d1f87d44011d7bcc2ed99269a90"},"headline":"Stellantis relance son usine de Belvidere pour une nouvelle camionnette Ram","datePublished":"2025-04-02T09:59:59+00:00","dateModified":"2025-04-02T10:15:10+00:00","mainEntityOfPage":{"@id":"https:\/\/news.canadamotorjobs.com\/fr\/stellantis-relance-son-usine-de-belvidere-pour-une-nouvelle-camionnette-ram\/"},"wordCount":508,"publisher":{"@id":"https:\/\/news.canadamotorjobs.com\/#organization"},"image":{"@id":"https:\/\/news.canadamotorjobs.com\/fr\/stellantis-relance-son-usine-de-belvidere-pour-une-nouvelle-camionnette-ram\/#primaryimage"},"thumbnailUrl":"https:\/\/news.canadamotorjobs.com\/wp-content\/uploads\/2025\/04\/uaw-BelvidereRally2-1030x859-1.jpg","articleSection":["Annuel automobile"],"inLanguage":"fr-CA"},{"@type":"WebPage","@id":"https:\/\/news.canadamotorjobs.com\/fr\/stellantis-relance-son-usine-de-belvidere-pour-une-nouvelle-camionnette-ram\/","url":"https:\/\/news.canadamotorjobs.com\/fr\/stellantis-relance-son-usine-de-belvidere-pour-une-nouvelle-camionnette-ram\/","name":"Stellantis relance son usine de Belvidere pour une nouvelle camionnette Ram - CanadaMotorJobs.com","isPartOf":{"@id":"https:\/\/news.canadamotorjobs.com\/#website"},"primaryImageOfPage":{"@id":"https:\/\/news.canadamotorjobs.com\/fr\/stellantis-relance-son-usine-de-belvidere-pour-une-nouvelle-camionnette-ram\/#primaryimage"},"image":{"@id":"https:\/\/news.canadamotorjobs.com\/fr\/stellantis-relance-son-usine-de-belvidere-pour-une-nouvelle-camionnette-ram\/#primaryimage"},"thumbnailUrl":"https:\/\/news.canadamotorjobs.com\/wp-content\/uploads\/2025\/04\/uaw-BelvidereRally2-1030x859-1.jpg","datePublished":"2025-04-02T09:59:59+00:00","dateModified":"2025-04-02T10:15:10+00:00","description":"Stellantis relance son usine de Belvidere pour une nouvelle camionnette Ram - Benoit Charette - Annuel automobile - CanadaMotorJobs.com.","breadcrumb":{"@id":"https:\/\/news.canadamotorjobs.com\/fr\/stellantis-relance-son-usine-de-belvidere-pour-une-nouvelle-camionnette-ram\/#breadcrumb"},"inLanguage":"fr-CA","potentialAction":[{"@type":"ReadAction","target":["https:\/\/news.canadamotorjobs.com\/fr\/stellantis-relance-son-usine-de-belvidere-pour-une-nouvelle-camionnette-ram\/"]}]},{"@type":"ImageObject","inLanguage":"fr-CA","@id":"https:\/\/news.canadamotorjobs.com\/fr\/stellantis-relance-son-usine-de-belvidere-pour-une-nouvelle-camionnette-ram\/#primaryimage","url":"https:\/\/news.canadamotorjobs.com\/wp-content\/uploads\/2025\/04\/uaw-BelvidereRally2-1030x859-1.jpg","contentUrl":"https:\/\/news.canadamotorjobs.com\/wp-content\/uploads\/2025\/04\/uaw-BelvidereRally2-1030x859-1.jpg","width":1200,"height":801},{"@type":"BreadcrumbList","@id":"https:\/\/news.canadamotorjobs.com\/fr\/stellantis-relance-son-usine-de-belvidere-pour-une-nouvelle-camionnette-ram\/#breadcrumb","itemListElement":[{"@type":"ListItem","position":1,"name":"Home","item":"https:\/\/news.canadamotorjobs.com\/fr\/blog\/"},{"@type":"ListItem","position":2,"name":"Stellantis relance son usine de Belvidere pour une nouvelle camionnette Ram"}]},{"@type":"WebSite","@id":"https:\/\/news.canadamotorjobs.com\/#website","url":"https:\/\/news.canadamotorjobs.com\/","name":"CanadaMotorJobs.com","description":"Automotive Jobs","publisher":{"@id":"https:\/\/news.canadamotorjobs.com\/#organization"},"potentialAction":[{"@type":"SearchAction","target":{"@type":"EntryPoint","urlTemplate":"https:\/\/news.canadamotorjobs.com\/?s={search_term_string}"},"query-input":"required name=search_term_string"}],"inLanguage":"fr-CA"},{"@type":"Organization","@id":"https:\/\/news.canadamotorjobs.com\/#organization","name":"Canada Motor Jobs","url":"https:\/\/news.canadamotorjobs.com\/","logo":{"@type":"ImageObject","inLanguage":"fr-CA","@id":"https:\/\/news.canadamotorjobs.com\/#\/schema\/logo\/image\/","url":"https:\/\/news.canadamotorjobs.com\/wp-content\/uploads\/2022\/10\/logo-canada-motor-jobs-1.png","contentUrl":"https:\/\/news.canadamotorjobs.com\/wp-content\/uploads\/2022\/10\/logo-canada-motor-jobs-1.png","width":800,"height":400,"caption":"Canada Motor Jobs"},"image":{"@id":"https:\/\/news.canadamotorjobs.com\/#\/schema\/logo\/image\/"},"sameAs":["https:\/\/www.facebook.com\/canadamotorjobs\/","https:\/\/x.com\/canadamotorjobs","https:\/\/www.instagram.com\/canadamotorjobs\/","https:\/\/www.linkedin.com\/company\/canadamotorjobs"]},{"@type":"Person","@id":"https:\/\/news.canadamotorjobs.com\/#\/schema\/person\/51793d1f87d44011d7bcc2ed99269a90","name":"Benoit Charette","image":{"@type":"ImageObject","inLanguage":"fr-CA","@id":"https:\/\/news.canadamotorjobs.com\/#\/schema\/person\/image\/","url":"https:\/\/secure.gravatar.com\/avatar\/45f3d2eebcccd909668d7ce7ea7267b6?s=96&d=mm&r=g","contentUrl":"https:\/\/secure.gravatar.com\/avatar\/45f3d2eebcccd909668d7ce7ea7267b6?s=96&d=mm&r=g","caption":"Benoit Charette"},"description":"Benoit Charette \/ Propri\u00e9taire et r\u00e9dacteur en chef Benoit Charette pratique le journalisme automobile depuis bient\u00f4t 30 ans. Il a fait ses classes au c\u00f4t\u00e9 de Daniel H\u00e9raud et au Carnet de route de 1992 \u00e0 2001. Il est fondateur, copropri\u00e9taire et r\u00e9dacteur en chef de L\u2019Annuel de l\u2019automobile, qu\u2019il publie depuis 2001. Il a anim\u00e9 les \u00e9missions RPM et RPM+ sur V et les L\u00e9gendes de la route sur Historia. \u00c0 la radio depuis 1986, il reprend l\u2019antenne cette ann\u00e9e sur les ondes de Cogeco et participe pour la deuxi\u00e8me ann\u00e9e \u00e0 l\u2019\u00e9mission Passion Auto sur RDS en plus de mettre en ligne le site Web officiel de L\u2019Annuel de l\u2019automobile sur annuelauto.ca.","sameAs":["https:\/\/annuelauto.ca\/"],"url":"https:\/\/news.canadamotorjobs.com\/fr\/author\/benoit-charette\/"}]}},"_links":{"self":[{"href":"https:\/\/news.canadamotorjobs.com\/fr\/wp-json\/wp\/v2\/posts\/200202"}],"collection":[{"href":"https:\/\/news.canadamotorjobs.com\/fr\/wp-json\/wp\/v2\/posts"}],"about":[{"href":"https:\/\/news.canadamotorjobs.com\/fr\/wp-json\/wp\/v2\/types\/post"}],"author":[{"embeddable":true,"href":"https:\/\/news.canadamotorjobs.com\/fr\/wp-json\/wp\/v2\/users\/8"}],"replies":[{"embeddable":true,"href":"https:\/\/news.canadamotorjobs.com\/fr\/wp-json\/wp\/v2\/comments?post=200202"}],"version-history":[{"count":3,"href":"https:\/\/news.canadamotorjobs.com\/fr\/wp-json\/wp\/v2\/posts\/200202\/revisions"}],"predecessor-version":[{"id":200213,"href":"https:\/\/news.canadamotorjobs.com\/fr\/wp-json\/wp\/v2\/posts\/200202\/revisions\/200213"}],"wp:featuredmedia":[{"embeddable":true,"href":"https:\/\/news.canadamotorjobs.com\/fr\/wp-json\/wp\/v2\/media\/200204"}],"wp:attachment":[{"href":"https:\/\/news.canadamotorjobs.com\/fr\/wp-json\/wp\/v2\/media?parent=200202"}],"wp:term":[{"taxonomy":"category","embeddable":true,"href":"https:\/\/news.canadamotorjobs.com\/fr\/wp-json\/wp\/v2\/categories?post=200202"},{"taxonomy":"post_tag","embeddable":true,"href":"https:\/\/news.canadamotorjobs.com\/fr\/wp-json\/wp\/v2\/tags?post=200202"}],"curies":[{"name":"wp","href":"https:\/\/api.w.org\/{rel}","templated":true}]}}