{"id":200171,"date":"2025-04-02T06:00:00","date_gmt":"2025-04-02T10:00:00","guid":{"rendered":"https:\/\/news.canadamotorjobs.com\/?p=200171"},"modified":"2025-04-02T06:14:34","modified_gmt":"2025-04-02T10:14:34","slug":"hyundai-avertit-ses-concessionnaires-americains-concernant-les-hausses-de-prix","status":"publish","type":"post","link":"https:\/\/news.canadamotorjobs.com\/fr\/hyundai-avertit-ses-concessionnaires-americains-concernant-les-hausses-de-prix\/","title":{"rendered":"Hyundai avertit ses concessionnaires am\u00e9ricains concernant les hausses de prix"},"content":{"rendered":"<p><img loading=\"lazy\" decoding=\"async\" width=\"1200\" height=\"450\" src=\"https:\/\/annuelauto.ca\/wp-content\/uploads\/2025\/04\/hyundai-boucher-hyundai-waukasha-illinois.jpg\" class=\"attachment-post-thumbnail size-post-thumbnail wp-post-image\" alt=\"\" \/><\/p>\n<p><strong>\u2022\u00a0\u00a0\u00a0 Hyundai USA dit que les prix de ses v\u00e9hicules sont susceptibles de changer si les droits de douane am\u00e9ricains entrent en vigueur.<\/strong><\/p>\n<p>La date du 3 avril approche, l\u00e0 o\u00f9 les tarifs de 25 % de Donald Trump concernant les importations de v\u00e9hicules aux \u00c9tats-Unis vont entrer en vigueur, avec toutes les nuances associ\u00e9es \u00e0 ces derniers, des nuances qui sont encore \u00e0 \u00eatre d\u00e9finies concernant certaines pi\u00e8ces, entre autres.<\/p>\n<p>N\u2019emp\u00eache, on se pr\u00e9pare au pire dans l\u2019industrie et le message envoy\u00e9 par Hyundai \u00e0 ses concessionnaires am\u00e9ricains en dit beaucoup sur le climat qui r\u00e8gne.<\/p>\n<p>En gros, le constructeur sud-cor\u00e9en a pr\u00e9venu les concessionnaires qu\u2019il \u00e9valuait sa strat\u00e9gie de prix en regard des droits de douane de 25 % qui seront impos\u00e9s sur les v\u00e9hicules et les pi\u00e8ces import\u00e9s en sol am\u00e9ricain.<\/p>\n<p>Randy Parker, le chef de la direction de Hyundai et Genesis en Am\u00e9rique du Nord, a indiqu\u00e9 aux concessionnaires via une communication interne que \u00ab les prix actuels des v\u00e9hicules ne sont pas garantis et peuvent \u00eatre modifi\u00e9s pour les unit\u00e9s vendues apr\u00e8s le 2 avril \u00bb.<\/p>\n<p>\u00a0<\/p>\n<p><\/p>\n<figure><figcaption>Un concessionnaire Hyundai \u00e0 Waukesha, en Illinois | Auto123.com<\/figcaption><\/figure>\n<p>Selon plusieurs experts, les prix ne tarderont pas \u00e0 grimper. Certains constructeurs ont fait le plein de pi\u00e8ces pour tenir pendant deux ou trois mois, mais les analystes sont clairs ; la facture pourrait \u00eatre refil\u00e9e plus rapidement que cela aux consommateurs.<\/p>\n<p>Ces m\u00eames analystes estiment que l\u2019industrie automobile pourrait \u00eatre \u00e0 l\u2019arr\u00eat \u00e0 l\u2019int\u00e9rieur d\u2019un mois, si les tarifs de 25 % sont maintenus.<\/p>\n<p><strong>Des augmentations sur des v\u00e9hicules import\u00e9s \u2026 et domestiques<\/strong><\/p>\n<p>La firme Cox Automotive estime que les tarifs de 25 % vont faire augmenter de 3000 $ US le prix moyen d\u2019un v\u00e9hicule fabriqu\u00e9 aux \u00c9tats-Unis et de 6000 $ US celui d\u2019un v\u00e9hicule assembl\u00e9 au Canada ou au Mexique.<\/p>\n<p>Et il ne faut pas s\u2019attendre \u00e0 ce que seuls les mod\u00e8les plus touch\u00e9s (import\u00e9s) soient impact\u00e9s. Une source d\u00e9sirant garder l\u2019anonymat nous confiait que les hausses de co\u00fbts engendr\u00e9s par les tarifs seraient r\u00e9percut\u00e9es \u00e0 travers la famille de produits d\u2019un constructeur.<\/p>\n<p>\u00ab Les droits de douane ne sont pas faciles \u00e0 appliquer \u00bb, a \u00e9galement pr\u00e9cis\u00e9 Randy Parker aux concessionnaires.<\/p>\n<p>Hyundai a la \u00ab chance \u00bb de ne pas importer de v\u00e9hicules du Canada et du Mexique aux \u00c9tats-Unis, et elle a d\u00e9j\u00e0 investi en sol am\u00e9ricain, avec d\u2019autres sommes pr\u00e9vues. La firme a r\u00e9cemment annonc\u00e9 21 milliards USD, entre autres pour augmenter la production, mais aussi pour am\u00e9liorer les activit\u00e9s li\u00e9es aux pi\u00e8ces, \u00e0 la logistique et \u00e0 l\u2019acier, en augmentant la fabrication locale de pi\u00e8ces et en renfor\u00e7ant les cha\u00eenes d\u2019approvisionnement.<\/p>\n<p><\/p>\n<figure><img decoding=\"async\" src=\"https:\/\/news.canadamotorjobs.com\/wp-content\/uploads\/2025\/04\/2024-santa-fe-nhl-edition-001-1.jpg\" alt=\"Le Hyundai Santa Fe 2025\" \/><figcaption>Le Hyundai Santa Fe 2025 | Auto123.com<\/figcaption><\/figure>\n<p style=\"padding-top: 15px\">Contenu original de <a href=\"https:\/\/www.auto123.com\/fr\/actualites\/hyundai-concessionnaires-americains-prix-tarifs\/72587\/\">auto123<\/a>.<\/p>\n<p>Le texte <a href=\"https:\/\/annuelauto.ca\/hyundai-avertit-ses-concessionnaires-americains-concernant-les-hausses-de-prix\/\">Hyundai avertit ses concessionnaires am\u00e9ricains concernant les hausses de prix<\/a> provient de <a href=\"https:\/\/annuelauto.ca\">L&#8217;annuel de l&#8217;automobile &#8211; Actualit\u00e9 automobile<\/a><\/p>\n<p><\/p>\n","protected":false},"excerpt":{"rendered":"<p>\u2022\u00a0\u00a0\u00a0 Hyundai USA dit que les prix de ses v\u00e9hicules sont susceptibles de changer si les droits de douane am\u00e9ricains entrent en vigueur. La date du 3 avril approche, l\u00e0 o\u00f9 les tarifs de 25 % de Donald Trump concernant les importations de v\u00e9hicules aux \u00c9tats-Unis vont entrer en vigueur, avec toutes les nuances associ\u00e9es [&hellip;]<\/p>\n","protected":false},"author":8,"featured_media":200173,"comment_status":"close","ping_status":"closed","sticky":false,"template":"","format":"standard","meta":{"_monsterinsights_skip_tracking":false,"_monsterinsights_sitenote_active":false,"_monsterinsights_sitenote_note":"","_monsterinsights_sitenote_category":0,"footnotes":""},"categories":[101],"tags":[],"yoast_head":"<!-- This site is optimized with the Yoast SEO plugin v23.2 - https:\/\/yoast.com\/wordpress\/plugins\/seo\/ -->\n<title>Hyundai avertit ses concessionnaires am\u00e9ricains concernant les hausses de prix - CanadaMotorJobs.com<\/title>\n<meta name=\"description\" content=\"Hyundai avertit ses concessionnaires am\u00e9ricains concernant les hausses de prix - Benoit Charette - Annuel automobile - CanadaMotorJobs.com.\" \/>\n<meta name=\"robots\" content=\"index, follow, max-snippet:-1, max-image-preview:large, max-video-preview:-1\" \/>\n<meta property=\"og:locale\" content=\"fr_CA\" \/>\n<meta property=\"og:type\" content=\"article\" \/>\n<meta property=\"og:title\" content=\"Hyundai avertit ses concessionnaires am\u00e9ricains concernant les hausses de prix - CanadaMotorJobs.com\" \/>\n<meta property=\"og:description\" content=\"Hyundai avertit ses concessionnaires am\u00e9ricains concernant les hausses de prix - Benoit Charette - Annuel automobile - CanadaMotorJobs.com.\" \/>\n<meta property=\"og:url\" content=\"https:\/\/news.canadamotorjobs.com\/fr\/hyundai-avertit-ses-concessionnaires-americains-concernant-les-hausses-de-prix\/\" \/>\n<meta property=\"og:site_name\" content=\"CanadaMotorJobs.com\" \/>\n<meta property=\"article:publisher\" content=\"https:\/\/www.facebook.com\/canadamotorjobs\/\" \/>\n<meta property=\"article:published_time\" content=\"2025-04-02T10:00:00+00:00\" \/>\n<meta property=\"article:modified_time\" content=\"2025-04-02T10:14:34+00:00\" \/>\n<meta property=\"og:image\" content=\"https:\/\/news.canadamotorjobs.com\/wp-content\/uploads\/2025\/04\/hyundai-boucher-hyundai-waukasha-illinois.jpg\" \/>\n\t<meta property=\"og:image:width\" content=\"1200\" \/>\n\t<meta property=\"og:image:height\" content=\"450\" \/>\n\t<meta property=\"og:image:type\" content=\"image\/jpeg\" \/>\n<meta name=\"author\" content=\"Benoit Charette\" \/>\n<meta name=\"twitter:card\" content=\"summary_large_image\" \/>\n<meta name=\"twitter:creator\" content=\"@canadamotorjobs\" \/>\n<meta name=\"twitter:site\" content=\"@canadamotorjobs\" \/>\n<meta name=\"twitter:label1\" content=\"\u00c9crit par\" \/>\n\t<meta name=\"twitter:data1\" content=\"Benoit Charette\" \/>\n\t<meta name=\"twitter:label2\" content=\"Estimation du temps de lecture\" \/>\n\t<meta name=\"twitter:data2\" content=\"3 minutes\" \/>\n<!-- \/ Yoast SEO plugin. -->","yoast_head_json":{"title":"Hyundai avertit ses concessionnaires am\u00e9ricains concernant les hausses de prix - CanadaMotorJobs.com","description":"Hyundai avertit ses concessionnaires am\u00e9ricains concernant les hausses de prix - Benoit Charette - Annuel automobile - CanadaMotorJobs.com.","robots":{"index":"index","follow":"follow","max-snippet":"max-snippet:-1","max-image-preview":"max-image-preview:large","max-video-preview":"max-video-preview:-1"},"og_locale":"fr_CA","og_type":"article","og_title":"Hyundai avertit ses concessionnaires am\u00e9ricains concernant les hausses de prix - CanadaMotorJobs.com","og_description":"Hyundai avertit ses concessionnaires am\u00e9ricains concernant les hausses de prix - Benoit Charette - Annuel automobile - CanadaMotorJobs.com.","og_url":"https:\/\/news.canadamotorjobs.com\/fr\/hyundai-avertit-ses-concessionnaires-americains-concernant-les-hausses-de-prix\/","og_site_name":"CanadaMotorJobs.com","article_publisher":"https:\/\/www.facebook.com\/canadamotorjobs\/","article_published_time":"2025-04-02T10:00:00+00:00","article_modified_time":"2025-04-02T10:14:34+00:00","og_image":[{"width":1200,"height":450,"url":"https:\/\/news.canadamotorjobs.com\/wp-content\/uploads\/2025\/04\/hyundai-boucher-hyundai-waukasha-illinois.jpg","type":"image\/jpeg"}],"author":"Benoit Charette","twitter_card":"summary_large_image","twitter_creator":"@canadamotorjobs","twitter_site":"@canadamotorjobs","twitter_misc":{"\u00c9crit par":"Benoit Charette","Estimation du temps de lecture":"3 minutes"},"schema":{"@context":"https:\/\/schema.org","@graph":[{"@type":"Article","@id":"https:\/\/news.canadamotorjobs.com\/fr\/hyundai-avertit-ses-concessionnaires-americains-concernant-les-hausses-de-prix\/#article","isPartOf":{"@id":"https:\/\/news.canadamotorjobs.com\/fr\/hyundai-avertit-ses-concessionnaires-americains-concernant-les-hausses-de-prix\/"},"author":{"name":"Benoit Charette","@id":"https:\/\/news.canadamotorjobs.com\/#\/schema\/person\/51793d1f87d44011d7bcc2ed99269a90"},"headline":"Hyundai avertit ses concessionnaires am\u00e9ricains concernant les hausses de prix","datePublished":"2025-04-02T10:00:00+00:00","dateModified":"2025-04-02T10:14:34+00:00","mainEntityOfPage":{"@id":"https:\/\/news.canadamotorjobs.com\/fr\/hyundai-avertit-ses-concessionnaires-americains-concernant-les-hausses-de-prix\/"},"wordCount":516,"publisher":{"@id":"https:\/\/news.canadamotorjobs.com\/#organization"},"image":{"@id":"https:\/\/news.canadamotorjobs.com\/fr\/hyundai-avertit-ses-concessionnaires-americains-concernant-les-hausses-de-prix\/#primaryimage"},"thumbnailUrl":"https:\/\/news.canadamotorjobs.com\/wp-content\/uploads\/2025\/04\/hyundai-boucher-hyundai-waukasha-illinois.jpg","articleSection":["Annuel automobile"],"inLanguage":"fr-CA"},{"@type":"WebPage","@id":"https:\/\/news.canadamotorjobs.com\/fr\/hyundai-avertit-ses-concessionnaires-americains-concernant-les-hausses-de-prix\/","url":"https:\/\/news.canadamotorjobs.com\/fr\/hyundai-avertit-ses-concessionnaires-americains-concernant-les-hausses-de-prix\/","name":"Hyundai avertit ses concessionnaires am\u00e9ricains concernant les hausses de prix - CanadaMotorJobs.com","isPartOf":{"@id":"https:\/\/news.canadamotorjobs.com\/#website"},"primaryImageOfPage":{"@id":"https:\/\/news.canadamotorjobs.com\/fr\/hyundai-avertit-ses-concessionnaires-americains-concernant-les-hausses-de-prix\/#primaryimage"},"image":{"@id":"https:\/\/news.canadamotorjobs.com\/fr\/hyundai-avertit-ses-concessionnaires-americains-concernant-les-hausses-de-prix\/#primaryimage"},"thumbnailUrl":"https:\/\/news.canadamotorjobs.com\/wp-content\/uploads\/2025\/04\/hyundai-boucher-hyundai-waukasha-illinois.jpg","datePublished":"2025-04-02T10:00:00+00:00","dateModified":"2025-04-02T10:14:34+00:00","description":"Hyundai avertit ses concessionnaires am\u00e9ricains concernant les hausses de prix - Benoit Charette - Annuel automobile - CanadaMotorJobs.com.","breadcrumb":{"@id":"https:\/\/news.canadamotorjobs.com\/fr\/hyundai-avertit-ses-concessionnaires-americains-concernant-les-hausses-de-prix\/#breadcrumb"},"inLanguage":"fr-CA","potentialAction":[{"@type":"ReadAction","target":["https:\/\/news.canadamotorjobs.com\/fr\/hyundai-avertit-ses-concessionnaires-americains-concernant-les-hausses-de-prix\/"]}]},{"@type":"ImageObject","inLanguage":"fr-CA","@id":"https:\/\/news.canadamotorjobs.com\/fr\/hyundai-avertit-ses-concessionnaires-americains-concernant-les-hausses-de-prix\/#primaryimage","url":"https:\/\/news.canadamotorjobs.com\/wp-content\/uploads\/2025\/04\/hyundai-boucher-hyundai-waukasha-illinois.jpg","contentUrl":"https:\/\/news.canadamotorjobs.com\/wp-content\/uploads\/2025\/04\/hyundai-boucher-hyundai-waukasha-illinois.jpg","width":1200,"height":450},{"@type":"BreadcrumbList","@id":"https:\/\/news.canadamotorjobs.com\/fr\/hyundai-avertit-ses-concessionnaires-americains-concernant-les-hausses-de-prix\/#breadcrumb","itemListElement":[{"@type":"ListItem","position":1,"name":"Home","item":"https:\/\/news.canadamotorjobs.com\/fr\/blog\/"},{"@type":"ListItem","position":2,"name":"Hyundai avertit ses concessionnaires am\u00e9ricains concernant les hausses de prix"}]},{"@type":"WebSite","@id":"https:\/\/news.canadamotorjobs.com\/#website","url":"https:\/\/news.canadamotorjobs.com\/","name":"CanadaMotorJobs.com","description":"Automotive Jobs","publisher":{"@id":"https:\/\/news.canadamotorjobs.com\/#organization"},"potentialAction":[{"@type":"SearchAction","target":{"@type":"EntryPoint","urlTemplate":"https:\/\/news.canadamotorjobs.com\/?s={search_term_string}"},"query-input":"required name=search_term_string"}],"inLanguage":"fr-CA"},{"@type":"Organization","@id":"https:\/\/news.canadamotorjobs.com\/#organization","name":"Canada Motor Jobs","url":"https:\/\/news.canadamotorjobs.com\/","logo":{"@type":"ImageObject","inLanguage":"fr-CA","@id":"https:\/\/news.canadamotorjobs.com\/#\/schema\/logo\/image\/","url":"https:\/\/news.canadamotorjobs.com\/wp-content\/uploads\/2022\/10\/logo-canada-motor-jobs-1.png","contentUrl":"https:\/\/news.canadamotorjobs.com\/wp-content\/uploads\/2022\/10\/logo-canada-motor-jobs-1.png","width":800,"height":400,"caption":"Canada Motor Jobs"},"image":{"@id":"https:\/\/news.canadamotorjobs.com\/#\/schema\/logo\/image\/"},"sameAs":["https:\/\/www.facebook.com\/canadamotorjobs\/","https:\/\/x.com\/canadamotorjobs","https:\/\/www.instagram.com\/canadamotorjobs\/","https:\/\/www.linkedin.com\/company\/canadamotorjobs"]},{"@type":"Person","@id":"https:\/\/news.canadamotorjobs.com\/#\/schema\/person\/51793d1f87d44011d7bcc2ed99269a90","name":"Benoit Charette","image":{"@type":"ImageObject","inLanguage":"fr-CA","@id":"https:\/\/news.canadamotorjobs.com\/#\/schema\/person\/image\/","url":"https:\/\/secure.gravatar.com\/avatar\/45f3d2eebcccd909668d7ce7ea7267b6?s=96&d=mm&r=g","contentUrl":"https:\/\/secure.gravatar.com\/avatar\/45f3d2eebcccd909668d7ce7ea7267b6?s=96&d=mm&r=g","caption":"Benoit Charette"},"description":"Benoit Charette \/ Propri\u00e9taire et r\u00e9dacteur en chef Benoit Charette pratique le journalisme automobile depuis bient\u00f4t 30 ans. Il a fait ses classes au c\u00f4t\u00e9 de Daniel H\u00e9raud et au Carnet de route de 1992 \u00e0 2001. Il est fondateur, copropri\u00e9taire et r\u00e9dacteur en chef de L\u2019Annuel de l\u2019automobile, qu\u2019il publie depuis 2001. Il a anim\u00e9 les \u00e9missions RPM et RPM+ sur V et les L\u00e9gendes de la route sur Historia. \u00c0 la radio depuis 1986, il reprend l\u2019antenne cette ann\u00e9e sur les ondes de Cogeco et participe pour la deuxi\u00e8me ann\u00e9e \u00e0 l\u2019\u00e9mission Passion Auto sur RDS en plus de mettre en ligne le site Web officiel de L\u2019Annuel de l\u2019automobile sur annuelauto.ca.","sameAs":["https:\/\/annuelauto.ca\/"],"url":"https:\/\/news.canadamotorjobs.com\/fr\/author\/benoit-charette\/"}]}},"_links":{"self":[{"href":"https:\/\/news.canadamotorjobs.com\/fr\/wp-json\/wp\/v2\/posts\/200171"}],"collection":[{"href":"https:\/\/news.canadamotorjobs.com\/fr\/wp-json\/wp\/v2\/posts"}],"about":[{"href":"https:\/\/news.canadamotorjobs.com\/fr\/wp-json\/wp\/v2\/types\/post"}],"author":[{"embeddable":true,"href":"https:\/\/news.canadamotorjobs.com\/fr\/wp-json\/wp\/v2\/users\/8"}],"replies":[{"embeddable":true,"href":"https:\/\/news.canadamotorjobs.com\/fr\/wp-json\/wp\/v2\/comments?post=200171"}],"version-history":[{"count":3,"href":"https:\/\/news.canadamotorjobs.com\/fr\/wp-json\/wp\/v2\/posts\/200171\/revisions"}],"predecessor-version":[{"id":200182,"href":"https:\/\/news.canadamotorjobs.com\/fr\/wp-json\/wp\/v2\/posts\/200171\/revisions\/200182"}],"wp:featuredmedia":[{"embeddable":true,"href":"https:\/\/news.canadamotorjobs.com\/fr\/wp-json\/wp\/v2\/media\/200173"}],"wp:attachment":[{"href":"https:\/\/news.canadamotorjobs.com\/fr\/wp-json\/wp\/v2\/media?parent=200171"}],"wp:term":[{"taxonomy":"category","embeddable":true,"href":"https:\/\/news.canadamotorjobs.com\/fr\/wp-json\/wp\/v2\/categories?post=200171"},{"taxonomy":"post_tag","embeddable":true,"href":"https:\/\/news.canadamotorjobs.com\/fr\/wp-json\/wp\/v2\/tags?post=200171"}],"curies":[{"name":"wp","href":"https:\/\/api.w.org\/{rel}","templated":true}]}}