{"id":200169,"date":"2025-04-01T11:30:38","date_gmt":"2025-04-01T15:30:38","guid":{"rendered":"https:\/\/news.canadamotorjobs.com\/?p=200169"},"modified":"2025-04-01T11:44:09","modified_gmt":"2025-04-01T15:44:09","slug":"doubles-records-guinness-pour-le-duo-daventuriers-de-lexpedition-pole-to-pole","status":"publish","type":"post","link":"https:\/\/news.canadamotorjobs.com\/fr\/doubles-records-guinness-pour-le-duo-daventuriers-de-lexpedition-pole-to-pole\/","title":{"rendered":"Doubles records Guinness pour le duo d\u2019aventuriers de l\u2019exp\u00e9dition \u00ab\u00a0Pole to Pole\u00a0\u00bb"},"content":{"rendered":"<p><img loading=\"lazy\" decoding=\"async\" width=\"1024\" height=\"683\" src=\"https:\/\/annuelauto.ca\/wp-content\/uploads\/2025\/04\/Nissan_Ariya_Pole_to_Pole_2023_Record_Guinness-3.jpg\" class=\"attachment-post-thumbnail size-post-thumbnail wp-post-image\" alt=\"\" \/><\/p>\n<p>L\u2019attribution d\u2019un record du monde Guinness ne se fait pas toujours rapidement. Les \u00c9cossais Chris et Julie Ramsey auront d\u00fb attendre deux ans avant de tenir entre leurs mains le pr\u00e9cieux troph\u00e9e arborant ce nom prestigieux. Mais l\u2019attente n\u2019aura pas \u00e9t\u00e9 vaine puisqu\u2019ils ont d\u00e9croch\u00e9 deux records plut\u00f4t qu\u2019un.<\/p>\n<p>Le 31 mars dernier, l\u2019Organisation des <a href=\"https:\/\/annuelauto.ca\/afrique-du-sud-pres-de-800-proprietaires-de-4x4-suzuki-etablissent-un-record-du-monde-guinness\/\" target=\"_blank\" rel=\"noopener\">records du monde Guinness<\/a> a reconnu officiellement les exploits r\u00e9alis\u00e9s par ce couple d\u2019aventuriers, qui ont compl\u00e9t\u00e9 avec succ\u00e8s une exp\u00e9dition du p\u00f4le Nord au p\u00f4le Sud en 2023 au volant d\u2019un <a href=\"https:\/\/annuelauto.ca\/nissan-ariya-superchargeurs-tesla-reseau-necn\/\" target=\"_blank\" rel=\"noopener\">Nissan<\/a> Ariya, un utilitaire \u00e9lectrique.<\/p>\n<p>Baptis\u00e9e Pole to Pole, cette exp\u00e9dition leur a valu deux records officiels, soit celui de la \u00ab\u00a0Premi\u00e8re exp\u00e9dition en v\u00e9hicule \u00e9lectrique du p\u00f4le Nord magn\u00e9tique au p\u00f4le Sud\u00a0\u00bb et celui du \u00ab\u00a0Plus long voyage en v\u00e9hicule \u00e9lectrique en Antarctique\u00a0\u00bb.<\/p>\n<p>C\u2019\u00e9tait aussi la premi\u00e8re fois qu\u2019un v\u00e9hicule \u00e0 moteur (moteur \u00e9lectrique ou \u00e0 combustion interne confondus) effectuait le trajet depuis le p\u00f4le Nord magn\u00e9tique de 1823 jusqu\u2019au p\u00f4le Sud.<\/p>\n<p>Pour cette exp\u00e9dition qui s&#8217;est d\u00e9roul\u00e9e en 2023, de la fin mars au 15\u00a0d\u00e9cembre, le jeune couple a d\u00fb parcourir pr\u00e8s de 30\u00a0000\u00a0km \u00e0 travers 15\u00a0pays et trois continents, \u00e0 des temp\u00e9ratures variant de -39 \u00e0 +49 degr\u00e9s Celsius, et souvent en terrain dangereux.<\/p>\n<h3><strong>Un V\u00c9 en r\u00e9gions polaires<\/strong><\/h3>\n<p>\nCette aventure visait \u00e0 mettre en lumi\u00e8re les aptitudes des v\u00e9hicules \u00e9lectriques dans des conditions d\u2019utilisation tr\u00e8s vari\u00e9es et les mesures \u00e0 prendre pour lutter contre les changements climatiques.<\/p>\n<p>Leur <a href=\"https:\/\/annuelauto.ca\/nissan-maintient-son-rabais-de-5-000-sur-lariya-en-fevrier\/\" target=\"_blank\" rel=\"noopener\">Nissan Ariya<\/a> avait quatre roues motrices et il \u00e9tait muni du moteur et de la batterie d\u2019origine. Par contre, les experts en mobilit\u00e9 polaire de la soci\u00e9t\u00e9 britannique Arctic Trucks l\u2019avaient modifi\u00e9 pour utiliser des roues de 39\u00a0pouces chauss\u00e9es d\u2019\u00e9normes pneus BF Goodrich All-Terrain T\/A K02. Ils l\u2019ont aussi dot\u00e9 d\u2019une suspension renforc\u00e9e et de plaques protectrices sous le ch\u00e2ssis.<\/p>\n<p>Le v\u00e9hicule a d\u2019ailleurs servi de logement aux Ramsey pendant toute la dur\u00e9e de l&#8217;aventure. Sa batterie \u00e9tait recharg\u00e9e \u00e0 l\u2019aide de bornes de recharge, l\u00e0 o\u00f9 il y avait des r\u00e9seaux de recharge, mais parfois aussi avec l\u2019aide d\u2019entreprises locales ou de g\u00e9n\u00e9reuses personnes crois\u00e9es au hasard du chemin\u00a0!<\/p>\n<p>Par contre, dans les r\u00e9gions polaires d\u00e9pourvues de ce genre d\u2019infrastructure de recharge, pour recharger la batterie de l\u2019Ariya, le couple avait recours \u00e0 une \u00e9olienne l\u00e9g\u00e8re et r\u00e9tractable, ainsi qu\u2019\u00e0 des panneaux solaires, mais aussi \u00e0 une g\u00e9n\u00e9ratrice.<\/p>\n<p>Pr\u00e9cisons, en outre, que, dans les r\u00e9gions polaires, ils \u00e9taient accompagn\u00e9s par deux sp\u00e9cialistes de cet environnement tr\u00e8s rude\u00a0: Hlynur Sigurdsson et Johannes Gudmundsson. Tous deux disposaient d\u2019un v\u00e9hicule de service pr\u00e9par\u00e9 par Arctic Trucks\u00a0: deux Ford F-350 AT44 6&#215;6 en Arctique et deux Toyota Hilux 4&#215;4 AT44 en Antarctique.<\/p>\n<p>Les lecteurs passionn\u00e9s d\u2019aventure seront heureux d\u2019apprendre qu\u2019en 2025, les Ramsey publieront un livre relatant les \u00e9v\u00e9nements de cette exp\u00e9dition. La date de parution et le titre de l\u2019ouvrage seront annonc\u00e9s ult\u00e9rieurement.<\/p>\n<p>Rappelons que Chris et Julie Ramsey ont amorc\u00e9 la pr\u00e9paration de leur exp\u00e9dition arctique en 2017, alors qu\u2019ils venaient de terminer le rallye de Mongolie au volant d\u2019une Nissan Leaf; une \u00e9preuve de 10\u00a0000\u00a0km qui accueillait pour la premi\u00e8re fois un V\u00c9.<\/p>\n<p><em>Photos : Pole to Pole<\/em><\/p>\n<p>Le texte <a href=\"https:\/\/annuelauto.ca\/doubles-records-guinness-pour-le-duo-daventuriers-de-lexpedition-pole-to-pole\/\">Doubles records Guinness pour le duo d\u2019aventuriers de l\u2019exp\u00e9dition \u00ab\u00a0Pole to Pole\u00a0\u00bb<\/a> provient de <a href=\"https:\/\/annuelauto.ca\">L&#8217;annuel de l&#8217;automobile &#8211; Actualit\u00e9 automobile<\/a><\/p>\n<p><\/p>\n","protected":false},"excerpt":{"rendered":"<p>L\u2019attribution d\u2019un record du monde Guinness ne se fait pas toujours rapidement. Les \u00c9cossais Chris et Julie Ramsey auront d\u00fb attendre deux ans avant de tenir entre leurs mains le pr\u00e9cieux troph\u00e9e arborant ce nom prestigieux. Mais l\u2019attente n\u2019aura pas \u00e9t\u00e9 vaine puisqu\u2019ils ont d\u00e9croch\u00e9 deux records plut\u00f4t qu\u2019un. Le 31 mars dernier, l\u2019Organisation des [&hellip;]<\/p>\n","protected":false},"author":8,"featured_media":0,"comment_status":"close","ping_status":"closed","sticky":false,"template":"","format":"standard","meta":{"_monsterinsights_skip_tracking":false,"_monsterinsights_sitenote_active":false,"_monsterinsights_sitenote_note":"","_monsterinsights_sitenote_category":0,"footnotes":""},"categories":[101],"tags":[],"yoast_head":"<!-- This site is optimized with the Yoast SEO plugin v23.2 - https:\/\/yoast.com\/wordpress\/plugins\/seo\/ -->\n<title>Doubles records Guinness pour le duo d\u2019aventuriers de l\u2019exp\u00e9dition \u00ab\u00a0Pole to Pole\u00a0\u00bb - CanadaMotorJobs.com<\/title>\n<meta name=\"description\" content=\"Doubles records Guinness pour le duo d\u2019aventuriers de l\u2019exp\u00e9dition \u00ab\u00a0Pole to Pole\u00a0\u00bb - Benoit Charette - Annuel automobile - CanadaMotorJobs.com.\" \/>\n<meta name=\"robots\" content=\"index, follow, max-snippet:-1, max-image-preview:large, max-video-preview:-1\" \/>\n<meta property=\"og:locale\" content=\"fr_CA\" \/>\n<meta property=\"og:type\" content=\"article\" \/>\n<meta property=\"og:title\" content=\"Doubles records Guinness pour le duo d\u2019aventuriers de l\u2019exp\u00e9dition \u00ab\u00a0Pole to Pole\u00a0\u00bb - CanadaMotorJobs.com\" \/>\n<meta property=\"og:description\" content=\"Doubles records Guinness pour le duo d\u2019aventuriers de l\u2019exp\u00e9dition \u00ab\u00a0Pole to Pole\u00a0\u00bb - Benoit Charette - Annuel automobile - CanadaMotorJobs.com.\" \/>\n<meta property=\"og:url\" content=\"https:\/\/news.canadamotorjobs.com\/fr\/doubles-records-guinness-pour-le-duo-daventuriers-de-lexpedition-pole-to-pole\/\" \/>\n<meta property=\"og:site_name\" content=\"CanadaMotorJobs.com\" \/>\n<meta property=\"article:publisher\" content=\"https:\/\/www.facebook.com\/canadamotorjobs\/\" \/>\n<meta property=\"article:published_time\" content=\"2025-04-01T15:30:38+00:00\" \/>\n<meta property=\"article:modified_time\" content=\"2025-04-01T15:44:09+00:00\" \/>\n<meta property=\"og:image\" content=\"https:\/\/annuelauto.ca\/wp-content\/uploads\/2025\/04\/Nissan_Ariya_Pole_to_Pole_2023_Record_Guinness-3.jpg\" \/>\n<meta name=\"author\" content=\"Benoit Charette\" \/>\n<meta name=\"twitter:card\" content=\"summary_large_image\" \/>\n<meta name=\"twitter:creator\" content=\"@canadamotorjobs\" \/>\n<meta name=\"twitter:site\" content=\"@canadamotorjobs\" \/>\n<meta name=\"twitter:label1\" content=\"\u00c9crit par\" \/>\n\t<meta name=\"twitter:data1\" content=\"Benoit Charette\" \/>\n\t<meta name=\"twitter:label2\" content=\"Estimation du temps de lecture\" \/>\n\t<meta name=\"twitter:data2\" content=\"3 minutes\" \/>\n<!-- \/ Yoast SEO plugin. -->","yoast_head_json":{"title":"Doubles records Guinness pour le duo d\u2019aventuriers de l\u2019exp\u00e9dition \u00ab\u00a0Pole to Pole\u00a0\u00bb - CanadaMotorJobs.com","description":"Doubles records Guinness pour le duo d\u2019aventuriers de l\u2019exp\u00e9dition \u00ab\u00a0Pole to Pole\u00a0\u00bb - Benoit Charette - Annuel automobile - CanadaMotorJobs.com.","robots":{"index":"index","follow":"follow","max-snippet":"max-snippet:-1","max-image-preview":"max-image-preview:large","max-video-preview":"max-video-preview:-1"},"og_locale":"fr_CA","og_type":"article","og_title":"Doubles records Guinness pour le duo d\u2019aventuriers de l\u2019exp\u00e9dition \u00ab\u00a0Pole to Pole\u00a0\u00bb - CanadaMotorJobs.com","og_description":"Doubles records Guinness pour le duo d\u2019aventuriers de l\u2019exp\u00e9dition \u00ab\u00a0Pole to Pole\u00a0\u00bb - Benoit Charette - Annuel automobile - CanadaMotorJobs.com.","og_url":"https:\/\/news.canadamotorjobs.com\/fr\/doubles-records-guinness-pour-le-duo-daventuriers-de-lexpedition-pole-to-pole\/","og_site_name":"CanadaMotorJobs.com","article_publisher":"https:\/\/www.facebook.com\/canadamotorjobs\/","article_published_time":"2025-04-01T15:30:38+00:00","article_modified_time":"2025-04-01T15:44:09+00:00","og_image":[{"url":"https:\/\/annuelauto.ca\/wp-content\/uploads\/2025\/04\/Nissan_Ariya_Pole_to_Pole_2023_Record_Guinness-3.jpg"}],"author":"Benoit Charette","twitter_card":"summary_large_image","twitter_creator":"@canadamotorjobs","twitter_site":"@canadamotorjobs","twitter_misc":{"\u00c9crit par":"Benoit Charette","Estimation du temps de lecture":"3 minutes"},"schema":{"@context":"https:\/\/schema.org","@graph":[{"@type":"Article","@id":"https:\/\/news.canadamotorjobs.com\/fr\/doubles-records-guinness-pour-le-duo-daventuriers-de-lexpedition-pole-to-pole\/#article","isPartOf":{"@id":"https:\/\/news.canadamotorjobs.com\/fr\/doubles-records-guinness-pour-le-duo-daventuriers-de-lexpedition-pole-to-pole\/"},"author":{"name":"Benoit Charette","@id":"https:\/\/news.canadamotorjobs.com\/#\/schema\/person\/51793d1f87d44011d7bcc2ed99269a90"},"headline":"Doubles records Guinness pour le duo d\u2019aventuriers de l\u2019exp\u00e9dition \u00ab\u00a0Pole to Pole\u00a0\u00bb","datePublished":"2025-04-01T15:30:38+00:00","dateModified":"2025-04-01T15:44:09+00:00","mainEntityOfPage":{"@id":"https:\/\/news.canadamotorjobs.com\/fr\/doubles-records-guinness-pour-le-duo-daventuriers-de-lexpedition-pole-to-pole\/"},"wordCount":645,"publisher":{"@id":"https:\/\/news.canadamotorjobs.com\/#organization"},"image":{"@id":"https:\/\/news.canadamotorjobs.com\/fr\/doubles-records-guinness-pour-le-duo-daventuriers-de-lexpedition-pole-to-pole\/#primaryimage"},"thumbnailUrl":"https:\/\/annuelauto.ca\/wp-content\/uploads\/2025\/04\/Nissan_Ariya_Pole_to_Pole_2023_Record_Guinness-3.jpg","articleSection":["Annuel automobile"],"inLanguage":"fr-CA"},{"@type":"WebPage","@id":"https:\/\/news.canadamotorjobs.com\/fr\/doubles-records-guinness-pour-le-duo-daventuriers-de-lexpedition-pole-to-pole\/","url":"https:\/\/news.canadamotorjobs.com\/fr\/doubles-records-guinness-pour-le-duo-daventuriers-de-lexpedition-pole-to-pole\/","name":"Doubles records Guinness pour le duo d\u2019aventuriers de l\u2019exp\u00e9dition \u00ab\u00a0Pole to Pole\u00a0\u00bb - CanadaMotorJobs.com","isPartOf":{"@id":"https:\/\/news.canadamotorjobs.com\/#website"},"primaryImageOfPage":{"@id":"https:\/\/news.canadamotorjobs.com\/fr\/doubles-records-guinness-pour-le-duo-daventuriers-de-lexpedition-pole-to-pole\/#primaryimage"},"image":{"@id":"https:\/\/news.canadamotorjobs.com\/fr\/doubles-records-guinness-pour-le-duo-daventuriers-de-lexpedition-pole-to-pole\/#primaryimage"},"thumbnailUrl":"https:\/\/annuelauto.ca\/wp-content\/uploads\/2025\/04\/Nissan_Ariya_Pole_to_Pole_2023_Record_Guinness-3.jpg","datePublished":"2025-04-01T15:30:38+00:00","dateModified":"2025-04-01T15:44:09+00:00","description":"Doubles records Guinness pour le duo d\u2019aventuriers de l\u2019exp\u00e9dition \u00ab\u00a0Pole to Pole\u00a0\u00bb - Benoit Charette - Annuel automobile - CanadaMotorJobs.com.","breadcrumb":{"@id":"https:\/\/news.canadamotorjobs.com\/fr\/doubles-records-guinness-pour-le-duo-daventuriers-de-lexpedition-pole-to-pole\/#breadcrumb"},"inLanguage":"fr-CA","potentialAction":[{"@type":"ReadAction","target":["https:\/\/news.canadamotorjobs.com\/fr\/doubles-records-guinness-pour-le-duo-daventuriers-de-lexpedition-pole-to-pole\/"]}]},{"@type":"ImageObject","inLanguage":"fr-CA","@id":"https:\/\/news.canadamotorjobs.com\/fr\/doubles-records-guinness-pour-le-duo-daventuriers-de-lexpedition-pole-to-pole\/#primaryimage","url":"https:\/\/annuelauto.ca\/wp-content\/uploads\/2025\/04\/Nissan_Ariya_Pole_to_Pole_2023_Record_Guinness-3.jpg","contentUrl":"https:\/\/annuelauto.ca\/wp-content\/uploads\/2025\/04\/Nissan_Ariya_Pole_to_Pole_2023_Record_Guinness-3.jpg"},{"@type":"BreadcrumbList","@id":"https:\/\/news.canadamotorjobs.com\/fr\/doubles-records-guinness-pour-le-duo-daventuriers-de-lexpedition-pole-to-pole\/#breadcrumb","itemListElement":[{"@type":"ListItem","position":1,"name":"Home","item":"https:\/\/news.canadamotorjobs.com\/fr\/blog\/"},{"@type":"ListItem","position":2,"name":"Doubles records Guinness pour le duo d\u2019aventuriers de l\u2019exp\u00e9dition \u00ab\u00a0Pole to Pole\u00a0\u00bb"}]},{"@type":"WebSite","@id":"https:\/\/news.canadamotorjobs.com\/#website","url":"https:\/\/news.canadamotorjobs.com\/","name":"CanadaMotorJobs.com","description":"Automotive Jobs","publisher":{"@id":"https:\/\/news.canadamotorjobs.com\/#organization"},"potentialAction":[{"@type":"SearchAction","target":{"@type":"EntryPoint","urlTemplate":"https:\/\/news.canadamotorjobs.com\/?s={search_term_string}"},"query-input":"required name=search_term_string"}],"inLanguage":"fr-CA"},{"@type":"Organization","@id":"https:\/\/news.canadamotorjobs.com\/#organization","name":"Canada Motor Jobs","url":"https:\/\/news.canadamotorjobs.com\/","logo":{"@type":"ImageObject","inLanguage":"fr-CA","@id":"https:\/\/news.canadamotorjobs.com\/#\/schema\/logo\/image\/","url":"https:\/\/news.canadamotorjobs.com\/wp-content\/uploads\/2022\/10\/logo-canada-motor-jobs-1.png","contentUrl":"https:\/\/news.canadamotorjobs.com\/wp-content\/uploads\/2022\/10\/logo-canada-motor-jobs-1.png","width":800,"height":400,"caption":"Canada Motor Jobs"},"image":{"@id":"https:\/\/news.canadamotorjobs.com\/#\/schema\/logo\/image\/"},"sameAs":["https:\/\/www.facebook.com\/canadamotorjobs\/","https:\/\/x.com\/canadamotorjobs","https:\/\/www.instagram.com\/canadamotorjobs\/","https:\/\/www.linkedin.com\/company\/canadamotorjobs"]},{"@type":"Person","@id":"https:\/\/news.canadamotorjobs.com\/#\/schema\/person\/51793d1f87d44011d7bcc2ed99269a90","name":"Benoit Charette","image":{"@type":"ImageObject","inLanguage":"fr-CA","@id":"https:\/\/news.canadamotorjobs.com\/#\/schema\/person\/image\/","url":"https:\/\/secure.gravatar.com\/avatar\/45f3d2eebcccd909668d7ce7ea7267b6?s=96&d=mm&r=g","contentUrl":"https:\/\/secure.gravatar.com\/avatar\/45f3d2eebcccd909668d7ce7ea7267b6?s=96&d=mm&r=g","caption":"Benoit Charette"},"description":"Benoit Charette \/ Propri\u00e9taire et r\u00e9dacteur en chef Benoit Charette pratique le journalisme automobile depuis bient\u00f4t 30 ans. Il a fait ses classes au c\u00f4t\u00e9 de Daniel H\u00e9raud et au Carnet de route de 1992 \u00e0 2001. Il est fondateur, copropri\u00e9taire et r\u00e9dacteur en chef de L\u2019Annuel de l\u2019automobile, qu\u2019il publie depuis 2001. Il a anim\u00e9 les \u00e9missions RPM et RPM+ sur V et les L\u00e9gendes de la route sur Historia. \u00c0 la radio depuis 1986, il reprend l\u2019antenne cette ann\u00e9e sur les ondes de Cogeco et participe pour la deuxi\u00e8me ann\u00e9e \u00e0 l\u2019\u00e9mission Passion Auto sur RDS en plus de mettre en ligne le site Web officiel de L\u2019Annuel de l\u2019automobile sur annuelauto.ca.","sameAs":["https:\/\/annuelauto.ca\/"],"url":"https:\/\/news.canadamotorjobs.com\/fr\/author\/benoit-charette\/"}]}},"_links":{"self":[{"href":"https:\/\/news.canadamotorjobs.com\/fr\/wp-json\/wp\/v2\/posts\/200169"}],"collection":[{"href":"https:\/\/news.canadamotorjobs.com\/fr\/wp-json\/wp\/v2\/posts"}],"about":[{"href":"https:\/\/news.canadamotorjobs.com\/fr\/wp-json\/wp\/v2\/types\/post"}],"author":[{"embeddable":true,"href":"https:\/\/news.canadamotorjobs.com\/fr\/wp-json\/wp\/v2\/users\/8"}],"replies":[{"embeddable":true,"href":"https:\/\/news.canadamotorjobs.com\/fr\/wp-json\/wp\/v2\/comments?post=200169"}],"version-history":[{"count":1,"href":"https:\/\/news.canadamotorjobs.com\/fr\/wp-json\/wp\/v2\/posts\/200169\/revisions"}],"predecessor-version":[{"id":200170,"href":"https:\/\/news.canadamotorjobs.com\/fr\/wp-json\/wp\/v2\/posts\/200169\/revisions\/200170"}],"wp:attachment":[{"href":"https:\/\/news.canadamotorjobs.com\/fr\/wp-json\/wp\/v2\/media?parent=200169"}],"wp:term":[{"taxonomy":"category","embeddable":true,"href":"https:\/\/news.canadamotorjobs.com\/fr\/wp-json\/wp\/v2\/categories?post=200169"},{"taxonomy":"post_tag","embeddable":true,"href":"https:\/\/news.canadamotorjobs.com\/fr\/wp-json\/wp\/v2\/tags?post=200169"}],"curies":[{"name":"wp","href":"https:\/\/api.w.org\/{rel}","templated":true}]}}