{"id":200165,"date":"2025-04-01T08:09:40","date_gmt":"2025-04-01T12:09:40","guid":{"rendered":"https:\/\/news.canadamotorjobs.com\/?p=200165"},"modified":"2025-04-01T08:15:13","modified_gmt":"2025-04-01T12:15:13","slug":"une-nouvelle-marque-automobile-debarque-au-canada","status":"publish","type":"post","link":"https:\/\/news.canadamotorjobs.com\/fr\/une-nouvelle-marque-automobile-debarque-au-canada\/","title":{"rendered":"Une Nouvelle Marque Automobile D\u00e9barque au Canada"},"content":{"rendered":"<p><img loading=\"lazy\" decoding=\"async\" width=\"1200\" height=\"782\" src=\"https:\/\/annuelauto.ca\/wp-content\/uploads\/2025\/04\/Aurora_borealis_over_Eielson_Air_Force_Base_Alaska.jpg\" class=\"attachment-post-thumbnail size-post-thumbnail wp-post-image\" alt=\"\" \/><\/p>\n<p class=\"\" data-start=\"116\" data-end=\"374\">Le march\u00e9 automobile canadien accueille un <strong data-start=\"195\" data-end=\"228\">nouveau constructeur national<\/strong> : <strong data-start=\"231\" data-end=\"250\">Borealis Motors<\/strong>, une entreprise qui promet de r\u00e9volutionner l\u2019industrie avec des v\u00e9hicules <strong data-start=\"326\" data-end=\"371\">enti\u00e8rement con\u00e7us et fabriqu\u00e9s au Canada<\/strong>.<\/p>\n<p><\/p>\n<p class=\"\" data-start=\"376\" data-end=\"741\">Selon un communiqu\u00e9 officiel diffus\u00e9 ce matin, Borealis Motors lancera d\u00e8s <strong data-start=\"451\" data-end=\"459\">2027<\/strong> une gamme de v\u00e9hicules <strong data-start=\"483\" data-end=\"510\">\u00e9lectriques et hybrides<\/strong> adapt\u00e9s aux conditions climatiques extr\u00eames du pays. Le premier mod\u00e8le, baptis\u00e9 <strong data-start=\"591\" data-end=\"603\">&#8220;Aurora&#8221;<\/strong>, serait un <strong data-start=\"615\" data-end=\"630\">VUS robuste<\/strong> offrant une <strong data-start=\"643\" data-end=\"673\">autonomie\u00a0 de 800 km<\/strong> et une <strong data-start=\"681\" data-end=\"738\">carrosserie r\u00e9sistante au sel et aux chocs thermiques<\/strong>.<\/p>\n<p><\/p>\n<p class=\"\" data-start=\"743\" data-end=\"983\">\u00ab Nous voulons redonner au Canada une industrie automobile qui lui appartient, en mettant \u00e0 profit notre expertise en ing\u00e9nierie et en mat\u00e9riaux durables \u00bb, a d\u00e9clar\u00e9 <strong data-start=\"910\" data-end=\"927\">Caroline Rasbora<\/strong>, PDG de Borealis Motors, dans une entrevue exclusive.<\/p>\n<p><\/p>\n<p class=\"\" data-start=\"985\" data-end=\"1273\">La soci\u00e9t\u00e9 affirme avoir obtenu un <strong data-start=\"1020\" data-end=\"1060\">investissement de Qu\u00e9bec et d&#8217;Ottawa <\/strong>et des <strong data-start=\"1068\" data-end=\"1097\">partenariats strat\u00e9giques<\/strong> avec des entreprises locales sp\u00e9cialis\u00e9es dans la batterie lithium-fer-phosphate. <strong data-start=\"1180\" data-end=\"1270\">Des concessions seraient d\u00e9j\u00e0 en cours de planification \u00e0 Montr\u00e9al, Toronto et Vancouver<\/strong>.<\/p>\n<h3 data-start=\"1482\" data-end=\"1604\">Pas encore de photos des mod\u00e8les<\/h3>\n<p><\/p>\n<p class=\"\" data-start=\"1848\" data-end=\"2018\">Bor\u00e9alis est rest\u00e9 muet sur le format de ses mod\u00e8les et des sp\u00e9cifications, \u00e0 l&#8217;exception de l&#8217;autonomie. On parle d&#8217;une berline de style familiale comme seconde voiture au calendrier.<\/p>\n<p>Le texte <a href=\"https:\/\/annuelauto.ca\/borealis-motors-nouveau-constructeur-canada\/\">Une Nouvelle Marque Automobile D\u00e9barque au Canada<\/a> provient de <a href=\"https:\/\/annuelauto.ca\">L&#8217;annuel de l&#8217;automobile &#8211; Actualit\u00e9 automobile<\/a><\/p>\n<p><\/p>\n","protected":false},"excerpt":{"rendered":"<p>Le march\u00e9 automobile canadien accueille un nouveau constructeur national : Borealis Motors, une entreprise qui promet de r\u00e9volutionner l\u2019industrie avec des v\u00e9hicules enti\u00e8rement con\u00e7us et fabriqu\u00e9s au Canada. Selon un communiqu\u00e9 officiel diffus\u00e9 ce matin, Borealis Motors lancera d\u00e8s 2027 une gamme de v\u00e9hicules \u00e9lectriques et hybrides adapt\u00e9s aux conditions climatiques extr\u00eames du pays. Le [&hellip;]<\/p>\n","protected":false},"author":8,"featured_media":0,"comment_status":"close","ping_status":"closed","sticky":false,"template":"","format":"standard","meta":{"_monsterinsights_skip_tracking":false,"_monsterinsights_sitenote_active":false,"_monsterinsights_sitenote_note":"","_monsterinsights_sitenote_category":0,"footnotes":""},"categories":[101],"tags":[],"yoast_head":"<!-- This site is optimized with the Yoast SEO plugin v23.2 - https:\/\/yoast.com\/wordpress\/plugins\/seo\/ -->\n<title>Une Nouvelle Marque Automobile D\u00e9barque au Canada - CanadaMotorJobs.com<\/title>\n<meta name=\"description\" content=\"Une Nouvelle Marque Automobile D\u00e9barque au Canada - Benoit Charette - Annuel automobile - CanadaMotorJobs.com.\" \/>\n<meta name=\"robots\" content=\"index, follow, max-snippet:-1, max-image-preview:large, max-video-preview:-1\" \/>\n<meta property=\"og:locale\" content=\"fr_CA\" \/>\n<meta property=\"og:type\" content=\"article\" \/>\n<meta property=\"og:title\" content=\"Une Nouvelle Marque Automobile D\u00e9barque au Canada - CanadaMotorJobs.com\" \/>\n<meta property=\"og:description\" content=\"Une Nouvelle Marque Automobile D\u00e9barque au Canada - Benoit Charette - Annuel automobile - CanadaMotorJobs.com.\" \/>\n<meta property=\"og:url\" content=\"https:\/\/news.canadamotorjobs.com\/fr\/une-nouvelle-marque-automobile-debarque-au-canada\/\" \/>\n<meta property=\"og:site_name\" content=\"CanadaMotorJobs.com\" \/>\n<meta property=\"article:publisher\" content=\"https:\/\/www.facebook.com\/canadamotorjobs\/\" \/>\n<meta property=\"article:published_time\" content=\"2025-04-01T12:09:40+00:00\" \/>\n<meta property=\"article:modified_time\" content=\"2025-04-01T12:15:13+00:00\" \/>\n<meta property=\"og:image\" content=\"https:\/\/annuelauto.ca\/wp-content\/uploads\/2025\/04\/Aurora_borealis_over_Eielson_Air_Force_Base_Alaska.jpg\" \/>\n<meta name=\"author\" content=\"Benoit Charette\" \/>\n<meta name=\"twitter:card\" content=\"summary_large_image\" \/>\n<meta name=\"twitter:creator\" content=\"@canadamotorjobs\" \/>\n<meta name=\"twitter:site\" content=\"@canadamotorjobs\" \/>\n<meta name=\"twitter:label1\" content=\"\u00c9crit par\" \/>\n\t<meta name=\"twitter:data1\" content=\"Benoit Charette\" \/>\n\t<meta name=\"twitter:label2\" content=\"Estimation du temps de lecture\" \/>\n\t<meta name=\"twitter:data2\" content=\"1 minute\" \/>\n<!-- \/ Yoast SEO plugin. -->","yoast_head_json":{"title":"Une Nouvelle Marque Automobile D\u00e9barque au Canada - CanadaMotorJobs.com","description":"Une Nouvelle Marque Automobile D\u00e9barque au Canada - Benoit Charette - Annuel automobile - CanadaMotorJobs.com.","robots":{"index":"index","follow":"follow","max-snippet":"max-snippet:-1","max-image-preview":"max-image-preview:large","max-video-preview":"max-video-preview:-1"},"og_locale":"fr_CA","og_type":"article","og_title":"Une Nouvelle Marque Automobile D\u00e9barque au Canada - CanadaMotorJobs.com","og_description":"Une Nouvelle Marque Automobile D\u00e9barque au Canada - Benoit Charette - Annuel automobile - CanadaMotorJobs.com.","og_url":"https:\/\/news.canadamotorjobs.com\/fr\/une-nouvelle-marque-automobile-debarque-au-canada\/","og_site_name":"CanadaMotorJobs.com","article_publisher":"https:\/\/www.facebook.com\/canadamotorjobs\/","article_published_time":"2025-04-01T12:09:40+00:00","article_modified_time":"2025-04-01T12:15:13+00:00","og_image":[{"url":"https:\/\/annuelauto.ca\/wp-content\/uploads\/2025\/04\/Aurora_borealis_over_Eielson_Air_Force_Base_Alaska.jpg"}],"author":"Benoit Charette","twitter_card":"summary_large_image","twitter_creator":"@canadamotorjobs","twitter_site":"@canadamotorjobs","twitter_misc":{"\u00c9crit par":"Benoit Charette","Estimation du temps de lecture":"1 minute"},"schema":{"@context":"https:\/\/schema.org","@graph":[{"@type":"Article","@id":"https:\/\/news.canadamotorjobs.com\/fr\/une-nouvelle-marque-automobile-debarque-au-canada\/#article","isPartOf":{"@id":"https:\/\/news.canadamotorjobs.com\/fr\/une-nouvelle-marque-automobile-debarque-au-canada\/"},"author":{"name":"Benoit Charette","@id":"https:\/\/news.canadamotorjobs.com\/#\/schema\/person\/51793d1f87d44011d7bcc2ed99269a90"},"headline":"Une Nouvelle Marque Automobile D\u00e9barque au Canada","datePublished":"2025-04-01T12:09:40+00:00","dateModified":"2025-04-01T12:15:13+00:00","mainEntityOfPage":{"@id":"https:\/\/news.canadamotorjobs.com\/fr\/une-nouvelle-marque-automobile-debarque-au-canada\/"},"wordCount":238,"publisher":{"@id":"https:\/\/news.canadamotorjobs.com\/#organization"},"image":{"@id":"https:\/\/news.canadamotorjobs.com\/fr\/une-nouvelle-marque-automobile-debarque-au-canada\/#primaryimage"},"thumbnailUrl":"https:\/\/annuelauto.ca\/wp-content\/uploads\/2025\/04\/Aurora_borealis_over_Eielson_Air_Force_Base_Alaska.jpg","articleSection":["Annuel automobile"],"inLanguage":"fr-CA"},{"@type":"WebPage","@id":"https:\/\/news.canadamotorjobs.com\/fr\/une-nouvelle-marque-automobile-debarque-au-canada\/","url":"https:\/\/news.canadamotorjobs.com\/fr\/une-nouvelle-marque-automobile-debarque-au-canada\/","name":"Une Nouvelle Marque Automobile D\u00e9barque au Canada - CanadaMotorJobs.com","isPartOf":{"@id":"https:\/\/news.canadamotorjobs.com\/#website"},"primaryImageOfPage":{"@id":"https:\/\/news.canadamotorjobs.com\/fr\/une-nouvelle-marque-automobile-debarque-au-canada\/#primaryimage"},"image":{"@id":"https:\/\/news.canadamotorjobs.com\/fr\/une-nouvelle-marque-automobile-debarque-au-canada\/#primaryimage"},"thumbnailUrl":"https:\/\/annuelauto.ca\/wp-content\/uploads\/2025\/04\/Aurora_borealis_over_Eielson_Air_Force_Base_Alaska.jpg","datePublished":"2025-04-01T12:09:40+00:00","dateModified":"2025-04-01T12:15:13+00:00","description":"Une Nouvelle Marque Automobile D\u00e9barque au Canada - Benoit Charette - Annuel automobile - CanadaMotorJobs.com.","breadcrumb":{"@id":"https:\/\/news.canadamotorjobs.com\/fr\/une-nouvelle-marque-automobile-debarque-au-canada\/#breadcrumb"},"inLanguage":"fr-CA","potentialAction":[{"@type":"ReadAction","target":["https:\/\/news.canadamotorjobs.com\/fr\/une-nouvelle-marque-automobile-debarque-au-canada\/"]}]},{"@type":"ImageObject","inLanguage":"fr-CA","@id":"https:\/\/news.canadamotorjobs.com\/fr\/une-nouvelle-marque-automobile-debarque-au-canada\/#primaryimage","url":"https:\/\/annuelauto.ca\/wp-content\/uploads\/2025\/04\/Aurora_borealis_over_Eielson_Air_Force_Base_Alaska.jpg","contentUrl":"https:\/\/annuelauto.ca\/wp-content\/uploads\/2025\/04\/Aurora_borealis_over_Eielson_Air_Force_Base_Alaska.jpg"},{"@type":"BreadcrumbList","@id":"https:\/\/news.canadamotorjobs.com\/fr\/une-nouvelle-marque-automobile-debarque-au-canada\/#breadcrumb","itemListElement":[{"@type":"ListItem","position":1,"name":"Home","item":"https:\/\/news.canadamotorjobs.com\/fr\/blog\/"},{"@type":"ListItem","position":2,"name":"Une Nouvelle Marque Automobile D\u00e9barque au Canada"}]},{"@type":"WebSite","@id":"https:\/\/news.canadamotorjobs.com\/#website","url":"https:\/\/news.canadamotorjobs.com\/","name":"CanadaMotorJobs.com","description":"Automotive Jobs","publisher":{"@id":"https:\/\/news.canadamotorjobs.com\/#organization"},"potentialAction":[{"@type":"SearchAction","target":{"@type":"EntryPoint","urlTemplate":"https:\/\/news.canadamotorjobs.com\/?s={search_term_string}"},"query-input":"required name=search_term_string"}],"inLanguage":"fr-CA"},{"@type":"Organization","@id":"https:\/\/news.canadamotorjobs.com\/#organization","name":"Canada Motor Jobs","url":"https:\/\/news.canadamotorjobs.com\/","logo":{"@type":"ImageObject","inLanguage":"fr-CA","@id":"https:\/\/news.canadamotorjobs.com\/#\/schema\/logo\/image\/","url":"https:\/\/news.canadamotorjobs.com\/wp-content\/uploads\/2022\/10\/logo-canada-motor-jobs-1.png","contentUrl":"https:\/\/news.canadamotorjobs.com\/wp-content\/uploads\/2022\/10\/logo-canada-motor-jobs-1.png","width":800,"height":400,"caption":"Canada Motor Jobs"},"image":{"@id":"https:\/\/news.canadamotorjobs.com\/#\/schema\/logo\/image\/"},"sameAs":["https:\/\/www.facebook.com\/canadamotorjobs\/","https:\/\/x.com\/canadamotorjobs","https:\/\/www.instagram.com\/canadamotorjobs\/","https:\/\/www.linkedin.com\/company\/canadamotorjobs"]},{"@type":"Person","@id":"https:\/\/news.canadamotorjobs.com\/#\/schema\/person\/51793d1f87d44011d7bcc2ed99269a90","name":"Benoit Charette","image":{"@type":"ImageObject","inLanguage":"fr-CA","@id":"https:\/\/news.canadamotorjobs.com\/#\/schema\/person\/image\/","url":"https:\/\/secure.gravatar.com\/avatar\/45f3d2eebcccd909668d7ce7ea7267b6?s=96&d=mm&r=g","contentUrl":"https:\/\/secure.gravatar.com\/avatar\/45f3d2eebcccd909668d7ce7ea7267b6?s=96&d=mm&r=g","caption":"Benoit Charette"},"description":"Benoit Charette \/ Propri\u00e9taire et r\u00e9dacteur en chef Benoit Charette pratique le journalisme automobile depuis bient\u00f4t 30 ans. Il a fait ses classes au c\u00f4t\u00e9 de Daniel H\u00e9raud et au Carnet de route de 1992 \u00e0 2001. Il est fondateur, copropri\u00e9taire et r\u00e9dacteur en chef de L\u2019Annuel de l\u2019automobile, qu\u2019il publie depuis 2001. Il a anim\u00e9 les \u00e9missions RPM et RPM+ sur V et les L\u00e9gendes de la route sur Historia. \u00c0 la radio depuis 1986, il reprend l\u2019antenne cette ann\u00e9e sur les ondes de Cogeco et participe pour la deuxi\u00e8me ann\u00e9e \u00e0 l\u2019\u00e9mission Passion Auto sur RDS en plus de mettre en ligne le site Web officiel de L\u2019Annuel de l\u2019automobile sur annuelauto.ca.","sameAs":["https:\/\/annuelauto.ca\/"],"url":"https:\/\/news.canadamotorjobs.com\/fr\/author\/benoit-charette\/"}]}},"_links":{"self":[{"href":"https:\/\/news.canadamotorjobs.com\/fr\/wp-json\/wp\/v2\/posts\/200165"}],"collection":[{"href":"https:\/\/news.canadamotorjobs.com\/fr\/wp-json\/wp\/v2\/posts"}],"about":[{"href":"https:\/\/news.canadamotorjobs.com\/fr\/wp-json\/wp\/v2\/types\/post"}],"author":[{"embeddable":true,"href":"https:\/\/news.canadamotorjobs.com\/fr\/wp-json\/wp\/v2\/users\/8"}],"replies":[{"embeddable":true,"href":"https:\/\/news.canadamotorjobs.com\/fr\/wp-json\/wp\/v2\/comments?post=200165"}],"version-history":[{"count":1,"href":"https:\/\/news.canadamotorjobs.com\/fr\/wp-json\/wp\/v2\/posts\/200165\/revisions"}],"predecessor-version":[{"id":200166,"href":"https:\/\/news.canadamotorjobs.com\/fr\/wp-json\/wp\/v2\/posts\/200165\/revisions\/200166"}],"wp:attachment":[{"href":"https:\/\/news.canadamotorjobs.com\/fr\/wp-json\/wp\/v2\/media?parent=200165"}],"wp:term":[{"taxonomy":"category","embeddable":true,"href":"https:\/\/news.canadamotorjobs.com\/fr\/wp-json\/wp\/v2\/categories?post=200165"},{"taxonomy":"post_tag","embeddable":true,"href":"https:\/\/news.canadamotorjobs.com\/fr\/wp-json\/wp\/v2\/tags?post=200165"}],"curies":[{"name":"wp","href":"https:\/\/api.w.org\/{rel}","templated":true}]}}