{"id":200163,"date":"2025-04-01T07:53:36","date_gmt":"2025-04-01T11:53:36","guid":{"rendered":"https:\/\/news.canadamotorjobs.com\/?p=200163"},"modified":"2025-04-01T07:59:00","modified_gmt":"2025-04-01T11:59:00","slug":"une-autre-serie-de-mises-a-pied-chez-northvolt","status":"publish","type":"post","link":"https:\/\/news.canadamotorjobs.com\/fr\/une-autre-serie-de-mises-a-pied-chez-northvolt\/","title":{"rendered":"Une autre s\u00e9rie de mises \u00e0 pied chez Northvolt"},"content":{"rendered":"<p><img loading=\"lazy\" decoding=\"async\" width=\"1200\" height=\"675\" src=\"https:\/\/annuelauto.ca\/wp-content\/uploads\/2023\/09\/9SJAwwjk-ITP-Dec30-Northvolt-3-1200x675-1.jpeg\" class=\"attachment-post-thumbnail size-post-thumbnail wp-post-image\" alt=\"\" \/><\/p>\n<p class=\"\" data-start=\"152\" data-end=\"347\">Le fabricant de batteries <strong data-start=\"178\" data-end=\"194\">Northvolt AB<\/strong>, en <strong data-start=\"199\" data-end=\"211\">faillite<\/strong>, poursuivra ses op\u00e9rations en <strong data-start=\"242\" data-end=\"251\">Su\u00e8de<\/strong> avec une \u00e9quipe r\u00e9duite \u00e0 <strong data-start=\"278\" data-end=\"296\">1 700 employ\u00e9s<\/strong>, tandis que le reste du personnel sera licenci\u00e9. \u00ab Malgr\u00e9 ces r\u00e9ductions drastiques, il est positif que l\u2019entreprise puisse continuer \u00e0 fonctionner dans une certaine mesure, ce qui est essentiel pour faciliter une <strong data-start=\"514\" data-end=\"543\">vente totale ou partielle<\/strong> de l\u2019entreprise \u00bb, a d\u00e9clar\u00e9 <strong data-start=\"573\" data-end=\"588\">Mikael Kubu<\/strong>, administrateur judiciaire en charge du dossier.<\/p>\n<h3 data-start=\"646\" data-end=\"686\"><strong data-start=\"651\" data-end=\"684\">Un g\u00e9ant europ\u00e9en \u00e0 la d\u00e9rive<\/strong><\/h3>\n<p><\/p>\n<p class=\"\" data-start=\"687\" data-end=\"1010\">Avant sa faillite, <strong data-start=\"706\" data-end=\"751\">Northvolt comptait environ 7 000 employ\u00e9s<\/strong>. L\u2019entreprise, autrefois pr\u00e9sent\u00e9e comme la r\u00e9ponse europ\u00e9enne aux g\u00e9ants asiatiques des batteries, a <strong data-start=\"854\" data-end=\"874\">\u00e9puis\u00e9 ses fonds<\/strong> en raison d\u2019une s\u00e9rie d\u2019erreurs op\u00e9rationnelles qui l\u2019ont conduite \u00e0 se placer sous <strong data-start=\"959\" data-end=\"1007\">protection contre la faillite aux \u00c9tats-Unis<\/strong>. Cette d\u00e9marche juridique devait lui offrir un <strong data-start=\"1058\" data-end=\"1077\">r\u00e9pit financier<\/strong>, mais s\u2019est av\u00e9r\u00e9e <strong data-start=\"1097\" data-end=\"1111\">inefficace<\/strong>. Le couperet est tomb\u00e9 ce mois-ci, avec la mise en vente <strong data-start=\"1169\" data-end=\"1200\">des actifs et des activit\u00e9s<\/strong> de l\u2019entreprise par un <strong data-start=\"1224\" data-end=\"1261\">administrateur judiciaire su\u00e9dois<\/strong>.<\/p>\n<h3 data-start=\"1271\" data-end=\"1327\"><strong data-start=\"1276\" data-end=\"1325\">Une dette colossale et des pertes importantes<\/strong><\/h3>\n<p><\/p>\n<p class=\"\" data-start=\"1328\" data-end=\"1627\">Depuis sa fondation en <strong data-start=\"1351\" data-end=\"1359\">2016<\/strong>, <strong data-start=\"1361\" data-end=\"1374\">Northvolt<\/strong> a lev\u00e9 environ <strong data-start=\"1390\" data-end=\"1417\">10 milliards de dollars<\/strong> sous forme de dette et d\u2019actions. Diff\u00e9rents instruments financiers ont attir\u00e9 un large \u00e9ventail de <strong data-start=\"1518\" data-end=\"1558\">banques pr\u00eateuses et d\u2019investisseurs<\/strong>, qui doivent maintenant faire face \u00e0 des <strong data-start=\"1600\" data-end=\"1624\">pertes consid\u00e9rables<\/strong>. Cependant, <strong data-start=\"1640\" data-end=\"1665\">un accord de principe<\/strong> a \u00e9t\u00e9 conclu entre les <strong data-start=\"1689\" data-end=\"1728\">cr\u00e9anciers et les parties prenantes<\/strong> pour garantir la <strong data-start=\"1746\" data-end=\"1784\">poursuite temporaire des activit\u00e9s<\/strong>. Cet accord devrait \u00eatre <strong data-start=\"1810\" data-end=\"1862\">officiellement finalis\u00e9 dans les prochains jours<\/strong>, selon Mikael Kubu.<\/p>\n<p><\/p>\n<p class=\"\" data-start=\"2164\" data-end=\"2402\"><br data-start=\"2179\" data-end=\"2182\" \/>Avec des renseignements de Bloomberg<\/p>\n<p>Le texte <a href=\"https:\/\/annuelauto.ca\/northvolt-faillite-reduction-effectifs\/\">Une autre s\u00e9rie de mises \u00e0 pied chez Northvolt<\/a> provient de <a href=\"https:\/\/annuelauto.ca\">L&#8217;annuel de l&#8217;automobile &#8211; Actualit\u00e9 automobile<\/a><\/p>\n<p><\/p>\n","protected":false},"excerpt":{"rendered":"<p>Le fabricant de batteries Northvolt AB, en faillite, poursuivra ses op\u00e9rations en Su\u00e8de avec une \u00e9quipe r\u00e9duite \u00e0 1 700 employ\u00e9s, tandis que le reste du personnel sera licenci\u00e9. \u00ab Malgr\u00e9 ces r\u00e9ductions drastiques, il est positif que l\u2019entreprise puisse continuer \u00e0 fonctionner dans une certaine mesure, ce qui est essentiel pour faciliter une vente [&hellip;]<\/p>\n","protected":false},"author":8,"featured_media":0,"comment_status":"close","ping_status":"closed","sticky":false,"template":"","format":"standard","meta":{"_monsterinsights_skip_tracking":false,"_monsterinsights_sitenote_active":false,"_monsterinsights_sitenote_note":"","_monsterinsights_sitenote_category":0,"footnotes":""},"categories":[101],"tags":[],"yoast_head":"<!-- This site is optimized with the Yoast SEO plugin v23.2 - https:\/\/yoast.com\/wordpress\/plugins\/seo\/ -->\n<title>Une autre s\u00e9rie de mises \u00e0 pied chez Northvolt - CanadaMotorJobs.com<\/title>\n<meta name=\"description\" content=\"Une autre s\u00e9rie de mises \u00e0 pied chez Northvolt - Benoit Charette - Annuel automobile - CanadaMotorJobs.com.\" \/>\n<meta name=\"robots\" content=\"index, follow, max-snippet:-1, max-image-preview:large, max-video-preview:-1\" \/>\n<meta property=\"og:locale\" content=\"fr_CA\" \/>\n<meta property=\"og:type\" content=\"article\" \/>\n<meta property=\"og:title\" content=\"Une autre s\u00e9rie de mises \u00e0 pied chez Northvolt - CanadaMotorJobs.com\" \/>\n<meta property=\"og:description\" content=\"Une autre s\u00e9rie de mises \u00e0 pied chez Northvolt - Benoit Charette - Annuel automobile - CanadaMotorJobs.com.\" \/>\n<meta property=\"og:url\" content=\"https:\/\/news.canadamotorjobs.com\/fr\/une-autre-serie-de-mises-a-pied-chez-northvolt\/\" \/>\n<meta property=\"og:site_name\" content=\"CanadaMotorJobs.com\" \/>\n<meta property=\"article:publisher\" content=\"https:\/\/www.facebook.com\/canadamotorjobs\/\" \/>\n<meta property=\"article:published_time\" content=\"2025-04-01T11:53:36+00:00\" \/>\n<meta property=\"article:modified_time\" content=\"2025-04-01T11:59:00+00:00\" \/>\n<meta property=\"og:image\" content=\"https:\/\/annuelauto.ca\/wp-content\/uploads\/2023\/09\/9SJAwwjk-ITP-Dec30-Northvolt-3-1200x675-1.jpeg\" \/>\n<meta name=\"author\" content=\"Benoit Charette\" \/>\n<meta name=\"twitter:card\" content=\"summary_large_image\" \/>\n<meta name=\"twitter:creator\" content=\"@canadamotorjobs\" \/>\n<meta name=\"twitter:site\" content=\"@canadamotorjobs\" \/>\n<meta name=\"twitter:label1\" content=\"\u00c9crit par\" \/>\n\t<meta name=\"twitter:data1\" content=\"Benoit Charette\" \/>\n\t<meta name=\"twitter:label2\" content=\"Estimation du temps de lecture\" \/>\n\t<meta name=\"twitter:data2\" content=\"1 minute\" \/>\n<!-- \/ Yoast SEO plugin. -->","yoast_head_json":{"title":"Une autre s\u00e9rie de mises \u00e0 pied chez Northvolt - CanadaMotorJobs.com","description":"Une autre s\u00e9rie de mises \u00e0 pied chez Northvolt - Benoit Charette - Annuel automobile - CanadaMotorJobs.com.","robots":{"index":"index","follow":"follow","max-snippet":"max-snippet:-1","max-image-preview":"max-image-preview:large","max-video-preview":"max-video-preview:-1"},"og_locale":"fr_CA","og_type":"article","og_title":"Une autre s\u00e9rie de mises \u00e0 pied chez Northvolt - CanadaMotorJobs.com","og_description":"Une autre s\u00e9rie de mises \u00e0 pied chez Northvolt - Benoit Charette - Annuel automobile - CanadaMotorJobs.com.","og_url":"https:\/\/news.canadamotorjobs.com\/fr\/une-autre-serie-de-mises-a-pied-chez-northvolt\/","og_site_name":"CanadaMotorJobs.com","article_publisher":"https:\/\/www.facebook.com\/canadamotorjobs\/","article_published_time":"2025-04-01T11:53:36+00:00","article_modified_time":"2025-04-01T11:59:00+00:00","og_image":[{"url":"https:\/\/annuelauto.ca\/wp-content\/uploads\/2023\/09\/9SJAwwjk-ITP-Dec30-Northvolt-3-1200x675-1.jpeg"}],"author":"Benoit Charette","twitter_card":"summary_large_image","twitter_creator":"@canadamotorjobs","twitter_site":"@canadamotorjobs","twitter_misc":{"\u00c9crit par":"Benoit Charette","Estimation du temps de lecture":"1 minute"},"schema":{"@context":"https:\/\/schema.org","@graph":[{"@type":"Article","@id":"https:\/\/news.canadamotorjobs.com\/fr\/une-autre-serie-de-mises-a-pied-chez-northvolt\/#article","isPartOf":{"@id":"https:\/\/news.canadamotorjobs.com\/fr\/une-autre-serie-de-mises-a-pied-chez-northvolt\/"},"author":{"name":"Benoit Charette","@id":"https:\/\/news.canadamotorjobs.com\/#\/schema\/person\/51793d1f87d44011d7bcc2ed99269a90"},"headline":"Une autre s\u00e9rie de mises \u00e0 pied chez Northvolt","datePublished":"2025-04-01T11:53:36+00:00","dateModified":"2025-04-01T11:59:00+00:00","mainEntityOfPage":{"@id":"https:\/\/news.canadamotorjobs.com\/fr\/une-autre-serie-de-mises-a-pied-chez-northvolt\/"},"wordCount":300,"publisher":{"@id":"https:\/\/news.canadamotorjobs.com\/#organization"},"image":{"@id":"https:\/\/news.canadamotorjobs.com\/fr\/une-autre-serie-de-mises-a-pied-chez-northvolt\/#primaryimage"},"thumbnailUrl":"https:\/\/annuelauto.ca\/wp-content\/uploads\/2023\/09\/9SJAwwjk-ITP-Dec30-Northvolt-3-1200x675-1.jpeg","articleSection":["Annuel automobile"],"inLanguage":"fr-CA"},{"@type":"WebPage","@id":"https:\/\/news.canadamotorjobs.com\/fr\/une-autre-serie-de-mises-a-pied-chez-northvolt\/","url":"https:\/\/news.canadamotorjobs.com\/fr\/une-autre-serie-de-mises-a-pied-chez-northvolt\/","name":"Une autre s\u00e9rie de mises \u00e0 pied chez Northvolt - CanadaMotorJobs.com","isPartOf":{"@id":"https:\/\/news.canadamotorjobs.com\/#website"},"primaryImageOfPage":{"@id":"https:\/\/news.canadamotorjobs.com\/fr\/une-autre-serie-de-mises-a-pied-chez-northvolt\/#primaryimage"},"image":{"@id":"https:\/\/news.canadamotorjobs.com\/fr\/une-autre-serie-de-mises-a-pied-chez-northvolt\/#primaryimage"},"thumbnailUrl":"https:\/\/annuelauto.ca\/wp-content\/uploads\/2023\/09\/9SJAwwjk-ITP-Dec30-Northvolt-3-1200x675-1.jpeg","datePublished":"2025-04-01T11:53:36+00:00","dateModified":"2025-04-01T11:59:00+00:00","description":"Une autre s\u00e9rie de mises \u00e0 pied chez Northvolt - Benoit Charette - Annuel automobile - CanadaMotorJobs.com.","breadcrumb":{"@id":"https:\/\/news.canadamotorjobs.com\/fr\/une-autre-serie-de-mises-a-pied-chez-northvolt\/#breadcrumb"},"inLanguage":"fr-CA","potentialAction":[{"@type":"ReadAction","target":["https:\/\/news.canadamotorjobs.com\/fr\/une-autre-serie-de-mises-a-pied-chez-northvolt\/"]}]},{"@type":"ImageObject","inLanguage":"fr-CA","@id":"https:\/\/news.canadamotorjobs.com\/fr\/une-autre-serie-de-mises-a-pied-chez-northvolt\/#primaryimage","url":"https:\/\/annuelauto.ca\/wp-content\/uploads\/2023\/09\/9SJAwwjk-ITP-Dec30-Northvolt-3-1200x675-1.jpeg","contentUrl":"https:\/\/annuelauto.ca\/wp-content\/uploads\/2023\/09\/9SJAwwjk-ITP-Dec30-Northvolt-3-1200x675-1.jpeg"},{"@type":"BreadcrumbList","@id":"https:\/\/news.canadamotorjobs.com\/fr\/une-autre-serie-de-mises-a-pied-chez-northvolt\/#breadcrumb","itemListElement":[{"@type":"ListItem","position":1,"name":"Home","item":"https:\/\/news.canadamotorjobs.com\/fr\/blog\/"},{"@type":"ListItem","position":2,"name":"Une autre s\u00e9rie de mises \u00e0 pied chez Northvolt"}]},{"@type":"WebSite","@id":"https:\/\/news.canadamotorjobs.com\/#website","url":"https:\/\/news.canadamotorjobs.com\/","name":"CanadaMotorJobs.com","description":"Automotive Jobs","publisher":{"@id":"https:\/\/news.canadamotorjobs.com\/#organization"},"potentialAction":[{"@type":"SearchAction","target":{"@type":"EntryPoint","urlTemplate":"https:\/\/news.canadamotorjobs.com\/?s={search_term_string}"},"query-input":"required name=search_term_string"}],"inLanguage":"fr-CA"},{"@type":"Organization","@id":"https:\/\/news.canadamotorjobs.com\/#organization","name":"Canada Motor Jobs","url":"https:\/\/news.canadamotorjobs.com\/","logo":{"@type":"ImageObject","inLanguage":"fr-CA","@id":"https:\/\/news.canadamotorjobs.com\/#\/schema\/logo\/image\/","url":"https:\/\/news.canadamotorjobs.com\/wp-content\/uploads\/2022\/10\/logo-canada-motor-jobs-1.png","contentUrl":"https:\/\/news.canadamotorjobs.com\/wp-content\/uploads\/2022\/10\/logo-canada-motor-jobs-1.png","width":800,"height":400,"caption":"Canada Motor Jobs"},"image":{"@id":"https:\/\/news.canadamotorjobs.com\/#\/schema\/logo\/image\/"},"sameAs":["https:\/\/www.facebook.com\/canadamotorjobs\/","https:\/\/x.com\/canadamotorjobs","https:\/\/www.instagram.com\/canadamotorjobs\/","https:\/\/www.linkedin.com\/company\/canadamotorjobs"]},{"@type":"Person","@id":"https:\/\/news.canadamotorjobs.com\/#\/schema\/person\/51793d1f87d44011d7bcc2ed99269a90","name":"Benoit Charette","image":{"@type":"ImageObject","inLanguage":"fr-CA","@id":"https:\/\/news.canadamotorjobs.com\/#\/schema\/person\/image\/","url":"https:\/\/secure.gravatar.com\/avatar\/45f3d2eebcccd909668d7ce7ea7267b6?s=96&d=mm&r=g","contentUrl":"https:\/\/secure.gravatar.com\/avatar\/45f3d2eebcccd909668d7ce7ea7267b6?s=96&d=mm&r=g","caption":"Benoit Charette"},"description":"Benoit Charette \/ Propri\u00e9taire et r\u00e9dacteur en chef Benoit Charette pratique le journalisme automobile depuis bient\u00f4t 30 ans. Il a fait ses classes au c\u00f4t\u00e9 de Daniel H\u00e9raud et au Carnet de route de 1992 \u00e0 2001. Il est fondateur, copropri\u00e9taire et r\u00e9dacteur en chef de L\u2019Annuel de l\u2019automobile, qu\u2019il publie depuis 2001. Il a anim\u00e9 les \u00e9missions RPM et RPM+ sur V et les L\u00e9gendes de la route sur Historia. \u00c0 la radio depuis 1986, il reprend l\u2019antenne cette ann\u00e9e sur les ondes de Cogeco et participe pour la deuxi\u00e8me ann\u00e9e \u00e0 l\u2019\u00e9mission Passion Auto sur RDS en plus de mettre en ligne le site Web officiel de L\u2019Annuel de l\u2019automobile sur annuelauto.ca.","sameAs":["https:\/\/annuelauto.ca\/"],"url":"https:\/\/news.canadamotorjobs.com\/fr\/author\/benoit-charette\/"}]}},"_links":{"self":[{"href":"https:\/\/news.canadamotorjobs.com\/fr\/wp-json\/wp\/v2\/posts\/200163"}],"collection":[{"href":"https:\/\/news.canadamotorjobs.com\/fr\/wp-json\/wp\/v2\/posts"}],"about":[{"href":"https:\/\/news.canadamotorjobs.com\/fr\/wp-json\/wp\/v2\/types\/post"}],"author":[{"embeddable":true,"href":"https:\/\/news.canadamotorjobs.com\/fr\/wp-json\/wp\/v2\/users\/8"}],"replies":[{"embeddable":true,"href":"https:\/\/news.canadamotorjobs.com\/fr\/wp-json\/wp\/v2\/comments?post=200163"}],"version-history":[{"count":1,"href":"https:\/\/news.canadamotorjobs.com\/fr\/wp-json\/wp\/v2\/posts\/200163\/revisions"}],"predecessor-version":[{"id":200164,"href":"https:\/\/news.canadamotorjobs.com\/fr\/wp-json\/wp\/v2\/posts\/200163\/revisions\/200164"}],"wp:attachment":[{"href":"https:\/\/news.canadamotorjobs.com\/fr\/wp-json\/wp\/v2\/media?parent=200163"}],"wp:term":[{"taxonomy":"category","embeddable":true,"href":"https:\/\/news.canadamotorjobs.com\/fr\/wp-json\/wp\/v2\/categories?post=200163"},{"taxonomy":"post_tag","embeddable":true,"href":"https:\/\/news.canadamotorjobs.com\/fr\/wp-json\/wp\/v2\/tags?post=200163"}],"curies":[{"name":"wp","href":"https:\/\/api.w.org\/{rel}","templated":true}]}}