{"id":200137,"date":"2025-04-01T06:45:08","date_gmt":"2025-04-01T10:45:08","guid":{"rendered":"https:\/\/news.canadamotorjobs.com\/?p=200137"},"modified":"2025-04-01T06:59:33","modified_gmt":"2025-04-01T10:59:33","slug":"volvo-rappelle-hakan-samuelsson-comme-pdg","status":"publish","type":"post","link":"https:\/\/news.canadamotorjobs.com\/fr\/volvo-rappelle-hakan-samuelsson-comme-pdg\/","title":{"rendered":"Volvo rappelle Hakan Samuelsson comme PDG"},"content":{"rendered":"<p><img loading=\"lazy\" decoding=\"async\" width=\"1200\" height=\"600\" src=\"https:\/\/annuelauto.ca\/wp-content\/uploads\/2025\/04\/volvo-hakan-samuelsson-02.jpg\" class=\"attachment-post-thumbnail size-post-thumbnail wp-post-image\" alt=\"\" \/><\/p>\n<p>Volvo annonce le retour de Hakan Samuelsson en tant que grand patron de la marque, et ce, \u00e0 compter du 1er avril. L\u2019ancien dirigeant, qui a men\u00e9 Volvo \u00e0 des records de ventes et de profits entre 2012 et 2022, succ\u00e8de \u00e0 Jim Rowan, qui quittera son poste et le conseil d\u2019administration le 31 mars.<\/p>\n<p>\u00c2g\u00e9 de 74 ans, Hakan Samuelsson a transform\u00e9 Volvo en dix ans, notamment en prenant des d\u00e9cisions audacieuses telles que l\u2019abandon du diesel avant ses concurrents et la limitation de la vitesse des v\u00e9hicules \u00e0 180 km\/h. Il a \u00e9galement dirig\u00e9 l\u2019ouverture d\u2019une usine aux \u00c9tats-Unis en 2018 et l\u2019entr\u00e9e en bourse de Volvo en 2021.<\/p>\n<p><strong>Des tensions commerciales qui fragilisent Volvo<\/strong><\/p>\n<p>Le changement de direction intervient dans un contexte de ralentissement du march\u00e9 des v\u00e9hicules \u00e9lectriques et de tensions commerciales importantes. Volvo sera touch\u00e9 par les tarifs de 25 % impos\u00e9s par l\u2019administration am\u00e9ricaine sur les importations automobiles, alors qu\u2019une partie de sa production est bas\u00e9e en Europe.<\/p>\n<p>En parall\u00e8le, l\u2019Union europ\u00e9enne a augment\u00e9 les droits de douane sur les v\u00e9hicules \u00e9lectriques fabriqu\u00e9s en Chine, ce qui affecte le Volvo EX30. Pour contourner ces barri\u00e8res, Volvo pr\u00e9voit de produire ce mod\u00e8le dans son usine de Gand, en Belgique, d\u00e8s cette ann\u00e9e.<\/p>\n<p><\/p>\n<figure><figcaption>Hakan Samuelsson, ancien et nouveau PDG de Volvo | Auto123.com<\/figcaption><\/figure>\n<p><strong>Un grand patron exp\u00e9riment\u00e9 pour relancer Volvo<\/strong><\/p>\n<p>Face \u00e0 ces d\u00e9fis, le conseil d\u2019administration de Volvo estime que l\u2019entreprise a besoin d\u2019un leadership industriel aguerri. Eric Li, pr\u00e9sident de Zhejiang Geely Holding, actionnaire principal de Volvo, a d\u00e9clar\u00e9 que Samuelsson poss\u00e8de \u00ab une combinaison rare de profondeur industrielle, de clart\u00e9 strat\u00e9gique et de leadership av\u00e9r\u00e9. \u00bb<\/p>\n<p>Lors de son pr\u00e9c\u00e9dent mandat, Volvo a battu des records de ventes six fois en huit ans. En 2012, juste apr\u00e8s son rachat \u00e0 Ford par Geely, Volvo affichait un chiffre d\u2019affaires de 12,4 milliards USD avec une marge op\u00e9rationnelle nulle. En 2021, sous la direction de Samuelsson, ces chiffres avaient grimp\u00e9 \u00e0 28,2 milliards USD et une marge de 7,2 %.<\/p>\n<p><\/p>\n<figure><img decoding=\"async\" src=\"https:\/\/news.canadamotorjobs.com\/wp-content\/uploads\/2025\/04\/2025-volvo-ex30_11-1.jpg\" alt=\"Le Volvo EX30\" \/><figcaption>Le Volvo EX30 | Auto123.com<\/figcaption><\/figure>\n<p><strong>Une transition \u00e9lectrique inachev\u00e9e<\/strong><\/p>\n<p>Arriv\u00e9 chez Volvo en 2022 apr\u00e8s avoir dirig\u00e9 Dyson, Jim Rowan avait revu \u00e0 la baisse les ambitions \u00e9lectriques de la marque. Volvo a ainsi abandonn\u00e9 son objectif de devenir 100 % \u00e9lectrique d\u2019ici la fin de la d\u00e9cennie, pr\u00e9f\u00e9rant maintenir une gamme hybride en raison de la faible demande pour les v\u00e9hicules \u00e0 batteries.<\/p>\n<p>Malgr\u00e9 ses efforts pour renforcer la num\u00e9risation et la connectivit\u00e9 des v\u00e9hicules Volvo, la strat\u00e9gie de Rowan n\u2019a pas suffi \u00e0 enrayer la chute de 48 % du cours de l\u2019action de la marque en un an.<\/p>\n<p><strong>Un d\u00e9fi de taille pour Samuelsson<\/strong><\/p>\n<p>Hakan Samuelsson avait ceci \u00e0 d\u00e9clarer : \u00ab L\u2019industrie automobile est sous pression de toutes parts. Je suis honor\u00e9 de revenir \u00e0 un moment d\u00e9cisif pour Volvo. \u00bb<\/p>\n<p>Son retour \u00e0 la t\u00eate de l\u2019entreprise vise \u00e0 stabiliser Volvo face aux tensions g\u00e9opolitiques, aux d\u00e9fis li\u00e9s \u00e0 l\u2019\u00e9lectrification et \u00e0 une concurrence accrue sur le march\u00e9 mondial.<\/p>\n<p><\/p>\n<p style=\"padding-top: 15px\">Contenu original de <a href=\"https:\/\/www.auto123.com\/fr\/actualites\/retour-hakan-samuelsson-pdg-volvo\/72583\/\">auto123<\/a>.<\/p>\n<p>Le texte <a href=\"https:\/\/annuelauto.ca\/volvo-rappelle-hakan-samuelsson-comme-pdg\/\">Volvo rappelle Hakan Samuelsson comme PDG<\/a> provient de <a href=\"https:\/\/annuelauto.ca\">L&#8217;annuel de l&#8217;automobile &#8211; Actualit\u00e9 automobile<\/a><\/p>\n<p><\/p>\n","protected":false},"excerpt":{"rendered":"<p>Volvo annonce le retour de Hakan Samuelsson en tant que grand patron de la marque, et ce, \u00e0 compter du 1er avril. L\u2019ancien dirigeant, qui a men\u00e9 Volvo \u00e0 des records de ventes et de profits entre 2012 et 2022, succ\u00e8de \u00e0 Jim Rowan, qui quittera son poste et le conseil d\u2019administration le 31 mars. [&hellip;]<\/p>\n","protected":false},"author":8,"featured_media":200139,"comment_status":"close","ping_status":"closed","sticky":false,"template":"","format":"standard","meta":{"_monsterinsights_skip_tracking":false,"_monsterinsights_sitenote_active":false,"_monsterinsights_sitenote_note":"","_monsterinsights_sitenote_category":0,"footnotes":""},"categories":[101],"tags":[],"yoast_head":"<!-- This site is optimized with the Yoast SEO plugin v23.2 - https:\/\/yoast.com\/wordpress\/plugins\/seo\/ -->\n<title>Volvo rappelle Hakan Samuelsson comme PDG - CanadaMotorJobs.com<\/title>\n<meta name=\"description\" content=\"Volvo rappelle Hakan Samuelsson comme PDG - Benoit Charette - Annuel automobile - CanadaMotorJobs.com.\" \/>\n<meta name=\"robots\" content=\"index, follow, max-snippet:-1, max-image-preview:large, max-video-preview:-1\" \/>\n<meta property=\"og:locale\" content=\"fr_CA\" \/>\n<meta property=\"og:type\" content=\"article\" \/>\n<meta property=\"og:title\" content=\"Volvo rappelle Hakan Samuelsson comme PDG - CanadaMotorJobs.com\" \/>\n<meta property=\"og:description\" content=\"Volvo rappelle Hakan Samuelsson comme PDG - Benoit Charette - Annuel automobile - CanadaMotorJobs.com.\" \/>\n<meta property=\"og:url\" content=\"https:\/\/news.canadamotorjobs.com\/fr\/volvo-rappelle-hakan-samuelsson-comme-pdg\/\" \/>\n<meta property=\"og:site_name\" content=\"CanadaMotorJobs.com\" \/>\n<meta property=\"article:publisher\" content=\"https:\/\/www.facebook.com\/canadamotorjobs\/\" \/>\n<meta property=\"article:published_time\" content=\"2025-04-01T10:45:08+00:00\" \/>\n<meta property=\"article:modified_time\" content=\"2025-04-01T10:59:33+00:00\" \/>\n<meta property=\"og:image\" content=\"https:\/\/news.canadamotorjobs.com\/wp-content\/uploads\/2025\/04\/volvo-hakan-samuelsson-02.jpg\" \/>\n\t<meta property=\"og:image:width\" content=\"1200\" \/>\n\t<meta property=\"og:image:height\" content=\"600\" \/>\n\t<meta property=\"og:image:type\" content=\"image\/jpeg\" \/>\n<meta name=\"author\" content=\"Benoit Charette\" \/>\n<meta name=\"twitter:card\" content=\"summary_large_image\" \/>\n<meta name=\"twitter:creator\" content=\"@canadamotorjobs\" \/>\n<meta name=\"twitter:site\" content=\"@canadamotorjobs\" \/>\n<meta name=\"twitter:label1\" content=\"\u00c9crit par\" \/>\n\t<meta name=\"twitter:data1\" content=\"Benoit Charette\" \/>\n\t<meta name=\"twitter:label2\" content=\"Estimation du temps de lecture\" \/>\n\t<meta name=\"twitter:data2\" content=\"3 minutes\" \/>\n<!-- \/ Yoast SEO plugin. -->","yoast_head_json":{"title":"Volvo rappelle Hakan Samuelsson comme PDG - CanadaMotorJobs.com","description":"Volvo rappelle Hakan Samuelsson comme PDG - Benoit Charette - Annuel automobile - CanadaMotorJobs.com.","robots":{"index":"index","follow":"follow","max-snippet":"max-snippet:-1","max-image-preview":"max-image-preview:large","max-video-preview":"max-video-preview:-1"},"og_locale":"fr_CA","og_type":"article","og_title":"Volvo rappelle Hakan Samuelsson comme PDG - CanadaMotorJobs.com","og_description":"Volvo rappelle Hakan Samuelsson comme PDG - Benoit Charette - Annuel automobile - CanadaMotorJobs.com.","og_url":"https:\/\/news.canadamotorjobs.com\/fr\/volvo-rappelle-hakan-samuelsson-comme-pdg\/","og_site_name":"CanadaMotorJobs.com","article_publisher":"https:\/\/www.facebook.com\/canadamotorjobs\/","article_published_time":"2025-04-01T10:45:08+00:00","article_modified_time":"2025-04-01T10:59:33+00:00","og_image":[{"width":1200,"height":600,"url":"https:\/\/news.canadamotorjobs.com\/wp-content\/uploads\/2025\/04\/volvo-hakan-samuelsson-02.jpg","type":"image\/jpeg"}],"author":"Benoit Charette","twitter_card":"summary_large_image","twitter_creator":"@canadamotorjobs","twitter_site":"@canadamotorjobs","twitter_misc":{"\u00c9crit par":"Benoit Charette","Estimation du temps de lecture":"3 minutes"},"schema":{"@context":"https:\/\/schema.org","@graph":[{"@type":"Article","@id":"https:\/\/news.canadamotorjobs.com\/fr\/volvo-rappelle-hakan-samuelsson-comme-pdg\/#article","isPartOf":{"@id":"https:\/\/news.canadamotorjobs.com\/fr\/volvo-rappelle-hakan-samuelsson-comme-pdg\/"},"author":{"name":"Benoit Charette","@id":"https:\/\/news.canadamotorjobs.com\/#\/schema\/person\/51793d1f87d44011d7bcc2ed99269a90"},"headline":"Volvo rappelle Hakan Samuelsson comme PDG","datePublished":"2025-04-01T10:45:08+00:00","dateModified":"2025-04-01T10:59:33+00:00","mainEntityOfPage":{"@id":"https:\/\/news.canadamotorjobs.com\/fr\/volvo-rappelle-hakan-samuelsson-comme-pdg\/"},"wordCount":550,"publisher":{"@id":"https:\/\/news.canadamotorjobs.com\/#organization"},"image":{"@id":"https:\/\/news.canadamotorjobs.com\/fr\/volvo-rappelle-hakan-samuelsson-comme-pdg\/#primaryimage"},"thumbnailUrl":"https:\/\/news.canadamotorjobs.com\/wp-content\/uploads\/2025\/04\/volvo-hakan-samuelsson-02.jpg","articleSection":["Annuel automobile"],"inLanguage":"fr-CA"},{"@type":"WebPage","@id":"https:\/\/news.canadamotorjobs.com\/fr\/volvo-rappelle-hakan-samuelsson-comme-pdg\/","url":"https:\/\/news.canadamotorjobs.com\/fr\/volvo-rappelle-hakan-samuelsson-comme-pdg\/","name":"Volvo rappelle Hakan Samuelsson comme PDG - CanadaMotorJobs.com","isPartOf":{"@id":"https:\/\/news.canadamotorjobs.com\/#website"},"primaryImageOfPage":{"@id":"https:\/\/news.canadamotorjobs.com\/fr\/volvo-rappelle-hakan-samuelsson-comme-pdg\/#primaryimage"},"image":{"@id":"https:\/\/news.canadamotorjobs.com\/fr\/volvo-rappelle-hakan-samuelsson-comme-pdg\/#primaryimage"},"thumbnailUrl":"https:\/\/news.canadamotorjobs.com\/wp-content\/uploads\/2025\/04\/volvo-hakan-samuelsson-02.jpg","datePublished":"2025-04-01T10:45:08+00:00","dateModified":"2025-04-01T10:59:33+00:00","description":"Volvo rappelle Hakan Samuelsson comme PDG - Benoit Charette - Annuel automobile - CanadaMotorJobs.com.","breadcrumb":{"@id":"https:\/\/news.canadamotorjobs.com\/fr\/volvo-rappelle-hakan-samuelsson-comme-pdg\/#breadcrumb"},"inLanguage":"fr-CA","potentialAction":[{"@type":"ReadAction","target":["https:\/\/news.canadamotorjobs.com\/fr\/volvo-rappelle-hakan-samuelsson-comme-pdg\/"]}]},{"@type":"ImageObject","inLanguage":"fr-CA","@id":"https:\/\/news.canadamotorjobs.com\/fr\/volvo-rappelle-hakan-samuelsson-comme-pdg\/#primaryimage","url":"https:\/\/news.canadamotorjobs.com\/wp-content\/uploads\/2025\/04\/volvo-hakan-samuelsson-02.jpg","contentUrl":"https:\/\/news.canadamotorjobs.com\/wp-content\/uploads\/2025\/04\/volvo-hakan-samuelsson-02.jpg","width":1200,"height":600},{"@type":"BreadcrumbList","@id":"https:\/\/news.canadamotorjobs.com\/fr\/volvo-rappelle-hakan-samuelsson-comme-pdg\/#breadcrumb","itemListElement":[{"@type":"ListItem","position":1,"name":"Home","item":"https:\/\/news.canadamotorjobs.com\/fr\/blog\/"},{"@type":"ListItem","position":2,"name":"Volvo rappelle Hakan Samuelsson comme PDG"}]},{"@type":"WebSite","@id":"https:\/\/news.canadamotorjobs.com\/#website","url":"https:\/\/news.canadamotorjobs.com\/","name":"CanadaMotorJobs.com","description":"Automotive Jobs","publisher":{"@id":"https:\/\/news.canadamotorjobs.com\/#organization"},"potentialAction":[{"@type":"SearchAction","target":{"@type":"EntryPoint","urlTemplate":"https:\/\/news.canadamotorjobs.com\/?s={search_term_string}"},"query-input":"required name=search_term_string"}],"inLanguage":"fr-CA"},{"@type":"Organization","@id":"https:\/\/news.canadamotorjobs.com\/#organization","name":"Canada Motor Jobs","url":"https:\/\/news.canadamotorjobs.com\/","logo":{"@type":"ImageObject","inLanguage":"fr-CA","@id":"https:\/\/news.canadamotorjobs.com\/#\/schema\/logo\/image\/","url":"https:\/\/news.canadamotorjobs.com\/wp-content\/uploads\/2022\/10\/logo-canada-motor-jobs-1.png","contentUrl":"https:\/\/news.canadamotorjobs.com\/wp-content\/uploads\/2022\/10\/logo-canada-motor-jobs-1.png","width":800,"height":400,"caption":"Canada Motor Jobs"},"image":{"@id":"https:\/\/news.canadamotorjobs.com\/#\/schema\/logo\/image\/"},"sameAs":["https:\/\/www.facebook.com\/canadamotorjobs\/","https:\/\/x.com\/canadamotorjobs","https:\/\/www.instagram.com\/canadamotorjobs\/","https:\/\/www.linkedin.com\/company\/canadamotorjobs"]},{"@type":"Person","@id":"https:\/\/news.canadamotorjobs.com\/#\/schema\/person\/51793d1f87d44011d7bcc2ed99269a90","name":"Benoit Charette","image":{"@type":"ImageObject","inLanguage":"fr-CA","@id":"https:\/\/news.canadamotorjobs.com\/#\/schema\/person\/image\/","url":"https:\/\/secure.gravatar.com\/avatar\/45f3d2eebcccd909668d7ce7ea7267b6?s=96&d=mm&r=g","contentUrl":"https:\/\/secure.gravatar.com\/avatar\/45f3d2eebcccd909668d7ce7ea7267b6?s=96&d=mm&r=g","caption":"Benoit Charette"},"description":"Benoit Charette \/ Propri\u00e9taire et r\u00e9dacteur en chef Benoit Charette pratique le journalisme automobile depuis bient\u00f4t 30 ans. Il a fait ses classes au c\u00f4t\u00e9 de Daniel H\u00e9raud et au Carnet de route de 1992 \u00e0 2001. Il est fondateur, copropri\u00e9taire et r\u00e9dacteur en chef de L\u2019Annuel de l\u2019automobile, qu\u2019il publie depuis 2001. Il a anim\u00e9 les \u00e9missions RPM et RPM+ sur V et les L\u00e9gendes de la route sur Historia. \u00c0 la radio depuis 1986, il reprend l\u2019antenne cette ann\u00e9e sur les ondes de Cogeco et participe pour la deuxi\u00e8me ann\u00e9e \u00e0 l\u2019\u00e9mission Passion Auto sur RDS en plus de mettre en ligne le site Web officiel de L\u2019Annuel de l\u2019automobile sur annuelauto.ca.","sameAs":["https:\/\/annuelauto.ca\/"],"url":"https:\/\/news.canadamotorjobs.com\/fr\/author\/benoit-charette\/"}]}},"_links":{"self":[{"href":"https:\/\/news.canadamotorjobs.com\/fr\/wp-json\/wp\/v2\/posts\/200137"}],"collection":[{"href":"https:\/\/news.canadamotorjobs.com\/fr\/wp-json\/wp\/v2\/posts"}],"about":[{"href":"https:\/\/news.canadamotorjobs.com\/fr\/wp-json\/wp\/v2\/types\/post"}],"author":[{"embeddable":true,"href":"https:\/\/news.canadamotorjobs.com\/fr\/wp-json\/wp\/v2\/users\/8"}],"replies":[{"embeddable":true,"href":"https:\/\/news.canadamotorjobs.com\/fr\/wp-json\/wp\/v2\/comments?post=200137"}],"version-history":[{"count":3,"href":"https:\/\/news.canadamotorjobs.com\/fr\/wp-json\/wp\/v2\/posts\/200137\/revisions"}],"predecessor-version":[{"id":200148,"href":"https:\/\/news.canadamotorjobs.com\/fr\/wp-json\/wp\/v2\/posts\/200137\/revisions\/200148"}],"wp:featuredmedia":[{"embeddable":true,"href":"https:\/\/news.canadamotorjobs.com\/fr\/wp-json\/wp\/v2\/media\/200139"}],"wp:attachment":[{"href":"https:\/\/news.canadamotorjobs.com\/fr\/wp-json\/wp\/v2\/media?parent=200137"}],"wp:term":[{"taxonomy":"category","embeddable":true,"href":"https:\/\/news.canadamotorjobs.com\/fr\/wp-json\/wp\/v2\/categories?post=200137"},{"taxonomy":"post_tag","embeddable":true,"href":"https:\/\/news.canadamotorjobs.com\/fr\/wp-json\/wp\/v2\/tags?post=200137"}],"curies":[{"name":"wp","href":"https:\/\/api.w.org\/{rel}","templated":true}]}}