{"id":200130,"date":"2025-04-01T06:45:08","date_gmt":"2025-04-01T10:45:08","guid":{"rendered":"https:\/\/news.canadamotorjobs.com\/?p=200130"},"modified":"2025-04-01T06:59:21","modified_gmt":"2025-04-01T10:59:21","slug":"donald-trump-se-fiche-de-voir-les-prix-des-vehicules-augmenter-en-raison-de-ses-tarifs","status":"publish","type":"post","link":"https:\/\/news.canadamotorjobs.com\/fr\/donald-trump-se-fiche-de-voir-les-prix-des-vehicules-augmenter-en-raison-de-ses-tarifs\/","title":{"rendered":"Donald Trump se fiche de voir les prix des v\u00e9hicules augmenter en raison de ses tarifs"},"content":{"rendered":"<p><img loading=\"lazy\" decoding=\"async\" width=\"1200\" height=\"800\" src=\"https:\/\/annuelauto.ca\/wp-content\/uploads\/2025\/04\/toyota_rav4_phev_xse_2.jpeg\" class=\"attachment-post-thumbnail size-post-thumbnail wp-post-image\" alt=\"\" \/><\/p>\n<p>Le pr\u00e9sident des \u00c9tats-Unis, Donald Trump, a d\u00e9clar\u00e9 qu\u2019il \u00ab se fichait compl\u00e8tement \u00bb que les constructeurs augmentent les prix de leurs mod\u00e8les en r\u00e9ponse aux tarifs qui seront impos\u00e9s sur les v\u00e9hicules import\u00e9s aux \u00c9tats-Unis \u00e0 compter du 3 avril prochain.<\/p>\n<p>Lors d\u2019une entrevue accord\u00e9e au r\u00e9seau NBC News le 29 mars dernier, il a \u00e9t\u00e9 demand\u00e9 \u00e0 Donald Trump s\u2019il avait averti les dirigeants des constructeurs \u00e9trangers de ne pas augmenter les prix \u00e0 la consommation en r\u00e9ponse aux droits de douane de 25 % qu\u2019il pr\u00e9voit d\u2019imposer sur leurs produits.<\/p>\n<p>\u00ab Non, je n\u2019ai jamais dit cela \u00bb, a r\u00e9pondu M. Trump. \u00ab Je me fiche compl\u00e8tement qu\u2019ils augmentent leurs prix (I couldn\u2019t care less if they raise prices) \u00bb, ajoutant qu\u2019il esp\u00e9rait qu\u2019ils \u00e9taient pour le faire, car cela ferait que les gens \u00e9taient pour acheter des voitures \u00ab am\u00e9ricaines \u00bb. En 2024, environ la moiti\u00e9 des 16 millions de v\u00e9hicules vendus aux \u00c9tats-Unis \u00e9taient des importations.<\/p>\n<p>\u00a0<\/p>\n<p><\/p>\n<figure><figcaption>Le Toyota RAV4 pourrait bient\u00f4t co\u00fbter plus cher aux consommateurs am\u00e9ricains | Auto123.com<\/figcaption><\/figure>\n<p><strong>Une r\u00e9alit\u00e9 complexe<\/strong><\/p>\n<p>Mais on comprend que c&#8217;est loin d&#8217;\u00eatre aussi simple. Les droits de douane vont concerner des \u00e9changes commerciaux qui totalisent une somme de 240 milliards USD. \u00c0 partir du 3 mai, ils seront \u00e9galement appliqu\u00e9s sur des pi\u00e8ces essentielles \u00e0 la fabrication des mod\u00e8les telles que les moteurs, les transmissions et les syst\u00e8mes \u00e9lectriques, avec la possibilit\u00e9 qu\u2019ils touchent encore plus de composantes. Les mod\u00e8les\u00a0\u00ab am\u00e9ricains\u00a0\u00bb cit\u00e9s par le pr\u00e9sident seront \u00e9galement affect\u00e9s par les tarifs.<\/p>\n<p>Les pi\u00e8ces conformes aux r\u00e8gles de l\u2019accord de libre-\u00e9change entre les \u00c9tats-Unis, le Canada et le Mexique seront initialement \u00e9pargn\u00e9es par les tarifs.<\/p>\n<p>Les analystes de JPMorgan Chase estiment que les prix des v\u00e9hicules vont augmenter en moyenne de 11 %. Cela va se traduire par des milliers de dollars. Depuis l\u2019annonce des menaces de tarifs, on a vu diff\u00e9rents sc\u00e9narios \u00eatre \u00e9voqu\u00e9s, avec des augmentations anticip\u00e9es entre 6000 $ US \u00e0 18 000 $ US dans le cas de certains mod\u00e8les plus dispendieux.<\/p>\n<p>Personne ne va rien gagner avec ces tarifs. Nous allons bien voir de quelle fa\u00e7on l\u2019industrie va r\u00e9agir au cours des prochaines semaines.<\/p>\n<p><\/p>\n<p style=\"padding-top: 15px\">Contenu original de <a href=\"https:\/\/www.auto123.com\/fr\/actualites\/donald-trump-tarifs-augmentation-prix-indifference\/72582\/\">auto123<\/a>.<\/p>\n<p>Le texte <a href=\"https:\/\/annuelauto.ca\/donald-trump-se-fiche-de-voir-les-prix-des-vehicules-augmenter-en-raison-de-ses-tarifs\/\">Donald Trump se fiche de voir les prix des v\u00e9hicules augmenter en raison de ses tarifs<\/a> provient de <a href=\"https:\/\/annuelauto.ca\">L&#8217;annuel de l&#8217;automobile &#8211; Actualit\u00e9 automobile<\/a><\/p>\n<p><\/p>\n","protected":false},"excerpt":{"rendered":"<p>Le pr\u00e9sident des \u00c9tats-Unis, Donald Trump, a d\u00e9clar\u00e9 qu\u2019il \u00ab se fichait compl\u00e8tement \u00bb que les constructeurs augmentent les prix de leurs mod\u00e8les en r\u00e9ponse aux tarifs qui seront impos\u00e9s sur les v\u00e9hicules import\u00e9s aux \u00c9tats-Unis \u00e0 compter du 3 avril prochain. Lors d\u2019une entrevue accord\u00e9e au r\u00e9seau NBC News le 29 mars dernier, il [&hellip;]<\/p>\n","protected":false},"author":8,"featured_media":200132,"comment_status":"close","ping_status":"closed","sticky":false,"template":"","format":"standard","meta":{"_monsterinsights_skip_tracking":false,"_monsterinsights_sitenote_active":false,"_monsterinsights_sitenote_note":"","_monsterinsights_sitenote_category":0,"footnotes":""},"categories":[101],"tags":[],"yoast_head":"<!-- This site is optimized with the Yoast SEO plugin v23.2 - https:\/\/yoast.com\/wordpress\/plugins\/seo\/ -->\n<title>Donald Trump se fiche de voir les prix des v\u00e9hicules augmenter en raison de ses tarifs - CanadaMotorJobs.com<\/title>\n<meta name=\"description\" content=\"Donald Trump se fiche de voir les prix des v\u00e9hicules augmenter en raison de ses tarifs - Benoit Charette - Annuel automobile - CanadaMotorJobs.com.\" \/>\n<meta name=\"robots\" content=\"index, follow, max-snippet:-1, max-image-preview:large, max-video-preview:-1\" \/>\n<meta property=\"og:locale\" content=\"fr_CA\" \/>\n<meta property=\"og:type\" content=\"article\" \/>\n<meta property=\"og:title\" content=\"Donald Trump se fiche de voir les prix des v\u00e9hicules augmenter en raison de ses tarifs - CanadaMotorJobs.com\" \/>\n<meta property=\"og:description\" content=\"Donald Trump se fiche de voir les prix des v\u00e9hicules augmenter en raison de ses tarifs - Benoit Charette - Annuel automobile - CanadaMotorJobs.com.\" \/>\n<meta property=\"og:url\" content=\"https:\/\/news.canadamotorjobs.com\/fr\/donald-trump-se-fiche-de-voir-les-prix-des-vehicules-augmenter-en-raison-de-ses-tarifs\/\" \/>\n<meta property=\"og:site_name\" content=\"CanadaMotorJobs.com\" \/>\n<meta property=\"article:publisher\" content=\"https:\/\/www.facebook.com\/canadamotorjobs\/\" \/>\n<meta property=\"article:published_time\" content=\"2025-04-01T10:45:08+00:00\" \/>\n<meta property=\"article:modified_time\" content=\"2025-04-01T10:59:21+00:00\" \/>\n<meta property=\"og:image\" content=\"https:\/\/news.canadamotorjobs.com\/wp-content\/uploads\/2025\/04\/toyota_rav4_phev_xse_2.jpeg\" \/>\n\t<meta property=\"og:image:width\" content=\"1200\" \/>\n\t<meta property=\"og:image:height\" content=\"800\" \/>\n\t<meta property=\"og:image:type\" content=\"image\/jpeg\" \/>\n<meta name=\"author\" content=\"Benoit Charette\" \/>\n<meta name=\"twitter:card\" content=\"summary_large_image\" \/>\n<meta name=\"twitter:creator\" content=\"@canadamotorjobs\" \/>\n<meta name=\"twitter:site\" content=\"@canadamotorjobs\" \/>\n<meta name=\"twitter:label1\" content=\"\u00c9crit par\" \/>\n\t<meta name=\"twitter:data1\" content=\"Benoit Charette\" \/>\n\t<meta name=\"twitter:label2\" content=\"Estimation du temps de lecture\" \/>\n\t<meta name=\"twitter:data2\" content=\"2 minutes\" \/>\n<!-- \/ Yoast SEO plugin. -->","yoast_head_json":{"title":"Donald Trump se fiche de voir les prix des v\u00e9hicules augmenter en raison de ses tarifs - CanadaMotorJobs.com","description":"Donald Trump se fiche de voir les prix des v\u00e9hicules augmenter en raison de ses tarifs - Benoit Charette - Annuel automobile - CanadaMotorJobs.com.","robots":{"index":"index","follow":"follow","max-snippet":"max-snippet:-1","max-image-preview":"max-image-preview:large","max-video-preview":"max-video-preview:-1"},"og_locale":"fr_CA","og_type":"article","og_title":"Donald Trump se fiche de voir les prix des v\u00e9hicules augmenter en raison de ses tarifs - CanadaMotorJobs.com","og_description":"Donald Trump se fiche de voir les prix des v\u00e9hicules augmenter en raison de ses tarifs - Benoit Charette - Annuel automobile - CanadaMotorJobs.com.","og_url":"https:\/\/news.canadamotorjobs.com\/fr\/donald-trump-se-fiche-de-voir-les-prix-des-vehicules-augmenter-en-raison-de-ses-tarifs\/","og_site_name":"CanadaMotorJobs.com","article_publisher":"https:\/\/www.facebook.com\/canadamotorjobs\/","article_published_time":"2025-04-01T10:45:08+00:00","article_modified_time":"2025-04-01T10:59:21+00:00","og_image":[{"width":1200,"height":800,"url":"https:\/\/news.canadamotorjobs.com\/wp-content\/uploads\/2025\/04\/toyota_rav4_phev_xse_2.jpeg","type":"image\/jpeg"}],"author":"Benoit Charette","twitter_card":"summary_large_image","twitter_creator":"@canadamotorjobs","twitter_site":"@canadamotorjobs","twitter_misc":{"\u00c9crit par":"Benoit Charette","Estimation du temps de lecture":"2 minutes"},"schema":{"@context":"https:\/\/schema.org","@graph":[{"@type":"Article","@id":"https:\/\/news.canadamotorjobs.com\/fr\/donald-trump-se-fiche-de-voir-les-prix-des-vehicules-augmenter-en-raison-de-ses-tarifs\/#article","isPartOf":{"@id":"https:\/\/news.canadamotorjobs.com\/fr\/donald-trump-se-fiche-de-voir-les-prix-des-vehicules-augmenter-en-raison-de-ses-tarifs\/"},"author":{"name":"Benoit Charette","@id":"https:\/\/news.canadamotorjobs.com\/#\/schema\/person\/51793d1f87d44011d7bcc2ed99269a90"},"headline":"Donald Trump se fiche de voir les prix des v\u00e9hicules augmenter en raison de ses tarifs","datePublished":"2025-04-01T10:45:08+00:00","dateModified":"2025-04-01T10:59:21+00:00","mainEntityOfPage":{"@id":"https:\/\/news.canadamotorjobs.com\/fr\/donald-trump-se-fiche-de-voir-les-prix-des-vehicules-augmenter-en-raison-de-ses-tarifs\/"},"wordCount":439,"publisher":{"@id":"https:\/\/news.canadamotorjobs.com\/#organization"},"image":{"@id":"https:\/\/news.canadamotorjobs.com\/fr\/donald-trump-se-fiche-de-voir-les-prix-des-vehicules-augmenter-en-raison-de-ses-tarifs\/#primaryimage"},"thumbnailUrl":"https:\/\/news.canadamotorjobs.com\/wp-content\/uploads\/2025\/04\/toyota_rav4_phev_xse_2.jpeg","articleSection":["Annuel automobile"],"inLanguage":"fr-CA"},{"@type":"WebPage","@id":"https:\/\/news.canadamotorjobs.com\/fr\/donald-trump-se-fiche-de-voir-les-prix-des-vehicules-augmenter-en-raison-de-ses-tarifs\/","url":"https:\/\/news.canadamotorjobs.com\/fr\/donald-trump-se-fiche-de-voir-les-prix-des-vehicules-augmenter-en-raison-de-ses-tarifs\/","name":"Donald Trump se fiche de voir les prix des v\u00e9hicules augmenter en raison de ses tarifs - CanadaMotorJobs.com","isPartOf":{"@id":"https:\/\/news.canadamotorjobs.com\/#website"},"primaryImageOfPage":{"@id":"https:\/\/news.canadamotorjobs.com\/fr\/donald-trump-se-fiche-de-voir-les-prix-des-vehicules-augmenter-en-raison-de-ses-tarifs\/#primaryimage"},"image":{"@id":"https:\/\/news.canadamotorjobs.com\/fr\/donald-trump-se-fiche-de-voir-les-prix-des-vehicules-augmenter-en-raison-de-ses-tarifs\/#primaryimage"},"thumbnailUrl":"https:\/\/news.canadamotorjobs.com\/wp-content\/uploads\/2025\/04\/toyota_rav4_phev_xse_2.jpeg","datePublished":"2025-04-01T10:45:08+00:00","dateModified":"2025-04-01T10:59:21+00:00","description":"Donald Trump se fiche de voir les prix des v\u00e9hicules augmenter en raison de ses tarifs - Benoit Charette - Annuel automobile - CanadaMotorJobs.com.","breadcrumb":{"@id":"https:\/\/news.canadamotorjobs.com\/fr\/donald-trump-se-fiche-de-voir-les-prix-des-vehicules-augmenter-en-raison-de-ses-tarifs\/#breadcrumb"},"inLanguage":"fr-CA","potentialAction":[{"@type":"ReadAction","target":["https:\/\/news.canadamotorjobs.com\/fr\/donald-trump-se-fiche-de-voir-les-prix-des-vehicules-augmenter-en-raison-de-ses-tarifs\/"]}]},{"@type":"ImageObject","inLanguage":"fr-CA","@id":"https:\/\/news.canadamotorjobs.com\/fr\/donald-trump-se-fiche-de-voir-les-prix-des-vehicules-augmenter-en-raison-de-ses-tarifs\/#primaryimage","url":"https:\/\/news.canadamotorjobs.com\/wp-content\/uploads\/2025\/04\/toyota_rav4_phev_xse_2.jpeg","contentUrl":"https:\/\/news.canadamotorjobs.com\/wp-content\/uploads\/2025\/04\/toyota_rav4_phev_xse_2.jpeg","width":1200,"height":800},{"@type":"BreadcrumbList","@id":"https:\/\/news.canadamotorjobs.com\/fr\/donald-trump-se-fiche-de-voir-les-prix-des-vehicules-augmenter-en-raison-de-ses-tarifs\/#breadcrumb","itemListElement":[{"@type":"ListItem","position":1,"name":"Home","item":"https:\/\/news.canadamotorjobs.com\/fr\/blog\/"},{"@type":"ListItem","position":2,"name":"Donald Trump se fiche de voir les prix des v\u00e9hicules augmenter en raison de ses tarifs"}]},{"@type":"WebSite","@id":"https:\/\/news.canadamotorjobs.com\/#website","url":"https:\/\/news.canadamotorjobs.com\/","name":"CanadaMotorJobs.com","description":"Automotive Jobs","publisher":{"@id":"https:\/\/news.canadamotorjobs.com\/#organization"},"potentialAction":[{"@type":"SearchAction","target":{"@type":"EntryPoint","urlTemplate":"https:\/\/news.canadamotorjobs.com\/?s={search_term_string}"},"query-input":"required name=search_term_string"}],"inLanguage":"fr-CA"},{"@type":"Organization","@id":"https:\/\/news.canadamotorjobs.com\/#organization","name":"Canada Motor Jobs","url":"https:\/\/news.canadamotorjobs.com\/","logo":{"@type":"ImageObject","inLanguage":"fr-CA","@id":"https:\/\/news.canadamotorjobs.com\/#\/schema\/logo\/image\/","url":"https:\/\/news.canadamotorjobs.com\/wp-content\/uploads\/2022\/10\/logo-canada-motor-jobs-1.png","contentUrl":"https:\/\/news.canadamotorjobs.com\/wp-content\/uploads\/2022\/10\/logo-canada-motor-jobs-1.png","width":800,"height":400,"caption":"Canada Motor Jobs"},"image":{"@id":"https:\/\/news.canadamotorjobs.com\/#\/schema\/logo\/image\/"},"sameAs":["https:\/\/www.facebook.com\/canadamotorjobs\/","https:\/\/x.com\/canadamotorjobs","https:\/\/www.instagram.com\/canadamotorjobs\/","https:\/\/www.linkedin.com\/company\/canadamotorjobs"]},{"@type":"Person","@id":"https:\/\/news.canadamotorjobs.com\/#\/schema\/person\/51793d1f87d44011d7bcc2ed99269a90","name":"Benoit Charette","image":{"@type":"ImageObject","inLanguage":"fr-CA","@id":"https:\/\/news.canadamotorjobs.com\/#\/schema\/person\/image\/","url":"https:\/\/secure.gravatar.com\/avatar\/45f3d2eebcccd909668d7ce7ea7267b6?s=96&d=mm&r=g","contentUrl":"https:\/\/secure.gravatar.com\/avatar\/45f3d2eebcccd909668d7ce7ea7267b6?s=96&d=mm&r=g","caption":"Benoit Charette"},"description":"Benoit Charette \/ Propri\u00e9taire et r\u00e9dacteur en chef Benoit Charette pratique le journalisme automobile depuis bient\u00f4t 30 ans. Il a fait ses classes au c\u00f4t\u00e9 de Daniel H\u00e9raud et au Carnet de route de 1992 \u00e0 2001. Il est fondateur, copropri\u00e9taire et r\u00e9dacteur en chef de L\u2019Annuel de l\u2019automobile, qu\u2019il publie depuis 2001. Il a anim\u00e9 les \u00e9missions RPM et RPM+ sur V et les L\u00e9gendes de la route sur Historia. \u00c0 la radio depuis 1986, il reprend l\u2019antenne cette ann\u00e9e sur les ondes de Cogeco et participe pour la deuxi\u00e8me ann\u00e9e \u00e0 l\u2019\u00e9mission Passion Auto sur RDS en plus de mettre en ligne le site Web officiel de L\u2019Annuel de l\u2019automobile sur annuelauto.ca.","sameAs":["https:\/\/annuelauto.ca\/"],"url":"https:\/\/news.canadamotorjobs.com\/fr\/author\/benoit-charette\/"}]}},"_links":{"self":[{"href":"https:\/\/news.canadamotorjobs.com\/fr\/wp-json\/wp\/v2\/posts\/200130"}],"collection":[{"href":"https:\/\/news.canadamotorjobs.com\/fr\/wp-json\/wp\/v2\/posts"}],"about":[{"href":"https:\/\/news.canadamotorjobs.com\/fr\/wp-json\/wp\/v2\/types\/post"}],"author":[{"embeddable":true,"href":"https:\/\/news.canadamotorjobs.com\/fr\/wp-json\/wp\/v2\/users\/8"}],"replies":[{"embeddable":true,"href":"https:\/\/news.canadamotorjobs.com\/fr\/wp-json\/wp\/v2\/comments?post=200130"}],"version-history":[{"count":2,"href":"https:\/\/news.canadamotorjobs.com\/fr\/wp-json\/wp\/v2\/posts\/200130\/revisions"}],"predecessor-version":[{"id":200134,"href":"https:\/\/news.canadamotorjobs.com\/fr\/wp-json\/wp\/v2\/posts\/200130\/revisions\/200134"}],"wp:featuredmedia":[{"embeddable":true,"href":"https:\/\/news.canadamotorjobs.com\/fr\/wp-json\/wp\/v2\/media\/200132"}],"wp:attachment":[{"href":"https:\/\/news.canadamotorjobs.com\/fr\/wp-json\/wp\/v2\/media?parent=200130"}],"wp:term":[{"taxonomy":"category","embeddable":true,"href":"https:\/\/news.canadamotorjobs.com\/fr\/wp-json\/wp\/v2\/categories?post=200130"},{"taxonomy":"post_tag","embeddable":true,"href":"https:\/\/news.canadamotorjobs.com\/fr\/wp-json\/wp\/v2\/tags?post=200130"}],"curies":[{"name":"wp","href":"https:\/\/api.w.org\/{rel}","templated":true}]}}