{"id":200123,"date":"2025-03-31T08:53:12","date_gmt":"2025-03-31T12:53:12","guid":{"rendered":"https:\/\/news.canadamotorjobs.com\/?p=200123"},"modified":"2025-03-31T08:58:54","modified_gmt":"2025-03-31T12:58:54","slug":"honda-et-toyota-canada-reagissent-a-lincertitude-tarifaire-des-etats-unis","status":"publish","type":"post","link":"https:\/\/news.canadamotorjobs.com\/fr\/honda-et-toyota-canada-reagissent-a-lincertitude-tarifaire-des-etats-unis\/","title":{"rendered":"Honda et Toyota Canada r\u00e9agissent \u00e0 l\u2019incertitude tarifaire des \u00c9tats-Unis"},"content":{"rendered":"<p><img loading=\"lazy\" decoding=\"async\" width=\"2400\" height=\"1590\" src=\"https:\/\/annuelauto.ca\/wp-content\/uploads\/2024\/09\/Toyota_Cross_Canada_Drive_WAVE3-081.jpg\" class=\"attachment-post-thumbnail size-post-thumbnail wp-post-image\" alt=\"\" \/><\/p>\n<p>Malgr\u00e9 l&#8217;annonce de nouveaux tarifs d&#8217;importation am\u00e9ricains, <strong>Honda et Toyota maintiendront leur production au Canada<\/strong>. Ces droits de douane de 25 %, qui entreront en vigueur le <strong>2 avril<\/strong>, contournent les protections commerciales incluses dans l&#8217;Accord Canada-\u00c9tats-Unis-Mexique (ACEUM) de 2018.<\/p>\n<h3>Une menace pour l&#8217;industrie automobile canadienne<\/h3>\n<p>\nCes nouveaux tarifs r\u00e9activent les conclusions de l&#8217;enqu\u00eate de 2019 sur la s\u00e9curit\u00e9 nationale et s&#8217;appliquent aux <strong>v\u00e9hicules de tourisme et aux pi\u00e8ces automobiles<\/strong>. Jusqu&#8217;\u00e0 pr\u00e9sent, les v\u00e9hicules assembl\u00e9s au Canada b\u00e9n\u00e9ficiaient d&#8217;exemptions, mais <strong>ils sont d\u00e9sormais inclus dans le champ d&#8217;application des nouvelles taxes<\/strong>.<\/p>\n<h3>Honda et Toyota r\u00e9affirment leur engagement envers le Canada<\/h3>\n<p>\nHonda Canada a confirm\u00e9 que son <strong>site de fabrication resterait pleinement op\u00e9rationnel<\/strong>, mettant en avant ses <strong>4 000 employ\u00e9s<\/strong> et sa collaboration avec ses partenaires nord-am\u00e9ricains en logistique et en production. Toyota Canada a \u00e9galement indiqu\u00e9 <strong>ne pas pr\u00e9voir de modifications<\/strong> de ses activit\u00e9s manufacturi\u00e8res. L&#8217;entreprise est en discussion avec les gouvernements f\u00e9d\u00e9ral et provinciaux afin de trouver une <strong>solution \u00e0 long terme<\/strong>.<\/p>\n<h3>Les protections de l&#8217;ACEUM ignor\u00e9es<\/h3>\n<p>\nLors de la n\u00e9gociation de l&#8217;ACEUM en 2018, <strong>le Canada et le Mexique avaient obtenu des garanties<\/strong> contre les futurs tarifs am\u00e9ricains sur les automobiles, incluant <strong>un d\u00e9lai de 60 jours<\/strong> et des quotas d&#8217;exportation annuels exempt\u00e9s de droits de douane. Cependant, <strong>l&#8217;administration Trump a choisi d&#8217;ignorer ces engagements<\/strong> dans son annonce du 2 avril, imposant imm\u00e9diatement une taxe de 25 % sur les v\u00e9hicules canadiens.<\/p>\n<h3>R\u00e9actions du gouvernement canadien<\/h3>\n<p>\nLe Premier ministre <strong>Mark Carney<\/strong> s&#8217;est entretenu avec Donald Trump le 28 mars, mais <strong>aucune garantie d&#8217;exemption<\/strong> n&#8217;a \u00e9t\u00e9 obtenue. Le Canada a toutefois confirm\u00e9 qu&#8217;il se r\u00e9servait le droit d&#8217;appliquer des <strong>mesures de r\u00e9torsion<\/strong> si les \u00c9tats-Unis violaient leurs engagements commerciaux. Le Mexique \u00e9tudie \u00e9galement ses <strong>options l\u00e9gales<\/strong> pour r\u00e9pondre \u00e0 cette situation. Les autorit\u00e9s mexicaines examinent l&#8217;impact potentiel sur les consommateurs et les producteurs du pays.<\/p>\n<h3>Une strat\u00e9gie pour relocaliser la production automobile<\/h3>\n<p>\nDes analystes voient ces nouveaux tarifs comme une tentative de Washington de <strong>forcer les constructeurs \u00e0 produire aux \u00c9tats-Unis<\/strong> en limitant la participation des cha\u00eenes d&#8217;approvisionnement \u00e9trang\u00e8res. Le Bureau du repr\u00e9sentant au commerce des \u00c9tats-Unis et le D\u00e9partement du commerce n&#8217;ont pas encore r\u00e9agi \u00e0 l&#8217;absence de mention des protections de l&#8217;ACEUM dans l&#8217;annonce.<\/p>\n<div>Avec des renseignements de Motor Illustrated<\/div>\n<p>\n\u00a0<\/p>\n<p>Le texte <a href=\"https:\/\/annuelauto.ca\/honda-toyota-tarifs-usa\/\">Honda et Toyota Canada r\u00e9agissent \u00e0 l\u2019incertitude tarifaire des \u00c9tats-Unis<\/a> provient de <a href=\"https:\/\/annuelauto.ca\">L&#8217;annuel de l&#8217;automobile &#8211; Actualit\u00e9 automobile<\/a><\/p>\n<p><\/p>\n","protected":false},"excerpt":{"rendered":"<p>Malgr\u00e9 l&#8217;annonce de nouveaux tarifs d&#8217;importation am\u00e9ricains, Honda et Toyota maintiendront leur production au Canada. Ces droits de douane de 25 %, qui entreront en vigueur le 2 avril, contournent les protections commerciales incluses dans l&#8217;Accord Canada-\u00c9tats-Unis-Mexique (ACEUM) de 2018. Une menace pour l&#8217;industrie automobile canadienne Ces nouveaux tarifs r\u00e9activent les conclusions de l&#8217;enqu\u00eate de [&hellip;]<\/p>\n","protected":false},"author":8,"featured_media":0,"comment_status":"close","ping_status":"closed","sticky":false,"template":"","format":"standard","meta":{"_monsterinsights_skip_tracking":false,"_monsterinsights_sitenote_active":false,"_monsterinsights_sitenote_note":"","_monsterinsights_sitenote_category":0,"footnotes":""},"categories":[101],"tags":[],"yoast_head":"<!-- This site is optimized with the Yoast SEO plugin v23.2 - https:\/\/yoast.com\/wordpress\/plugins\/seo\/ -->\n<title>Honda et Toyota Canada r\u00e9agissent \u00e0 l\u2019incertitude tarifaire des \u00c9tats-Unis - CanadaMotorJobs.com<\/title>\n<meta name=\"description\" content=\"Honda et Toyota Canada r\u00e9agissent \u00e0 l\u2019incertitude tarifaire des \u00c9tats-Unis - Benoit Charette - Annuel automobile - CanadaMotorJobs.com.\" \/>\n<meta name=\"robots\" content=\"index, follow, max-snippet:-1, max-image-preview:large, max-video-preview:-1\" \/>\n<meta property=\"og:locale\" content=\"fr_CA\" \/>\n<meta property=\"og:type\" content=\"article\" \/>\n<meta property=\"og:title\" content=\"Honda et Toyota Canada r\u00e9agissent \u00e0 l\u2019incertitude tarifaire des \u00c9tats-Unis - CanadaMotorJobs.com\" \/>\n<meta property=\"og:description\" content=\"Honda et Toyota Canada r\u00e9agissent \u00e0 l\u2019incertitude tarifaire des \u00c9tats-Unis - Benoit Charette - Annuel automobile - CanadaMotorJobs.com.\" \/>\n<meta property=\"og:url\" content=\"https:\/\/news.canadamotorjobs.com\/fr\/honda-et-toyota-canada-reagissent-a-lincertitude-tarifaire-des-etats-unis\/\" \/>\n<meta property=\"og:site_name\" content=\"CanadaMotorJobs.com\" \/>\n<meta property=\"article:publisher\" content=\"https:\/\/www.facebook.com\/canadamotorjobs\/\" \/>\n<meta property=\"article:published_time\" content=\"2025-03-31T12:53:12+00:00\" \/>\n<meta property=\"article:modified_time\" content=\"2025-03-31T12:58:54+00:00\" \/>\n<meta property=\"og:image\" content=\"https:\/\/annuelauto.ca\/wp-content\/uploads\/2024\/09\/Toyota_Cross_Canada_Drive_WAVE3-081.jpg\" \/>\n<meta name=\"author\" content=\"Benoit Charette\" \/>\n<meta name=\"twitter:card\" content=\"summary_large_image\" \/>\n<meta name=\"twitter:creator\" content=\"@canadamotorjobs\" \/>\n<meta name=\"twitter:site\" content=\"@canadamotorjobs\" \/>\n<meta name=\"twitter:label1\" content=\"\u00c9crit par\" \/>\n\t<meta name=\"twitter:data1\" content=\"Benoit Charette\" \/>\n\t<meta name=\"twitter:label2\" content=\"Estimation du temps de lecture\" \/>\n\t<meta name=\"twitter:data2\" content=\"2 minutes\" \/>\n<!-- \/ Yoast SEO plugin. -->","yoast_head_json":{"title":"Honda et Toyota Canada r\u00e9agissent \u00e0 l\u2019incertitude tarifaire des \u00c9tats-Unis - CanadaMotorJobs.com","description":"Honda et Toyota Canada r\u00e9agissent \u00e0 l\u2019incertitude tarifaire des \u00c9tats-Unis - Benoit Charette - Annuel automobile - CanadaMotorJobs.com.","robots":{"index":"index","follow":"follow","max-snippet":"max-snippet:-1","max-image-preview":"max-image-preview:large","max-video-preview":"max-video-preview:-1"},"og_locale":"fr_CA","og_type":"article","og_title":"Honda et Toyota Canada r\u00e9agissent \u00e0 l\u2019incertitude tarifaire des \u00c9tats-Unis - CanadaMotorJobs.com","og_description":"Honda et Toyota Canada r\u00e9agissent \u00e0 l\u2019incertitude tarifaire des \u00c9tats-Unis - Benoit Charette - Annuel automobile - CanadaMotorJobs.com.","og_url":"https:\/\/news.canadamotorjobs.com\/fr\/honda-et-toyota-canada-reagissent-a-lincertitude-tarifaire-des-etats-unis\/","og_site_name":"CanadaMotorJobs.com","article_publisher":"https:\/\/www.facebook.com\/canadamotorjobs\/","article_published_time":"2025-03-31T12:53:12+00:00","article_modified_time":"2025-03-31T12:58:54+00:00","og_image":[{"url":"https:\/\/annuelauto.ca\/wp-content\/uploads\/2024\/09\/Toyota_Cross_Canada_Drive_WAVE3-081.jpg"}],"author":"Benoit Charette","twitter_card":"summary_large_image","twitter_creator":"@canadamotorjobs","twitter_site":"@canadamotorjobs","twitter_misc":{"\u00c9crit par":"Benoit Charette","Estimation du temps de lecture":"2 minutes"},"schema":{"@context":"https:\/\/schema.org","@graph":[{"@type":"Article","@id":"https:\/\/news.canadamotorjobs.com\/fr\/honda-et-toyota-canada-reagissent-a-lincertitude-tarifaire-des-etats-unis\/#article","isPartOf":{"@id":"https:\/\/news.canadamotorjobs.com\/fr\/honda-et-toyota-canada-reagissent-a-lincertitude-tarifaire-des-etats-unis\/"},"author":{"name":"Benoit Charette","@id":"https:\/\/news.canadamotorjobs.com\/#\/schema\/person\/51793d1f87d44011d7bcc2ed99269a90"},"headline":"Honda et Toyota Canada r\u00e9agissent \u00e0 l\u2019incertitude tarifaire des \u00c9tats-Unis","datePublished":"2025-03-31T12:53:12+00:00","dateModified":"2025-03-31T12:58:54+00:00","mainEntityOfPage":{"@id":"https:\/\/news.canadamotorjobs.com\/fr\/honda-et-toyota-canada-reagissent-a-lincertitude-tarifaire-des-etats-unis\/"},"wordCount":456,"publisher":{"@id":"https:\/\/news.canadamotorjobs.com\/#organization"},"image":{"@id":"https:\/\/news.canadamotorjobs.com\/fr\/honda-et-toyota-canada-reagissent-a-lincertitude-tarifaire-des-etats-unis\/#primaryimage"},"thumbnailUrl":"https:\/\/annuelauto.ca\/wp-content\/uploads\/2024\/09\/Toyota_Cross_Canada_Drive_WAVE3-081.jpg","articleSection":["Annuel automobile"],"inLanguage":"fr-CA"},{"@type":"WebPage","@id":"https:\/\/news.canadamotorjobs.com\/fr\/honda-et-toyota-canada-reagissent-a-lincertitude-tarifaire-des-etats-unis\/","url":"https:\/\/news.canadamotorjobs.com\/fr\/honda-et-toyota-canada-reagissent-a-lincertitude-tarifaire-des-etats-unis\/","name":"Honda et Toyota Canada r\u00e9agissent \u00e0 l\u2019incertitude tarifaire des \u00c9tats-Unis - CanadaMotorJobs.com","isPartOf":{"@id":"https:\/\/news.canadamotorjobs.com\/#website"},"primaryImageOfPage":{"@id":"https:\/\/news.canadamotorjobs.com\/fr\/honda-et-toyota-canada-reagissent-a-lincertitude-tarifaire-des-etats-unis\/#primaryimage"},"image":{"@id":"https:\/\/news.canadamotorjobs.com\/fr\/honda-et-toyota-canada-reagissent-a-lincertitude-tarifaire-des-etats-unis\/#primaryimage"},"thumbnailUrl":"https:\/\/annuelauto.ca\/wp-content\/uploads\/2024\/09\/Toyota_Cross_Canada_Drive_WAVE3-081.jpg","datePublished":"2025-03-31T12:53:12+00:00","dateModified":"2025-03-31T12:58:54+00:00","description":"Honda et Toyota Canada r\u00e9agissent \u00e0 l\u2019incertitude tarifaire des \u00c9tats-Unis - Benoit Charette - Annuel automobile - CanadaMotorJobs.com.","breadcrumb":{"@id":"https:\/\/news.canadamotorjobs.com\/fr\/honda-et-toyota-canada-reagissent-a-lincertitude-tarifaire-des-etats-unis\/#breadcrumb"},"inLanguage":"fr-CA","potentialAction":[{"@type":"ReadAction","target":["https:\/\/news.canadamotorjobs.com\/fr\/honda-et-toyota-canada-reagissent-a-lincertitude-tarifaire-des-etats-unis\/"]}]},{"@type":"ImageObject","inLanguage":"fr-CA","@id":"https:\/\/news.canadamotorjobs.com\/fr\/honda-et-toyota-canada-reagissent-a-lincertitude-tarifaire-des-etats-unis\/#primaryimage","url":"https:\/\/annuelauto.ca\/wp-content\/uploads\/2024\/09\/Toyota_Cross_Canada_Drive_WAVE3-081.jpg","contentUrl":"https:\/\/annuelauto.ca\/wp-content\/uploads\/2024\/09\/Toyota_Cross_Canada_Drive_WAVE3-081.jpg"},{"@type":"BreadcrumbList","@id":"https:\/\/news.canadamotorjobs.com\/fr\/honda-et-toyota-canada-reagissent-a-lincertitude-tarifaire-des-etats-unis\/#breadcrumb","itemListElement":[{"@type":"ListItem","position":1,"name":"Home","item":"https:\/\/news.canadamotorjobs.com\/fr\/blog\/"},{"@type":"ListItem","position":2,"name":"Honda et Toyota Canada r\u00e9agissent \u00e0 l\u2019incertitude tarifaire des \u00c9tats-Unis"}]},{"@type":"WebSite","@id":"https:\/\/news.canadamotorjobs.com\/#website","url":"https:\/\/news.canadamotorjobs.com\/","name":"CanadaMotorJobs.com","description":"Automotive Jobs","publisher":{"@id":"https:\/\/news.canadamotorjobs.com\/#organization"},"potentialAction":[{"@type":"SearchAction","target":{"@type":"EntryPoint","urlTemplate":"https:\/\/news.canadamotorjobs.com\/?s={search_term_string}"},"query-input":"required name=search_term_string"}],"inLanguage":"fr-CA"},{"@type":"Organization","@id":"https:\/\/news.canadamotorjobs.com\/#organization","name":"Canada Motor Jobs","url":"https:\/\/news.canadamotorjobs.com\/","logo":{"@type":"ImageObject","inLanguage":"fr-CA","@id":"https:\/\/news.canadamotorjobs.com\/#\/schema\/logo\/image\/","url":"https:\/\/news.canadamotorjobs.com\/wp-content\/uploads\/2022\/10\/logo-canada-motor-jobs-1.png","contentUrl":"https:\/\/news.canadamotorjobs.com\/wp-content\/uploads\/2022\/10\/logo-canada-motor-jobs-1.png","width":800,"height":400,"caption":"Canada Motor Jobs"},"image":{"@id":"https:\/\/news.canadamotorjobs.com\/#\/schema\/logo\/image\/"},"sameAs":["https:\/\/www.facebook.com\/canadamotorjobs\/","https:\/\/x.com\/canadamotorjobs","https:\/\/www.instagram.com\/canadamotorjobs\/","https:\/\/www.linkedin.com\/company\/canadamotorjobs"]},{"@type":"Person","@id":"https:\/\/news.canadamotorjobs.com\/#\/schema\/person\/51793d1f87d44011d7bcc2ed99269a90","name":"Benoit Charette","image":{"@type":"ImageObject","inLanguage":"fr-CA","@id":"https:\/\/news.canadamotorjobs.com\/#\/schema\/person\/image\/","url":"https:\/\/secure.gravatar.com\/avatar\/45f3d2eebcccd909668d7ce7ea7267b6?s=96&d=mm&r=g","contentUrl":"https:\/\/secure.gravatar.com\/avatar\/45f3d2eebcccd909668d7ce7ea7267b6?s=96&d=mm&r=g","caption":"Benoit Charette"},"description":"Benoit Charette \/ Propri\u00e9taire et r\u00e9dacteur en chef Benoit Charette pratique le journalisme automobile depuis bient\u00f4t 30 ans. Il a fait ses classes au c\u00f4t\u00e9 de Daniel H\u00e9raud et au Carnet de route de 1992 \u00e0 2001. Il est fondateur, copropri\u00e9taire et r\u00e9dacteur en chef de L\u2019Annuel de l\u2019automobile, qu\u2019il publie depuis 2001. Il a anim\u00e9 les \u00e9missions RPM et RPM+ sur V et les L\u00e9gendes de la route sur Historia. \u00c0 la radio depuis 1986, il reprend l\u2019antenne cette ann\u00e9e sur les ondes de Cogeco et participe pour la deuxi\u00e8me ann\u00e9e \u00e0 l\u2019\u00e9mission Passion Auto sur RDS en plus de mettre en ligne le site Web officiel de L\u2019Annuel de l\u2019automobile sur annuelauto.ca.","sameAs":["https:\/\/annuelauto.ca\/"],"url":"https:\/\/news.canadamotorjobs.com\/fr\/author\/benoit-charette\/"}]}},"_links":{"self":[{"href":"https:\/\/news.canadamotorjobs.com\/fr\/wp-json\/wp\/v2\/posts\/200123"}],"collection":[{"href":"https:\/\/news.canadamotorjobs.com\/fr\/wp-json\/wp\/v2\/posts"}],"about":[{"href":"https:\/\/news.canadamotorjobs.com\/fr\/wp-json\/wp\/v2\/types\/post"}],"author":[{"embeddable":true,"href":"https:\/\/news.canadamotorjobs.com\/fr\/wp-json\/wp\/v2\/users\/8"}],"replies":[{"embeddable":true,"href":"https:\/\/news.canadamotorjobs.com\/fr\/wp-json\/wp\/v2\/comments?post=200123"}],"version-history":[{"count":1,"href":"https:\/\/news.canadamotorjobs.com\/fr\/wp-json\/wp\/v2\/posts\/200123\/revisions"}],"predecessor-version":[{"id":200124,"href":"https:\/\/news.canadamotorjobs.com\/fr\/wp-json\/wp\/v2\/posts\/200123\/revisions\/200124"}],"wp:attachment":[{"href":"https:\/\/news.canadamotorjobs.com\/fr\/wp-json\/wp\/v2\/media?parent=200123"}],"wp:term":[{"taxonomy":"category","embeddable":true,"href":"https:\/\/news.canadamotorjobs.com\/fr\/wp-json\/wp\/v2\/categories?post=200123"},{"taxonomy":"post_tag","embeddable":true,"href":"https:\/\/news.canadamotorjobs.com\/fr\/wp-json\/wp\/v2\/tags?post=200123"}],"curies":[{"name":"wp","href":"https:\/\/api.w.org\/{rel}","templated":true}]}}