{"id":200121,"date":"2025-03-31T08:39:35","date_gmt":"2025-03-31T12:39:35","guid":{"rendered":"https:\/\/news.canadamotorjobs.com\/?p=200121"},"modified":"2025-03-31T08:45:18","modified_gmt":"2025-03-31T12:45:18","slug":"hyundai-devoile-pleos-une-reponse-a-lecran-de-tesla","status":"publish","type":"post","link":"https:\/\/news.canadamotorjobs.com\/fr\/hyundai-devoile-pleos-une-reponse-a-lecran-de-tesla\/","title":{"rendered":"Hyundai d\u00e9voile Pleos, une r\u00e9ponse \u00e0 l\u2019\u00e9cran de Tesla"},"content":{"rendered":"<p><img loading=\"lazy\" decoding=\"async\" width=\"1240\" height=\"700\" src=\"https:\/\/annuelauto.ca\/wp-content\/uploads\/2025\/03\/PISTON.MY-Hyundai-Pleos_1.png\" class=\"attachment-post-thumbnail size-post-thumbnail wp-post-image\" alt=\"\" \/><\/p>\n<p class=\"\" data-start=\"101\" data-end=\"339\">Hyundai Motor Group a lev\u00e9 le voile sur son nouveau syst\u00e8me d&#8217;infodivertissement et d&#8217;exploitation embarqu\u00e9. Baptis\u00e9 <strong data-start=\"218\" data-end=\"227\">Pleos<\/strong>, ce logiciel de nouvelle g\u00e9n\u00e9ration sera int\u00e9gr\u00e9 aux v\u00e9hicules du groupe \u00e0 partir du deuxi\u00e8me trimestre 2026. Sans trop se cacher, Hyundai vise directement Tesla avec cet \u00e9cran central fa\u00e7on tablette, omnipr\u00e9sent sur le tableau de bord. \u00c0 la diff\u00e9rence du constructeur texan, <strong data-start=\"507\" data-end=\"567\">Hyundai conservera des boutons physiques et des molettes<\/strong>, \u00e9vitant ainsi aux puristes une adaptation laborieuse.<\/p>\n<h3 class=\"\" data-start=\"626\" data-end=\"666\">Une alternative aux syst\u00e8mes Tesla<\/h3>\n<p><\/p>\n<p class=\"\" data-start=\"667\" data-end=\"1017\">Tesla s\u2019est forg\u00e9 une solide r\u00e9putation gr\u00e2ce \u00e0 son interface intuitive, rapide et performante. Si Hyundai parvient \u00e0 capturer l&#8217;essence de ce succ\u00e8s tout en y ajoutant une touche personnelle, Pleos pourrait s\u00e9duire les automobilistes en qu\u00eate d&#8217;une exp\u00e9rience similaire, mais souhaitant se d\u00e9tourner de Tesla, un ph\u00e9nom\u00e8ne de plus en plus r\u00e9pandu.<\/p>\n<p><\/p>\n<p class=\"\" data-start=\"1019\" data-end=\"1203\">Le nom <strong data-start=\"1026\" data-end=\"1035\">Pleos<\/strong> est un mot-valise combinant <strong data-start=\"1064\" data-end=\"1074\">&#8220;pleo&#8221;<\/strong>, qui signifie &#8220;plus&#8221; en grec, et <strong data-start=\"1108\" data-end=\"1114\">OS<\/strong>, pour &#8220;Operating System&#8221;. En clair, Hyundai promet <strong data-start=\"1166\" data-end=\"1200\">&#8220;toujours plus de technologie&#8221;<\/strong>.<\/p>\n<h3 class=\"\" data-start=\"1205\" data-end=\"1238\">Un superordinateur embarqu\u00e9<\/h3>\n<p><\/p>\n<p class=\"\" data-start=\"1239\" data-end=\"1611\">D\u00e9velopp\u00e9 en interne, <strong data-start=\"1261\" data-end=\"1270\">Pleos<\/strong> se veut un <strong data-start=\"1282\" data-end=\"1313\">v\u00e9ritable cerveau num\u00e9rique<\/strong> int\u00e9grant des puces haute performance, la connectivit\u00e9 Cloud, la gestion de flotte et l\u2019optimisation logistique. Il offrira :<br data-start=\"1439\" data-end=\"1442\" \/><strong data-start=\"1444\" data-end=\"1481\">Des temps de r\u00e9ponse plus rapides<\/strong><br data-start=\"1481\" data-end=\"1484\" \/><strong data-start=\"1486\" data-end=\"1516\">Une meilleure connectivit\u00e9<\/strong><br data-start=\"1516\" data-end=\"1519\" \/><strong data-start=\"1521\" data-end=\"1564\">Des mises \u00e0 jour en temps r\u00e9el pr\u00e9cises<\/strong><br data-start=\"1564\" data-end=\"1567\" \/><strong data-start=\"1569\" data-end=\"1609\">Une assistance avanc\u00e9e \u00e0 la conduite<\/strong><\/p>\n<p><\/p>\n<p class=\"\" data-start=\"1613\" data-end=\"1761\">Hyundai reste discret sur les premiers mod\u00e8les qui b\u00e9n\u00e9ficieront de Pleos en 2026, mais <strong data-start=\"1701\" data-end=\"1729\">20 millions de v\u00e9hicules<\/strong> en seront \u00e9quip\u00e9s d\u2019ici 2030.<\/p>\n<h3 class=\"\" data-start=\"1763\" data-end=\"1811\">Vers une conduite semi-autonome d\u2019ici 2027<\/h3>\n<p><\/p>\n<p class=\"\" data-start=\"1812\" data-end=\"2064\">En parall\u00e8le, Hyundai pr\u00e9voit d\u2019introduire un <strong data-start=\"1858\" data-end=\"1903\">syst\u00e8me de conduite autonome de niveau 2+<\/strong> d\u2019ici fin 2027. Celui-ci reposera sur une <strong data-start=\"1946\" data-end=\"2009\">combinaison de cam\u00e9ras, radars et intelligence artificielle<\/strong>, et Pleos jouera un r\u00f4le cl\u00e9 dans son d\u00e9veloppement. Avec cette offensive technologique, Hyundai entend bien <strong data-start=\"2122\" data-end=\"2193\">bousculer l\u2019univers des \u00e9crans embarqu\u00e9s et affirmer son leadership<\/strong> face aux g\u00e9ants de l\u2019\u00e9lectrique.<\/p>\n<p><\/p>\n<p class=\"\" data-start=\"2473\" data-end=\"2605\">Avec des renseignements de Carscoops<\/p>\n<p>Le texte <a href=\"https:\/\/annuelauto.ca\/hyundai-pleos-ecran-tactile-tesla\/\">Hyundai d\u00e9voile Pleos, une r\u00e9ponse \u00e0 l\u2019\u00e9cran de Tesla<\/a> provient de <a href=\"https:\/\/annuelauto.ca\">L&#8217;annuel de l&#8217;automobile &#8211; Actualit\u00e9 automobile<\/a><\/p>\n<p><\/p>\n","protected":false},"excerpt":{"rendered":"<p>Hyundai Motor Group a lev\u00e9 le voile sur son nouveau syst\u00e8me d&#8217;infodivertissement et d&#8217;exploitation embarqu\u00e9. Baptis\u00e9 Pleos, ce logiciel de nouvelle g\u00e9n\u00e9ration sera int\u00e9gr\u00e9 aux v\u00e9hicules du groupe \u00e0 partir du deuxi\u00e8me trimestre 2026. Sans trop se cacher, Hyundai vise directement Tesla avec cet \u00e9cran central fa\u00e7on tablette, omnipr\u00e9sent sur le tableau de bord. \u00c0 [&hellip;]<\/p>\n","protected":false},"author":8,"featured_media":0,"comment_status":"close","ping_status":"closed","sticky":false,"template":"","format":"standard","meta":{"_monsterinsights_skip_tracking":false,"_monsterinsights_sitenote_active":false,"_monsterinsights_sitenote_note":"","_monsterinsights_sitenote_category":0,"footnotes":""},"categories":[101],"tags":[],"yoast_head":"<!-- This site is optimized with the Yoast SEO plugin v23.2 - https:\/\/yoast.com\/wordpress\/plugins\/seo\/ -->\n<title>Hyundai d\u00e9voile Pleos, une r\u00e9ponse \u00e0 l\u2019\u00e9cran de Tesla - CanadaMotorJobs.com<\/title>\n<meta name=\"description\" content=\"Hyundai d\u00e9voile Pleos, une r\u00e9ponse \u00e0 l\u2019\u00e9cran de Tesla - Benoit Charette - Annuel automobile - CanadaMotorJobs.com.\" \/>\n<meta name=\"robots\" content=\"index, follow, max-snippet:-1, max-image-preview:large, max-video-preview:-1\" \/>\n<meta property=\"og:locale\" content=\"fr_CA\" \/>\n<meta property=\"og:type\" content=\"article\" \/>\n<meta property=\"og:title\" content=\"Hyundai d\u00e9voile Pleos, une r\u00e9ponse \u00e0 l\u2019\u00e9cran de Tesla - CanadaMotorJobs.com\" \/>\n<meta property=\"og:description\" content=\"Hyundai d\u00e9voile Pleos, une r\u00e9ponse \u00e0 l\u2019\u00e9cran de Tesla - Benoit Charette - Annuel automobile - CanadaMotorJobs.com.\" \/>\n<meta property=\"og:url\" content=\"https:\/\/news.canadamotorjobs.com\/fr\/hyundai-devoile-pleos-une-reponse-a-lecran-de-tesla\/\" \/>\n<meta property=\"og:site_name\" content=\"CanadaMotorJobs.com\" \/>\n<meta property=\"article:publisher\" content=\"https:\/\/www.facebook.com\/canadamotorjobs\/\" \/>\n<meta property=\"article:published_time\" content=\"2025-03-31T12:39:35+00:00\" \/>\n<meta property=\"article:modified_time\" content=\"2025-03-31T12:45:18+00:00\" \/>\n<meta property=\"og:image\" content=\"https:\/\/annuelauto.ca\/wp-content\/uploads\/2025\/03\/PISTON.MY-Hyundai-Pleos_1.png\" \/>\n<meta name=\"author\" content=\"Benoit Charette\" \/>\n<meta name=\"twitter:card\" content=\"summary_large_image\" \/>\n<meta name=\"twitter:creator\" content=\"@canadamotorjobs\" \/>\n<meta name=\"twitter:site\" content=\"@canadamotorjobs\" \/>\n<meta name=\"twitter:label1\" content=\"\u00c9crit par\" \/>\n\t<meta name=\"twitter:data1\" content=\"Benoit Charette\" \/>\n\t<meta name=\"twitter:label2\" content=\"Estimation du temps de lecture\" \/>\n\t<meta name=\"twitter:data2\" content=\"2 minutes\" \/>\n<!-- \/ Yoast SEO plugin. -->","yoast_head_json":{"title":"Hyundai d\u00e9voile Pleos, une r\u00e9ponse \u00e0 l\u2019\u00e9cran de Tesla - CanadaMotorJobs.com","description":"Hyundai d\u00e9voile Pleos, une r\u00e9ponse \u00e0 l\u2019\u00e9cran de Tesla - Benoit Charette - Annuel automobile - CanadaMotorJobs.com.","robots":{"index":"index","follow":"follow","max-snippet":"max-snippet:-1","max-image-preview":"max-image-preview:large","max-video-preview":"max-video-preview:-1"},"og_locale":"fr_CA","og_type":"article","og_title":"Hyundai d\u00e9voile Pleos, une r\u00e9ponse \u00e0 l\u2019\u00e9cran de Tesla - CanadaMotorJobs.com","og_description":"Hyundai d\u00e9voile Pleos, une r\u00e9ponse \u00e0 l\u2019\u00e9cran de Tesla - Benoit Charette - Annuel automobile - CanadaMotorJobs.com.","og_url":"https:\/\/news.canadamotorjobs.com\/fr\/hyundai-devoile-pleos-une-reponse-a-lecran-de-tesla\/","og_site_name":"CanadaMotorJobs.com","article_publisher":"https:\/\/www.facebook.com\/canadamotorjobs\/","article_published_time":"2025-03-31T12:39:35+00:00","article_modified_time":"2025-03-31T12:45:18+00:00","og_image":[{"url":"https:\/\/annuelauto.ca\/wp-content\/uploads\/2025\/03\/PISTON.MY-Hyundai-Pleos_1.png"}],"author":"Benoit Charette","twitter_card":"summary_large_image","twitter_creator":"@canadamotorjobs","twitter_site":"@canadamotorjobs","twitter_misc":{"\u00c9crit par":"Benoit Charette","Estimation du temps de lecture":"2 minutes"},"schema":{"@context":"https:\/\/schema.org","@graph":[{"@type":"Article","@id":"https:\/\/news.canadamotorjobs.com\/fr\/hyundai-devoile-pleos-une-reponse-a-lecran-de-tesla\/#article","isPartOf":{"@id":"https:\/\/news.canadamotorjobs.com\/fr\/hyundai-devoile-pleos-une-reponse-a-lecran-de-tesla\/"},"author":{"name":"Benoit Charette","@id":"https:\/\/news.canadamotorjobs.com\/#\/schema\/person\/51793d1f87d44011d7bcc2ed99269a90"},"headline":"Hyundai d\u00e9voile Pleos, une r\u00e9ponse \u00e0 l\u2019\u00e9cran de Tesla","datePublished":"2025-03-31T12:39:35+00:00","dateModified":"2025-03-31T12:45:18+00:00","mainEntityOfPage":{"@id":"https:\/\/news.canadamotorjobs.com\/fr\/hyundai-devoile-pleos-une-reponse-a-lecran-de-tesla\/"},"wordCount":377,"publisher":{"@id":"https:\/\/news.canadamotorjobs.com\/#organization"},"image":{"@id":"https:\/\/news.canadamotorjobs.com\/fr\/hyundai-devoile-pleos-une-reponse-a-lecran-de-tesla\/#primaryimage"},"thumbnailUrl":"https:\/\/annuelauto.ca\/wp-content\/uploads\/2025\/03\/PISTON.MY-Hyundai-Pleos_1.png","articleSection":["Annuel automobile"],"inLanguage":"fr-CA"},{"@type":"WebPage","@id":"https:\/\/news.canadamotorjobs.com\/fr\/hyundai-devoile-pleos-une-reponse-a-lecran-de-tesla\/","url":"https:\/\/news.canadamotorjobs.com\/fr\/hyundai-devoile-pleos-une-reponse-a-lecran-de-tesla\/","name":"Hyundai d\u00e9voile Pleos, une r\u00e9ponse \u00e0 l\u2019\u00e9cran de Tesla - CanadaMotorJobs.com","isPartOf":{"@id":"https:\/\/news.canadamotorjobs.com\/#website"},"primaryImageOfPage":{"@id":"https:\/\/news.canadamotorjobs.com\/fr\/hyundai-devoile-pleos-une-reponse-a-lecran-de-tesla\/#primaryimage"},"image":{"@id":"https:\/\/news.canadamotorjobs.com\/fr\/hyundai-devoile-pleos-une-reponse-a-lecran-de-tesla\/#primaryimage"},"thumbnailUrl":"https:\/\/annuelauto.ca\/wp-content\/uploads\/2025\/03\/PISTON.MY-Hyundai-Pleos_1.png","datePublished":"2025-03-31T12:39:35+00:00","dateModified":"2025-03-31T12:45:18+00:00","description":"Hyundai d\u00e9voile Pleos, une r\u00e9ponse \u00e0 l\u2019\u00e9cran de Tesla - Benoit Charette - Annuel automobile - CanadaMotorJobs.com.","breadcrumb":{"@id":"https:\/\/news.canadamotorjobs.com\/fr\/hyundai-devoile-pleos-une-reponse-a-lecran-de-tesla\/#breadcrumb"},"inLanguage":"fr-CA","potentialAction":[{"@type":"ReadAction","target":["https:\/\/news.canadamotorjobs.com\/fr\/hyundai-devoile-pleos-une-reponse-a-lecran-de-tesla\/"]}]},{"@type":"ImageObject","inLanguage":"fr-CA","@id":"https:\/\/news.canadamotorjobs.com\/fr\/hyundai-devoile-pleos-une-reponse-a-lecran-de-tesla\/#primaryimage","url":"https:\/\/annuelauto.ca\/wp-content\/uploads\/2025\/03\/PISTON.MY-Hyundai-Pleos_1.png","contentUrl":"https:\/\/annuelauto.ca\/wp-content\/uploads\/2025\/03\/PISTON.MY-Hyundai-Pleos_1.png"},{"@type":"BreadcrumbList","@id":"https:\/\/news.canadamotorjobs.com\/fr\/hyundai-devoile-pleos-une-reponse-a-lecran-de-tesla\/#breadcrumb","itemListElement":[{"@type":"ListItem","position":1,"name":"Home","item":"https:\/\/news.canadamotorjobs.com\/fr\/blog\/"},{"@type":"ListItem","position":2,"name":"Hyundai d\u00e9voile Pleos, une r\u00e9ponse \u00e0 l\u2019\u00e9cran de Tesla"}]},{"@type":"WebSite","@id":"https:\/\/news.canadamotorjobs.com\/#website","url":"https:\/\/news.canadamotorjobs.com\/","name":"CanadaMotorJobs.com","description":"Automotive Jobs","publisher":{"@id":"https:\/\/news.canadamotorjobs.com\/#organization"},"potentialAction":[{"@type":"SearchAction","target":{"@type":"EntryPoint","urlTemplate":"https:\/\/news.canadamotorjobs.com\/?s={search_term_string}"},"query-input":"required name=search_term_string"}],"inLanguage":"fr-CA"},{"@type":"Organization","@id":"https:\/\/news.canadamotorjobs.com\/#organization","name":"Canada Motor Jobs","url":"https:\/\/news.canadamotorjobs.com\/","logo":{"@type":"ImageObject","inLanguage":"fr-CA","@id":"https:\/\/news.canadamotorjobs.com\/#\/schema\/logo\/image\/","url":"https:\/\/news.canadamotorjobs.com\/wp-content\/uploads\/2022\/10\/logo-canada-motor-jobs-1.png","contentUrl":"https:\/\/news.canadamotorjobs.com\/wp-content\/uploads\/2022\/10\/logo-canada-motor-jobs-1.png","width":800,"height":400,"caption":"Canada Motor Jobs"},"image":{"@id":"https:\/\/news.canadamotorjobs.com\/#\/schema\/logo\/image\/"},"sameAs":["https:\/\/www.facebook.com\/canadamotorjobs\/","https:\/\/x.com\/canadamotorjobs","https:\/\/www.instagram.com\/canadamotorjobs\/","https:\/\/www.linkedin.com\/company\/canadamotorjobs"]},{"@type":"Person","@id":"https:\/\/news.canadamotorjobs.com\/#\/schema\/person\/51793d1f87d44011d7bcc2ed99269a90","name":"Benoit Charette","image":{"@type":"ImageObject","inLanguage":"fr-CA","@id":"https:\/\/news.canadamotorjobs.com\/#\/schema\/person\/image\/","url":"https:\/\/secure.gravatar.com\/avatar\/45f3d2eebcccd909668d7ce7ea7267b6?s=96&d=mm&r=g","contentUrl":"https:\/\/secure.gravatar.com\/avatar\/45f3d2eebcccd909668d7ce7ea7267b6?s=96&d=mm&r=g","caption":"Benoit Charette"},"description":"Benoit Charette \/ Propri\u00e9taire et r\u00e9dacteur en chef Benoit Charette pratique le journalisme automobile depuis bient\u00f4t 30 ans. Il a fait ses classes au c\u00f4t\u00e9 de Daniel H\u00e9raud et au Carnet de route de 1992 \u00e0 2001. Il est fondateur, copropri\u00e9taire et r\u00e9dacteur en chef de L\u2019Annuel de l\u2019automobile, qu\u2019il publie depuis 2001. Il a anim\u00e9 les \u00e9missions RPM et RPM+ sur V et les L\u00e9gendes de la route sur Historia. \u00c0 la radio depuis 1986, il reprend l\u2019antenne cette ann\u00e9e sur les ondes de Cogeco et participe pour la deuxi\u00e8me ann\u00e9e \u00e0 l\u2019\u00e9mission Passion Auto sur RDS en plus de mettre en ligne le site Web officiel de L\u2019Annuel de l\u2019automobile sur annuelauto.ca.","sameAs":["https:\/\/annuelauto.ca\/"],"url":"https:\/\/news.canadamotorjobs.com\/fr\/author\/benoit-charette\/"}]}},"_links":{"self":[{"href":"https:\/\/news.canadamotorjobs.com\/fr\/wp-json\/wp\/v2\/posts\/200121"}],"collection":[{"href":"https:\/\/news.canadamotorjobs.com\/fr\/wp-json\/wp\/v2\/posts"}],"about":[{"href":"https:\/\/news.canadamotorjobs.com\/fr\/wp-json\/wp\/v2\/types\/post"}],"author":[{"embeddable":true,"href":"https:\/\/news.canadamotorjobs.com\/fr\/wp-json\/wp\/v2\/users\/8"}],"replies":[{"embeddable":true,"href":"https:\/\/news.canadamotorjobs.com\/fr\/wp-json\/wp\/v2\/comments?post=200121"}],"version-history":[{"count":1,"href":"https:\/\/news.canadamotorjobs.com\/fr\/wp-json\/wp\/v2\/posts\/200121\/revisions"}],"predecessor-version":[{"id":200122,"href":"https:\/\/news.canadamotorjobs.com\/fr\/wp-json\/wp\/v2\/posts\/200121\/revisions\/200122"}],"wp:attachment":[{"href":"https:\/\/news.canadamotorjobs.com\/fr\/wp-json\/wp\/v2\/media?parent=200121"}],"wp:term":[{"taxonomy":"category","embeddable":true,"href":"https:\/\/news.canadamotorjobs.com\/fr\/wp-json\/wp\/v2\/categories?post=200121"},{"taxonomy":"post_tag","embeddable":true,"href":"https:\/\/news.canadamotorjobs.com\/fr\/wp-json\/wp\/v2\/tags?post=200121"}],"curies":[{"name":"wp","href":"https:\/\/api.w.org\/{rel}","templated":true}]}}