{"id":200119,"date":"2025-03-31T07:48:50","date_gmt":"2025-03-31T11:48:50","guid":{"rendered":"https:\/\/news.canadamotorjobs.com\/?p=200119"},"modified":"2025-03-31T07:59:11","modified_gmt":"2025-03-31T11:59:11","slug":"la-malediction-du-fast-food-electrique-quand-recharger-fait-grossir","status":"publish","type":"post","link":"https:\/\/news.canadamotorjobs.com\/fr\/la-malediction-du-fast-food-electrique-quand-recharger-fait-grossir\/","title":{"rendered":"La mal\u00e9diction du fast-food \u00e9lectrique : Quand recharger fait grossir"},"content":{"rendered":"<p><img loading=\"lazy\" decoding=\"async\" width=\"2000\" height=\"1500\" src=\"https:\/\/annuelauto.ca\/wp-content\/uploads\/2025\/03\/451337.jpg\" class=\"attachment-post-thumbnail size-post-thumbnail wp-post-image\" alt=\"\" \/><\/p>\n<p>Une conversation avec un am i m&#8217;a inspir\u00e9 ce billet sur un fait m\u00e9connu et qui prend de l&#8217;ampleur au sens propre somme au sens figur\u00e9. Depuis l\u2019av\u00e8nement des voitures \u00e9lectriques, on nous a promis un monde plus vert, plus silencieux\u2026 et, semble-t-il, plus calorique. Car un ph\u00e9nom\u00e8ne \u00e9trange touche les \u00e9lectromobilistes : un l\u00e9ger embonpoint qui s\u2019installe au fil des recharges.<\/p>\n<h3><strong>L\u2019addition est sal\u00e9e\u2026 en gras satur\u00e9s<\/strong><\/h3>\n<p>\nLe principe est simple : vous partez pour un long trajet, la batterie affiche 18 %, et vous vous dites : \u00ab Pas grave, je vais m\u2019arr\u00eater \u00e0 la borne de recharge rapide ! \u00bb. Trois complications s\u2019encha\u00eenent :<\/p>\n<ol><\/p>\n<li><strong>La borne est occup\u00e9e.<\/strong> Et pas par n\u2019importe qui. Par un VUS \u00e9lectrique qui semble branch\u00e9 depuis la veille.<\/li>\n<p><\/p>\n<li><strong>La borne fonctionne\u2026 mais \u00e0 50 kW au lieu des 150 promis.<\/strong> Vous avez donc le temps de recharger\u2026 et de r\u00e9fl\u00e9chir \u00e0 votre dernier repas sain, qui remonte \u00e0 2019.<\/li>\n<p><\/p>\n<li><strong>Le seul resto accessible est un temple du gras.<\/strong> Il y a bien une salade au menu, mais elle baigne dans plus d\u2019huile qu\u2019un moteur de Lada des ann\u00e9es 80.<\/li>\n<p>\n<\/ol>\n<p><\/p>\n<h3><strong>Une heure et deux burgers plus tard\u2026<\/strong><\/h3>\n<p>\nLes voitures thermiques font le plein en 3 minutes chrono. Aujourd\u2019hui, une recharge prend entre 30 minutes et une heure. Quoi faire pendant ce temps ? Marcher un peu ? Lire un livre ? Oui. Mais le plus souvent on c\u00e8de \u00e0 la tentation de la malbouffe de la restauration rapide.<\/p>\n<p>Et ce n\u2019est pas notre faute ! Ces restaurants sont les seuls refuges climatis\u00e9s ou chauff\u00e9s avec del\u2019internet. On s\u2019assoit, on mange un burger (ou deux), et on jette un \u0153il \u00e0 l\u2019application de recharge. Mauvaise surprise : <strong>quelqu\u2019un a d\u00e9branch\u00e9 votre voiture pour brancher la sienne<\/strong>. Retour \u00e0 la case d\u00e9part\u2026 et devinez quoi ? L\u2019attente se fait mieux avec un beigne dans une main et un caf\u00e9 dans l\u2019autre.<\/p>\n<h3><strong>\u00c9lectrique et\u2026 \u00e9lastique ?<\/strong><\/h3>\n<p>\nEn bout de ligne, le propri\u00e9taire de voiture \u00e9lectrique moyen ne r\u00e9duit pas son empreinte carbone, il augmente surtout son <strong>tour de taille<\/strong>. Solution ? Soit on installe des bornes devant des magasins de l\u00e9gumes bio, soit on acc\u00e9l\u00e8re la recharge \u00e0 la vitesse de la F1.<\/p>\n<p>En attendant, si vous croisez un \u00e9lectromobiliste avec un sourire coupable et des miettes sur son chandail, vous savez pourquoi.<\/p>\n<p>\u00a0<\/p>\n<p>Le texte <a href=\"https:\/\/annuelauto.ca\/la-malediction-du-fast-food-electrique-quand-recharger-fait-grossir\/\">La mal\u00e9diction du fast-food \u00e9lectrique : Quand recharger fait grossir<\/a> provient de <a href=\"https:\/\/annuelauto.ca\">L&#8217;annuel de l&#8217;automobile &#8211; Actualit\u00e9 automobile<\/a><\/p>\n<p><\/p>\n","protected":false},"excerpt":{"rendered":"<p>Une conversation avec un am i m&#8217;a inspir\u00e9 ce billet sur un fait m\u00e9connu et qui prend de l&#8217;ampleur au sens propre somme au sens figur\u00e9. Depuis l\u2019av\u00e8nement des voitures \u00e9lectriques, on nous a promis un monde plus vert, plus silencieux\u2026 et, semble-t-il, plus calorique. Car un ph\u00e9nom\u00e8ne \u00e9trange touche les \u00e9lectromobilistes : un l\u00e9ger [&hellip;]<\/p>\n","protected":false},"author":8,"featured_media":0,"comment_status":"close","ping_status":"closed","sticky":false,"template":"","format":"standard","meta":{"_monsterinsights_skip_tracking":false,"_monsterinsights_sitenote_active":false,"_monsterinsights_sitenote_note":"","_monsterinsights_sitenote_category":0,"footnotes":""},"categories":[101],"tags":[],"yoast_head":"<!-- This site is optimized with the Yoast SEO plugin v23.2 - https:\/\/yoast.com\/wordpress\/plugins\/seo\/ -->\n<title>La mal\u00e9diction du fast-food \u00e9lectrique : Quand recharger fait grossir - CanadaMotorJobs.com<\/title>\n<meta name=\"description\" content=\"La mal\u00e9diction du fast-food \u00e9lectrique : Quand recharger fait grossir - Benoit Charette - Annuel automobile - CanadaMotorJobs.com.\" \/>\n<meta name=\"robots\" content=\"index, follow, max-snippet:-1, max-image-preview:large, max-video-preview:-1\" \/>\n<meta property=\"og:locale\" content=\"fr_CA\" \/>\n<meta property=\"og:type\" content=\"article\" \/>\n<meta property=\"og:title\" content=\"La mal\u00e9diction du fast-food \u00e9lectrique : Quand recharger fait grossir - CanadaMotorJobs.com\" \/>\n<meta property=\"og:description\" content=\"La mal\u00e9diction du fast-food \u00e9lectrique : Quand recharger fait grossir - Benoit Charette - Annuel automobile - CanadaMotorJobs.com.\" \/>\n<meta property=\"og:url\" content=\"https:\/\/news.canadamotorjobs.com\/fr\/la-malediction-du-fast-food-electrique-quand-recharger-fait-grossir\/\" \/>\n<meta property=\"og:site_name\" content=\"CanadaMotorJobs.com\" \/>\n<meta property=\"article:publisher\" content=\"https:\/\/www.facebook.com\/canadamotorjobs\/\" \/>\n<meta property=\"article:published_time\" content=\"2025-03-31T11:48:50+00:00\" \/>\n<meta property=\"article:modified_time\" content=\"2025-03-31T11:59:11+00:00\" \/>\n<meta property=\"og:image\" content=\"https:\/\/annuelauto.ca\/wp-content\/uploads\/2025\/03\/451337.jpg\" \/>\n<meta name=\"author\" content=\"Benoit Charette\" \/>\n<meta name=\"twitter:card\" content=\"summary_large_image\" \/>\n<meta name=\"twitter:creator\" content=\"@canadamotorjobs\" \/>\n<meta name=\"twitter:site\" content=\"@canadamotorjobs\" \/>\n<meta name=\"twitter:label1\" content=\"\u00c9crit par\" \/>\n\t<meta name=\"twitter:data1\" content=\"Benoit Charette\" \/>\n\t<meta name=\"twitter:label2\" content=\"Estimation du temps de lecture\" \/>\n\t<meta name=\"twitter:data2\" content=\"2 minutes\" \/>\n<!-- \/ Yoast SEO plugin. -->","yoast_head_json":{"title":"La mal\u00e9diction du fast-food \u00e9lectrique : Quand recharger fait grossir - CanadaMotorJobs.com","description":"La mal\u00e9diction du fast-food \u00e9lectrique : Quand recharger fait grossir - Benoit Charette - Annuel automobile - CanadaMotorJobs.com.","robots":{"index":"index","follow":"follow","max-snippet":"max-snippet:-1","max-image-preview":"max-image-preview:large","max-video-preview":"max-video-preview:-1"},"og_locale":"fr_CA","og_type":"article","og_title":"La mal\u00e9diction du fast-food \u00e9lectrique : Quand recharger fait grossir - CanadaMotorJobs.com","og_description":"La mal\u00e9diction du fast-food \u00e9lectrique : Quand recharger fait grossir - Benoit Charette - Annuel automobile - CanadaMotorJobs.com.","og_url":"https:\/\/news.canadamotorjobs.com\/fr\/la-malediction-du-fast-food-electrique-quand-recharger-fait-grossir\/","og_site_name":"CanadaMotorJobs.com","article_publisher":"https:\/\/www.facebook.com\/canadamotorjobs\/","article_published_time":"2025-03-31T11:48:50+00:00","article_modified_time":"2025-03-31T11:59:11+00:00","og_image":[{"url":"https:\/\/annuelauto.ca\/wp-content\/uploads\/2025\/03\/451337.jpg"}],"author":"Benoit Charette","twitter_card":"summary_large_image","twitter_creator":"@canadamotorjobs","twitter_site":"@canadamotorjobs","twitter_misc":{"\u00c9crit par":"Benoit Charette","Estimation du temps de lecture":"2 minutes"},"schema":{"@context":"https:\/\/schema.org","@graph":[{"@type":"Article","@id":"https:\/\/news.canadamotorjobs.com\/fr\/la-malediction-du-fast-food-electrique-quand-recharger-fait-grossir\/#article","isPartOf":{"@id":"https:\/\/news.canadamotorjobs.com\/fr\/la-malediction-du-fast-food-electrique-quand-recharger-fait-grossir\/"},"author":{"name":"Benoit Charette","@id":"https:\/\/news.canadamotorjobs.com\/#\/schema\/person\/51793d1f87d44011d7bcc2ed99269a90"},"headline":"La mal\u00e9diction du fast-food \u00e9lectrique : Quand recharger fait grossir","datePublished":"2025-03-31T11:48:50+00:00","dateModified":"2025-03-31T11:59:11+00:00","mainEntityOfPage":{"@id":"https:\/\/news.canadamotorjobs.com\/fr\/la-malediction-du-fast-food-electrique-quand-recharger-fait-grossir\/"},"wordCount":429,"publisher":{"@id":"https:\/\/news.canadamotorjobs.com\/#organization"},"image":{"@id":"https:\/\/news.canadamotorjobs.com\/fr\/la-malediction-du-fast-food-electrique-quand-recharger-fait-grossir\/#primaryimage"},"thumbnailUrl":"https:\/\/annuelauto.ca\/wp-content\/uploads\/2025\/03\/451337.jpg","articleSection":["Annuel automobile"],"inLanguage":"fr-CA"},{"@type":"WebPage","@id":"https:\/\/news.canadamotorjobs.com\/fr\/la-malediction-du-fast-food-electrique-quand-recharger-fait-grossir\/","url":"https:\/\/news.canadamotorjobs.com\/fr\/la-malediction-du-fast-food-electrique-quand-recharger-fait-grossir\/","name":"La mal\u00e9diction du fast-food \u00e9lectrique : Quand recharger fait grossir - CanadaMotorJobs.com","isPartOf":{"@id":"https:\/\/news.canadamotorjobs.com\/#website"},"primaryImageOfPage":{"@id":"https:\/\/news.canadamotorjobs.com\/fr\/la-malediction-du-fast-food-electrique-quand-recharger-fait-grossir\/#primaryimage"},"image":{"@id":"https:\/\/news.canadamotorjobs.com\/fr\/la-malediction-du-fast-food-electrique-quand-recharger-fait-grossir\/#primaryimage"},"thumbnailUrl":"https:\/\/annuelauto.ca\/wp-content\/uploads\/2025\/03\/451337.jpg","datePublished":"2025-03-31T11:48:50+00:00","dateModified":"2025-03-31T11:59:11+00:00","description":"La mal\u00e9diction du fast-food \u00e9lectrique : Quand recharger fait grossir - Benoit Charette - Annuel automobile - CanadaMotorJobs.com.","breadcrumb":{"@id":"https:\/\/news.canadamotorjobs.com\/fr\/la-malediction-du-fast-food-electrique-quand-recharger-fait-grossir\/#breadcrumb"},"inLanguage":"fr-CA","potentialAction":[{"@type":"ReadAction","target":["https:\/\/news.canadamotorjobs.com\/fr\/la-malediction-du-fast-food-electrique-quand-recharger-fait-grossir\/"]}]},{"@type":"ImageObject","inLanguage":"fr-CA","@id":"https:\/\/news.canadamotorjobs.com\/fr\/la-malediction-du-fast-food-electrique-quand-recharger-fait-grossir\/#primaryimage","url":"https:\/\/annuelauto.ca\/wp-content\/uploads\/2025\/03\/451337.jpg","contentUrl":"https:\/\/annuelauto.ca\/wp-content\/uploads\/2025\/03\/451337.jpg"},{"@type":"BreadcrumbList","@id":"https:\/\/news.canadamotorjobs.com\/fr\/la-malediction-du-fast-food-electrique-quand-recharger-fait-grossir\/#breadcrumb","itemListElement":[{"@type":"ListItem","position":1,"name":"Home","item":"https:\/\/news.canadamotorjobs.com\/fr\/blog\/"},{"@type":"ListItem","position":2,"name":"La mal\u00e9diction du fast-food \u00e9lectrique : Quand recharger fait grossir"}]},{"@type":"WebSite","@id":"https:\/\/news.canadamotorjobs.com\/#website","url":"https:\/\/news.canadamotorjobs.com\/","name":"CanadaMotorJobs.com","description":"Automotive Jobs","publisher":{"@id":"https:\/\/news.canadamotorjobs.com\/#organization"},"potentialAction":[{"@type":"SearchAction","target":{"@type":"EntryPoint","urlTemplate":"https:\/\/news.canadamotorjobs.com\/?s={search_term_string}"},"query-input":"required name=search_term_string"}],"inLanguage":"fr-CA"},{"@type":"Organization","@id":"https:\/\/news.canadamotorjobs.com\/#organization","name":"Canada Motor Jobs","url":"https:\/\/news.canadamotorjobs.com\/","logo":{"@type":"ImageObject","inLanguage":"fr-CA","@id":"https:\/\/news.canadamotorjobs.com\/#\/schema\/logo\/image\/","url":"https:\/\/news.canadamotorjobs.com\/wp-content\/uploads\/2022\/10\/logo-canada-motor-jobs-1.png","contentUrl":"https:\/\/news.canadamotorjobs.com\/wp-content\/uploads\/2022\/10\/logo-canada-motor-jobs-1.png","width":800,"height":400,"caption":"Canada Motor Jobs"},"image":{"@id":"https:\/\/news.canadamotorjobs.com\/#\/schema\/logo\/image\/"},"sameAs":["https:\/\/www.facebook.com\/canadamotorjobs\/","https:\/\/x.com\/canadamotorjobs","https:\/\/www.instagram.com\/canadamotorjobs\/","https:\/\/www.linkedin.com\/company\/canadamotorjobs"]},{"@type":"Person","@id":"https:\/\/news.canadamotorjobs.com\/#\/schema\/person\/51793d1f87d44011d7bcc2ed99269a90","name":"Benoit Charette","image":{"@type":"ImageObject","inLanguage":"fr-CA","@id":"https:\/\/news.canadamotorjobs.com\/#\/schema\/person\/image\/","url":"https:\/\/secure.gravatar.com\/avatar\/45f3d2eebcccd909668d7ce7ea7267b6?s=96&d=mm&r=g","contentUrl":"https:\/\/secure.gravatar.com\/avatar\/45f3d2eebcccd909668d7ce7ea7267b6?s=96&d=mm&r=g","caption":"Benoit Charette"},"description":"Benoit Charette \/ Propri\u00e9taire et r\u00e9dacteur en chef Benoit Charette pratique le journalisme automobile depuis bient\u00f4t 30 ans. Il a fait ses classes au c\u00f4t\u00e9 de Daniel H\u00e9raud et au Carnet de route de 1992 \u00e0 2001. Il est fondateur, copropri\u00e9taire et r\u00e9dacteur en chef de L\u2019Annuel de l\u2019automobile, qu\u2019il publie depuis 2001. Il a anim\u00e9 les \u00e9missions RPM et RPM+ sur V et les L\u00e9gendes de la route sur Historia. \u00c0 la radio depuis 1986, il reprend l\u2019antenne cette ann\u00e9e sur les ondes de Cogeco et participe pour la deuxi\u00e8me ann\u00e9e \u00e0 l\u2019\u00e9mission Passion Auto sur RDS en plus de mettre en ligne le site Web officiel de L\u2019Annuel de l\u2019automobile sur annuelauto.ca.","sameAs":["https:\/\/annuelauto.ca\/"],"url":"https:\/\/news.canadamotorjobs.com\/fr\/author\/benoit-charette\/"}]}},"_links":{"self":[{"href":"https:\/\/news.canadamotorjobs.com\/fr\/wp-json\/wp\/v2\/posts\/200119"}],"collection":[{"href":"https:\/\/news.canadamotorjobs.com\/fr\/wp-json\/wp\/v2\/posts"}],"about":[{"href":"https:\/\/news.canadamotorjobs.com\/fr\/wp-json\/wp\/v2\/types\/post"}],"author":[{"embeddable":true,"href":"https:\/\/news.canadamotorjobs.com\/fr\/wp-json\/wp\/v2\/users\/8"}],"replies":[{"embeddable":true,"href":"https:\/\/news.canadamotorjobs.com\/fr\/wp-json\/wp\/v2\/comments?post=200119"}],"version-history":[{"count":1,"href":"https:\/\/news.canadamotorjobs.com\/fr\/wp-json\/wp\/v2\/posts\/200119\/revisions"}],"predecessor-version":[{"id":200120,"href":"https:\/\/news.canadamotorjobs.com\/fr\/wp-json\/wp\/v2\/posts\/200119\/revisions\/200120"}],"wp:attachment":[{"href":"https:\/\/news.canadamotorjobs.com\/fr\/wp-json\/wp\/v2\/media?parent=200119"}],"wp:term":[{"taxonomy":"category","embeddable":true,"href":"https:\/\/news.canadamotorjobs.com\/fr\/wp-json\/wp\/v2\/categories?post=200119"},{"taxonomy":"post_tag","embeddable":true,"href":"https:\/\/news.canadamotorjobs.com\/fr\/wp-json\/wp\/v2\/tags?post=200119"}],"curies":[{"name":"wp","href":"https:\/\/api.w.org\/{rel}","templated":true}]}}