{"id":200117,"date":"2025-03-29T11:36:16","date_gmt":"2025-03-29T15:36:16","guid":{"rendered":"https:\/\/news.canadamotorjobs.com\/?p=200117"},"modified":"2025-03-29T11:44:23","modified_gmt":"2025-03-29T15:44:23","slug":"le-musee-mazda-sest-refait-une-beaute","status":"publish","type":"post","link":"https:\/\/news.canadamotorjobs.com\/fr\/le-musee-mazda-sest-refait-une-beaute\/","title":{"rendered":"Le mus\u00e9e Mazda s\u2019est refait une beaut\u00e9"},"content":{"rendered":"<p><img loading=\"lazy\" decoding=\"async\" width=\"1024\" height=\"683\" src=\"https:\/\/annuelauto.ca\/wp-content\/uploads\/2025\/03\/Musee-Mazda-6.jpg\" class=\"attachment-post-thumbnail size-post-thumbnail wp-post-image\" alt=\"\" \/><\/p>\n<p>Le mus\u00e9e <a href=\"https:\/\/annuelauto.ca\/mazda-aura-sa-propre-motorisation-electrique-en-2027\/\" target=\"_blank\" rel=\"noopener\">Mazda<\/a> s\u2019est refait une beaut\u00e9. Il accueillera de nouveau des visiteurs d\u00e8s le 1er avril. Situ\u00e9 \u00e0 Hiroshima, au Japon, sur le site du si\u00e8ge social de la <a href=\"https:\/\/annuelauto.ca\/mazda-cx-70-2025\/\" target=\"_blank\" rel=\"noopener\">Mazda<\/a> Motor Corporation, ce mus\u00e9e d\u2019entreprise \u00e9tait en r\u00e9novation depuis le mois de d\u00e9cembre. Ses aires d\u2019exposition agrandies et de nouvelles pr\u00e9sentations offriront \u00ab\u00a0une exp\u00e9rience plus immersive permettant aux visiteurs de mieux saisir l&#8217;attrait des produits Mazda, mais aussi le parcours et la vision d\u2019avenir de l\u2019entreprise\u00a0\u00bb, nous apprend un communiqu\u00e9 diffus\u00e9 hier.<\/p>\n<p>Inaugur\u00e9 en 1994, ce mus\u00e9e accueille environ 50\u00a0000 personnes chaque ann\u00e9e. Si bien qu\u2019\u00e0 ce jour environ 2\u00a0millions de personnes l\u2019ont visit\u00e9. Am\u00e9nag\u00e9 sur deux \u00e9tages, le mus\u00e9e occupe une superficie totale de 3\u00a0645\u00a0m\u00e8tres carr\u00e9s. Ses salles qui pr\u00e9sentent une dizaine d\u2019expositions diff\u00e9rentes jouxtent une partie d\u2019un des b\u00e2timents de l\u2019usine d\u2019assemblage. Une cha\u00eene de montage est d\u2019ailleurs int\u00e9gr\u00e9e au parcours de ses expositions\u00a0!<\/p>\n<p>Ce mus\u00e9e d\u00e9taille l&#8217;histoire centenaire de Mazda \u00e0 partir de l\u2019\u00e9poque o\u00f9 l\u2019entreprise fabriquait des produits en li\u00e8ge, en passant par le lancement de ses premi\u00e8res camionnettes \u00e0 trois roues, en 1931, et sa renaissance apr\u00e8s le bombardement atomique d\u2019Hiroshima, le 6 ao\u00fbt 1945.<\/p>\n<p>Ce mus\u00e9e consacre tout naturellement beaucoup d\u2019espace au moteur rotatif, une technologie imbriqu\u00e9e dans l\u2019histoire du constructeur. Une histoire jalonn\u00e9e de nombreux \u00e9l\u00e9ments mod\u00e8les marquant \u00e0 commencer par la Cosmo Sport lanc\u00e9e en mai 1967, son premier mod\u00e8le de s\u00e9rie \u00e0 moteur rotatif, et la <a href=\"https:\/\/annuelauto.ca\/23-juin-1991-mazda-remporte-les-24-heures-du-mans\/\" target=\"_blank\" rel=\"noopener\">Mazda 787B<\/a> dot\u00e9e d\u2019un quadrirotor de 700\u00a0ch, la premi\u00e8re auto japonaise \u00e0 remporter les 24\u00a0Heures du Mans en 1991. Suite logique de cette histoire, aujourd\u2019hui, les visiteurs peuvent admirer l\u2019<a href=\"https:\/\/annuelauto.ca\/le-retour-de-la-mazda-rx7\/\" target=\"_blank\" rel=\"noopener\">Iconic\u00a0SP<\/a>, une voiture-concept utilisant un moteur rotatif pour sa motorisation hybride branchable; une cr\u00e9ation illustrant une vision d\u2019avenir de Mazda.<\/p>\n<p>Lors de la r\u00e9novation, un syst\u00e8me audio st\u00e9r\u00e9ophonique dernier cri a \u00e9t\u00e9 ajout\u00e9 pour sublimer notamment la repr\u00e9sentation des \u00e9v\u00e9nements de sport automobile marquant. Les responsables du mus\u00e9e clament que les visiteurs peuvent d\u00e9sormais mieux ressentir l\u2019animation intense des comp\u00e9titions internationales, comme les 24\u00a0Heures du Mans de 1991, avec une reproduction sonore encore plus r\u00e9aliste de l&#8217;enthousiasme et des acclamations des spectateurs, sans oublier le bruit caract\u00e9ristique du moteur de la 787B victorieuse.<\/p>\n<p>Le mus\u00e9e propose aussi aux visiteurs des exposition sur les m\u00e9thode de fabrication innovantes employ\u00e9e par Mazda au fil des ans gr\u00e2ce \u00e0 un espace th\u00e9matique montrant une automobile d\u00e9mont\u00e9e qui int\u00e8gre la technologie Skyactiv. Une autre exposition pr\u00e9sente une voiture de course fonctionnant au biodiesel, ce qui permet aux visiteurs d\u2019en apprendre davantage sur les solutions adopt\u00e9es par le constructeur pour atteindre la neutralit\u00e9 carbone.<\/p>\n<p>Pour permettre aux amateurs qui ne peuvent se rendre sur place de d\u00e9couvrir le mus\u00e9e tout de m\u00eame, depuis 2013, un outil num\u00e9rique permet d\u2019explorer cinq de ses aires d\u2019exposition virtuellement sur <a href=\"http:\/\/goo.gl\/maps\/JtEC3\" target=\"_blank\" rel=\"noopener\">Google Street<\/a>.<\/p>\n<p>On peut en apprendre davantage sur le mus\u00e9e Mazda en consultant son site internet : <a href=\"https:\/\/www.mazda.com\/en\/experience\/museum\/\" target=\"_blank\" rel=\"noopener\">mazda.com\/en\/experience\/museum\/<\/a>.<\/p>\n<p><em>Photos : Mazda<\/em><\/p>\n<p>Le texte <a href=\"https:\/\/annuelauto.ca\/le-musee-mazda-sest-refait-une-beaute\/\">Le mus\u00e9e Mazda s\u2019est refait une beaut\u00e9<\/a> provient de <a href=\"https:\/\/annuelauto.ca\">L&#8217;annuel de l&#8217;automobile &#8211; Actualit\u00e9 automobile<\/a><\/p>\n<p><\/p>\n","protected":false},"excerpt":{"rendered":"<p>Le mus\u00e9e Mazda s\u2019est refait une beaut\u00e9. Il accueillera de nouveau des visiteurs d\u00e8s le 1er avril. Situ\u00e9 \u00e0 Hiroshima, au Japon, sur le site du si\u00e8ge social de la Mazda Motor Corporation, ce mus\u00e9e d\u2019entreprise \u00e9tait en r\u00e9novation depuis le mois de d\u00e9cembre. Ses aires d\u2019exposition agrandies et de nouvelles pr\u00e9sentations offriront \u00ab\u00a0une exp\u00e9rience [&hellip;]<\/p>\n","protected":false},"author":8,"featured_media":0,"comment_status":"close","ping_status":"closed","sticky":false,"template":"","format":"standard","meta":{"_monsterinsights_skip_tracking":false,"_monsterinsights_sitenote_active":false,"_monsterinsights_sitenote_note":"","_monsterinsights_sitenote_category":0,"footnotes":""},"categories":[101],"tags":[],"yoast_head":"<!-- This site is optimized with the Yoast SEO plugin v23.2 - https:\/\/yoast.com\/wordpress\/plugins\/seo\/ -->\n<title>Le mus\u00e9e Mazda s\u2019est refait une beaut\u00e9 - CanadaMotorJobs.com<\/title>\n<meta name=\"description\" content=\"Le mus\u00e9e Mazda s\u2019est refait une beaut\u00e9 - Benoit Charette - Annuel automobile - CanadaMotorJobs.com.\" \/>\n<meta name=\"robots\" content=\"index, follow, max-snippet:-1, max-image-preview:large, max-video-preview:-1\" \/>\n<meta property=\"og:locale\" content=\"fr_CA\" \/>\n<meta property=\"og:type\" content=\"article\" \/>\n<meta property=\"og:title\" content=\"Le mus\u00e9e Mazda s\u2019est refait une beaut\u00e9 - CanadaMotorJobs.com\" \/>\n<meta property=\"og:description\" content=\"Le mus\u00e9e Mazda s\u2019est refait une beaut\u00e9 - Benoit Charette - Annuel automobile - CanadaMotorJobs.com.\" \/>\n<meta property=\"og:url\" content=\"https:\/\/news.canadamotorjobs.com\/fr\/le-musee-mazda-sest-refait-une-beaute\/\" \/>\n<meta property=\"og:site_name\" content=\"CanadaMotorJobs.com\" \/>\n<meta property=\"article:publisher\" content=\"https:\/\/www.facebook.com\/canadamotorjobs\/\" \/>\n<meta property=\"article:published_time\" content=\"2025-03-29T15:36:16+00:00\" \/>\n<meta property=\"article:modified_time\" content=\"2025-03-29T15:44:23+00:00\" \/>\n<meta property=\"og:image\" content=\"https:\/\/annuelauto.ca\/wp-content\/uploads\/2025\/03\/Musee-Mazda-6.jpg\" \/>\n<meta name=\"author\" content=\"Benoit Charette\" \/>\n<meta name=\"twitter:card\" content=\"summary_large_image\" \/>\n<meta name=\"twitter:creator\" content=\"@canadamotorjobs\" \/>\n<meta name=\"twitter:site\" content=\"@canadamotorjobs\" \/>\n<meta name=\"twitter:label1\" content=\"\u00c9crit par\" \/>\n\t<meta name=\"twitter:data1\" content=\"Benoit Charette\" \/>\n\t<meta name=\"twitter:label2\" content=\"Estimation du temps de lecture\" \/>\n\t<meta name=\"twitter:data2\" content=\"3 minutes\" \/>\n<!-- \/ Yoast SEO plugin. -->","yoast_head_json":{"title":"Le mus\u00e9e Mazda s\u2019est refait une beaut\u00e9 - CanadaMotorJobs.com","description":"Le mus\u00e9e Mazda s\u2019est refait une beaut\u00e9 - Benoit Charette - Annuel automobile - CanadaMotorJobs.com.","robots":{"index":"index","follow":"follow","max-snippet":"max-snippet:-1","max-image-preview":"max-image-preview:large","max-video-preview":"max-video-preview:-1"},"og_locale":"fr_CA","og_type":"article","og_title":"Le mus\u00e9e Mazda s\u2019est refait une beaut\u00e9 - CanadaMotorJobs.com","og_description":"Le mus\u00e9e Mazda s\u2019est refait une beaut\u00e9 - Benoit Charette - Annuel automobile - CanadaMotorJobs.com.","og_url":"https:\/\/news.canadamotorjobs.com\/fr\/le-musee-mazda-sest-refait-une-beaute\/","og_site_name":"CanadaMotorJobs.com","article_publisher":"https:\/\/www.facebook.com\/canadamotorjobs\/","article_published_time":"2025-03-29T15:36:16+00:00","article_modified_time":"2025-03-29T15:44:23+00:00","og_image":[{"url":"https:\/\/annuelauto.ca\/wp-content\/uploads\/2025\/03\/Musee-Mazda-6.jpg"}],"author":"Benoit Charette","twitter_card":"summary_large_image","twitter_creator":"@canadamotorjobs","twitter_site":"@canadamotorjobs","twitter_misc":{"\u00c9crit par":"Benoit Charette","Estimation du temps de lecture":"3 minutes"},"schema":{"@context":"https:\/\/schema.org","@graph":[{"@type":"Article","@id":"https:\/\/news.canadamotorjobs.com\/fr\/le-musee-mazda-sest-refait-une-beaute\/#article","isPartOf":{"@id":"https:\/\/news.canadamotorjobs.com\/fr\/le-musee-mazda-sest-refait-une-beaute\/"},"author":{"name":"Benoit Charette","@id":"https:\/\/news.canadamotorjobs.com\/#\/schema\/person\/51793d1f87d44011d7bcc2ed99269a90"},"headline":"Le mus\u00e9e Mazda s\u2019est refait une beaut\u00e9","datePublished":"2025-03-29T15:36:16+00:00","dateModified":"2025-03-29T15:44:23+00:00","mainEntityOfPage":{"@id":"https:\/\/news.canadamotorjobs.com\/fr\/le-musee-mazda-sest-refait-une-beaute\/"},"wordCount":584,"publisher":{"@id":"https:\/\/news.canadamotorjobs.com\/#organization"},"image":{"@id":"https:\/\/news.canadamotorjobs.com\/fr\/le-musee-mazda-sest-refait-une-beaute\/#primaryimage"},"thumbnailUrl":"https:\/\/annuelauto.ca\/wp-content\/uploads\/2025\/03\/Musee-Mazda-6.jpg","articleSection":["Annuel automobile"],"inLanguage":"fr-CA"},{"@type":"WebPage","@id":"https:\/\/news.canadamotorjobs.com\/fr\/le-musee-mazda-sest-refait-une-beaute\/","url":"https:\/\/news.canadamotorjobs.com\/fr\/le-musee-mazda-sest-refait-une-beaute\/","name":"Le mus\u00e9e Mazda s\u2019est refait une beaut\u00e9 - CanadaMotorJobs.com","isPartOf":{"@id":"https:\/\/news.canadamotorjobs.com\/#website"},"primaryImageOfPage":{"@id":"https:\/\/news.canadamotorjobs.com\/fr\/le-musee-mazda-sest-refait-une-beaute\/#primaryimage"},"image":{"@id":"https:\/\/news.canadamotorjobs.com\/fr\/le-musee-mazda-sest-refait-une-beaute\/#primaryimage"},"thumbnailUrl":"https:\/\/annuelauto.ca\/wp-content\/uploads\/2025\/03\/Musee-Mazda-6.jpg","datePublished":"2025-03-29T15:36:16+00:00","dateModified":"2025-03-29T15:44:23+00:00","description":"Le mus\u00e9e Mazda s\u2019est refait une beaut\u00e9 - Benoit Charette - Annuel automobile - CanadaMotorJobs.com.","breadcrumb":{"@id":"https:\/\/news.canadamotorjobs.com\/fr\/le-musee-mazda-sest-refait-une-beaute\/#breadcrumb"},"inLanguage":"fr-CA","potentialAction":[{"@type":"ReadAction","target":["https:\/\/news.canadamotorjobs.com\/fr\/le-musee-mazda-sest-refait-une-beaute\/"]}]},{"@type":"ImageObject","inLanguage":"fr-CA","@id":"https:\/\/news.canadamotorjobs.com\/fr\/le-musee-mazda-sest-refait-une-beaute\/#primaryimage","url":"https:\/\/annuelauto.ca\/wp-content\/uploads\/2025\/03\/Musee-Mazda-6.jpg","contentUrl":"https:\/\/annuelauto.ca\/wp-content\/uploads\/2025\/03\/Musee-Mazda-6.jpg"},{"@type":"BreadcrumbList","@id":"https:\/\/news.canadamotorjobs.com\/fr\/le-musee-mazda-sest-refait-une-beaute\/#breadcrumb","itemListElement":[{"@type":"ListItem","position":1,"name":"Home","item":"https:\/\/news.canadamotorjobs.com\/fr\/blog\/"},{"@type":"ListItem","position":2,"name":"Le mus\u00e9e Mazda s\u2019est refait une beaut\u00e9"}]},{"@type":"WebSite","@id":"https:\/\/news.canadamotorjobs.com\/#website","url":"https:\/\/news.canadamotorjobs.com\/","name":"CanadaMotorJobs.com","description":"Automotive Jobs","publisher":{"@id":"https:\/\/news.canadamotorjobs.com\/#organization"},"potentialAction":[{"@type":"SearchAction","target":{"@type":"EntryPoint","urlTemplate":"https:\/\/news.canadamotorjobs.com\/?s={search_term_string}"},"query-input":"required name=search_term_string"}],"inLanguage":"fr-CA"},{"@type":"Organization","@id":"https:\/\/news.canadamotorjobs.com\/#organization","name":"Canada Motor Jobs","url":"https:\/\/news.canadamotorjobs.com\/","logo":{"@type":"ImageObject","inLanguage":"fr-CA","@id":"https:\/\/news.canadamotorjobs.com\/#\/schema\/logo\/image\/","url":"https:\/\/news.canadamotorjobs.com\/wp-content\/uploads\/2022\/10\/logo-canada-motor-jobs-1.png","contentUrl":"https:\/\/news.canadamotorjobs.com\/wp-content\/uploads\/2022\/10\/logo-canada-motor-jobs-1.png","width":800,"height":400,"caption":"Canada Motor Jobs"},"image":{"@id":"https:\/\/news.canadamotorjobs.com\/#\/schema\/logo\/image\/"},"sameAs":["https:\/\/www.facebook.com\/canadamotorjobs\/","https:\/\/x.com\/canadamotorjobs","https:\/\/www.instagram.com\/canadamotorjobs\/","https:\/\/www.linkedin.com\/company\/canadamotorjobs"]},{"@type":"Person","@id":"https:\/\/news.canadamotorjobs.com\/#\/schema\/person\/51793d1f87d44011d7bcc2ed99269a90","name":"Benoit Charette","image":{"@type":"ImageObject","inLanguage":"fr-CA","@id":"https:\/\/news.canadamotorjobs.com\/#\/schema\/person\/image\/","url":"https:\/\/secure.gravatar.com\/avatar\/45f3d2eebcccd909668d7ce7ea7267b6?s=96&d=mm&r=g","contentUrl":"https:\/\/secure.gravatar.com\/avatar\/45f3d2eebcccd909668d7ce7ea7267b6?s=96&d=mm&r=g","caption":"Benoit Charette"},"description":"Benoit Charette \/ Propri\u00e9taire et r\u00e9dacteur en chef Benoit Charette pratique le journalisme automobile depuis bient\u00f4t 30 ans. Il a fait ses classes au c\u00f4t\u00e9 de Daniel H\u00e9raud et au Carnet de route de 1992 \u00e0 2001. Il est fondateur, copropri\u00e9taire et r\u00e9dacteur en chef de L\u2019Annuel de l\u2019automobile, qu\u2019il publie depuis 2001. Il a anim\u00e9 les \u00e9missions RPM et RPM+ sur V et les L\u00e9gendes de la route sur Historia. \u00c0 la radio depuis 1986, il reprend l\u2019antenne cette ann\u00e9e sur les ondes de Cogeco et participe pour la deuxi\u00e8me ann\u00e9e \u00e0 l\u2019\u00e9mission Passion Auto sur RDS en plus de mettre en ligne le site Web officiel de L\u2019Annuel de l\u2019automobile sur annuelauto.ca.","sameAs":["https:\/\/annuelauto.ca\/"],"url":"https:\/\/news.canadamotorjobs.com\/fr\/author\/benoit-charette\/"}]}},"_links":{"self":[{"href":"https:\/\/news.canadamotorjobs.com\/fr\/wp-json\/wp\/v2\/posts\/200117"}],"collection":[{"href":"https:\/\/news.canadamotorjobs.com\/fr\/wp-json\/wp\/v2\/posts"}],"about":[{"href":"https:\/\/news.canadamotorjobs.com\/fr\/wp-json\/wp\/v2\/types\/post"}],"author":[{"embeddable":true,"href":"https:\/\/news.canadamotorjobs.com\/fr\/wp-json\/wp\/v2\/users\/8"}],"replies":[{"embeddable":true,"href":"https:\/\/news.canadamotorjobs.com\/fr\/wp-json\/wp\/v2\/comments?post=200117"}],"version-history":[{"count":1,"href":"https:\/\/news.canadamotorjobs.com\/fr\/wp-json\/wp\/v2\/posts\/200117\/revisions"}],"predecessor-version":[{"id":200118,"href":"https:\/\/news.canadamotorjobs.com\/fr\/wp-json\/wp\/v2\/posts\/200117\/revisions\/200118"}],"wp:attachment":[{"href":"https:\/\/news.canadamotorjobs.com\/fr\/wp-json\/wp\/v2\/media?parent=200117"}],"wp:term":[{"taxonomy":"category","embeddable":true,"href":"https:\/\/news.canadamotorjobs.com\/fr\/wp-json\/wp\/v2\/categories?post=200117"},{"taxonomy":"post_tag","embeddable":true,"href":"https:\/\/news.canadamotorjobs.com\/fr\/wp-json\/wp\/v2\/tags?post=200117"}],"curies":[{"name":"wp","href":"https:\/\/api.w.org\/{rel}","templated":true}]}}