{"id":200099,"date":"2025-03-29T07:29:03","date_gmt":"2025-03-29T11:29:03","guid":{"rendered":"https:\/\/news.canadamotorjobs.com\/?p=200099"},"modified":"2025-03-29T07:29:57","modified_gmt":"2025-03-29T11:29:57","slug":"lucid-rappelle-4294-berlines-air-pour-un-probleme-de-tapis","status":"publish","type":"post","link":"https:\/\/news.canadamotorjobs.com\/fr\/lucid-rappelle-4294-berlines-air-pour-un-probleme-de-tapis\/","title":{"rendered":"Lucid rappelle 4294 berlines Air pour un probl\u00e8me de tapis"},"content":{"rendered":"<p><img loading=\"lazy\" decoding=\"async\" width=\"1200\" height=\"801\" src=\"https:\/\/annuelauto.ca\/wp-content\/uploads\/2025\/03\/lucid_air_grand_touring_2024.jpeg\" class=\"attachment-post-thumbnail size-post-thumbnail wp-post-image\" alt=\"\" \/><\/p>\n<p>Lucid Motors doit proc\u00e9der au rappel de 4294 berlines Air en raison d\u2019un probl\u00e8me avec le tapis que l\u2019on retrouve \u00e0 l\u2019int\u00e9rieur. En fait, ce dernier peut se d\u00e9placer et emp\u00eacher l\u2019acc\u00e9l\u00e9rateur de revenir \u00e0 sa position originale.<\/p>\n<p>Avec une voiture aussi puissante, le danger pour les conducteurs et les occupants est d\u2019autant plus \u00e9lev\u00e9.<\/p>\n<p>Le rappel concerne les tapis de sol \u00ab toutes saisons \u00bb de la Lucid Air. La compagnie n\u2019a connaissance d\u2019aucun accident r\u00e9sultant de cette situation, pr\u00e9cise la NHTSA (National Highway Traffic Safety Administration) am\u00e9ricaine, l\u2019\u00e9quivalent de Transports Canada.<\/p>\n<p><strong>Le probl\u00e8me<\/strong><\/p>\n<p>Parce qu\u2019ils sont fix\u00e9s au plancher par des languettes, plut\u00f4t que par des ancrages, les tapis peuvent se d\u00e9placer pour interf\u00e9rer avec la p\u00e9dale d\u2019acc\u00e9l\u00e9ration.<\/p>\n<p>Selon les documents de la NHTSA, c\u2019est la compagnie Visscher Caravelle, bas\u00e9e aux Pays-Bas, qui fabrique les tapis.<\/p>\n<p>Le probl\u00e8me a \u00e9t\u00e9 constat\u00e9 en ao\u00fbt 2024, lorsqu\u2019un employ\u00e9 de Lucid a signal\u00e9 que la p\u00e9dale d\u2019acc\u00e9l\u00e9rateur \u00e9tait rest\u00e9e coinc\u00e9e lors de l\u2019essai d\u2019un v\u00e9hicule.<\/p>\n<p><strong>La solution<\/strong><\/p>\n<p>Lucid remboursera le co\u00fbt des tapis aux propri\u00e9taires concern\u00e9s. Pour \u00e9viter tout danger, on recommande \u00e0 ces derniers de simplement retirer le tapis avant que la correction soit apport\u00e9e.<\/p>\n<p>Les propri\u00e9taires dont leurs v\u00e9hicules sont \u00e9quip\u00e9s d\u2019ancrages pour les tapis de sol peuvent acheter une version des tapis qui est dot\u00e9e de trous pour s\u2019adapter aux ancrages.<\/p>\n<p>\u00ab La s\u00e9curit\u00e9 de nos clients et de leurs familles est notre priorit\u00e9 absolue. Lucid a commenc\u00e9 \u00e0 contacter les propri\u00e9taires des v\u00e9hicules pour lesquels ces tapis ont \u00e9t\u00e9 con\u00e7us \u00e0 l\u2019origine afin de les informer des rappels et de leur fournir des informations compl\u00e9mentaires \u00bb, a d\u00e9clar\u00e9 un porte-parole de Lucid dans un courriel adress\u00e9 \u00e0 Automotive News.<\/p>\n<p><\/p>\n<figure><figcaption>La Lucid Air Grand Touring 2024 | Auto123.com<\/figcaption><\/figure>\n<p style=\"padding-top: 15px\">Contenu original de <a href=\"https:\/\/www.auto123.com\/fr\/actualites\/lucid-motors-rappel-air-tapis\/72576\/\">auto123<\/a>.<\/p>\n<p>Le texte <a href=\"https:\/\/annuelauto.ca\/lucid-rappelle-4294-berlines-air-pour-un-probleme-de-tapis\/\">Lucid rappelle 4294 berlines Air pour un probl\u00e8me de tapis<\/a> provient de <a href=\"https:\/\/annuelauto.ca\">L&#8217;annuel de l&#8217;automobile &#8211; Actualit\u00e9 automobile<\/a><\/p>\n<p><\/p>\n","protected":false},"excerpt":{"rendered":"<p>Lucid Motors doit proc\u00e9der au rappel de 4294 berlines Air en raison d\u2019un probl\u00e8me avec le tapis que l\u2019on retrouve \u00e0 l\u2019int\u00e9rieur. En fait, ce dernier peut se d\u00e9placer et emp\u00eacher l\u2019acc\u00e9l\u00e9rateur de revenir \u00e0 sa position originale. Avec une voiture aussi puissante, le danger pour les conducteurs et les occupants est d\u2019autant plus \u00e9lev\u00e9. [&hellip;]<\/p>\n","protected":false},"author":8,"featured_media":200101,"comment_status":"close","ping_status":"closed","sticky":false,"template":"","format":"standard","meta":{"_monsterinsights_skip_tracking":false,"_monsterinsights_sitenote_active":false,"_monsterinsights_sitenote_note":"","_monsterinsights_sitenote_category":0,"footnotes":""},"categories":[101],"tags":[],"yoast_head":"<!-- This site is optimized with the Yoast SEO plugin v23.2 - https:\/\/yoast.com\/wordpress\/plugins\/seo\/ -->\n<title>Lucid rappelle 4294 berlines Air pour un probl\u00e8me de tapis - CanadaMotorJobs.com<\/title>\n<meta name=\"description\" content=\"Lucid rappelle 4294 berlines Air pour un probl\u00e8me de tapis - Benoit Charette - Annuel automobile - CanadaMotorJobs.com.\" \/>\n<meta name=\"robots\" content=\"index, follow, max-snippet:-1, max-image-preview:large, max-video-preview:-1\" \/>\n<meta property=\"og:locale\" content=\"fr_CA\" \/>\n<meta property=\"og:type\" content=\"article\" \/>\n<meta property=\"og:title\" content=\"Lucid rappelle 4294 berlines Air pour un probl\u00e8me de tapis - CanadaMotorJobs.com\" \/>\n<meta property=\"og:description\" content=\"Lucid rappelle 4294 berlines Air pour un probl\u00e8me de tapis - Benoit Charette - Annuel automobile - CanadaMotorJobs.com.\" \/>\n<meta property=\"og:url\" content=\"https:\/\/news.canadamotorjobs.com\/fr\/lucid-rappelle-4294-berlines-air-pour-un-probleme-de-tapis\/\" \/>\n<meta property=\"og:site_name\" content=\"CanadaMotorJobs.com\" \/>\n<meta property=\"article:publisher\" content=\"https:\/\/www.facebook.com\/canadamotorjobs\/\" \/>\n<meta property=\"article:published_time\" content=\"2025-03-29T11:29:03+00:00\" \/>\n<meta property=\"article:modified_time\" content=\"2025-03-29T11:29:57+00:00\" \/>\n<meta property=\"og:image\" content=\"https:\/\/news.canadamotorjobs.com\/wp-content\/uploads\/2025\/03\/lucid_air_grand_touring_2024.jpeg\" \/>\n\t<meta property=\"og:image:width\" content=\"1200\" \/>\n\t<meta property=\"og:image:height\" content=\"801\" \/>\n\t<meta property=\"og:image:type\" content=\"image\/jpeg\" \/>\n<meta name=\"author\" content=\"Benoit Charette\" \/>\n<meta name=\"twitter:card\" content=\"summary_large_image\" \/>\n<meta name=\"twitter:creator\" content=\"@canadamotorjobs\" \/>\n<meta name=\"twitter:site\" content=\"@canadamotorjobs\" \/>\n<meta name=\"twitter:label1\" content=\"\u00c9crit par\" \/>\n\t<meta name=\"twitter:data1\" content=\"Benoit Charette\" \/>\n\t<meta name=\"twitter:label2\" content=\"Estimation du temps de lecture\" \/>\n\t<meta name=\"twitter:data2\" content=\"2 minutes\" \/>\n<!-- \/ Yoast SEO plugin. -->","yoast_head_json":{"title":"Lucid rappelle 4294 berlines Air pour un probl\u00e8me de tapis - CanadaMotorJobs.com","description":"Lucid rappelle 4294 berlines Air pour un probl\u00e8me de tapis - Benoit Charette - Annuel automobile - CanadaMotorJobs.com.","robots":{"index":"index","follow":"follow","max-snippet":"max-snippet:-1","max-image-preview":"max-image-preview:large","max-video-preview":"max-video-preview:-1"},"og_locale":"fr_CA","og_type":"article","og_title":"Lucid rappelle 4294 berlines Air pour un probl\u00e8me de tapis - CanadaMotorJobs.com","og_description":"Lucid rappelle 4294 berlines Air pour un probl\u00e8me de tapis - Benoit Charette - Annuel automobile - CanadaMotorJobs.com.","og_url":"https:\/\/news.canadamotorjobs.com\/fr\/lucid-rappelle-4294-berlines-air-pour-un-probleme-de-tapis\/","og_site_name":"CanadaMotorJobs.com","article_publisher":"https:\/\/www.facebook.com\/canadamotorjobs\/","article_published_time":"2025-03-29T11:29:03+00:00","article_modified_time":"2025-03-29T11:29:57+00:00","og_image":[{"width":1200,"height":801,"url":"https:\/\/news.canadamotorjobs.com\/wp-content\/uploads\/2025\/03\/lucid_air_grand_touring_2024.jpeg","type":"image\/jpeg"}],"author":"Benoit Charette","twitter_card":"summary_large_image","twitter_creator":"@canadamotorjobs","twitter_site":"@canadamotorjobs","twitter_misc":{"\u00c9crit par":"Benoit Charette","Estimation du temps de lecture":"2 minutes"},"schema":{"@context":"https:\/\/schema.org","@graph":[{"@type":"Article","@id":"https:\/\/news.canadamotorjobs.com\/fr\/lucid-rappelle-4294-berlines-air-pour-un-probleme-de-tapis\/#article","isPartOf":{"@id":"https:\/\/news.canadamotorjobs.com\/fr\/lucid-rappelle-4294-berlines-air-pour-un-probleme-de-tapis\/"},"author":{"name":"Benoit Charette","@id":"https:\/\/news.canadamotorjobs.com\/#\/schema\/person\/51793d1f87d44011d7bcc2ed99269a90"},"headline":"Lucid rappelle 4294 berlines Air pour un probl\u00e8me de tapis","datePublished":"2025-03-29T11:29:03+00:00","dateModified":"2025-03-29T11:29:57+00:00","mainEntityOfPage":{"@id":"https:\/\/news.canadamotorjobs.com\/fr\/lucid-rappelle-4294-berlines-air-pour-un-probleme-de-tapis\/"},"wordCount":372,"publisher":{"@id":"https:\/\/news.canadamotorjobs.com\/#organization"},"image":{"@id":"https:\/\/news.canadamotorjobs.com\/fr\/lucid-rappelle-4294-berlines-air-pour-un-probleme-de-tapis\/#primaryimage"},"thumbnailUrl":"https:\/\/news.canadamotorjobs.com\/wp-content\/uploads\/2025\/03\/lucid_air_grand_touring_2024.jpeg","articleSection":["Annuel automobile"],"inLanguage":"fr-CA"},{"@type":"WebPage","@id":"https:\/\/news.canadamotorjobs.com\/fr\/lucid-rappelle-4294-berlines-air-pour-un-probleme-de-tapis\/","url":"https:\/\/news.canadamotorjobs.com\/fr\/lucid-rappelle-4294-berlines-air-pour-un-probleme-de-tapis\/","name":"Lucid rappelle 4294 berlines Air pour un probl\u00e8me de tapis - CanadaMotorJobs.com","isPartOf":{"@id":"https:\/\/news.canadamotorjobs.com\/#website"},"primaryImageOfPage":{"@id":"https:\/\/news.canadamotorjobs.com\/fr\/lucid-rappelle-4294-berlines-air-pour-un-probleme-de-tapis\/#primaryimage"},"image":{"@id":"https:\/\/news.canadamotorjobs.com\/fr\/lucid-rappelle-4294-berlines-air-pour-un-probleme-de-tapis\/#primaryimage"},"thumbnailUrl":"https:\/\/news.canadamotorjobs.com\/wp-content\/uploads\/2025\/03\/lucid_air_grand_touring_2024.jpeg","datePublished":"2025-03-29T11:29:03+00:00","dateModified":"2025-03-29T11:29:57+00:00","description":"Lucid rappelle 4294 berlines Air pour un probl\u00e8me de tapis - Benoit Charette - Annuel automobile - CanadaMotorJobs.com.","breadcrumb":{"@id":"https:\/\/news.canadamotorjobs.com\/fr\/lucid-rappelle-4294-berlines-air-pour-un-probleme-de-tapis\/#breadcrumb"},"inLanguage":"fr-CA","potentialAction":[{"@type":"ReadAction","target":["https:\/\/news.canadamotorjobs.com\/fr\/lucid-rappelle-4294-berlines-air-pour-un-probleme-de-tapis\/"]}]},{"@type":"ImageObject","inLanguage":"fr-CA","@id":"https:\/\/news.canadamotorjobs.com\/fr\/lucid-rappelle-4294-berlines-air-pour-un-probleme-de-tapis\/#primaryimage","url":"https:\/\/news.canadamotorjobs.com\/wp-content\/uploads\/2025\/03\/lucid_air_grand_touring_2024.jpeg","contentUrl":"https:\/\/news.canadamotorjobs.com\/wp-content\/uploads\/2025\/03\/lucid_air_grand_touring_2024.jpeg","width":1200,"height":801},{"@type":"BreadcrumbList","@id":"https:\/\/news.canadamotorjobs.com\/fr\/lucid-rappelle-4294-berlines-air-pour-un-probleme-de-tapis\/#breadcrumb","itemListElement":[{"@type":"ListItem","position":1,"name":"Home","item":"https:\/\/news.canadamotorjobs.com\/fr\/blog\/"},{"@type":"ListItem","position":2,"name":"Lucid rappelle 4294 berlines Air pour un probl\u00e8me de tapis"}]},{"@type":"WebSite","@id":"https:\/\/news.canadamotorjobs.com\/#website","url":"https:\/\/news.canadamotorjobs.com\/","name":"CanadaMotorJobs.com","description":"Automotive Jobs","publisher":{"@id":"https:\/\/news.canadamotorjobs.com\/#organization"},"potentialAction":[{"@type":"SearchAction","target":{"@type":"EntryPoint","urlTemplate":"https:\/\/news.canadamotorjobs.com\/?s={search_term_string}"},"query-input":"required name=search_term_string"}],"inLanguage":"fr-CA"},{"@type":"Organization","@id":"https:\/\/news.canadamotorjobs.com\/#organization","name":"Canada Motor Jobs","url":"https:\/\/news.canadamotorjobs.com\/","logo":{"@type":"ImageObject","inLanguage":"fr-CA","@id":"https:\/\/news.canadamotorjobs.com\/#\/schema\/logo\/image\/","url":"https:\/\/news.canadamotorjobs.com\/wp-content\/uploads\/2022\/10\/logo-canada-motor-jobs-1.png","contentUrl":"https:\/\/news.canadamotorjobs.com\/wp-content\/uploads\/2022\/10\/logo-canada-motor-jobs-1.png","width":800,"height":400,"caption":"Canada Motor Jobs"},"image":{"@id":"https:\/\/news.canadamotorjobs.com\/#\/schema\/logo\/image\/"},"sameAs":["https:\/\/www.facebook.com\/canadamotorjobs\/","https:\/\/x.com\/canadamotorjobs","https:\/\/www.instagram.com\/canadamotorjobs\/","https:\/\/www.linkedin.com\/company\/canadamotorjobs"]},{"@type":"Person","@id":"https:\/\/news.canadamotorjobs.com\/#\/schema\/person\/51793d1f87d44011d7bcc2ed99269a90","name":"Benoit Charette","image":{"@type":"ImageObject","inLanguage":"fr-CA","@id":"https:\/\/news.canadamotorjobs.com\/#\/schema\/person\/image\/","url":"https:\/\/secure.gravatar.com\/avatar\/45f3d2eebcccd909668d7ce7ea7267b6?s=96&d=mm&r=g","contentUrl":"https:\/\/secure.gravatar.com\/avatar\/45f3d2eebcccd909668d7ce7ea7267b6?s=96&d=mm&r=g","caption":"Benoit Charette"},"description":"Benoit Charette \/ Propri\u00e9taire et r\u00e9dacteur en chef Benoit Charette pratique le journalisme automobile depuis bient\u00f4t 30 ans. Il a fait ses classes au c\u00f4t\u00e9 de Daniel H\u00e9raud et au Carnet de route de 1992 \u00e0 2001. Il est fondateur, copropri\u00e9taire et r\u00e9dacteur en chef de L\u2019Annuel de l\u2019automobile, qu\u2019il publie depuis 2001. Il a anim\u00e9 les \u00e9missions RPM et RPM+ sur V et les L\u00e9gendes de la route sur Historia. \u00c0 la radio depuis 1986, il reprend l\u2019antenne cette ann\u00e9e sur les ondes de Cogeco et participe pour la deuxi\u00e8me ann\u00e9e \u00e0 l\u2019\u00e9mission Passion Auto sur RDS en plus de mettre en ligne le site Web officiel de L\u2019Annuel de l\u2019automobile sur annuelauto.ca.","sameAs":["https:\/\/annuelauto.ca\/"],"url":"https:\/\/news.canadamotorjobs.com\/fr\/author\/benoit-charette\/"}]}},"_links":{"self":[{"href":"https:\/\/news.canadamotorjobs.com\/fr\/wp-json\/wp\/v2\/posts\/200099"}],"collection":[{"href":"https:\/\/news.canadamotorjobs.com\/fr\/wp-json\/wp\/v2\/posts"}],"about":[{"href":"https:\/\/news.canadamotorjobs.com\/fr\/wp-json\/wp\/v2\/types\/post"}],"author":[{"embeddable":true,"href":"https:\/\/news.canadamotorjobs.com\/fr\/wp-json\/wp\/v2\/users\/8"}],"replies":[{"embeddable":true,"href":"https:\/\/news.canadamotorjobs.com\/fr\/wp-json\/wp\/v2\/comments?post=200099"}],"version-history":[{"count":2,"href":"https:\/\/news.canadamotorjobs.com\/fr\/wp-json\/wp\/v2\/posts\/200099\/revisions"}],"predecessor-version":[{"id":200103,"href":"https:\/\/news.canadamotorjobs.com\/fr\/wp-json\/wp\/v2\/posts\/200099\/revisions\/200103"}],"wp:featuredmedia":[{"embeddable":true,"href":"https:\/\/news.canadamotorjobs.com\/fr\/wp-json\/wp\/v2\/media\/200101"}],"wp:attachment":[{"href":"https:\/\/news.canadamotorjobs.com\/fr\/wp-json\/wp\/v2\/media?parent=200099"}],"wp:term":[{"taxonomy":"category","embeddable":true,"href":"https:\/\/news.canadamotorjobs.com\/fr\/wp-json\/wp\/v2\/categories?post=200099"},{"taxonomy":"post_tag","embeddable":true,"href":"https:\/\/news.canadamotorjobs.com\/fr\/wp-json\/wp\/v2\/tags?post=200099"}],"curies":[{"name":"wp","href":"https:\/\/api.w.org\/{rel}","templated":true}]}}