{"id":200092,"date":"2025-03-29T07:29:04","date_gmt":"2025-03-29T11:29:04","guid":{"rendered":"https:\/\/news.canadamotorjobs.com\/?p=200092"},"modified":"2025-03-29T07:29:46","modified_gmt":"2025-03-29T11:29:46","slug":"tesla-en-perte-de-popularite-67-des-americains-disent-non","status":"publish","type":"post","link":"https:\/\/news.canadamotorjobs.com\/fr\/tesla-en-perte-de-popularite-67-des-americains-disent-non\/","title":{"rendered":"Tesla en perte de popularit\u00e9 : 67 % des Am\u00e9ricains disent non"},"content":{"rendered":"<p><img loading=\"lazy\" decoding=\"async\" width=\"1200\" height=\"677\" src=\"https:\/\/annuelauto.ca\/wp-content\/uploads\/2025\/03\/elon-musk-2022-usine-texas-1.jpg\" class=\"attachment-post-thumbnail size-post-thumbnail wp-post-image\" alt=\"\" \/><\/p>\n<p>Les Am\u00e9ricains se d\u00e9tournent de Tesla. Autrefois le symbole de l\u2019innovation automobile, la compagnie semble perdre du terrain aux \u00c9tats-Unis. Une enqu\u00eate r\u00e9cente men\u00e9e par Yahoo News et YouGov r\u00e9v\u00e8le que 67 % des Am\u00e9ricains ne veulent pas acheter ou louer un produit Tesla, et Elon Musk en est l\u2019une des principales raisons.<\/p>\n<p>Selon les r\u00e9sultats, 20 % des r\u00e9pondants affirment que Musk est la seule raison pour laquelle ils refusent d\u2019acheter une Tesla. 17 % disent qu\u2019il est une des raisons de leur rejet de la marque. Seul 1 % des sond\u00e9s poss\u00e8dent ou envisagent une Tesla en raison de Musk.<\/p>\n<p>Autrement dit, Musk repousse 37 % des consommateurs am\u00e9ricains, un pourcentage bien sup\u00e9rieur aux 27 % qui d\u00e9clarent que le PDG n\u2019a aucune influence sur leur d\u00e9cision.<\/p>\n<p><\/p>\n<figure><figcaption>Elon Musk, en 2022 \u00e0 l&#8217;usine de Tesla au Texas | Auto123.com<\/figcaption><\/figure>\n<p><strong>Elon Musk, autrefois adul\u00e9, aujourd\u2019hui controvers\u00e9<\/strong><\/p>\n<p>Si Elon Musk jouissait autrefois d\u2019un statut fr\u00f4lant celui du culte, les temps ont chang\u00e9. Aujourd\u2019hui, 55 % des Am\u00e9ricains ont une opinion d\u00e9favorable du milliardaire, dont 45 % ont une opinion tr\u00e8s d\u00e9favorable.<\/p>\n<p>Tesla suit une tendance similaire alors que 49 % des Am\u00e9ricains ont une image n\u00e9gative de la marque. Seulement 37 % ont une opinion favorable.<\/p>\n<p>La politique d\u2019Elon Musk au sein du Department of Government Efficiency (DOGE) est tout aussi critiqu\u00e9e. L\u2019\u00e9tude a trouv\u00e9 que 48 % des sond\u00e9s d\u00e9sapprouvent sa gestion, malgr\u00e9 un soutien de 49 % aux coupes budg\u00e9taires f\u00e9d\u00e9rales, alors que 52 % pensent que Musk agit plus pour son propre int\u00e9r\u00eat que pour le pays.<\/p>\n<p><strong>Un avenir incertain pour Tesla<\/strong><\/p>\n<p>Ces chiffres expliquent, en partie, pourquoi Tesla traverse une p\u00e9riode mouvement\u00e9e. Entre controverses politiques, strat\u00e9gies commerciales discutables et image \u00e9corn\u00e9e de son fondateur, la marque est sur une pente glissante.<\/p>\n<p>Les r\u00e9cents actes de vandalisme contre Tesla aux \u00c9tats-Unis, incluant des attaques sur des concessionnaires et des incendies criminels, montrent que l\u2019animosit\u00e9 envers la marque d\u00e9passe le simple rejet commercial.<\/p>\n<p>L\u2019entreprise pourra-t-elle redorer son blason ou la d\u00e9fiance des consommateurs sonnera-t-elle le glas de son h\u00e9g\u00e9monie ?<\/p>\n<p><\/p>\n<p style=\"padding-top: 15px\">Contenu original de <a href=\"https:\/\/www.auto123.com\/fr\/actualites\/tesla-americains-rejet-musk\/72575\/\">auto123<\/a>.<\/p>\n<p>Le texte <a href=\"https:\/\/annuelauto.ca\/tesla-en-perte-de-popularite-67-des-americains-disent-non\/\">Tesla en perte de popularit\u00e9 : 67 % des Am\u00e9ricains disent non<\/a> provient de <a href=\"https:\/\/annuelauto.ca\">L&#8217;annuel de l&#8217;automobile &#8211; Actualit\u00e9 automobile<\/a><\/p>\n<p><\/p>\n","protected":false},"excerpt":{"rendered":"<p>Les Am\u00e9ricains se d\u00e9tournent de Tesla. Autrefois le symbole de l\u2019innovation automobile, la compagnie semble perdre du terrain aux \u00c9tats-Unis. Une enqu\u00eate r\u00e9cente men\u00e9e par Yahoo News et YouGov r\u00e9v\u00e8le que 67 % des Am\u00e9ricains ne veulent pas acheter ou louer un produit Tesla, et Elon Musk en est l\u2019une des principales raisons. Selon les [&hellip;]<\/p>\n","protected":false},"author":8,"featured_media":200094,"comment_status":"close","ping_status":"closed","sticky":false,"template":"","format":"standard","meta":{"_monsterinsights_skip_tracking":false,"_monsterinsights_sitenote_active":false,"_monsterinsights_sitenote_note":"","_monsterinsights_sitenote_category":0,"footnotes":""},"categories":[101],"tags":[],"yoast_head":"<!-- This site is optimized with the Yoast SEO plugin v23.2 - https:\/\/yoast.com\/wordpress\/plugins\/seo\/ -->\n<title>Tesla en perte de popularit\u00e9 : 67 % des Am\u00e9ricains disent non - CanadaMotorJobs.com<\/title>\n<meta name=\"description\" content=\"Tesla en perte de popularit\u00e9 : 67 % des Am\u00e9ricains disent non - Benoit Charette - Annuel automobile - CanadaMotorJobs.com.\" \/>\n<meta name=\"robots\" content=\"index, follow, max-snippet:-1, max-image-preview:large, max-video-preview:-1\" \/>\n<meta property=\"og:locale\" content=\"fr_CA\" \/>\n<meta property=\"og:type\" content=\"article\" \/>\n<meta property=\"og:title\" content=\"Tesla en perte de popularit\u00e9 : 67 % des Am\u00e9ricains disent non - CanadaMotorJobs.com\" \/>\n<meta property=\"og:description\" content=\"Tesla en perte de popularit\u00e9 : 67 % des Am\u00e9ricains disent non - Benoit Charette - Annuel automobile - CanadaMotorJobs.com.\" \/>\n<meta property=\"og:url\" content=\"https:\/\/news.canadamotorjobs.com\/fr\/tesla-en-perte-de-popularite-67-des-americains-disent-non\/\" \/>\n<meta property=\"og:site_name\" content=\"CanadaMotorJobs.com\" \/>\n<meta property=\"article:publisher\" content=\"https:\/\/www.facebook.com\/canadamotorjobs\/\" \/>\n<meta property=\"article:published_time\" content=\"2025-03-29T11:29:04+00:00\" \/>\n<meta property=\"article:modified_time\" content=\"2025-03-29T11:29:46+00:00\" \/>\n<meta property=\"og:image\" content=\"https:\/\/news.canadamotorjobs.com\/wp-content\/uploads\/2025\/03\/elon-musk-2022-usine-texas-2.jpg\" \/>\n\t<meta property=\"og:image:width\" content=\"1200\" \/>\n\t<meta property=\"og:image:height\" content=\"677\" \/>\n\t<meta property=\"og:image:type\" content=\"image\/jpeg\" \/>\n<meta name=\"author\" content=\"Benoit Charette\" \/>\n<meta name=\"twitter:card\" content=\"summary_large_image\" \/>\n<meta name=\"twitter:creator\" content=\"@canadamotorjobs\" \/>\n<meta name=\"twitter:site\" content=\"@canadamotorjobs\" \/>\n<meta name=\"twitter:label1\" content=\"\u00c9crit par\" \/>\n\t<meta name=\"twitter:data1\" content=\"Benoit Charette\" \/>\n\t<meta name=\"twitter:label2\" content=\"Estimation du temps de lecture\" \/>\n\t<meta name=\"twitter:data2\" content=\"2 minutes\" \/>\n<!-- \/ Yoast SEO plugin. -->","yoast_head_json":{"title":"Tesla en perte de popularit\u00e9 : 67 % des Am\u00e9ricains disent non - CanadaMotorJobs.com","description":"Tesla en perte de popularit\u00e9 : 67 % des Am\u00e9ricains disent non - Benoit Charette - Annuel automobile - CanadaMotorJobs.com.","robots":{"index":"index","follow":"follow","max-snippet":"max-snippet:-1","max-image-preview":"max-image-preview:large","max-video-preview":"max-video-preview:-1"},"og_locale":"fr_CA","og_type":"article","og_title":"Tesla en perte de popularit\u00e9 : 67 % des Am\u00e9ricains disent non - CanadaMotorJobs.com","og_description":"Tesla en perte de popularit\u00e9 : 67 % des Am\u00e9ricains disent non - Benoit Charette - Annuel automobile - CanadaMotorJobs.com.","og_url":"https:\/\/news.canadamotorjobs.com\/fr\/tesla-en-perte-de-popularite-67-des-americains-disent-non\/","og_site_name":"CanadaMotorJobs.com","article_publisher":"https:\/\/www.facebook.com\/canadamotorjobs\/","article_published_time":"2025-03-29T11:29:04+00:00","article_modified_time":"2025-03-29T11:29:46+00:00","og_image":[{"width":1200,"height":677,"url":"https:\/\/news.canadamotorjobs.com\/wp-content\/uploads\/2025\/03\/elon-musk-2022-usine-texas-2.jpg","type":"image\/jpeg"}],"author":"Benoit Charette","twitter_card":"summary_large_image","twitter_creator":"@canadamotorjobs","twitter_site":"@canadamotorjobs","twitter_misc":{"\u00c9crit par":"Benoit Charette","Estimation du temps de lecture":"2 minutes"},"schema":{"@context":"https:\/\/schema.org","@graph":[{"@type":"Article","@id":"https:\/\/news.canadamotorjobs.com\/fr\/tesla-en-perte-de-popularite-67-des-americains-disent-non\/#article","isPartOf":{"@id":"https:\/\/news.canadamotorjobs.com\/fr\/tesla-en-perte-de-popularite-67-des-americains-disent-non\/"},"author":{"name":"Benoit Charette","@id":"https:\/\/news.canadamotorjobs.com\/#\/schema\/person\/51793d1f87d44011d7bcc2ed99269a90"},"headline":"Tesla en perte de popularit\u00e9 : 67 % des Am\u00e9ricains disent non","datePublished":"2025-03-29T11:29:04+00:00","dateModified":"2025-03-29T11:29:46+00:00","mainEntityOfPage":{"@id":"https:\/\/news.canadamotorjobs.com\/fr\/tesla-en-perte-de-popularite-67-des-americains-disent-non\/"},"wordCount":402,"publisher":{"@id":"https:\/\/news.canadamotorjobs.com\/#organization"},"image":{"@id":"https:\/\/news.canadamotorjobs.com\/fr\/tesla-en-perte-de-popularite-67-des-americains-disent-non\/#primaryimage"},"thumbnailUrl":"https:\/\/news.canadamotorjobs.com\/wp-content\/uploads\/2025\/03\/elon-musk-2022-usine-texas-2.jpg","articleSection":["Annuel automobile"],"inLanguage":"fr-CA"},{"@type":"WebPage","@id":"https:\/\/news.canadamotorjobs.com\/fr\/tesla-en-perte-de-popularite-67-des-americains-disent-non\/","url":"https:\/\/news.canadamotorjobs.com\/fr\/tesla-en-perte-de-popularite-67-des-americains-disent-non\/","name":"Tesla en perte de popularit\u00e9 : 67 % des Am\u00e9ricains disent non - CanadaMotorJobs.com","isPartOf":{"@id":"https:\/\/news.canadamotorjobs.com\/#website"},"primaryImageOfPage":{"@id":"https:\/\/news.canadamotorjobs.com\/fr\/tesla-en-perte-de-popularite-67-des-americains-disent-non\/#primaryimage"},"image":{"@id":"https:\/\/news.canadamotorjobs.com\/fr\/tesla-en-perte-de-popularite-67-des-americains-disent-non\/#primaryimage"},"thumbnailUrl":"https:\/\/news.canadamotorjobs.com\/wp-content\/uploads\/2025\/03\/elon-musk-2022-usine-texas-2.jpg","datePublished":"2025-03-29T11:29:04+00:00","dateModified":"2025-03-29T11:29:46+00:00","description":"Tesla en perte de popularit\u00e9 : 67 % des Am\u00e9ricains disent non - Benoit Charette - Annuel automobile - CanadaMotorJobs.com.","breadcrumb":{"@id":"https:\/\/news.canadamotorjobs.com\/fr\/tesla-en-perte-de-popularite-67-des-americains-disent-non\/#breadcrumb"},"inLanguage":"fr-CA","potentialAction":[{"@type":"ReadAction","target":["https:\/\/news.canadamotorjobs.com\/fr\/tesla-en-perte-de-popularite-67-des-americains-disent-non\/"]}]},{"@type":"ImageObject","inLanguage":"fr-CA","@id":"https:\/\/news.canadamotorjobs.com\/fr\/tesla-en-perte-de-popularite-67-des-americains-disent-non\/#primaryimage","url":"https:\/\/news.canadamotorjobs.com\/wp-content\/uploads\/2025\/03\/elon-musk-2022-usine-texas-2.jpg","contentUrl":"https:\/\/news.canadamotorjobs.com\/wp-content\/uploads\/2025\/03\/elon-musk-2022-usine-texas-2.jpg","width":1200,"height":677},{"@type":"BreadcrumbList","@id":"https:\/\/news.canadamotorjobs.com\/fr\/tesla-en-perte-de-popularite-67-des-americains-disent-non\/#breadcrumb","itemListElement":[{"@type":"ListItem","position":1,"name":"Home","item":"https:\/\/news.canadamotorjobs.com\/fr\/blog\/"},{"@type":"ListItem","position":2,"name":"Tesla en perte de popularit\u00e9 : 67 % des Am\u00e9ricains disent non"}]},{"@type":"WebSite","@id":"https:\/\/news.canadamotorjobs.com\/#website","url":"https:\/\/news.canadamotorjobs.com\/","name":"CanadaMotorJobs.com","description":"Automotive Jobs","publisher":{"@id":"https:\/\/news.canadamotorjobs.com\/#organization"},"potentialAction":[{"@type":"SearchAction","target":{"@type":"EntryPoint","urlTemplate":"https:\/\/news.canadamotorjobs.com\/?s={search_term_string}"},"query-input":"required name=search_term_string"}],"inLanguage":"fr-CA"},{"@type":"Organization","@id":"https:\/\/news.canadamotorjobs.com\/#organization","name":"Canada Motor Jobs","url":"https:\/\/news.canadamotorjobs.com\/","logo":{"@type":"ImageObject","inLanguage":"fr-CA","@id":"https:\/\/news.canadamotorjobs.com\/#\/schema\/logo\/image\/","url":"https:\/\/news.canadamotorjobs.com\/wp-content\/uploads\/2022\/10\/logo-canada-motor-jobs-1.png","contentUrl":"https:\/\/news.canadamotorjobs.com\/wp-content\/uploads\/2022\/10\/logo-canada-motor-jobs-1.png","width":800,"height":400,"caption":"Canada Motor Jobs"},"image":{"@id":"https:\/\/news.canadamotorjobs.com\/#\/schema\/logo\/image\/"},"sameAs":["https:\/\/www.facebook.com\/canadamotorjobs\/","https:\/\/x.com\/canadamotorjobs","https:\/\/www.instagram.com\/canadamotorjobs\/","https:\/\/www.linkedin.com\/company\/canadamotorjobs"]},{"@type":"Person","@id":"https:\/\/news.canadamotorjobs.com\/#\/schema\/person\/51793d1f87d44011d7bcc2ed99269a90","name":"Benoit Charette","image":{"@type":"ImageObject","inLanguage":"fr-CA","@id":"https:\/\/news.canadamotorjobs.com\/#\/schema\/person\/image\/","url":"https:\/\/secure.gravatar.com\/avatar\/45f3d2eebcccd909668d7ce7ea7267b6?s=96&d=mm&r=g","contentUrl":"https:\/\/secure.gravatar.com\/avatar\/45f3d2eebcccd909668d7ce7ea7267b6?s=96&d=mm&r=g","caption":"Benoit Charette"},"description":"Benoit Charette \/ Propri\u00e9taire et r\u00e9dacteur en chef Benoit Charette pratique le journalisme automobile depuis bient\u00f4t 30 ans. Il a fait ses classes au c\u00f4t\u00e9 de Daniel H\u00e9raud et au Carnet de route de 1992 \u00e0 2001. Il est fondateur, copropri\u00e9taire et r\u00e9dacteur en chef de L\u2019Annuel de l\u2019automobile, qu\u2019il publie depuis 2001. Il a anim\u00e9 les \u00e9missions RPM et RPM+ sur V et les L\u00e9gendes de la route sur Historia. \u00c0 la radio depuis 1986, il reprend l\u2019antenne cette ann\u00e9e sur les ondes de Cogeco et participe pour la deuxi\u00e8me ann\u00e9e \u00e0 l\u2019\u00e9mission Passion Auto sur RDS en plus de mettre en ligne le site Web officiel de L\u2019Annuel de l\u2019automobile sur annuelauto.ca.","sameAs":["https:\/\/annuelauto.ca\/"],"url":"https:\/\/news.canadamotorjobs.com\/fr\/author\/benoit-charette\/"}]}},"_links":{"self":[{"href":"https:\/\/news.canadamotorjobs.com\/fr\/wp-json\/wp\/v2\/posts\/200092"}],"collection":[{"href":"https:\/\/news.canadamotorjobs.com\/fr\/wp-json\/wp\/v2\/posts"}],"about":[{"href":"https:\/\/news.canadamotorjobs.com\/fr\/wp-json\/wp\/v2\/types\/post"}],"author":[{"embeddable":true,"href":"https:\/\/news.canadamotorjobs.com\/fr\/wp-json\/wp\/v2\/users\/8"}],"replies":[{"embeddable":true,"href":"https:\/\/news.canadamotorjobs.com\/fr\/wp-json\/wp\/v2\/comments?post=200092"}],"version-history":[{"count":2,"href":"https:\/\/news.canadamotorjobs.com\/fr\/wp-json\/wp\/v2\/posts\/200092\/revisions"}],"predecessor-version":[{"id":200096,"href":"https:\/\/news.canadamotorjobs.com\/fr\/wp-json\/wp\/v2\/posts\/200092\/revisions\/200096"}],"wp:featuredmedia":[{"embeddable":true,"href":"https:\/\/news.canadamotorjobs.com\/fr\/wp-json\/wp\/v2\/media\/200094"}],"wp:attachment":[{"href":"https:\/\/news.canadamotorjobs.com\/fr\/wp-json\/wp\/v2\/media?parent=200092"}],"wp:term":[{"taxonomy":"category","embeddable":true,"href":"https:\/\/news.canadamotorjobs.com\/fr\/wp-json\/wp\/v2\/categories?post=200092"},{"taxonomy":"post_tag","embeddable":true,"href":"https:\/\/news.canadamotorjobs.com\/fr\/wp-json\/wp\/v2\/tags?post=200092"}],"curies":[{"name":"wp","href":"https:\/\/api.w.org\/{rel}","templated":true}]}}