{"id":200075,"date":"2025-03-28T07:32:23","date_gmt":"2025-03-28T11:32:23","guid":{"rendered":"https:\/\/news.canadamotorjobs.com\/?p=200075"},"modified":"2025-03-28T07:45:09","modified_gmt":"2025-03-28T11:45:09","slug":"donald-trump-menace-leurope-et-le-canada-sils-repliquent-a-ses-tarifs","status":"publish","type":"post","link":"https:\/\/news.canadamotorjobs.com\/fr\/donald-trump-menace-leurope-et-le-canada-sils-repliquent-a-ses-tarifs\/","title":{"rendered":"Donald Trump menace l\u2019Europe et le Canada s\u2019ils r\u00e9pliquent \u00e0 ses tarifs"},"content":{"rendered":"<p><img loading=\"lazy\" decoding=\"async\" width=\"1200\" height=\"800\" src=\"https:\/\/annuelauto.ca\/wp-content\/uploads\/2025\/03\/GM_oshawa_Assembly_Truck_5.jpg\" class=\"attachment-post-thumbnail size-post-thumbnail wp-post-image\" alt=\"\" \/><\/p>\n<p>Quelques heures apr\u00e8s avoir annonc\u00e9 des tarifs de 25 % sur les v\u00e9hicules neufs qui entreront aux \u00c9tats-Unis pour y \u00eatre vendus, le pr\u00e9sident am\u00e9ricain Donald Trump a pr\u00e9venu qu\u2019il imposerait des droits de douane suppl\u00e9mentaires \u00e0 l\u2019Union europ\u00e9enne et au Canada s\u2019ils collaborent pour \u00ab faire du mal \u00e9conomiquement \u00bb \u00e0 leur \u00ab meilleur ami \u00bb, les \u00c9tats-Unis.<\/p>\n<blockquote><p><\/p>\n<p>\u00ab Si l\u2019Union europ\u00e9enne collabore avec le Canada pour nuire \u00e9conomiquement aux \u00c9tats-Unis, des droits de douane \u00e0 grande \u00e9chelle, bien plus importants que ce qui est actuellement pr\u00e9vu, seront impos\u00e9s aux deux pays afin de prot\u00e9ger le meilleur ami que chacun de ces deux pays a jamais eu ! \u00bb<\/p>\n<p>&#8211; Donald Trump, sur sa plateforme Truth Social<\/p>\n<p>\n<\/p><\/blockquote>\n<p>La mesure annonc\u00e9e hier par Donald Trump (les droits de douane de 25 % sur les voitures et les pi\u00e8ces automobiles import\u00e9es) va affecter les principaux partenaires commerciaux des \u00c9tats-Unis, notamment le Mexique, le Canada, la Cor\u00e9e du Sud, le Japon et l\u2019Allemagne.<\/p>\n<p>\u00ab C\u2019est le d\u00e9but du jour de la lib\u00e9ration de l\u2019Am\u00e9rique. Nous allons reprendre une partie de l\u2019argent qui nous a \u00e9t\u00e9 pris \u00bb, a d\u00e9clar\u00e9 le pr\u00e9sident am\u00e9ricain.<\/p>\n<p><\/p>\n<figure><figcaption>Dans l&#8217;usine de GM \u00e0 Oshawa, en Ontario | Auto123.com<\/figcaption><\/figure>\n<p>Les analystes et sp\u00e9cialistes de l\u2019industrie ne s\u2019entendent pas l\u00e0-dessus cependant, car il est clair que la facture sera refil\u00e9e aux consommateurs. Il est estim\u00e9 que le prix moyen des v\u00e9hicules pourrait grimper de quelque 6000 $ US.<\/p>\n<p>La v\u00e9rit\u00e9, c\u2019est que les droits de douane, qui devraient entrer en vigueur \u00e0 la premi\u00e8re heure du 3 avril prochain, repr\u00e9sentent une menace importante pour les industries automobiles europ\u00e9enne et canadienne. Ils marquent l\u2019escalade la plus spectaculaire dans la guerre commerciale que m\u00e8ne actuellement Donald Trump envers les pays qui ont traditionnellement toujours \u00e9t\u00e9 des alli\u00e9s des \u00c9tats-Unis.<\/p>\n<p>Les experts pr\u00e9viennent que ces mesures pourraient avoir de graves cons\u00e9quences pour l\u2019\u00e9conomie mondiale.<\/p>\n<p>En r\u00e9ponse \u00e0 l\u2019annonce initiale de Donald Trump, la pr\u00e9sidente de la Commission europ\u00e9enne, Ursula von der Leyen, a exprim\u00e9 son profond regret face \u00e0 la d\u00e9cision des \u00c9tats-Unis et s\u2019est engag\u00e9e \u00e0 prot\u00e9ger les entreprises europ\u00e9ennes.<\/p>\n<p>\u00ab L\u2019UE (Union europ\u00e9enne) continuera \u00e0 chercher des solutions n\u00e9goci\u00e9es, tout en sauvegardant ses int\u00e9r\u00eats \u00e9conomiques. En tant que grande puissance commerciale et communaut\u00e9 forte de 27 \u00c9tats membres, nous prot\u00e9gerons ensemble nos travailleurs, nos entreprises et nos consommateurs dans toute l\u2019Union europ\u00e9enne \u00bb, a-t-elle d\u00e9clar\u00e9 via un communiqu\u00e9.<\/p>\n<p><\/p>\n<p style=\"padding-top: 15px\">Contenu original de <a href=\"https:\/\/www.auto123.com\/fr\/actualites\/donald-trump-menace-europe-canada-tarifs\/72574\/\">auto123<\/a>.<\/p>\n<p>Le texte <a href=\"https:\/\/annuelauto.ca\/donald-trump-menace-leurope-et-le-canada-sils-repliquent-a-ses-tarifs\/\">Donald Trump menace l\u2019Europe et le Canada s\u2019ils r\u00e9pliquent \u00e0 ses tarifs<\/a> provient de <a href=\"https:\/\/annuelauto.ca\">L&#8217;annuel de l&#8217;automobile &#8211; Actualit\u00e9 automobile<\/a><\/p>\n<p><\/p>\n","protected":false},"excerpt":{"rendered":"<p>Quelques heures apr\u00e8s avoir annonc\u00e9 des tarifs de 25 % sur les v\u00e9hicules neufs qui entreront aux \u00c9tats-Unis pour y \u00eatre vendus, le pr\u00e9sident am\u00e9ricain Donald Trump a pr\u00e9venu qu\u2019il imposerait des droits de douane suppl\u00e9mentaires \u00e0 l\u2019Union europ\u00e9enne et au Canada s\u2019ils collaborent pour \u00ab faire du mal \u00e9conomiquement \u00bb \u00e0 leur \u00ab meilleur [&hellip;]<\/p>\n","protected":false},"author":8,"featured_media":200077,"comment_status":"close","ping_status":"closed","sticky":false,"template":"","format":"standard","meta":{"_monsterinsights_skip_tracking":false,"_monsterinsights_sitenote_active":false,"_monsterinsights_sitenote_note":"","_monsterinsights_sitenote_category":0,"footnotes":""},"categories":[101],"tags":[],"yoast_head":"<!-- This site is optimized with the Yoast SEO plugin v23.2 - https:\/\/yoast.com\/wordpress\/plugins\/seo\/ -->\n<title>Donald Trump menace l\u2019Europe et le Canada s\u2019ils r\u00e9pliquent \u00e0 ses tarifs - CanadaMotorJobs.com<\/title>\n<meta name=\"description\" content=\"Donald Trump menace l\u2019Europe et le Canada s\u2019ils r\u00e9pliquent \u00e0 ses tarifs - Benoit Charette - Annuel automobile - CanadaMotorJobs.com.\" \/>\n<meta name=\"robots\" content=\"index, follow, max-snippet:-1, max-image-preview:large, max-video-preview:-1\" \/>\n<meta property=\"og:locale\" content=\"fr_CA\" \/>\n<meta property=\"og:type\" content=\"article\" \/>\n<meta property=\"og:title\" content=\"Donald Trump menace l\u2019Europe et le Canada s\u2019ils r\u00e9pliquent \u00e0 ses tarifs - CanadaMotorJobs.com\" \/>\n<meta property=\"og:description\" content=\"Donald Trump menace l\u2019Europe et le Canada s\u2019ils r\u00e9pliquent \u00e0 ses tarifs - Benoit Charette - Annuel automobile - CanadaMotorJobs.com.\" \/>\n<meta property=\"og:url\" content=\"https:\/\/news.canadamotorjobs.com\/fr\/donald-trump-menace-leurope-et-le-canada-sils-repliquent-a-ses-tarifs\/\" \/>\n<meta property=\"og:site_name\" content=\"CanadaMotorJobs.com\" \/>\n<meta property=\"article:publisher\" content=\"https:\/\/www.facebook.com\/canadamotorjobs\/\" \/>\n<meta property=\"article:published_time\" content=\"2025-03-28T11:32:23+00:00\" \/>\n<meta property=\"article:modified_time\" content=\"2025-03-28T11:45:09+00:00\" \/>\n<meta property=\"og:image\" content=\"https:\/\/news.canadamotorjobs.com\/wp-content\/uploads\/2025\/03\/GM_oshawa_Assembly_Truck_5.jpg\" \/>\n\t<meta property=\"og:image:width\" content=\"1200\" \/>\n\t<meta property=\"og:image:height\" content=\"800\" \/>\n\t<meta property=\"og:image:type\" content=\"image\/jpeg\" \/>\n<meta name=\"author\" content=\"Benoit Charette\" \/>\n<meta name=\"twitter:card\" content=\"summary_large_image\" \/>\n<meta name=\"twitter:creator\" content=\"@canadamotorjobs\" \/>\n<meta name=\"twitter:site\" content=\"@canadamotorjobs\" \/>\n<meta name=\"twitter:label1\" content=\"\u00c9crit par\" \/>\n\t<meta name=\"twitter:data1\" content=\"Benoit Charette\" \/>\n\t<meta name=\"twitter:label2\" content=\"Estimation du temps de lecture\" \/>\n\t<meta name=\"twitter:data2\" content=\"2 minutes\" \/>\n<!-- \/ Yoast SEO plugin. -->","yoast_head_json":{"title":"Donald Trump menace l\u2019Europe et le Canada s\u2019ils r\u00e9pliquent \u00e0 ses tarifs - CanadaMotorJobs.com","description":"Donald Trump menace l\u2019Europe et le Canada s\u2019ils r\u00e9pliquent \u00e0 ses tarifs - Benoit Charette - Annuel automobile - CanadaMotorJobs.com.","robots":{"index":"index","follow":"follow","max-snippet":"max-snippet:-1","max-image-preview":"max-image-preview:large","max-video-preview":"max-video-preview:-1"},"og_locale":"fr_CA","og_type":"article","og_title":"Donald Trump menace l\u2019Europe et le Canada s\u2019ils r\u00e9pliquent \u00e0 ses tarifs - CanadaMotorJobs.com","og_description":"Donald Trump menace l\u2019Europe et le Canada s\u2019ils r\u00e9pliquent \u00e0 ses tarifs - Benoit Charette - Annuel automobile - CanadaMotorJobs.com.","og_url":"https:\/\/news.canadamotorjobs.com\/fr\/donald-trump-menace-leurope-et-le-canada-sils-repliquent-a-ses-tarifs\/","og_site_name":"CanadaMotorJobs.com","article_publisher":"https:\/\/www.facebook.com\/canadamotorjobs\/","article_published_time":"2025-03-28T11:32:23+00:00","article_modified_time":"2025-03-28T11:45:09+00:00","og_image":[{"width":1200,"height":800,"url":"https:\/\/news.canadamotorjobs.com\/wp-content\/uploads\/2025\/03\/GM_oshawa_Assembly_Truck_5.jpg","type":"image\/jpeg"}],"author":"Benoit Charette","twitter_card":"summary_large_image","twitter_creator":"@canadamotorjobs","twitter_site":"@canadamotorjobs","twitter_misc":{"\u00c9crit par":"Benoit Charette","Estimation du temps de lecture":"2 minutes"},"schema":{"@context":"https:\/\/schema.org","@graph":[{"@type":"Article","@id":"https:\/\/news.canadamotorjobs.com\/fr\/donald-trump-menace-leurope-et-le-canada-sils-repliquent-a-ses-tarifs\/#article","isPartOf":{"@id":"https:\/\/news.canadamotorjobs.com\/fr\/donald-trump-menace-leurope-et-le-canada-sils-repliquent-a-ses-tarifs\/"},"author":{"name":"Benoit Charette","@id":"https:\/\/news.canadamotorjobs.com\/#\/schema\/person\/51793d1f87d44011d7bcc2ed99269a90"},"headline":"Donald Trump menace l\u2019Europe et le Canada s\u2019ils r\u00e9pliquent \u00e0 ses tarifs","datePublished":"2025-03-28T11:32:23+00:00","dateModified":"2025-03-28T11:45:09+00:00","mainEntityOfPage":{"@id":"https:\/\/news.canadamotorjobs.com\/fr\/donald-trump-menace-leurope-et-le-canada-sils-repliquent-a-ses-tarifs\/"},"wordCount":479,"publisher":{"@id":"https:\/\/news.canadamotorjobs.com\/#organization"},"image":{"@id":"https:\/\/news.canadamotorjobs.com\/fr\/donald-trump-menace-leurope-et-le-canada-sils-repliquent-a-ses-tarifs\/#primaryimage"},"thumbnailUrl":"https:\/\/news.canadamotorjobs.com\/wp-content\/uploads\/2025\/03\/GM_oshawa_Assembly_Truck_5.jpg","articleSection":["Annuel automobile"],"inLanguage":"fr-CA"},{"@type":"WebPage","@id":"https:\/\/news.canadamotorjobs.com\/fr\/donald-trump-menace-leurope-et-le-canada-sils-repliquent-a-ses-tarifs\/","url":"https:\/\/news.canadamotorjobs.com\/fr\/donald-trump-menace-leurope-et-le-canada-sils-repliquent-a-ses-tarifs\/","name":"Donald Trump menace l\u2019Europe et le Canada s\u2019ils r\u00e9pliquent \u00e0 ses tarifs - CanadaMotorJobs.com","isPartOf":{"@id":"https:\/\/news.canadamotorjobs.com\/#website"},"primaryImageOfPage":{"@id":"https:\/\/news.canadamotorjobs.com\/fr\/donald-trump-menace-leurope-et-le-canada-sils-repliquent-a-ses-tarifs\/#primaryimage"},"image":{"@id":"https:\/\/news.canadamotorjobs.com\/fr\/donald-trump-menace-leurope-et-le-canada-sils-repliquent-a-ses-tarifs\/#primaryimage"},"thumbnailUrl":"https:\/\/news.canadamotorjobs.com\/wp-content\/uploads\/2025\/03\/GM_oshawa_Assembly_Truck_5.jpg","datePublished":"2025-03-28T11:32:23+00:00","dateModified":"2025-03-28T11:45:09+00:00","description":"Donald Trump menace l\u2019Europe et le Canada s\u2019ils r\u00e9pliquent \u00e0 ses tarifs - Benoit Charette - Annuel automobile - CanadaMotorJobs.com.","breadcrumb":{"@id":"https:\/\/news.canadamotorjobs.com\/fr\/donald-trump-menace-leurope-et-le-canada-sils-repliquent-a-ses-tarifs\/#breadcrumb"},"inLanguage":"fr-CA","potentialAction":[{"@type":"ReadAction","target":["https:\/\/news.canadamotorjobs.com\/fr\/donald-trump-menace-leurope-et-le-canada-sils-repliquent-a-ses-tarifs\/"]}]},{"@type":"ImageObject","inLanguage":"fr-CA","@id":"https:\/\/news.canadamotorjobs.com\/fr\/donald-trump-menace-leurope-et-le-canada-sils-repliquent-a-ses-tarifs\/#primaryimage","url":"https:\/\/news.canadamotorjobs.com\/wp-content\/uploads\/2025\/03\/GM_oshawa_Assembly_Truck_5.jpg","contentUrl":"https:\/\/news.canadamotorjobs.com\/wp-content\/uploads\/2025\/03\/GM_oshawa_Assembly_Truck_5.jpg","width":1200,"height":800},{"@type":"BreadcrumbList","@id":"https:\/\/news.canadamotorjobs.com\/fr\/donald-trump-menace-leurope-et-le-canada-sils-repliquent-a-ses-tarifs\/#breadcrumb","itemListElement":[{"@type":"ListItem","position":1,"name":"Home","item":"https:\/\/news.canadamotorjobs.com\/fr\/blog\/"},{"@type":"ListItem","position":2,"name":"Donald Trump menace l\u2019Europe et le Canada s\u2019ils r\u00e9pliquent \u00e0 ses tarifs"}]},{"@type":"WebSite","@id":"https:\/\/news.canadamotorjobs.com\/#website","url":"https:\/\/news.canadamotorjobs.com\/","name":"CanadaMotorJobs.com","description":"Automotive Jobs","publisher":{"@id":"https:\/\/news.canadamotorjobs.com\/#organization"},"potentialAction":[{"@type":"SearchAction","target":{"@type":"EntryPoint","urlTemplate":"https:\/\/news.canadamotorjobs.com\/?s={search_term_string}"},"query-input":"required name=search_term_string"}],"inLanguage":"fr-CA"},{"@type":"Organization","@id":"https:\/\/news.canadamotorjobs.com\/#organization","name":"Canada Motor Jobs","url":"https:\/\/news.canadamotorjobs.com\/","logo":{"@type":"ImageObject","inLanguage":"fr-CA","@id":"https:\/\/news.canadamotorjobs.com\/#\/schema\/logo\/image\/","url":"https:\/\/news.canadamotorjobs.com\/wp-content\/uploads\/2022\/10\/logo-canada-motor-jobs-1.png","contentUrl":"https:\/\/news.canadamotorjobs.com\/wp-content\/uploads\/2022\/10\/logo-canada-motor-jobs-1.png","width":800,"height":400,"caption":"Canada Motor Jobs"},"image":{"@id":"https:\/\/news.canadamotorjobs.com\/#\/schema\/logo\/image\/"},"sameAs":["https:\/\/www.facebook.com\/canadamotorjobs\/","https:\/\/x.com\/canadamotorjobs","https:\/\/www.instagram.com\/canadamotorjobs\/","https:\/\/www.linkedin.com\/company\/canadamotorjobs"]},{"@type":"Person","@id":"https:\/\/news.canadamotorjobs.com\/#\/schema\/person\/51793d1f87d44011d7bcc2ed99269a90","name":"Benoit Charette","image":{"@type":"ImageObject","inLanguage":"fr-CA","@id":"https:\/\/news.canadamotorjobs.com\/#\/schema\/person\/image\/","url":"https:\/\/secure.gravatar.com\/avatar\/45f3d2eebcccd909668d7ce7ea7267b6?s=96&d=mm&r=g","contentUrl":"https:\/\/secure.gravatar.com\/avatar\/45f3d2eebcccd909668d7ce7ea7267b6?s=96&d=mm&r=g","caption":"Benoit Charette"},"description":"Benoit Charette \/ Propri\u00e9taire et r\u00e9dacteur en chef Benoit Charette pratique le journalisme automobile depuis bient\u00f4t 30 ans. Il a fait ses classes au c\u00f4t\u00e9 de Daniel H\u00e9raud et au Carnet de route de 1992 \u00e0 2001. Il est fondateur, copropri\u00e9taire et r\u00e9dacteur en chef de L\u2019Annuel de l\u2019automobile, qu\u2019il publie depuis 2001. Il a anim\u00e9 les \u00e9missions RPM et RPM+ sur V et les L\u00e9gendes de la route sur Historia. \u00c0 la radio depuis 1986, il reprend l\u2019antenne cette ann\u00e9e sur les ondes de Cogeco et participe pour la deuxi\u00e8me ann\u00e9e \u00e0 l\u2019\u00e9mission Passion Auto sur RDS en plus de mettre en ligne le site Web officiel de L\u2019Annuel de l\u2019automobile sur annuelauto.ca.","sameAs":["https:\/\/annuelauto.ca\/"],"url":"https:\/\/news.canadamotorjobs.com\/fr\/author\/benoit-charette\/"}]}},"_links":{"self":[{"href":"https:\/\/news.canadamotorjobs.com\/fr\/wp-json\/wp\/v2\/posts\/200075"}],"collection":[{"href":"https:\/\/news.canadamotorjobs.com\/fr\/wp-json\/wp\/v2\/posts"}],"about":[{"href":"https:\/\/news.canadamotorjobs.com\/fr\/wp-json\/wp\/v2\/types\/post"}],"author":[{"embeddable":true,"href":"https:\/\/news.canadamotorjobs.com\/fr\/wp-json\/wp\/v2\/users\/8"}],"replies":[{"embeddable":true,"href":"https:\/\/news.canadamotorjobs.com\/fr\/wp-json\/wp\/v2\/comments?post=200075"}],"version-history":[{"count":2,"href":"https:\/\/news.canadamotorjobs.com\/fr\/wp-json\/wp\/v2\/posts\/200075\/revisions"}],"predecessor-version":[{"id":200079,"href":"https:\/\/news.canadamotorjobs.com\/fr\/wp-json\/wp\/v2\/posts\/200075\/revisions\/200079"}],"wp:featuredmedia":[{"embeddable":true,"href":"https:\/\/news.canadamotorjobs.com\/fr\/wp-json\/wp\/v2\/media\/200077"}],"wp:attachment":[{"href":"https:\/\/news.canadamotorjobs.com\/fr\/wp-json\/wp\/v2\/media?parent=200075"}],"wp:term":[{"taxonomy":"category","embeddable":true,"href":"https:\/\/news.canadamotorjobs.com\/fr\/wp-json\/wp\/v2\/categories?post=200075"},{"taxonomy":"post_tag","embeddable":true,"href":"https:\/\/news.canadamotorjobs.com\/fr\/wp-json\/wp\/v2\/tags?post=200075"}],"curies":[{"name":"wp","href":"https:\/\/api.w.org\/{rel}","templated":true}]}}