{"id":200056,"date":"2025-03-28T07:32:25","date_gmt":"2025-03-28T11:32:25","guid":{"rendered":"https:\/\/news.canadamotorjobs.com\/?p=200056"},"modified":"2025-03-28T07:44:45","modified_gmt":"2025-03-28T11:44:45","slug":"nissan-confirme-larrivee-dune-nouvelle-gt-r","status":"publish","type":"post","link":"https:\/\/news.canadamotorjobs.com\/fr\/nissan-confirme-larrivee-dune-nouvelle-gt-r\/","title":{"rendered":"Nissan confirme l\u2019arriv\u00e9e d\u2019une nouvelle GT-R"},"content":{"rendered":"<p><img loading=\"lazy\" decoding=\"async\" width=\"1200\" height=\"801\" src=\"https:\/\/annuelauto.ca\/wp-content\/uploads\/2025\/03\/nissan_gt-r_nismo_2024-2.jpeg\" class=\"attachment-post-thumbnail size-post-thumbnail wp-post-image\" alt=\"\" \/><\/p>\n<p>Ces derni\u00e8res ann\u00e9es, Nissan a travers\u00e9 une p\u00e9riode d\u2019incertitude marqu\u00e9e par des changements de direction et des doutes sur ses alliances strat\u00e9giques. Pourtant, une bonne nouvelle \u00e9merge : Ivan Espinosa, fra\u00eechement nomm\u00e9 comme grand patron de la marque, est un v\u00e9ritable passionn\u00e9 d\u2019automobile et veut redonner \u00e0 Nissan son ADN sportif.<\/p>\n<p>Dans une entrevue accord\u00e9e au site Automotive News, Espinosa a \u00e9t\u00e9 clair, d\u00e9clarant ceci : \u00ab Nous continuerons \u00e0 travailler sur les voitures sportives. C\u2019est dans notre ADN. Je ne peux pas dire quand ni comment, mais le nom GT-R existera dans le futur. \u00bb<\/p>\n<p><\/p>\n<figure><figcaption>La Nissan GT-R Nismo 2024 | Auto123.com<\/figcaption><\/figure>\n<p>Les amateurs de la l\u00e9gendaire sportive nomm\u00e9e Godzilla dans le milieu peuvent donc pousser un soupir de soulagement : la rempla\u00e7ante de la g\u00e9n\u00e9ration connue comme la R35 est bien pr\u00e9vue.<\/p>\n<p><strong>Une GT-R, mais aussi un retour de la Silvia ?<\/strong><\/p>\n<p>La GT-R R35 vient tout juste de tirer sa r\u00e9v\u00e9rence au Japon apr\u00e8s une carri\u00e8re exceptionnelle. Nissan avait d\u00e9j\u00e0 promis que son h\u00e9riti\u00e8re reprendrait l\u2019esprit \u00ab Godzilla \u00bb, et le concept futuriste Hyper Force avait donn\u00e9 un avant-go\u00fbt de cette \u00e9volution. Mais apr\u00e8s un remaniement \u00e0 la t\u00eate du constructeur, certains craignaient que les sportives soient les premi\u00e8res sacrifi\u00e9es.<\/p>\n<p>Heureusement, Ivan Espinosa ne veut pas s\u2019arr\u00eater \u00e0 la GT-R. Lorsqu\u2019on lui a demand\u00e9 quelle ancienne ic\u00f4ne de Nissan il aimerait ressusciter, sa r\u00e9ponse a \u00e9t\u00e9 imm\u00e9diate : \u00ab La Silvia, sans aucun doute. \u00bb<\/p>\n<p><\/p>\n<figure><img decoding=\"async\" src=\"https:\/\/news.canadamotorjobs.com\/wp-content\/uploads\/2025\/03\/nissan_silvia_spec-r_aero-1.jpeg\" alt=\"La Nissan Silvia 1999 (Japon)\" \/><figcaption>La Nissan Silvia 1999 (Japon) | Auto123.com<\/figcaption><\/figure>\n<p>Ce n\u2019est pas une r\u00e9ponse anodine. L\u2019an dernier, alors qu\u2019il \u00e9tait encore vice-pr\u00e9sident de la strat\u00e9gie de produit, Espinosa avait d\u00e9j\u00e0 mentionn\u00e9 que Nissan \u00e9tudiait le retour de la Silvia \u00e0 travers des esquisses et des plans pr\u00e9liminaires.<\/p>\n<p><strong>Nissan pr\u00e9pare de grandes annonces<\/strong><\/p>\n<p>Si la prochaine GT-R n\u2019est pas pr\u00e9vue avant plusieurs ann\u00e9es, Nissan ne reste pas inactive. Actuellement, les journalistes de CarBuzz sont au Japon pour tester les nouvelles technologies de la marque, et les premi\u00e8res impressions montrent que Nissan veut concilier performances et innovations.<\/p>\n<p>D\u2019autres rumeurs sugg\u00e8rent que Nissan pourrait faire revivre d\u2019autres noms mythiques, notamment la Skyline sous une nouvelle forme. Mais avant d\u2019exaucer les r\u00eaves des passionn\u00e9s, la priorit\u00e9 de la marque est de stabiliser sa situation financi\u00e8re.<\/p>\n<p>C\u2019est dans cette optique que Nissan va d\u00e9ployer sa nouvelle technologie hybride aux \u00c9tats-Unis et sur d\u2019autres march\u00e9s. Si cette strat\u00e9gie fonctionne, elle pourrait redonner au constructeur les moyens d\u2019\u00e9largir son offre de sportives et de faire rena\u00eetre plusieurs l\u00e9gendes.<\/p>\n<p>L\u2019avenir s\u2019annonce prometteur pour les amateurs de Nissan.<\/p>\n<p><\/p>\n<p style=\"padding-top: 15px\">Contenu original de <a href=\"https:\/\/www.auto123.com\/fr\/actualites\/nissan-confirme-nouvelle-gtr\/72572\/\">auto123<\/a>.<\/p>\n<p>Le texte <a href=\"https:\/\/annuelauto.ca\/nissan-confirme-larrivee-dune-nouvelle-gt-r\/\">Nissan confirme l\u2019arriv\u00e9e d\u2019une nouvelle GT-R<\/a> provient de <a href=\"https:\/\/annuelauto.ca\">L&#8217;annuel de l&#8217;automobile &#8211; Actualit\u00e9 automobile<\/a><\/p>\n<p><\/p>\n","protected":false},"excerpt":{"rendered":"<p>Ces derni\u00e8res ann\u00e9es, Nissan a travers\u00e9 une p\u00e9riode d\u2019incertitude marqu\u00e9e par des changements de direction et des doutes sur ses alliances strat\u00e9giques. Pourtant, une bonne nouvelle \u00e9merge : Ivan Espinosa, fra\u00eechement nomm\u00e9 comme grand patron de la marque, est un v\u00e9ritable passionn\u00e9 d\u2019automobile et veut redonner \u00e0 Nissan son ADN sportif. Dans une entrevue accord\u00e9e [&hellip;]<\/p>\n","protected":false},"author":8,"featured_media":200058,"comment_status":"close","ping_status":"closed","sticky":false,"template":"","format":"standard","meta":{"_monsterinsights_skip_tracking":false,"_monsterinsights_sitenote_active":false,"_monsterinsights_sitenote_note":"","_monsterinsights_sitenote_category":0,"footnotes":""},"categories":[101],"tags":[],"yoast_head":"<!-- This site is optimized with the Yoast SEO plugin v23.2 - https:\/\/yoast.com\/wordpress\/plugins\/seo\/ -->\n<title>Nissan confirme l\u2019arriv\u00e9e d\u2019une nouvelle GT-R - CanadaMotorJobs.com<\/title>\n<meta name=\"description\" content=\"Nissan confirme l\u2019arriv\u00e9e d\u2019une nouvelle GT-R - Benoit Charette - Annuel automobile - CanadaMotorJobs.com.\" \/>\n<meta name=\"robots\" content=\"index, follow, max-snippet:-1, max-image-preview:large, max-video-preview:-1\" \/>\n<meta property=\"og:locale\" content=\"fr_CA\" \/>\n<meta property=\"og:type\" content=\"article\" \/>\n<meta property=\"og:title\" content=\"Nissan confirme l\u2019arriv\u00e9e d\u2019une nouvelle GT-R - CanadaMotorJobs.com\" \/>\n<meta property=\"og:description\" content=\"Nissan confirme l\u2019arriv\u00e9e d\u2019une nouvelle GT-R - Benoit Charette - Annuel automobile - CanadaMotorJobs.com.\" \/>\n<meta property=\"og:url\" content=\"https:\/\/news.canadamotorjobs.com\/fr\/nissan-confirme-larrivee-dune-nouvelle-gt-r\/\" \/>\n<meta property=\"og:site_name\" content=\"CanadaMotorJobs.com\" \/>\n<meta property=\"article:publisher\" content=\"https:\/\/www.facebook.com\/canadamotorjobs\/\" \/>\n<meta property=\"article:published_time\" content=\"2025-03-28T11:32:25+00:00\" \/>\n<meta property=\"article:modified_time\" content=\"2025-03-28T11:44:45+00:00\" \/>\n<meta property=\"og:image\" content=\"https:\/\/news.canadamotorjobs.com\/wp-content\/uploads\/2025\/03\/nissan_gt-r_nismo_2024-2.jpeg\" \/>\n\t<meta property=\"og:image:width\" content=\"1200\" \/>\n\t<meta property=\"og:image:height\" content=\"801\" \/>\n\t<meta property=\"og:image:type\" content=\"image\/jpeg\" \/>\n<meta name=\"author\" content=\"Benoit Charette\" \/>\n<meta name=\"twitter:card\" content=\"summary_large_image\" \/>\n<meta name=\"twitter:creator\" content=\"@canadamotorjobs\" \/>\n<meta name=\"twitter:site\" content=\"@canadamotorjobs\" \/>\n<meta name=\"twitter:label1\" content=\"\u00c9crit par\" \/>\n\t<meta name=\"twitter:data1\" content=\"Benoit Charette\" \/>\n\t<meta name=\"twitter:label2\" content=\"Estimation du temps de lecture\" \/>\n\t<meta name=\"twitter:data2\" content=\"2 minutes\" \/>\n<!-- \/ Yoast SEO plugin. -->","yoast_head_json":{"title":"Nissan confirme l\u2019arriv\u00e9e d\u2019une nouvelle GT-R - CanadaMotorJobs.com","description":"Nissan confirme l\u2019arriv\u00e9e d\u2019une nouvelle GT-R - Benoit Charette - Annuel automobile - CanadaMotorJobs.com.","robots":{"index":"index","follow":"follow","max-snippet":"max-snippet:-1","max-image-preview":"max-image-preview:large","max-video-preview":"max-video-preview:-1"},"og_locale":"fr_CA","og_type":"article","og_title":"Nissan confirme l\u2019arriv\u00e9e d\u2019une nouvelle GT-R - CanadaMotorJobs.com","og_description":"Nissan confirme l\u2019arriv\u00e9e d\u2019une nouvelle GT-R - Benoit Charette - Annuel automobile - CanadaMotorJobs.com.","og_url":"https:\/\/news.canadamotorjobs.com\/fr\/nissan-confirme-larrivee-dune-nouvelle-gt-r\/","og_site_name":"CanadaMotorJobs.com","article_publisher":"https:\/\/www.facebook.com\/canadamotorjobs\/","article_published_time":"2025-03-28T11:32:25+00:00","article_modified_time":"2025-03-28T11:44:45+00:00","og_image":[{"width":1200,"height":801,"url":"https:\/\/news.canadamotorjobs.com\/wp-content\/uploads\/2025\/03\/nissan_gt-r_nismo_2024-2.jpeg","type":"image\/jpeg"}],"author":"Benoit Charette","twitter_card":"summary_large_image","twitter_creator":"@canadamotorjobs","twitter_site":"@canadamotorjobs","twitter_misc":{"\u00c9crit par":"Benoit Charette","Estimation du temps de lecture":"2 minutes"},"schema":{"@context":"https:\/\/schema.org","@graph":[{"@type":"Article","@id":"https:\/\/news.canadamotorjobs.com\/fr\/nissan-confirme-larrivee-dune-nouvelle-gt-r\/#article","isPartOf":{"@id":"https:\/\/news.canadamotorjobs.com\/fr\/nissan-confirme-larrivee-dune-nouvelle-gt-r\/"},"author":{"name":"Benoit Charette","@id":"https:\/\/news.canadamotorjobs.com\/#\/schema\/person\/51793d1f87d44011d7bcc2ed99269a90"},"headline":"Nissan confirme l\u2019arriv\u00e9e d\u2019une nouvelle GT-R","datePublished":"2025-03-28T11:32:25+00:00","dateModified":"2025-03-28T11:44:45+00:00","mainEntityOfPage":{"@id":"https:\/\/news.canadamotorjobs.com\/fr\/nissan-confirme-larrivee-dune-nouvelle-gt-r\/"},"wordCount":498,"publisher":{"@id":"https:\/\/news.canadamotorjobs.com\/#organization"},"image":{"@id":"https:\/\/news.canadamotorjobs.com\/fr\/nissan-confirme-larrivee-dune-nouvelle-gt-r\/#primaryimage"},"thumbnailUrl":"https:\/\/news.canadamotorjobs.com\/wp-content\/uploads\/2025\/03\/nissan_gt-r_nismo_2024-2.jpeg","articleSection":["Annuel automobile"],"inLanguage":"fr-CA"},{"@type":"WebPage","@id":"https:\/\/news.canadamotorjobs.com\/fr\/nissan-confirme-larrivee-dune-nouvelle-gt-r\/","url":"https:\/\/news.canadamotorjobs.com\/fr\/nissan-confirme-larrivee-dune-nouvelle-gt-r\/","name":"Nissan confirme l\u2019arriv\u00e9e d\u2019une nouvelle GT-R - CanadaMotorJobs.com","isPartOf":{"@id":"https:\/\/news.canadamotorjobs.com\/#website"},"primaryImageOfPage":{"@id":"https:\/\/news.canadamotorjobs.com\/fr\/nissan-confirme-larrivee-dune-nouvelle-gt-r\/#primaryimage"},"image":{"@id":"https:\/\/news.canadamotorjobs.com\/fr\/nissan-confirme-larrivee-dune-nouvelle-gt-r\/#primaryimage"},"thumbnailUrl":"https:\/\/news.canadamotorjobs.com\/wp-content\/uploads\/2025\/03\/nissan_gt-r_nismo_2024-2.jpeg","datePublished":"2025-03-28T11:32:25+00:00","dateModified":"2025-03-28T11:44:45+00:00","description":"Nissan confirme l\u2019arriv\u00e9e d\u2019une nouvelle GT-R - Benoit Charette - Annuel automobile - CanadaMotorJobs.com.","breadcrumb":{"@id":"https:\/\/news.canadamotorjobs.com\/fr\/nissan-confirme-larrivee-dune-nouvelle-gt-r\/#breadcrumb"},"inLanguage":"fr-CA","potentialAction":[{"@type":"ReadAction","target":["https:\/\/news.canadamotorjobs.com\/fr\/nissan-confirme-larrivee-dune-nouvelle-gt-r\/"]}]},{"@type":"ImageObject","inLanguage":"fr-CA","@id":"https:\/\/news.canadamotorjobs.com\/fr\/nissan-confirme-larrivee-dune-nouvelle-gt-r\/#primaryimage","url":"https:\/\/news.canadamotorjobs.com\/wp-content\/uploads\/2025\/03\/nissan_gt-r_nismo_2024-2.jpeg","contentUrl":"https:\/\/news.canadamotorjobs.com\/wp-content\/uploads\/2025\/03\/nissan_gt-r_nismo_2024-2.jpeg","width":1200,"height":801},{"@type":"BreadcrumbList","@id":"https:\/\/news.canadamotorjobs.com\/fr\/nissan-confirme-larrivee-dune-nouvelle-gt-r\/#breadcrumb","itemListElement":[{"@type":"ListItem","position":1,"name":"Home","item":"https:\/\/news.canadamotorjobs.com\/fr\/blog\/"},{"@type":"ListItem","position":2,"name":"Nissan confirme l\u2019arriv\u00e9e d\u2019une nouvelle GT-R"}]},{"@type":"WebSite","@id":"https:\/\/news.canadamotorjobs.com\/#website","url":"https:\/\/news.canadamotorjobs.com\/","name":"CanadaMotorJobs.com","description":"Automotive Jobs","publisher":{"@id":"https:\/\/news.canadamotorjobs.com\/#organization"},"potentialAction":[{"@type":"SearchAction","target":{"@type":"EntryPoint","urlTemplate":"https:\/\/news.canadamotorjobs.com\/?s={search_term_string}"},"query-input":"required name=search_term_string"}],"inLanguage":"fr-CA"},{"@type":"Organization","@id":"https:\/\/news.canadamotorjobs.com\/#organization","name":"Canada Motor Jobs","url":"https:\/\/news.canadamotorjobs.com\/","logo":{"@type":"ImageObject","inLanguage":"fr-CA","@id":"https:\/\/news.canadamotorjobs.com\/#\/schema\/logo\/image\/","url":"https:\/\/news.canadamotorjobs.com\/wp-content\/uploads\/2022\/10\/logo-canada-motor-jobs-1.png","contentUrl":"https:\/\/news.canadamotorjobs.com\/wp-content\/uploads\/2022\/10\/logo-canada-motor-jobs-1.png","width":800,"height":400,"caption":"Canada Motor Jobs"},"image":{"@id":"https:\/\/news.canadamotorjobs.com\/#\/schema\/logo\/image\/"},"sameAs":["https:\/\/www.facebook.com\/canadamotorjobs\/","https:\/\/x.com\/canadamotorjobs","https:\/\/www.instagram.com\/canadamotorjobs\/","https:\/\/www.linkedin.com\/company\/canadamotorjobs"]},{"@type":"Person","@id":"https:\/\/news.canadamotorjobs.com\/#\/schema\/person\/51793d1f87d44011d7bcc2ed99269a90","name":"Benoit Charette","image":{"@type":"ImageObject","inLanguage":"fr-CA","@id":"https:\/\/news.canadamotorjobs.com\/#\/schema\/person\/image\/","url":"https:\/\/secure.gravatar.com\/avatar\/45f3d2eebcccd909668d7ce7ea7267b6?s=96&d=mm&r=g","contentUrl":"https:\/\/secure.gravatar.com\/avatar\/45f3d2eebcccd909668d7ce7ea7267b6?s=96&d=mm&r=g","caption":"Benoit Charette"},"description":"Benoit Charette \/ Propri\u00e9taire et r\u00e9dacteur en chef Benoit Charette pratique le journalisme automobile depuis bient\u00f4t 30 ans. Il a fait ses classes au c\u00f4t\u00e9 de Daniel H\u00e9raud et au Carnet de route de 1992 \u00e0 2001. Il est fondateur, copropri\u00e9taire et r\u00e9dacteur en chef de L\u2019Annuel de l\u2019automobile, qu\u2019il publie depuis 2001. Il a anim\u00e9 les \u00e9missions RPM et RPM+ sur V et les L\u00e9gendes de la route sur Historia. \u00c0 la radio depuis 1986, il reprend l\u2019antenne cette ann\u00e9e sur les ondes de Cogeco et participe pour la deuxi\u00e8me ann\u00e9e \u00e0 l\u2019\u00e9mission Passion Auto sur RDS en plus de mettre en ligne le site Web officiel de L\u2019Annuel de l\u2019automobile sur annuelauto.ca.","sameAs":["https:\/\/annuelauto.ca\/"],"url":"https:\/\/news.canadamotorjobs.com\/fr\/author\/benoit-charette\/"}]}},"_links":{"self":[{"href":"https:\/\/news.canadamotorjobs.com\/fr\/wp-json\/wp\/v2\/posts\/200056"}],"collection":[{"href":"https:\/\/news.canadamotorjobs.com\/fr\/wp-json\/wp\/v2\/posts"}],"about":[{"href":"https:\/\/news.canadamotorjobs.com\/fr\/wp-json\/wp\/v2\/types\/post"}],"author":[{"embeddable":true,"href":"https:\/\/news.canadamotorjobs.com\/fr\/wp-json\/wp\/v2\/users\/8"}],"replies":[{"embeddable":true,"href":"https:\/\/news.canadamotorjobs.com\/fr\/wp-json\/wp\/v2\/comments?post=200056"}],"version-history":[{"count":3,"href":"https:\/\/news.canadamotorjobs.com\/fr\/wp-json\/wp\/v2\/posts\/200056\/revisions"}],"predecessor-version":[{"id":200067,"href":"https:\/\/news.canadamotorjobs.com\/fr\/wp-json\/wp\/v2\/posts\/200056\/revisions\/200067"}],"wp:featuredmedia":[{"embeddable":true,"href":"https:\/\/news.canadamotorjobs.com\/fr\/wp-json\/wp\/v2\/media\/200058"}],"wp:attachment":[{"href":"https:\/\/news.canadamotorjobs.com\/fr\/wp-json\/wp\/v2\/media?parent=200056"}],"wp:term":[{"taxonomy":"category","embeddable":true,"href":"https:\/\/news.canadamotorjobs.com\/fr\/wp-json\/wp\/v2\/categories?post=200056"},{"taxonomy":"post_tag","embeddable":true,"href":"https:\/\/news.canadamotorjobs.com\/fr\/wp-json\/wp\/v2\/tags?post=200056"}],"curies":[{"name":"wp","href":"https:\/\/api.w.org\/{rel}","templated":true}]}}