{"id":200021,"date":"2025-03-28T07:32:29","date_gmt":"2025-03-28T11:32:29","guid":{"rendered":"https:\/\/news.canadamotorjobs.com\/?p=200021"},"modified":"2025-03-28T07:44:06","modified_gmt":"2025-03-28T11:44:06","slug":"tarifs-25-pour-les-vehicules-construits-a-lexterieur-des-etats-unis-a-partir-du-2-avril","status":"publish","type":"post","link":"https:\/\/news.canadamotorjobs.com\/fr\/tarifs-25-pour-les-vehicules-construits-a-lexterieur-des-etats-unis-a-partir-du-2-avril\/","title":{"rendered":"Tarifs : 25 % pour les v\u00e9hicules construits \u00e0 l\u2019ext\u00e9rieur des \u00c9tats-Unis, \u00e0 partir du 2 avril"},"content":{"rendered":"<p><img loading=\"lazy\" decoding=\"async\" width=\"1200\" height=\"800\" src=\"https:\/\/annuelauto.ca\/wp-content\/uploads\/2025\/03\/FCA_Windsor_Assembly.jpg\" class=\"attachment-post-thumbnail size-post-thumbnail wp-post-image\" alt=\"\" \/><\/p>\n<p>Le pr\u00e9sident am\u00e9ricain Donald Trump a d\u00e9cid\u00e9 de devancer la date du 2 avril pour annoncer ce qu\u2019il avait l\u2019intention de faire avec ses menaces de tarifs de 25 % pour l\u2019industrie automobile. Il a tranch\u00e9 aujourd\u2019hui avec une annonce effectu\u00e9e en fin d\u2019apr\u00e8s-midi.<\/p>\n<p>\u00c0 moins d\u2019un autre revirement d\u2019ici le 2 avril, les v\u00e9hicules fabriqu\u00e9s \u00e0 l\u2019ext\u00e9rieur des \u00c9tats-Unis seront donc frapp\u00e9s de droits de douane de 25 % \u00e0 partir de cette date.<\/p>\n<p><\/p>\n<figure><figcaption>L&#8217;usine Stellantis en Ontario | Auto123.com<\/figcaption><\/figure>\n<p><strong>Les cons\u00e9quences des tarifs<\/strong><\/p>\n<p>Cela va avoir l\u2019effet d\u2019une douche froide sur l\u2019industrie automobile et aura des cons\u00e9quences majeures. Cela repr\u00e9sente aussi une escalade d\u2019importance dans le conflit commercial qui a \u00e9t\u00e9 initi\u00e9 par le pr\u00e9sident am\u00e9ricain avec les pays nord-am\u00e9ricains jadis alli\u00e9s des \u00c9tats-Unis, le Canada et le Mexique, ainsi que tous les autres avec lesquels il d\u00e9cide de se frotter.<\/p>\n<p>Les tarifs vont avoir des effets d\u00e9vastateurs sur les cha\u00eenes d\u2019approvisionnement mondiales du secteur automobile, qui sont d\u00e9j\u00e0 \u00e9branl\u00e9es par d\u2019autres tarifs, notamment sur l\u2019aluminium et l\u2019acier.<\/p>\n<p>L\u2019impr\u00e9visibilit\u00e9 et le manque de clart\u00e9 et de vision \u00e0 long terme de l\u2019administration am\u00e9ricaine auront des cons\u00e9quences majeures sur l\u2019industrie. Si rien ne change d\u2019ici au 2 avril, il faut se pr\u00e9parer \u00e0 une crise majeure dans l\u2019industrie automobile.<\/p>\n<p>Voici ce que le locataire de la Maison-Blanche avait \u00e0 d\u00e9clarer concernant la mesure annonc\u00e9e :<\/p>\n<p>\u00ab Ce que nous allons faire, c\u2019est imposer des droits de douane de 25 % sur tous les v\u00e9hicules qui ne sont pas fabriqu\u00e9s aux \u00c9tats-Unis. Nous partons d\u2019une base de 2,5 %, ce qui est le cas actuellement, et nous passons \u00e0 25 %. \u00bb<\/p>\n<p>L\u2019objectif tel qu\u2019\u00e9nonc\u00e9 est de soutenir la production aux \u00c9tats-Unis et d\u2019inciter les constructeurs \u00e0 relocaliser la production de leurs v\u00e9hicules aux \u00c9tats-Unis. Les dirigeants de l\u2019industrie et les analystes ont toutefois pr\u00e9venu que des droits de douane importants et g\u00e9n\u00e9ralis\u00e9s entra\u00eeneraient des r\u00e9ductions de la production de nouveaux v\u00e9hicules en Am\u00e9rique du Nord, sans compter que cela va faire augmenter les prix des mod\u00e8les de fa\u00e7on tr\u00e8s importante.<\/p>\n<p>Au moment d\u2019\u00e9crire ces lignes, nous n\u2019avons toujours pas de r\u00e9actions des acteurs de l\u2019industrie, mais \u00e7a ne saurait tarder. Nous allons faire le tour de la question demain. Soyez certains de nous revenir pour tous les d\u00e9tails.<\/p>\n<p><\/p>\n<p style=\"padding-top: 15px\">Contenu original de <a href=\"https:\/\/www.auto123.com\/fr\/actualites\/tarifs-americains-25-pourcent-vehicules-etrangers\/72568\/\">auto123<\/a>.<\/p>\n<p>Le texte <a href=\"https:\/\/annuelauto.ca\/tarifs-25-pour-les-vehicules-construits-a-lexterieur-des-etats-unis-a-partir-du-2-avril\/\">Tarifs : 25 % pour les v\u00e9hicules construits \u00e0 l\u2019ext\u00e9rieur des \u00c9tats-Unis, \u00e0 partir du 2 avril<\/a> provient de <a href=\"https:\/\/annuelauto.ca\">L&#8217;annuel de l&#8217;automobile &#8211; Actualit\u00e9 automobile<\/a><\/p>\n<p><\/p>\n","protected":false},"excerpt":{"rendered":"<p>Le pr\u00e9sident am\u00e9ricain Donald Trump a d\u00e9cid\u00e9 de devancer la date du 2 avril pour annoncer ce qu\u2019il avait l\u2019intention de faire avec ses menaces de tarifs de 25 % pour l\u2019industrie automobile. Il a tranch\u00e9 aujourd\u2019hui avec une annonce effectu\u00e9e en fin d\u2019apr\u00e8s-midi. \u00c0 moins d\u2019un autre revirement d\u2019ici le 2 avril, les v\u00e9hicules [&hellip;]<\/p>\n","protected":false},"author":8,"featured_media":200023,"comment_status":"close","ping_status":"closed","sticky":false,"template":"","format":"standard","meta":{"_monsterinsights_skip_tracking":false,"_monsterinsights_sitenote_active":false,"_monsterinsights_sitenote_note":"","_monsterinsights_sitenote_category":0,"footnotes":""},"categories":[101],"tags":[],"yoast_head":"<!-- This site is optimized with the Yoast SEO plugin v23.2 - https:\/\/yoast.com\/wordpress\/plugins\/seo\/ -->\n<title>Tarifs : 25 % pour les v\u00e9hicules construits \u00e0 l\u2019ext\u00e9rieur des \u00c9tats-Unis, \u00e0 partir du 2 avril - CanadaMotorJobs.com<\/title>\n<meta name=\"description\" content=\"Tarifs : 25 % pour les v\u00e9hicules construits \u00e0 l\u2019ext\u00e9rieur des \u00c9tats-Unis, \u00e0 partir du 2 avril - Benoit Charette - Annuel automobile - CanadaMotorJobs.com.\" \/>\n<meta name=\"robots\" content=\"index, follow, max-snippet:-1, max-image-preview:large, max-video-preview:-1\" \/>\n<meta property=\"og:locale\" content=\"fr_CA\" \/>\n<meta property=\"og:type\" content=\"article\" \/>\n<meta property=\"og:title\" content=\"Tarifs : 25 % pour les v\u00e9hicules construits \u00e0 l\u2019ext\u00e9rieur des \u00c9tats-Unis, \u00e0 partir du 2 avril - CanadaMotorJobs.com\" \/>\n<meta property=\"og:description\" content=\"Tarifs : 25 % pour les v\u00e9hicules construits \u00e0 l\u2019ext\u00e9rieur des \u00c9tats-Unis, \u00e0 partir du 2 avril - Benoit Charette - Annuel automobile - CanadaMotorJobs.com.\" \/>\n<meta property=\"og:url\" content=\"https:\/\/news.canadamotorjobs.com\/fr\/tarifs-25-pour-les-vehicules-construits-a-lexterieur-des-etats-unis-a-partir-du-2-avril\/\" \/>\n<meta property=\"og:site_name\" content=\"CanadaMotorJobs.com\" \/>\n<meta property=\"article:publisher\" content=\"https:\/\/www.facebook.com\/canadamotorjobs\/\" \/>\n<meta property=\"article:published_time\" content=\"2025-03-28T11:32:29+00:00\" \/>\n<meta property=\"article:modified_time\" content=\"2025-03-28T11:44:06+00:00\" \/>\n<meta property=\"og:image\" content=\"https:\/\/news.canadamotorjobs.com\/wp-content\/uploads\/2025\/03\/FCA_Windsor_Assembly.jpg\" \/>\n\t<meta property=\"og:image:width\" content=\"1200\" \/>\n\t<meta property=\"og:image:height\" content=\"800\" \/>\n\t<meta property=\"og:image:type\" content=\"image\/jpeg\" \/>\n<meta name=\"author\" content=\"Benoit Charette\" \/>\n<meta name=\"twitter:card\" content=\"summary_large_image\" \/>\n<meta name=\"twitter:creator\" content=\"@canadamotorjobs\" \/>\n<meta name=\"twitter:site\" content=\"@canadamotorjobs\" \/>\n<meta name=\"twitter:label1\" content=\"\u00c9crit par\" \/>\n\t<meta name=\"twitter:data1\" content=\"Benoit Charette\" \/>\n\t<meta name=\"twitter:label2\" content=\"Estimation du temps de lecture\" \/>\n\t<meta name=\"twitter:data2\" content=\"2 minutes\" \/>\n<!-- \/ Yoast SEO plugin. -->","yoast_head_json":{"title":"Tarifs : 25 % pour les v\u00e9hicules construits \u00e0 l\u2019ext\u00e9rieur des \u00c9tats-Unis, \u00e0 partir du 2 avril - CanadaMotorJobs.com","description":"Tarifs : 25 % pour les v\u00e9hicules construits \u00e0 l\u2019ext\u00e9rieur des \u00c9tats-Unis, \u00e0 partir du 2 avril - Benoit Charette - Annuel automobile - CanadaMotorJobs.com.","robots":{"index":"index","follow":"follow","max-snippet":"max-snippet:-1","max-image-preview":"max-image-preview:large","max-video-preview":"max-video-preview:-1"},"og_locale":"fr_CA","og_type":"article","og_title":"Tarifs : 25 % pour les v\u00e9hicules construits \u00e0 l\u2019ext\u00e9rieur des \u00c9tats-Unis, \u00e0 partir du 2 avril - CanadaMotorJobs.com","og_description":"Tarifs : 25 % pour les v\u00e9hicules construits \u00e0 l\u2019ext\u00e9rieur des \u00c9tats-Unis, \u00e0 partir du 2 avril - Benoit Charette - Annuel automobile - CanadaMotorJobs.com.","og_url":"https:\/\/news.canadamotorjobs.com\/fr\/tarifs-25-pour-les-vehicules-construits-a-lexterieur-des-etats-unis-a-partir-du-2-avril\/","og_site_name":"CanadaMotorJobs.com","article_publisher":"https:\/\/www.facebook.com\/canadamotorjobs\/","article_published_time":"2025-03-28T11:32:29+00:00","article_modified_time":"2025-03-28T11:44:06+00:00","og_image":[{"width":1200,"height":800,"url":"https:\/\/news.canadamotorjobs.com\/wp-content\/uploads\/2025\/03\/FCA_Windsor_Assembly.jpg","type":"image\/jpeg"}],"author":"Benoit Charette","twitter_card":"summary_large_image","twitter_creator":"@canadamotorjobs","twitter_site":"@canadamotorjobs","twitter_misc":{"\u00c9crit par":"Benoit Charette","Estimation du temps de lecture":"2 minutes"},"schema":{"@context":"https:\/\/schema.org","@graph":[{"@type":"Article","@id":"https:\/\/news.canadamotorjobs.com\/fr\/tarifs-25-pour-les-vehicules-construits-a-lexterieur-des-etats-unis-a-partir-du-2-avril\/#article","isPartOf":{"@id":"https:\/\/news.canadamotorjobs.com\/fr\/tarifs-25-pour-les-vehicules-construits-a-lexterieur-des-etats-unis-a-partir-du-2-avril\/"},"author":{"name":"Benoit Charette","@id":"https:\/\/news.canadamotorjobs.com\/#\/schema\/person\/51793d1f87d44011d7bcc2ed99269a90"},"headline":"Tarifs : 25 % pour les v\u00e9hicules construits \u00e0 l\u2019ext\u00e9rieur des \u00c9tats-Unis, \u00e0 partir du 2 avril","datePublished":"2025-03-28T11:32:29+00:00","dateModified":"2025-03-28T11:44:06+00:00","mainEntityOfPage":{"@id":"https:\/\/news.canadamotorjobs.com\/fr\/tarifs-25-pour-les-vehicules-construits-a-lexterieur-des-etats-unis-a-partir-du-2-avril\/"},"wordCount":473,"publisher":{"@id":"https:\/\/news.canadamotorjobs.com\/#organization"},"image":{"@id":"https:\/\/news.canadamotorjobs.com\/fr\/tarifs-25-pour-les-vehicules-construits-a-lexterieur-des-etats-unis-a-partir-du-2-avril\/#primaryimage"},"thumbnailUrl":"https:\/\/news.canadamotorjobs.com\/wp-content\/uploads\/2025\/03\/FCA_Windsor_Assembly.jpg","articleSection":["Annuel automobile"],"inLanguage":"fr-CA"},{"@type":"WebPage","@id":"https:\/\/news.canadamotorjobs.com\/fr\/tarifs-25-pour-les-vehicules-construits-a-lexterieur-des-etats-unis-a-partir-du-2-avril\/","url":"https:\/\/news.canadamotorjobs.com\/fr\/tarifs-25-pour-les-vehicules-construits-a-lexterieur-des-etats-unis-a-partir-du-2-avril\/","name":"Tarifs : 25 % pour les v\u00e9hicules construits \u00e0 l\u2019ext\u00e9rieur des \u00c9tats-Unis, \u00e0 partir du 2 avril - CanadaMotorJobs.com","isPartOf":{"@id":"https:\/\/news.canadamotorjobs.com\/#website"},"primaryImageOfPage":{"@id":"https:\/\/news.canadamotorjobs.com\/fr\/tarifs-25-pour-les-vehicules-construits-a-lexterieur-des-etats-unis-a-partir-du-2-avril\/#primaryimage"},"image":{"@id":"https:\/\/news.canadamotorjobs.com\/fr\/tarifs-25-pour-les-vehicules-construits-a-lexterieur-des-etats-unis-a-partir-du-2-avril\/#primaryimage"},"thumbnailUrl":"https:\/\/news.canadamotorjobs.com\/wp-content\/uploads\/2025\/03\/FCA_Windsor_Assembly.jpg","datePublished":"2025-03-28T11:32:29+00:00","dateModified":"2025-03-28T11:44:06+00:00","description":"Tarifs : 25 % pour les v\u00e9hicules construits \u00e0 l\u2019ext\u00e9rieur des \u00c9tats-Unis, \u00e0 partir du 2 avril - Benoit Charette - Annuel automobile - CanadaMotorJobs.com.","breadcrumb":{"@id":"https:\/\/news.canadamotorjobs.com\/fr\/tarifs-25-pour-les-vehicules-construits-a-lexterieur-des-etats-unis-a-partir-du-2-avril\/#breadcrumb"},"inLanguage":"fr-CA","potentialAction":[{"@type":"ReadAction","target":["https:\/\/news.canadamotorjobs.com\/fr\/tarifs-25-pour-les-vehicules-construits-a-lexterieur-des-etats-unis-a-partir-du-2-avril\/"]}]},{"@type":"ImageObject","inLanguage":"fr-CA","@id":"https:\/\/news.canadamotorjobs.com\/fr\/tarifs-25-pour-les-vehicules-construits-a-lexterieur-des-etats-unis-a-partir-du-2-avril\/#primaryimage","url":"https:\/\/news.canadamotorjobs.com\/wp-content\/uploads\/2025\/03\/FCA_Windsor_Assembly.jpg","contentUrl":"https:\/\/news.canadamotorjobs.com\/wp-content\/uploads\/2025\/03\/FCA_Windsor_Assembly.jpg","width":1200,"height":800},{"@type":"BreadcrumbList","@id":"https:\/\/news.canadamotorjobs.com\/fr\/tarifs-25-pour-les-vehicules-construits-a-lexterieur-des-etats-unis-a-partir-du-2-avril\/#breadcrumb","itemListElement":[{"@type":"ListItem","position":1,"name":"Home","item":"https:\/\/news.canadamotorjobs.com\/fr\/blog\/"},{"@type":"ListItem","position":2,"name":"Tarifs : 25 % pour les v\u00e9hicules construits \u00e0 l\u2019ext\u00e9rieur des \u00c9tats-Unis, \u00e0 partir du 2 avril"}]},{"@type":"WebSite","@id":"https:\/\/news.canadamotorjobs.com\/#website","url":"https:\/\/news.canadamotorjobs.com\/","name":"CanadaMotorJobs.com","description":"Automotive Jobs","publisher":{"@id":"https:\/\/news.canadamotorjobs.com\/#organization"},"potentialAction":[{"@type":"SearchAction","target":{"@type":"EntryPoint","urlTemplate":"https:\/\/news.canadamotorjobs.com\/?s={search_term_string}"},"query-input":"required name=search_term_string"}],"inLanguage":"fr-CA"},{"@type":"Organization","@id":"https:\/\/news.canadamotorjobs.com\/#organization","name":"Canada Motor Jobs","url":"https:\/\/news.canadamotorjobs.com\/","logo":{"@type":"ImageObject","inLanguage":"fr-CA","@id":"https:\/\/news.canadamotorjobs.com\/#\/schema\/logo\/image\/","url":"https:\/\/news.canadamotorjobs.com\/wp-content\/uploads\/2022\/10\/logo-canada-motor-jobs-1.png","contentUrl":"https:\/\/news.canadamotorjobs.com\/wp-content\/uploads\/2022\/10\/logo-canada-motor-jobs-1.png","width":800,"height":400,"caption":"Canada Motor Jobs"},"image":{"@id":"https:\/\/news.canadamotorjobs.com\/#\/schema\/logo\/image\/"},"sameAs":["https:\/\/www.facebook.com\/canadamotorjobs\/","https:\/\/x.com\/canadamotorjobs","https:\/\/www.instagram.com\/canadamotorjobs\/","https:\/\/www.linkedin.com\/company\/canadamotorjobs"]},{"@type":"Person","@id":"https:\/\/news.canadamotorjobs.com\/#\/schema\/person\/51793d1f87d44011d7bcc2ed99269a90","name":"Benoit Charette","image":{"@type":"ImageObject","inLanguage":"fr-CA","@id":"https:\/\/news.canadamotorjobs.com\/#\/schema\/person\/image\/","url":"https:\/\/secure.gravatar.com\/avatar\/45f3d2eebcccd909668d7ce7ea7267b6?s=96&d=mm&r=g","contentUrl":"https:\/\/secure.gravatar.com\/avatar\/45f3d2eebcccd909668d7ce7ea7267b6?s=96&d=mm&r=g","caption":"Benoit Charette"},"description":"Benoit Charette \/ Propri\u00e9taire et r\u00e9dacteur en chef Benoit Charette pratique le journalisme automobile depuis bient\u00f4t 30 ans. Il a fait ses classes au c\u00f4t\u00e9 de Daniel H\u00e9raud et au Carnet de route de 1992 \u00e0 2001. Il est fondateur, copropri\u00e9taire et r\u00e9dacteur en chef de L\u2019Annuel de l\u2019automobile, qu\u2019il publie depuis 2001. Il a anim\u00e9 les \u00e9missions RPM et RPM+ sur V et les L\u00e9gendes de la route sur Historia. \u00c0 la radio depuis 1986, il reprend l\u2019antenne cette ann\u00e9e sur les ondes de Cogeco et participe pour la deuxi\u00e8me ann\u00e9e \u00e0 l\u2019\u00e9mission Passion Auto sur RDS en plus de mettre en ligne le site Web officiel de L\u2019Annuel de l\u2019automobile sur annuelauto.ca.","sameAs":["https:\/\/annuelauto.ca\/"],"url":"https:\/\/news.canadamotorjobs.com\/fr\/author\/benoit-charette\/"}]}},"_links":{"self":[{"href":"https:\/\/news.canadamotorjobs.com\/fr\/wp-json\/wp\/v2\/posts\/200021"}],"collection":[{"href":"https:\/\/news.canadamotorjobs.com\/fr\/wp-json\/wp\/v2\/posts"}],"about":[{"href":"https:\/\/news.canadamotorjobs.com\/fr\/wp-json\/wp\/v2\/types\/post"}],"author":[{"embeddable":true,"href":"https:\/\/news.canadamotorjobs.com\/fr\/wp-json\/wp\/v2\/users\/8"}],"replies":[{"embeddable":true,"href":"https:\/\/news.canadamotorjobs.com\/fr\/wp-json\/wp\/v2\/comments?post=200021"}],"version-history":[{"count":2,"href":"https:\/\/news.canadamotorjobs.com\/fr\/wp-json\/wp\/v2\/posts\/200021\/revisions"}],"predecessor-version":[{"id":200025,"href":"https:\/\/news.canadamotorjobs.com\/fr\/wp-json\/wp\/v2\/posts\/200021\/revisions\/200025"}],"wp:featuredmedia":[{"embeddable":true,"href":"https:\/\/news.canadamotorjobs.com\/fr\/wp-json\/wp\/v2\/media\/200023"}],"wp:attachment":[{"href":"https:\/\/news.canadamotorjobs.com\/fr\/wp-json\/wp\/v2\/media?parent=200021"}],"wp:term":[{"taxonomy":"category","embeddable":true,"href":"https:\/\/news.canadamotorjobs.com\/fr\/wp-json\/wp\/v2\/categories?post=200021"},{"taxonomy":"post_tag","embeddable":true,"href":"https:\/\/news.canadamotorjobs.com\/fr\/wp-json\/wp\/v2\/tags?post=200021"}],"curies":[{"name":"wp","href":"https:\/\/api.w.org\/{rel}","templated":true}]}}