{"id":200014,"date":"2025-03-28T07:32:32","date_gmt":"2025-03-28T11:32:32","guid":{"rendered":"https:\/\/news.canadamotorjobs.com\/?p=200014"},"modified":"2025-03-28T07:43:55","modified_gmt":"2025-03-28T11:43:55","slug":"v8-hemi-une-production-acceleree-tres-bientot","status":"publish","type":"post","link":"https:\/\/news.canadamotorjobs.com\/fr\/v8-hemi-une-production-acceleree-tres-bientot\/","title":{"rendered":"V8 Hemi : une production acc\u00e9l\u00e9r\u00e9e tr\u00e8s bient\u00f4t"},"content":{"rendered":"<p><img loading=\"lazy\" decoding=\"async\" width=\"1200\" height=\"641\" src=\"https:\/\/annuelauto.ca\/wp-content\/uploads\/2025\/03\/2025-dodge-durango-srt-hellcat-hammerhead-002-1.jpg\" class=\"attachment-post-thumbnail size-post-thumbnail wp-post-image\" alt=\"\" \/><\/p>\n<p><strong>\u2022\u00a0\u00a0\u00a0 Stellantis va acc\u00e9l\u00e9rer la production de moteurs V8 Hemi d\u00e8s cette ann\u00e9e.<\/strong><\/p>\n<p>Le moteur V8 Hemi a un statut mythique aupr\u00e8s des amateurs de produits Mopar. Depuis quelque temps, on le voit dispara\u00eetre des produits de Stellantis. C\u2019\u00e9tait un souhait de l\u2019ancien grand patron de la marque, Carlos Tavares.<\/p>\n<p>Or, depuis que ce dernier a \u00e9t\u00e9 incit\u00e9 \u00e0 prendre sa retraite, plusieurs d\u00e9cisions ont \u00e9t\u00e9 renvers\u00e9es au sein de l\u2019entreprise, surtout du c\u00f4t\u00e9 am\u00e9ricain o\u00f9 de toute \u00e9vidence, la compr\u00e9hension du march\u00e9 n\u2019\u00e9tait pas la force du dirigeant.<\/p>\n<p>Et c\u2019est l\u00e0 que le moteur V8 Hemi est touch\u00e9. Ce dernier a disparu de l\u2019offre avec plusieurs mod\u00e8les au cours des 18 derniers mois. Bien s\u00fbr, les Dodge Charger et Challenger ont cess\u00e9 d\u2019\u00eatre produites telles qu\u2019on les connaissait, et le bloc de 5,7 litres a \u00e9t\u00e9 retir\u00e9 de la gamme de camionnettes 1500. Il demeure pr\u00e9sent avec le Durango (5,7 et 6,2 litres) et le Jeep Wrangler 392 (6,4 litres).<\/p>\n<p>\u00a0<\/p>\n<p><\/p>\n<figure><figcaption>Le Dodge Durango SRT Hellcat | Auto123.com<\/figcaption><\/figure>\n<p>Les choses vont apparemment changer. Selon ce que rapporte Mopar Insiders, qui cite des sources anonymes bien au fait du dossier, Stellantis va bient\u00f4t lancer la production de moteurs V8 Hemi de 5,7, 6,2 (suraliment\u00e9) et 6,4 litres \u00e0 son usine de moteurs de Dundee, au Michigan.<\/p>\n<p>Des rumeurs font m\u00eame \u00e9tat d\u2019une nouvelle version de cylindr\u00e9e plus importante.<\/p>\n<p>Il est clair que Stellantis veut relancer ses ventes aux \u00c9tats-Unis, et le geste aura assur\u00e9ment un effet b\u00e9n\u00e9fique \u00e0 ce chapitre. Ce qui aide la compagnie, c\u2019est le changement \u00e0 la Maison-Blanche alors que l\u2019administration Trump a recul\u00e9 sur plusieurs mesures touchant les v\u00e9hicules \u00e9lectriques et indiqu\u00e9 vouloir revoir les normes impos\u00e9es aux constructeurs en mati\u00e8re d\u2019\u00e9conomies d\u2019essence.<\/p>\n<p>Pour le moment, Stellantis n\u2019a pas confirm\u00e9 la production accrue du moteur Hemi, m\u00eame si tous les indices qui nous parviennent depuis quelques semaines vont en ce sens.<\/p>\n<p><\/p>\n<p style=\"padding-top: 15px\">Contenu original de <a href=\"https:\/\/www.auto123.com\/fr\/actualites\/stellantis-v8-hemi-production-ram-dodge\/72563\/\">auto123<\/a>.<\/p>\n<p>Le texte <a href=\"https:\/\/annuelauto.ca\/v8-hemi-une-production-acceleree-tres-bientot\/\">V8 Hemi : une production acc\u00e9l\u00e9r\u00e9e tr\u00e8s bient\u00f4t<\/a> provient de <a href=\"https:\/\/annuelauto.ca\">L&#8217;annuel de l&#8217;automobile &#8211; Actualit\u00e9 automobile<\/a><\/p>\n<p><\/p>\n","protected":false},"excerpt":{"rendered":"<p>\u2022\u00a0\u00a0\u00a0 Stellantis va acc\u00e9l\u00e9rer la production de moteurs V8 Hemi d\u00e8s cette ann\u00e9e. Le moteur V8 Hemi a un statut mythique aupr\u00e8s des amateurs de produits Mopar. Depuis quelque temps, on le voit dispara\u00eetre des produits de Stellantis. C\u2019\u00e9tait un souhait de l\u2019ancien grand patron de la marque, Carlos Tavares. Or, depuis que ce dernier [&hellip;]<\/p>\n","protected":false},"author":8,"featured_media":200016,"comment_status":"close","ping_status":"closed","sticky":false,"template":"","format":"standard","meta":{"_monsterinsights_skip_tracking":false,"_monsterinsights_sitenote_active":false,"_monsterinsights_sitenote_note":"","_monsterinsights_sitenote_category":0,"footnotes":""},"categories":[101],"tags":[],"yoast_head":"<!-- This site is optimized with the Yoast SEO plugin v23.2 - https:\/\/yoast.com\/wordpress\/plugins\/seo\/ -->\n<title>V8 Hemi : une production acc\u00e9l\u00e9r\u00e9e tr\u00e8s bient\u00f4t - CanadaMotorJobs.com<\/title>\n<meta name=\"description\" content=\"V8 Hemi : une production acc\u00e9l\u00e9r\u00e9e tr\u00e8s bient\u00f4t - Benoit Charette - Annuel automobile - CanadaMotorJobs.com.\" \/>\n<meta name=\"robots\" content=\"index, follow, max-snippet:-1, max-image-preview:large, max-video-preview:-1\" \/>\n<meta property=\"og:locale\" content=\"fr_CA\" \/>\n<meta property=\"og:type\" content=\"article\" \/>\n<meta property=\"og:title\" content=\"V8 Hemi : une production acc\u00e9l\u00e9r\u00e9e tr\u00e8s bient\u00f4t - CanadaMotorJobs.com\" \/>\n<meta property=\"og:description\" content=\"V8 Hemi : une production acc\u00e9l\u00e9r\u00e9e tr\u00e8s bient\u00f4t - Benoit Charette - Annuel automobile - CanadaMotorJobs.com.\" \/>\n<meta property=\"og:url\" content=\"https:\/\/news.canadamotorjobs.com\/fr\/v8-hemi-une-production-acceleree-tres-bientot\/\" \/>\n<meta property=\"og:site_name\" content=\"CanadaMotorJobs.com\" \/>\n<meta property=\"article:publisher\" content=\"https:\/\/www.facebook.com\/canadamotorjobs\/\" \/>\n<meta property=\"article:published_time\" content=\"2025-03-28T11:32:32+00:00\" \/>\n<meta property=\"article:modified_time\" content=\"2025-03-28T11:43:55+00:00\" \/>\n<meta property=\"og:image\" content=\"https:\/\/news.canadamotorjobs.com\/wp-content\/uploads\/2025\/03\/2025-dodge-durango-srt-hellcat-hammerhead-002.jpg\" \/>\n\t<meta property=\"og:image:width\" content=\"1200\" \/>\n\t<meta property=\"og:image:height\" content=\"641\" \/>\n\t<meta property=\"og:image:type\" content=\"image\/jpeg\" \/>\n<meta name=\"author\" content=\"Benoit Charette\" \/>\n<meta name=\"twitter:card\" content=\"summary_large_image\" \/>\n<meta name=\"twitter:creator\" content=\"@canadamotorjobs\" \/>\n<meta name=\"twitter:site\" content=\"@canadamotorjobs\" \/>\n<meta name=\"twitter:label1\" content=\"\u00c9crit par\" \/>\n\t<meta name=\"twitter:data1\" content=\"Benoit Charette\" \/>\n\t<meta name=\"twitter:label2\" content=\"Estimation du temps de lecture\" \/>\n\t<meta name=\"twitter:data2\" content=\"2 minutes\" \/>\n<!-- \/ Yoast SEO plugin. -->","yoast_head_json":{"title":"V8 Hemi : une production acc\u00e9l\u00e9r\u00e9e tr\u00e8s bient\u00f4t - CanadaMotorJobs.com","description":"V8 Hemi : une production acc\u00e9l\u00e9r\u00e9e tr\u00e8s bient\u00f4t - Benoit Charette - Annuel automobile - CanadaMotorJobs.com.","robots":{"index":"index","follow":"follow","max-snippet":"max-snippet:-1","max-image-preview":"max-image-preview:large","max-video-preview":"max-video-preview:-1"},"og_locale":"fr_CA","og_type":"article","og_title":"V8 Hemi : une production acc\u00e9l\u00e9r\u00e9e tr\u00e8s bient\u00f4t - CanadaMotorJobs.com","og_description":"V8 Hemi : une production acc\u00e9l\u00e9r\u00e9e tr\u00e8s bient\u00f4t - Benoit Charette - Annuel automobile - CanadaMotorJobs.com.","og_url":"https:\/\/news.canadamotorjobs.com\/fr\/v8-hemi-une-production-acceleree-tres-bientot\/","og_site_name":"CanadaMotorJobs.com","article_publisher":"https:\/\/www.facebook.com\/canadamotorjobs\/","article_published_time":"2025-03-28T11:32:32+00:00","article_modified_time":"2025-03-28T11:43:55+00:00","og_image":[{"width":1200,"height":641,"url":"https:\/\/news.canadamotorjobs.com\/wp-content\/uploads\/2025\/03\/2025-dodge-durango-srt-hellcat-hammerhead-002.jpg","type":"image\/jpeg"}],"author":"Benoit Charette","twitter_card":"summary_large_image","twitter_creator":"@canadamotorjobs","twitter_site":"@canadamotorjobs","twitter_misc":{"\u00c9crit par":"Benoit Charette","Estimation du temps de lecture":"2 minutes"},"schema":{"@context":"https:\/\/schema.org","@graph":[{"@type":"Article","@id":"https:\/\/news.canadamotorjobs.com\/fr\/v8-hemi-une-production-acceleree-tres-bientot\/#article","isPartOf":{"@id":"https:\/\/news.canadamotorjobs.com\/fr\/v8-hemi-une-production-acceleree-tres-bientot\/"},"author":{"name":"Benoit Charette","@id":"https:\/\/news.canadamotorjobs.com\/#\/schema\/person\/51793d1f87d44011d7bcc2ed99269a90"},"headline":"V8 Hemi : une production acc\u00e9l\u00e9r\u00e9e tr\u00e8s bient\u00f4t","datePublished":"2025-03-28T11:32:32+00:00","dateModified":"2025-03-28T11:43:55+00:00","mainEntityOfPage":{"@id":"https:\/\/news.canadamotorjobs.com\/fr\/v8-hemi-une-production-acceleree-tres-bientot\/"},"wordCount":377,"publisher":{"@id":"https:\/\/news.canadamotorjobs.com\/#organization"},"image":{"@id":"https:\/\/news.canadamotorjobs.com\/fr\/v8-hemi-une-production-acceleree-tres-bientot\/#primaryimage"},"thumbnailUrl":"https:\/\/news.canadamotorjobs.com\/wp-content\/uploads\/2025\/03\/2025-dodge-durango-srt-hellcat-hammerhead-002.jpg","articleSection":["Annuel automobile"],"inLanguage":"fr-CA"},{"@type":"WebPage","@id":"https:\/\/news.canadamotorjobs.com\/fr\/v8-hemi-une-production-acceleree-tres-bientot\/","url":"https:\/\/news.canadamotorjobs.com\/fr\/v8-hemi-une-production-acceleree-tres-bientot\/","name":"V8 Hemi : une production acc\u00e9l\u00e9r\u00e9e tr\u00e8s bient\u00f4t - CanadaMotorJobs.com","isPartOf":{"@id":"https:\/\/news.canadamotorjobs.com\/#website"},"primaryImageOfPage":{"@id":"https:\/\/news.canadamotorjobs.com\/fr\/v8-hemi-une-production-acceleree-tres-bientot\/#primaryimage"},"image":{"@id":"https:\/\/news.canadamotorjobs.com\/fr\/v8-hemi-une-production-acceleree-tres-bientot\/#primaryimage"},"thumbnailUrl":"https:\/\/news.canadamotorjobs.com\/wp-content\/uploads\/2025\/03\/2025-dodge-durango-srt-hellcat-hammerhead-002.jpg","datePublished":"2025-03-28T11:32:32+00:00","dateModified":"2025-03-28T11:43:55+00:00","description":"V8 Hemi : une production acc\u00e9l\u00e9r\u00e9e tr\u00e8s bient\u00f4t - Benoit Charette - Annuel automobile - CanadaMotorJobs.com.","breadcrumb":{"@id":"https:\/\/news.canadamotorjobs.com\/fr\/v8-hemi-une-production-acceleree-tres-bientot\/#breadcrumb"},"inLanguage":"fr-CA","potentialAction":[{"@type":"ReadAction","target":["https:\/\/news.canadamotorjobs.com\/fr\/v8-hemi-une-production-acceleree-tres-bientot\/"]}]},{"@type":"ImageObject","inLanguage":"fr-CA","@id":"https:\/\/news.canadamotorjobs.com\/fr\/v8-hemi-une-production-acceleree-tres-bientot\/#primaryimage","url":"https:\/\/news.canadamotorjobs.com\/wp-content\/uploads\/2025\/03\/2025-dodge-durango-srt-hellcat-hammerhead-002.jpg","contentUrl":"https:\/\/news.canadamotorjobs.com\/wp-content\/uploads\/2025\/03\/2025-dodge-durango-srt-hellcat-hammerhead-002.jpg","width":1200,"height":641},{"@type":"BreadcrumbList","@id":"https:\/\/news.canadamotorjobs.com\/fr\/v8-hemi-une-production-acceleree-tres-bientot\/#breadcrumb","itemListElement":[{"@type":"ListItem","position":1,"name":"Home","item":"https:\/\/news.canadamotorjobs.com\/fr\/blog\/"},{"@type":"ListItem","position":2,"name":"V8 Hemi : une production acc\u00e9l\u00e9r\u00e9e tr\u00e8s bient\u00f4t"}]},{"@type":"WebSite","@id":"https:\/\/news.canadamotorjobs.com\/#website","url":"https:\/\/news.canadamotorjobs.com\/","name":"CanadaMotorJobs.com","description":"Automotive Jobs","publisher":{"@id":"https:\/\/news.canadamotorjobs.com\/#organization"},"potentialAction":[{"@type":"SearchAction","target":{"@type":"EntryPoint","urlTemplate":"https:\/\/news.canadamotorjobs.com\/?s={search_term_string}"},"query-input":"required name=search_term_string"}],"inLanguage":"fr-CA"},{"@type":"Organization","@id":"https:\/\/news.canadamotorjobs.com\/#organization","name":"Canada Motor Jobs","url":"https:\/\/news.canadamotorjobs.com\/","logo":{"@type":"ImageObject","inLanguage":"fr-CA","@id":"https:\/\/news.canadamotorjobs.com\/#\/schema\/logo\/image\/","url":"https:\/\/news.canadamotorjobs.com\/wp-content\/uploads\/2022\/10\/logo-canada-motor-jobs-1.png","contentUrl":"https:\/\/news.canadamotorjobs.com\/wp-content\/uploads\/2022\/10\/logo-canada-motor-jobs-1.png","width":800,"height":400,"caption":"Canada Motor Jobs"},"image":{"@id":"https:\/\/news.canadamotorjobs.com\/#\/schema\/logo\/image\/"},"sameAs":["https:\/\/www.facebook.com\/canadamotorjobs\/","https:\/\/x.com\/canadamotorjobs","https:\/\/www.instagram.com\/canadamotorjobs\/","https:\/\/www.linkedin.com\/company\/canadamotorjobs"]},{"@type":"Person","@id":"https:\/\/news.canadamotorjobs.com\/#\/schema\/person\/51793d1f87d44011d7bcc2ed99269a90","name":"Benoit Charette","image":{"@type":"ImageObject","inLanguage":"fr-CA","@id":"https:\/\/news.canadamotorjobs.com\/#\/schema\/person\/image\/","url":"https:\/\/secure.gravatar.com\/avatar\/45f3d2eebcccd909668d7ce7ea7267b6?s=96&d=mm&r=g","contentUrl":"https:\/\/secure.gravatar.com\/avatar\/45f3d2eebcccd909668d7ce7ea7267b6?s=96&d=mm&r=g","caption":"Benoit Charette"},"description":"Benoit Charette \/ Propri\u00e9taire et r\u00e9dacteur en chef Benoit Charette pratique le journalisme automobile depuis bient\u00f4t 30 ans. Il a fait ses classes au c\u00f4t\u00e9 de Daniel H\u00e9raud et au Carnet de route de 1992 \u00e0 2001. Il est fondateur, copropri\u00e9taire et r\u00e9dacteur en chef de L\u2019Annuel de l\u2019automobile, qu\u2019il publie depuis 2001. Il a anim\u00e9 les \u00e9missions RPM et RPM+ sur V et les L\u00e9gendes de la route sur Historia. \u00c0 la radio depuis 1986, il reprend l\u2019antenne cette ann\u00e9e sur les ondes de Cogeco et participe pour la deuxi\u00e8me ann\u00e9e \u00e0 l\u2019\u00e9mission Passion Auto sur RDS en plus de mettre en ligne le site Web officiel de L\u2019Annuel de l\u2019automobile sur annuelauto.ca.","sameAs":["https:\/\/annuelauto.ca\/"],"url":"https:\/\/news.canadamotorjobs.com\/fr\/author\/benoit-charette\/"}]}},"_links":{"self":[{"href":"https:\/\/news.canadamotorjobs.com\/fr\/wp-json\/wp\/v2\/posts\/200014"}],"collection":[{"href":"https:\/\/news.canadamotorjobs.com\/fr\/wp-json\/wp\/v2\/posts"}],"about":[{"href":"https:\/\/news.canadamotorjobs.com\/fr\/wp-json\/wp\/v2\/types\/post"}],"author":[{"embeddable":true,"href":"https:\/\/news.canadamotorjobs.com\/fr\/wp-json\/wp\/v2\/users\/8"}],"replies":[{"embeddable":true,"href":"https:\/\/news.canadamotorjobs.com\/fr\/wp-json\/wp\/v2\/comments?post=200014"}],"version-history":[{"count":2,"href":"https:\/\/news.canadamotorjobs.com\/fr\/wp-json\/wp\/v2\/posts\/200014\/revisions"}],"predecessor-version":[{"id":200018,"href":"https:\/\/news.canadamotorjobs.com\/fr\/wp-json\/wp\/v2\/posts\/200014\/revisions\/200018"}],"wp:featuredmedia":[{"embeddable":true,"href":"https:\/\/news.canadamotorjobs.com\/fr\/wp-json\/wp\/v2\/media\/200016"}],"wp:attachment":[{"href":"https:\/\/news.canadamotorjobs.com\/fr\/wp-json\/wp\/v2\/media?parent=200014"}],"wp:term":[{"taxonomy":"category","embeddable":true,"href":"https:\/\/news.canadamotorjobs.com\/fr\/wp-json\/wp\/v2\/categories?post=200014"},{"taxonomy":"post_tag","embeddable":true,"href":"https:\/\/news.canadamotorjobs.com\/fr\/wp-json\/wp\/v2\/tags?post=200014"}],"curies":[{"name":"wp","href":"https:\/\/api.w.org\/{rel}","templated":true}]}}