{"id":199985,"date":"2025-03-27T07:51:38","date_gmt":"2025-03-27T11:51:38","guid":{"rendered":"https:\/\/news.canadamotorjobs.com\/?p=199985"},"modified":"2025-03-27T07:59:04","modified_gmt":"2025-03-27T11:59:04","slug":"volvo-demande-aux-proprietaires-de-phev-de-ne-plus-brancher-leur-vehicule","status":"publish","type":"post","link":"https:\/\/news.canadamotorjobs.com\/fr\/volvo-demande-aux-proprietaires-de-phev-de-ne-plus-brancher-leur-vehicule\/","title":{"rendered":"Volvo demande aux propri\u00e9taires de PHEV de ne plus brancher leur v\u00e9hicule"},"content":{"rendered":"<\/p>\n<p class=\"\" data-start=\"552\" data-end=\"908\">Coup dur pour <strong data-start=\"566\" data-end=\"575\">Volvo<\/strong> et les propri\u00e9taires d\u2019hybrides rechargeables : le constructeur su\u00e9dois <strong data-start=\"648\" data-end=\"734\">demande \u00e0 7 483 propri\u00e9taires de cesser imm\u00e9diatement la recharge de leur v\u00e9hicule<\/strong>. En cause, un d\u00e9faut de fabrication au niveau de la batterie qui pourrait <strong data-start=\"809\" data-end=\"867\">provoquer un court-circuit et un emballement thermique<\/strong>, menant potentiellement \u00e0 un incendie.<\/p>\n<p><\/p>\n<p class=\"\" data-start=\"910\" data-end=\"1065\">Le risque est d\u2019autant plus pr\u00e9occupant qu\u2019il peut <strong data-start=\"961\" data-end=\"1028\">se produire lorsque la voiture est gar\u00e9e et enti\u00e8rement charg\u00e9e<\/strong>, y compris la nuit dans un garage.<\/p>\n<h3 data-start=\"1072\" data-end=\"1111\"><strong data-start=\"1075\" data-end=\"1109\">Quels mod\u00e8les sont concern\u00e9s ?<\/strong><\/h3>\n<p><\/p>\n<p class=\"\" data-start=\"1113\" data-end=\"1207\">Le rappel touche plusieurs mod\u00e8les hybrides rechargeables des ann\u00e9es <strong data-start=\"1182\" data-end=\"1197\">2020 \u00e0 2022<\/strong>, dont :<\/p>\n<ul data-start=\"1209\" data-end=\"1385\"><\/p>\n<li class=\"\" data-start=\"1209\" data-end=\"1238\">\n<p class=\"\" data-start=\"1211\" data-end=\"1238\"><strong data-start=\"1211\" data-end=\"1224\">Volvo S60<\/strong> (2020-2022)<\/p>\n<p>\n<\/li>\n<p><\/p>\n<li class=\"\" data-start=\"1239\" data-end=\"1268\">\n<p class=\"\" data-start=\"1241\" data-end=\"1268\"><strong data-start=\"1241\" data-end=\"1254\">Volvo V60<\/strong> (2020-2022)<\/p>\n<p>\n<\/li>\n<p><\/p>\n<li class=\"\" data-start=\"1269\" data-end=\"1298\">\n<p class=\"\" data-start=\"1271\" data-end=\"1298\"><strong data-start=\"1271\" data-end=\"1284\">Volvo S90<\/strong> (2020-2021)<\/p>\n<p>\n<\/li>\n<p><\/p>\n<li class=\"\" data-start=\"1299\" data-end=\"1323\">\n<p class=\"\" data-start=\"1301\" data-end=\"1323\"><strong data-start=\"1301\" data-end=\"1314\">Volvo V90<\/strong> (2022)<\/p>\n<p>\n<\/li>\n<p><\/p>\n<li class=\"\" data-start=\"1324\" data-end=\"1354\">\n<p class=\"\" data-start=\"1326\" data-end=\"1354\"><strong data-start=\"1326\" data-end=\"1340\">Volvo XC60<\/strong> (2020-2022)<\/p>\n<p>\n<\/li>\n<p><\/p>\n<li class=\"\" data-start=\"1355\" data-end=\"1385\">\n<p class=\"\" data-start=\"1357\" data-end=\"1385\"><strong data-start=\"1357\" data-end=\"1371\">Volvo XC90<\/strong> (2020-2022)<\/p>\n<p>\n<\/li>\n<p>\n<\/ul>\n<p><\/p>\n<h3 data-start=\"1392\" data-end=\"1433\"><strong data-start=\"1395\" data-end=\"1431\">Un probl\u00e8me li\u00e9 aux batteries LG<\/strong><\/h3>\n<p><\/p>\n<p class=\"\" data-start=\"1435\" data-end=\"1691\">Apr\u00e8s une enqu\u00eate approfondie, Volvo a identifi\u00e9 une <strong data-start=\"1488\" data-end=\"1517\">\u201cd\u00e9viation de production\u201d<\/strong> affectant le module de batterie. <strong data-start=\"1551\" data-end=\"1598\">Les cellules lithium-ion, fabriqu\u00e9es par LG<\/strong>, pourraient pr\u00e9senter un <strong data-start=\"1624\" data-end=\"1649\">court-circuit interne<\/strong>, entra\u00eenant une surchauffe incontr\u00f4l\u00e9e.<\/p>\n<p><\/p>\n<p class=\"\" data-start=\"1693\" data-end=\"1949\">L\u2019affaire a pris de l\u2019ampleur en f\u00e9vrier 2024 lorsqu\u2019un client a signal\u00e9 un <strong data-start=\"1769\" data-end=\"1791\">incident thermique<\/strong>. Volvo a alors lanc\u00e9 une investigation qui a r\u00e9v\u00e9l\u00e9 <strong data-start=\"1844\" data-end=\"1867\">deux cas similaires<\/strong>. Heureusement, aucun <strong data-start=\"1889\" data-end=\"1920\">accident, blessure ou d\u00e9c\u00e8s<\/strong> n\u2019a \u00e9t\u00e9 recens\u00e9 \u00e0 ce jour.<\/p>\n<h3 data-start=\"1956\" data-end=\"2007\"><strong data-start=\"1959\" data-end=\"2005\">Quelles solutions pour les propri\u00e9taires ?<\/strong><\/h3>\n<p><\/p>\n<p class=\"\" data-start=\"2009\" data-end=\"2275\">Les propri\u00e9taires recevront un avis officiel en <strong data-start=\"2057\" data-end=\"2069\">mai 2024<\/strong> leur demandant de se rendre chez leur concessionnaire Volvo. Une inspection compl\u00e8te du <strong data-start=\"2158\" data-end=\"2180\">module de batterie<\/strong> sera r\u00e9alis\u00e9e et, si des anomalies sont d\u00e9tect\u00e9es, <strong data-start=\"2232\" data-end=\"2272\">le module sera remplac\u00e9 gratuitement<\/strong>.<\/p>\n<p><\/p>\n<p class=\"\" data-start=\"2277\" data-end=\"2457\">Tous les v\u00e9hicules b\u00e9n\u00e9ficieront \u00e9galement d\u2019une <strong data-start=\"2326\" data-end=\"2352\">mise \u00e0 jour logicielle<\/strong> permettant de <strong data-start=\"2367\" data-end=\"2417\">surveiller en temps r\u00e9el l\u2019\u00e9tat de la batterie<\/strong> afin d\u2019anticiper tout probl\u00e8me futur.<\/p>\n<h3 data-start=\"2464\" data-end=\"2497\"><strong data-start=\"2467\" data-end=\"2495\">Que faire en attendant ?<\/strong><\/h3>\n<p><\/p>\n<p class=\"\" data-start=\"2499\" data-end=\"2770\">Si vous poss\u00e9dez l\u2019un des mod\u00e8les concern\u00e9s, <strong data-start=\"2544\" data-end=\"2582\">\u00e9vitez de recharger votre v\u00e9hicule<\/strong> jusqu\u2019\u00e0 ce que le correctif soit appliqu\u00e9. Si vous ressentez une odeur de br\u00fbl\u00e9 ou notez un comportement anormal de la batterie, <strong data-start=\"2712\" data-end=\"2767\">contactez imm\u00e9diatement votre concessionnaire Volvo<\/strong>.<\/p>\n<p><\/p>\n<p class=\"\" data-start=\"2772\" data-end=\"2909\">Volvo joue ici la prudence pour <strong data-start=\"2804\" data-end=\"2844\">pr\u00e9server la s\u00e9curit\u00e9 de ses clients<\/strong> et \u00e9viter une crise majeure. Une affaire \u00e0 suivre de pr\u00e8s !<\/p>\n<p><\/p>\n<p data-start=\"2772\" data-end=\"2909\">Avec des renseignements de carscoops<\/p>\n<p>Le texte <a href=\"https:\/\/annuelauto.ca\/volvo-rappel-hybrides-rechargeables\/\">Volvo demande aux propri\u00e9taires de PHEV de ne plus brancher leur v\u00e9hicule<\/a> provient de <a href=\"https:\/\/annuelauto.ca\">L&#8217;annuel de l&#8217;automobile &#8211; Actualit\u00e9 automobile<\/a><\/p>\n<p><\/p>\n","protected":false},"excerpt":{"rendered":"<p>Coup dur pour Volvo et les propri\u00e9taires d\u2019hybrides rechargeables : le constructeur su\u00e9dois demande \u00e0 7 483 propri\u00e9taires de cesser imm\u00e9diatement la recharge de leur v\u00e9hicule. En cause, un d\u00e9faut de fabrication au niveau de la batterie qui pourrait provoquer un court-circuit et un emballement thermique, menant potentiellement \u00e0 un incendie. Le risque est d\u2019autant [&hellip;]<\/p>\n","protected":false},"author":8,"featured_media":199987,"comment_status":"close","ping_status":"closed","sticky":false,"template":"","format":"standard","meta":{"_monsterinsights_skip_tracking":false,"_monsterinsights_sitenote_active":false,"_monsterinsights_sitenote_note":"","_monsterinsights_sitenote_category":0,"footnotes":""},"categories":[101],"tags":[],"yoast_head":"<!-- This site is optimized with the Yoast SEO plugin v23.2 - https:\/\/yoast.com\/wordpress\/plugins\/seo\/ -->\n<title>Volvo demande aux propri\u00e9taires de PHEV de ne plus brancher leur v\u00e9hicule - CanadaMotorJobs.com<\/title>\n<meta name=\"description\" content=\"Volvo demande aux propri\u00e9taires de PHEV de ne plus brancher leur v\u00e9hicule - Benoit Charette - Annuel automobile - CanadaMotorJobs.com.\" \/>\n<meta name=\"robots\" content=\"index, follow, max-snippet:-1, max-image-preview:large, max-video-preview:-1\" \/>\n<meta property=\"og:locale\" content=\"fr_CA\" \/>\n<meta property=\"og:type\" content=\"article\" \/>\n<meta property=\"og:title\" content=\"Volvo demande aux propri\u00e9taires de PHEV de ne plus brancher leur v\u00e9hicule - CanadaMotorJobs.com\" \/>\n<meta property=\"og:description\" content=\"Volvo demande aux propri\u00e9taires de PHEV de ne plus brancher leur v\u00e9hicule - Benoit Charette - Annuel automobile - CanadaMotorJobs.com.\" \/>\n<meta property=\"og:url\" content=\"https:\/\/news.canadamotorjobs.com\/fr\/volvo-demande-aux-proprietaires-de-phev-de-ne-plus-brancher-leur-vehicule\/\" \/>\n<meta property=\"og:site_name\" content=\"CanadaMotorJobs.com\" \/>\n<meta property=\"article:publisher\" content=\"https:\/\/www.facebook.com\/canadamotorjobs\/\" \/>\n<meta property=\"article:published_time\" content=\"2025-03-27T11:51:38+00:00\" \/>\n<meta property=\"article:modified_time\" content=\"2025-03-27T11:59:04+00:00\" \/>\n<meta property=\"og:image\" content=\"https:\/\/news.canadamotorjobs.com\/wp-content\/uploads\/2025\/03\/volvo-sneakily-updates-their-logo-takes-the-minimalist-route.jpg\" \/>\n\t<meta property=\"og:image:width\" content=\"1920\" \/>\n\t<meta property=\"og:image:height\" content=\"1080\" \/>\n\t<meta property=\"og:image:type\" content=\"image\/jpeg\" \/>\n<meta name=\"author\" content=\"Benoit Charette\" \/>\n<meta name=\"twitter:card\" content=\"summary_large_image\" \/>\n<meta name=\"twitter:creator\" content=\"@canadamotorjobs\" \/>\n<meta name=\"twitter:site\" content=\"@canadamotorjobs\" \/>\n<meta name=\"twitter:label1\" content=\"\u00c9crit par\" \/>\n\t<meta name=\"twitter:data1\" content=\"Benoit Charette\" \/>\n\t<meta name=\"twitter:label2\" content=\"Estimation du temps de lecture\" \/>\n\t<meta name=\"twitter:data2\" content=\"2 minutes\" \/>\n<!-- \/ Yoast SEO plugin. -->","yoast_head_json":{"title":"Volvo demande aux propri\u00e9taires de PHEV de ne plus brancher leur v\u00e9hicule - CanadaMotorJobs.com","description":"Volvo demande aux propri\u00e9taires de PHEV de ne plus brancher leur v\u00e9hicule - Benoit Charette - Annuel automobile - CanadaMotorJobs.com.","robots":{"index":"index","follow":"follow","max-snippet":"max-snippet:-1","max-image-preview":"max-image-preview:large","max-video-preview":"max-video-preview:-1"},"og_locale":"fr_CA","og_type":"article","og_title":"Volvo demande aux propri\u00e9taires de PHEV de ne plus brancher leur v\u00e9hicule - CanadaMotorJobs.com","og_description":"Volvo demande aux propri\u00e9taires de PHEV de ne plus brancher leur v\u00e9hicule - Benoit Charette - Annuel automobile - CanadaMotorJobs.com.","og_url":"https:\/\/news.canadamotorjobs.com\/fr\/volvo-demande-aux-proprietaires-de-phev-de-ne-plus-brancher-leur-vehicule\/","og_site_name":"CanadaMotorJobs.com","article_publisher":"https:\/\/www.facebook.com\/canadamotorjobs\/","article_published_time":"2025-03-27T11:51:38+00:00","article_modified_time":"2025-03-27T11:59:04+00:00","og_image":[{"width":1920,"height":1080,"url":"https:\/\/news.canadamotorjobs.com\/wp-content\/uploads\/2025\/03\/volvo-sneakily-updates-their-logo-takes-the-minimalist-route.jpg","type":"image\/jpeg"}],"author":"Benoit Charette","twitter_card":"summary_large_image","twitter_creator":"@canadamotorjobs","twitter_site":"@canadamotorjobs","twitter_misc":{"\u00c9crit par":"Benoit Charette","Estimation du temps de lecture":"2 minutes"},"schema":{"@context":"https:\/\/schema.org","@graph":[{"@type":"Article","@id":"https:\/\/news.canadamotorjobs.com\/fr\/volvo-demande-aux-proprietaires-de-phev-de-ne-plus-brancher-leur-vehicule\/#article","isPartOf":{"@id":"https:\/\/news.canadamotorjobs.com\/fr\/volvo-demande-aux-proprietaires-de-phev-de-ne-plus-brancher-leur-vehicule\/"},"author":{"name":"Benoit Charette","@id":"https:\/\/news.canadamotorjobs.com\/#\/schema\/person\/51793d1f87d44011d7bcc2ed99269a90"},"headline":"Volvo demande aux propri\u00e9taires de PHEV de ne plus brancher leur v\u00e9hicule","datePublished":"2025-03-27T11:51:38+00:00","dateModified":"2025-03-27T11:59:04+00:00","mainEntityOfPage":{"@id":"https:\/\/news.canadamotorjobs.com\/fr\/volvo-demande-aux-proprietaires-de-phev-de-ne-plus-brancher-leur-vehicule\/"},"wordCount":412,"publisher":{"@id":"https:\/\/news.canadamotorjobs.com\/#organization"},"image":{"@id":"https:\/\/news.canadamotorjobs.com\/fr\/volvo-demande-aux-proprietaires-de-phev-de-ne-plus-brancher-leur-vehicule\/#primaryimage"},"thumbnailUrl":"https:\/\/news.canadamotorjobs.com\/wp-content\/uploads\/2025\/03\/volvo-sneakily-updates-their-logo-takes-the-minimalist-route.jpg","articleSection":["Annuel automobile"],"inLanguage":"fr-CA"},{"@type":"WebPage","@id":"https:\/\/news.canadamotorjobs.com\/fr\/volvo-demande-aux-proprietaires-de-phev-de-ne-plus-brancher-leur-vehicule\/","url":"https:\/\/news.canadamotorjobs.com\/fr\/volvo-demande-aux-proprietaires-de-phev-de-ne-plus-brancher-leur-vehicule\/","name":"Volvo demande aux propri\u00e9taires de PHEV de ne plus brancher leur v\u00e9hicule - CanadaMotorJobs.com","isPartOf":{"@id":"https:\/\/news.canadamotorjobs.com\/#website"},"primaryImageOfPage":{"@id":"https:\/\/news.canadamotorjobs.com\/fr\/volvo-demande-aux-proprietaires-de-phev-de-ne-plus-brancher-leur-vehicule\/#primaryimage"},"image":{"@id":"https:\/\/news.canadamotorjobs.com\/fr\/volvo-demande-aux-proprietaires-de-phev-de-ne-plus-brancher-leur-vehicule\/#primaryimage"},"thumbnailUrl":"https:\/\/news.canadamotorjobs.com\/wp-content\/uploads\/2025\/03\/volvo-sneakily-updates-their-logo-takes-the-minimalist-route.jpg","datePublished":"2025-03-27T11:51:38+00:00","dateModified":"2025-03-27T11:59:04+00:00","description":"Volvo demande aux propri\u00e9taires de PHEV de ne plus brancher leur v\u00e9hicule - Benoit Charette - Annuel automobile - CanadaMotorJobs.com.","breadcrumb":{"@id":"https:\/\/news.canadamotorjobs.com\/fr\/volvo-demande-aux-proprietaires-de-phev-de-ne-plus-brancher-leur-vehicule\/#breadcrumb"},"inLanguage":"fr-CA","potentialAction":[{"@type":"ReadAction","target":["https:\/\/news.canadamotorjobs.com\/fr\/volvo-demande-aux-proprietaires-de-phev-de-ne-plus-brancher-leur-vehicule\/"]}]},{"@type":"ImageObject","inLanguage":"fr-CA","@id":"https:\/\/news.canadamotorjobs.com\/fr\/volvo-demande-aux-proprietaires-de-phev-de-ne-plus-brancher-leur-vehicule\/#primaryimage","url":"https:\/\/news.canadamotorjobs.com\/wp-content\/uploads\/2025\/03\/volvo-sneakily-updates-their-logo-takes-the-minimalist-route.jpg","contentUrl":"https:\/\/news.canadamotorjobs.com\/wp-content\/uploads\/2025\/03\/volvo-sneakily-updates-their-logo-takes-the-minimalist-route.jpg","width":1920,"height":1080},{"@type":"BreadcrumbList","@id":"https:\/\/news.canadamotorjobs.com\/fr\/volvo-demande-aux-proprietaires-de-phev-de-ne-plus-brancher-leur-vehicule\/#breadcrumb","itemListElement":[{"@type":"ListItem","position":1,"name":"Home","item":"https:\/\/news.canadamotorjobs.com\/fr\/blog\/"},{"@type":"ListItem","position":2,"name":"Volvo demande aux propri\u00e9taires de PHEV de ne plus brancher leur v\u00e9hicule"}]},{"@type":"WebSite","@id":"https:\/\/news.canadamotorjobs.com\/#website","url":"https:\/\/news.canadamotorjobs.com\/","name":"CanadaMotorJobs.com","description":"Automotive Jobs","publisher":{"@id":"https:\/\/news.canadamotorjobs.com\/#organization"},"potentialAction":[{"@type":"SearchAction","target":{"@type":"EntryPoint","urlTemplate":"https:\/\/news.canadamotorjobs.com\/?s={search_term_string}"},"query-input":"required name=search_term_string"}],"inLanguage":"fr-CA"},{"@type":"Organization","@id":"https:\/\/news.canadamotorjobs.com\/#organization","name":"Canada Motor Jobs","url":"https:\/\/news.canadamotorjobs.com\/","logo":{"@type":"ImageObject","inLanguage":"fr-CA","@id":"https:\/\/news.canadamotorjobs.com\/#\/schema\/logo\/image\/","url":"https:\/\/news.canadamotorjobs.com\/wp-content\/uploads\/2022\/10\/logo-canada-motor-jobs-1.png","contentUrl":"https:\/\/news.canadamotorjobs.com\/wp-content\/uploads\/2022\/10\/logo-canada-motor-jobs-1.png","width":800,"height":400,"caption":"Canada Motor Jobs"},"image":{"@id":"https:\/\/news.canadamotorjobs.com\/#\/schema\/logo\/image\/"},"sameAs":["https:\/\/www.facebook.com\/canadamotorjobs\/","https:\/\/x.com\/canadamotorjobs","https:\/\/www.instagram.com\/canadamotorjobs\/","https:\/\/www.linkedin.com\/company\/canadamotorjobs"]},{"@type":"Person","@id":"https:\/\/news.canadamotorjobs.com\/#\/schema\/person\/51793d1f87d44011d7bcc2ed99269a90","name":"Benoit Charette","image":{"@type":"ImageObject","inLanguage":"fr-CA","@id":"https:\/\/news.canadamotorjobs.com\/#\/schema\/person\/image\/","url":"https:\/\/secure.gravatar.com\/avatar\/45f3d2eebcccd909668d7ce7ea7267b6?s=96&d=mm&r=g","contentUrl":"https:\/\/secure.gravatar.com\/avatar\/45f3d2eebcccd909668d7ce7ea7267b6?s=96&d=mm&r=g","caption":"Benoit Charette"},"description":"Benoit Charette \/ Propri\u00e9taire et r\u00e9dacteur en chef Benoit Charette pratique le journalisme automobile depuis bient\u00f4t 30 ans. Il a fait ses classes au c\u00f4t\u00e9 de Daniel H\u00e9raud et au Carnet de route de 1992 \u00e0 2001. Il est fondateur, copropri\u00e9taire et r\u00e9dacteur en chef de L\u2019Annuel de l\u2019automobile, qu\u2019il publie depuis 2001. Il a anim\u00e9 les \u00e9missions RPM et RPM+ sur V et les L\u00e9gendes de la route sur Historia. \u00c0 la radio depuis 1986, il reprend l\u2019antenne cette ann\u00e9e sur les ondes de Cogeco et participe pour la deuxi\u00e8me ann\u00e9e \u00e0 l\u2019\u00e9mission Passion Auto sur RDS en plus de mettre en ligne le site Web officiel de L\u2019Annuel de l\u2019automobile sur annuelauto.ca.","sameAs":["https:\/\/annuelauto.ca\/"],"url":"https:\/\/news.canadamotorjobs.com\/fr\/author\/benoit-charette\/"}]}},"_links":{"self":[{"href":"https:\/\/news.canadamotorjobs.com\/fr\/wp-json\/wp\/v2\/posts\/199985"}],"collection":[{"href":"https:\/\/news.canadamotorjobs.com\/fr\/wp-json\/wp\/v2\/posts"}],"about":[{"href":"https:\/\/news.canadamotorjobs.com\/fr\/wp-json\/wp\/v2\/types\/post"}],"author":[{"embeddable":true,"href":"https:\/\/news.canadamotorjobs.com\/fr\/wp-json\/wp\/v2\/users\/8"}],"replies":[{"embeddable":true,"href":"https:\/\/news.canadamotorjobs.com\/fr\/wp-json\/wp\/v2\/comments?post=199985"}],"version-history":[{"count":2,"href":"https:\/\/news.canadamotorjobs.com\/fr\/wp-json\/wp\/v2\/posts\/199985\/revisions"}],"predecessor-version":[{"id":199989,"href":"https:\/\/news.canadamotorjobs.com\/fr\/wp-json\/wp\/v2\/posts\/199985\/revisions\/199989"}],"wp:featuredmedia":[{"embeddable":true,"href":"https:\/\/news.canadamotorjobs.com\/fr\/wp-json\/wp\/v2\/media\/199987"}],"wp:attachment":[{"href":"https:\/\/news.canadamotorjobs.com\/fr\/wp-json\/wp\/v2\/media?parent=199985"}],"wp:term":[{"taxonomy":"category","embeddable":true,"href":"https:\/\/news.canadamotorjobs.com\/fr\/wp-json\/wp\/v2\/categories?post=199985"},{"taxonomy":"post_tag","embeddable":true,"href":"https:\/\/news.canadamotorjobs.com\/fr\/wp-json\/wp\/v2\/tags?post=199985"}],"curies":[{"name":"wp","href":"https:\/\/api.w.org\/{rel}","templated":true}]}}