{"id":199923,"date":"2025-03-27T06:20:44","date_gmt":"2025-03-27T10:20:44","guid":{"rendered":"https:\/\/news.canadamotorjobs.com\/?p=199923"},"modified":"2025-03-27T06:30:06","modified_gmt":"2025-03-27T10:30:06","slug":"nissan-prepare-une-vague-de-nouveautes-jusquen-2027","status":"publish","type":"post","link":"https:\/\/news.canadamotorjobs.com\/fr\/nissan-prepare-une-vague-de-nouveautes-jusquen-2027\/","title":{"rendered":"Nissan pr\u00e9pare une vague de nouveaut\u00e9s jusqu\u2019en 2027"},"content":{"rendered":"<\/p>\n<p>Une nouvelle g\u00e9n\u00e9ration de v\u00e9hicules \u00e9lectrifi\u00e9s et hybrides est en pr\u00e9paration chez Nissan. Le constructeur a annonc\u00e9 une ambitieuse offensive de produits pour l\u2019Am\u00e9rique du Nord entre 2025 et 2027. Parmi les nouveaut\u00e9s, on va retrouver une Nissan LEAF 2026 enti\u00e8rement repens\u00e9e, un Rogue hybride rechargeable et une nouvelle Sentra.<\/p>\n<p>Nissan compte \u00e9galement introduire sa technologie e-Power am\u00e9lior\u00e9e en Am\u00e9rique du Nord.<\/p>\n<p><strong>Une strat\u00e9gie de renouvellement audacieuse<\/strong><\/p>\n<p>Dans un march\u00e9 automobile en pleine mutation, Nissan mise sur une diversification des motorisations pour s\u00e9duire un large public. Parmi les mod\u00e8les \u00e0 venir, il y aura des v\u00e9hicules \u00e9lectriques (VE) de nouvelle g\u00e9n\u00e9ration, des mod\u00e8les hybrides rechargeables (PHEV) et des solutions \u00e0 moteurs thermiques avanc\u00e9s.<\/p>\n<p>Guillaume Cartier, directeur de la performance chez Nissan, a soulign\u00e9 que cette nouvelle gamme vise \u00e0 fid\u00e9liser les clients, s\u00e9duire de nouveaux acheteurs et assurer une croissance durable pour la marque.<\/p>\n<p><\/p>\n<figure><img decoding=\"async\" src=\"https:\/\/news.canadamotorjobs.com\/wp-content\/uploads\/2025\/03\/All-new_Nissan_LEAF-5.jpg\" alt=\"Image de la nouvelle Nissan LEAF 2026\" \/><figcaption>Image de la nouvelle Nissan LEAF 2026 | Auto123.com<\/figcaption><\/figure>\n<p><strong>La Nissan LEAF 2026 : une seconde r\u00e9volution<\/strong><\/p>\n<p>Parmi les mod\u00e8les phares, la Nissan LEAF va profiter d\u2019une refonte majeure pour 2026, avec :<\/p>\n<ul><\/p>\n<li>\u2013 Un design de style VUS familial spacieux et a\u00e9rodynamique<\/li>\n<p><\/p>\n<li>\u2013 Des roues en alliage de 19 pouces (une premi\u00e8re pour la LEAF)<\/li>\n<p><\/p>\n<li>\u2013 Un toit panoramique pour plus de luminosit\u00e9<\/li>\n<p><\/p>\n<li>\u2013 Un port de charge NACS (North American Charging Standard) pour un acc\u00e8s facilit\u00e9 aux bornes de recharges de Tesla<\/li>\n<p>\n<\/ul>\n<p>La LEAF 2026 reposera sur la plateforme CMF-EV, la m\u00eame que celle du Nissan Ariya, avec une meilleure gestion \u00e9nerg\u00e9tique et une autonomie am\u00e9lior\u00e9e.<\/p>\n<p><strong>Un Nissan Rogue hybride et la troisi\u00e8me g\u00e9n\u00e9ration de la technologie e-Power<\/strong><\/p>\n<p>Le Nissan Rogue 2026 sera aussi propos\u00e9 en version hybride rechargeable, une grande premi\u00e8re en Am\u00e9rique du Nord. Il sera \u00e9galement le premier mod\u00e8le \u00e0 int\u00e9grer la technologie e-Power de nouvelle g\u00e9n\u00e9ration, une innovation permettant une conduite \u00e9lectrique sans recharge externe.<\/p>\n<p>Points forts de la technologie e-Power 3.0 :<\/p>\n<p>\u2013 Jusqu\u2019\u00e0 15 % de r\u00e9duction de la consommation sur autoroute<\/p>\n<p>\u2013 \u00c9missions r\u00e9duites et exp\u00e9rience de conduite plus fluide<\/p>\n<p>\u2013 Un moteur thermique de 1,5 litre pour une meilleure efficacit\u00e9 \u00e9nerg\u00e9tique<\/p>\n<p><\/p>\n<figure><img decoding=\"async\" src=\"https:\/\/news.canadamotorjobs.com\/wp-content\/uploads\/2025\/03\/US_INFINITI_Range_Teaser-1.jpg\" alt=\"Les nouveaux mod\u00e8les pr\u00e9vus pour l&#039;Am\u00e9rique du Nord par Infiniti\" \/><figcaption>Les nouveaux mod\u00e8les pr\u00e9vus pour l&#8217;Am\u00e9rique du Nord par Infiniti | Auto123.com<\/figcaption><\/figure>\n<p>Calendrier des nouveaux produits Nissan et Infiniti destin\u00e9 au march\u00e9 nord am\u00e9ricain :<\/p>\n<p><strong>2025<\/strong><\/p>\n<ul><\/p>\n<li>Nouvelle Sentra compacte<\/li>\n<p><\/p>\n<li>Nissan Pathfinder rafra\u00eechi<\/li>\n<p><\/p>\n<li>VUS Infiniti QX60 am\u00e9lior\u00e9<\/li>\n<p><\/p>\n<li>Version Sport du QX80 pour une allure plus dynamique<\/li>\n<p>\n<\/ul>\n<p><strong>2026<\/strong><\/p>\n<ul><\/p>\n<li>Rogue de 4e g\u00e9n\u00e9ration avec moteurs thermique et hybride, en plus de la technologie e-Power<\/li>\n<p><\/p>\n<li>Nouveau Infiniti QX65<\/li>\n<p>\n<\/ul>\n<p><strong>2027-2028<\/strong><\/p>\n<ul><\/p>\n<li>Un nouveau VUS \u00e9lectrique Nissan produit aux \u00c9tats-Unis<\/li>\n<p><\/p>\n<li>Un VUS \u00e9lectrique de luxe Infiniti bas\u00e9 sur le concept Vision QXe<\/li>\n<p>\n<\/ul>\n<p><strong>Nissan acc\u00e9l\u00e8re sa transition \u00e9lectrique aux \u00c9tats-Unis<\/strong><\/p>\n<p>Un investissement massif dans les v\u00e9hicules \u00e9lectriques : Nissan et son partenaire SK On investiront 661 millions pour fabriquer des batteries aux \u00c9tats-Unis, cr\u00e9ant au passage 1700 emplois. De plus, Nissan va injecter 500 millions \u00e0 son usine de Canton au Mississippi pour pr\u00e9parer la production de ses futurs mod\u00e8les \u00e9lectriques.<\/p>\n<p><\/p>\n<p style=\"padding-top: 15px\">Contenu original de <a href=\"https:\/\/www.auto123.com\/fr\/actualites\/nissan-nouveaux-modeles-2025-2027\/72565\/\">auto123<\/a>.<\/p>\n<p>Le texte <a href=\"https:\/\/annuelauto.ca\/nissan-prepare-une-vague-de-nouveautes-jusquen-2027\/\">Nissan pr\u00e9pare une vague de nouveaut\u00e9s jusqu\u2019en 2027<\/a> provient de <a href=\"https:\/\/annuelauto.ca\">L&#8217;annuel de l&#8217;automobile &#8211; Actualit\u00e9 automobile<\/a><\/p>\n<p><\/p>\n","protected":false},"excerpt":{"rendered":"<p>Une nouvelle g\u00e9n\u00e9ration de v\u00e9hicules \u00e9lectrifi\u00e9s et hybrides est en pr\u00e9paration chez Nissan. Le constructeur a annonc\u00e9 une ambitieuse offensive de produits pour l\u2019Am\u00e9rique du Nord entre 2025 et 2027. Parmi les nouveaut\u00e9s, on va retrouver une Nissan LEAF 2026 enti\u00e8rement repens\u00e9e, un Rogue hybride rechargeable et une nouvelle Sentra. Nissan compte \u00e9galement introduire sa [&hellip;]<\/p>\n","protected":false},"author":8,"featured_media":199925,"comment_status":"close","ping_status":"closed","sticky":false,"template":"","format":"standard","meta":{"_monsterinsights_skip_tracking":false,"_monsterinsights_sitenote_active":false,"_monsterinsights_sitenote_note":"","_monsterinsights_sitenote_category":0,"footnotes":""},"categories":[101],"tags":[],"yoast_head":"<!-- This site is optimized with the Yoast SEO plugin v23.2 - https:\/\/yoast.com\/wordpress\/plugins\/seo\/ -->\n<title>Nissan pr\u00e9pare une vague de nouveaut\u00e9s jusqu\u2019en 2027 - CanadaMotorJobs.com<\/title>\n<meta name=\"description\" content=\"Nissan pr\u00e9pare une vague de nouveaut\u00e9s jusqu\u2019en 2027 - Benoit Charette - Annuel automobile - CanadaMotorJobs.com.\" \/>\n<meta name=\"robots\" content=\"index, follow, max-snippet:-1, max-image-preview:large, max-video-preview:-1\" \/>\n<meta property=\"og:locale\" content=\"fr_CA\" \/>\n<meta property=\"og:type\" content=\"article\" \/>\n<meta property=\"og:title\" content=\"Nissan pr\u00e9pare une vague de nouveaut\u00e9s jusqu\u2019en 2027 - CanadaMotorJobs.com\" \/>\n<meta property=\"og:description\" content=\"Nissan pr\u00e9pare une vague de nouveaut\u00e9s jusqu\u2019en 2027 - Benoit Charette - Annuel automobile - CanadaMotorJobs.com.\" \/>\n<meta property=\"og:url\" content=\"https:\/\/news.canadamotorjobs.com\/fr\/nissan-prepare-une-vague-de-nouveautes-jusquen-2027\/\" \/>\n<meta property=\"og:site_name\" content=\"CanadaMotorJobs.com\" \/>\n<meta property=\"article:publisher\" content=\"https:\/\/www.facebook.com\/canadamotorjobs\/\" \/>\n<meta property=\"article:published_time\" content=\"2025-03-27T10:20:44+00:00\" \/>\n<meta property=\"article:modified_time\" content=\"2025-03-27T10:30:06+00:00\" \/>\n<meta property=\"og:image\" content=\"https:\/\/news.canadamotorjobs.com\/wp-content\/uploads\/2025\/03\/All-new_Nissan_LEAF.jpg\" \/>\n\t<meta property=\"og:image:width\" content=\"1200\" \/>\n\t<meta property=\"og:image:height\" content=\"668\" \/>\n\t<meta property=\"og:image:type\" content=\"image\/jpeg\" \/>\n<meta name=\"author\" content=\"Benoit Charette\" \/>\n<meta name=\"twitter:card\" content=\"summary_large_image\" \/>\n<meta name=\"twitter:creator\" content=\"@canadamotorjobs\" \/>\n<meta name=\"twitter:site\" content=\"@canadamotorjobs\" \/>\n<meta name=\"twitter:label1\" content=\"\u00c9crit par\" \/>\n\t<meta name=\"twitter:data1\" content=\"Benoit Charette\" \/>\n\t<meta name=\"twitter:label2\" content=\"Estimation du temps de lecture\" \/>\n\t<meta name=\"twitter:data2\" content=\"3 minutes\" \/>\n<!-- \/ Yoast SEO plugin. -->","yoast_head_json":{"title":"Nissan pr\u00e9pare une vague de nouveaut\u00e9s jusqu\u2019en 2027 - CanadaMotorJobs.com","description":"Nissan pr\u00e9pare une vague de nouveaut\u00e9s jusqu\u2019en 2027 - Benoit Charette - Annuel automobile - CanadaMotorJobs.com.","robots":{"index":"index","follow":"follow","max-snippet":"max-snippet:-1","max-image-preview":"max-image-preview:large","max-video-preview":"max-video-preview:-1"},"og_locale":"fr_CA","og_type":"article","og_title":"Nissan pr\u00e9pare une vague de nouveaut\u00e9s jusqu\u2019en 2027 - CanadaMotorJobs.com","og_description":"Nissan pr\u00e9pare une vague de nouveaut\u00e9s jusqu\u2019en 2027 - Benoit Charette - Annuel automobile - CanadaMotorJobs.com.","og_url":"https:\/\/news.canadamotorjobs.com\/fr\/nissan-prepare-une-vague-de-nouveautes-jusquen-2027\/","og_site_name":"CanadaMotorJobs.com","article_publisher":"https:\/\/www.facebook.com\/canadamotorjobs\/","article_published_time":"2025-03-27T10:20:44+00:00","article_modified_time":"2025-03-27T10:30:06+00:00","og_image":[{"width":1200,"height":668,"url":"https:\/\/news.canadamotorjobs.com\/wp-content\/uploads\/2025\/03\/All-new_Nissan_LEAF.jpg","type":"image\/jpeg"}],"author":"Benoit Charette","twitter_card":"summary_large_image","twitter_creator":"@canadamotorjobs","twitter_site":"@canadamotorjobs","twitter_misc":{"\u00c9crit par":"Benoit Charette","Estimation du temps de lecture":"3 minutes"},"schema":{"@context":"https:\/\/schema.org","@graph":[{"@type":"Article","@id":"https:\/\/news.canadamotorjobs.com\/fr\/nissan-prepare-une-vague-de-nouveautes-jusquen-2027\/#article","isPartOf":{"@id":"https:\/\/news.canadamotorjobs.com\/fr\/nissan-prepare-une-vague-de-nouveautes-jusquen-2027\/"},"author":{"name":"Benoit Charette","@id":"https:\/\/news.canadamotorjobs.com\/#\/schema\/person\/51793d1f87d44011d7bcc2ed99269a90"},"headline":"Nissan pr\u00e9pare une vague de nouveaut\u00e9s jusqu\u2019en 2027","datePublished":"2025-03-27T10:20:44+00:00","dateModified":"2025-03-27T10:30:06+00:00","mainEntityOfPage":{"@id":"https:\/\/news.canadamotorjobs.com\/fr\/nissan-prepare-une-vague-de-nouveautes-jusquen-2027\/"},"wordCount":550,"publisher":{"@id":"https:\/\/news.canadamotorjobs.com\/#organization"},"image":{"@id":"https:\/\/news.canadamotorjobs.com\/fr\/nissan-prepare-une-vague-de-nouveautes-jusquen-2027\/#primaryimage"},"thumbnailUrl":"https:\/\/news.canadamotorjobs.com\/wp-content\/uploads\/2025\/03\/All-new_Nissan_LEAF.jpg","articleSection":["Annuel automobile"],"inLanguage":"fr-CA"},{"@type":"WebPage","@id":"https:\/\/news.canadamotorjobs.com\/fr\/nissan-prepare-une-vague-de-nouveautes-jusquen-2027\/","url":"https:\/\/news.canadamotorjobs.com\/fr\/nissan-prepare-une-vague-de-nouveautes-jusquen-2027\/","name":"Nissan pr\u00e9pare une vague de nouveaut\u00e9s jusqu\u2019en 2027 - CanadaMotorJobs.com","isPartOf":{"@id":"https:\/\/news.canadamotorjobs.com\/#website"},"primaryImageOfPage":{"@id":"https:\/\/news.canadamotorjobs.com\/fr\/nissan-prepare-une-vague-de-nouveautes-jusquen-2027\/#primaryimage"},"image":{"@id":"https:\/\/news.canadamotorjobs.com\/fr\/nissan-prepare-une-vague-de-nouveautes-jusquen-2027\/#primaryimage"},"thumbnailUrl":"https:\/\/news.canadamotorjobs.com\/wp-content\/uploads\/2025\/03\/All-new_Nissan_LEAF.jpg","datePublished":"2025-03-27T10:20:44+00:00","dateModified":"2025-03-27T10:30:06+00:00","description":"Nissan pr\u00e9pare une vague de nouveaut\u00e9s jusqu\u2019en 2027 - Benoit Charette - Annuel automobile - CanadaMotorJobs.com.","breadcrumb":{"@id":"https:\/\/news.canadamotorjobs.com\/fr\/nissan-prepare-une-vague-de-nouveautes-jusquen-2027\/#breadcrumb"},"inLanguage":"fr-CA","potentialAction":[{"@type":"ReadAction","target":["https:\/\/news.canadamotorjobs.com\/fr\/nissan-prepare-une-vague-de-nouveautes-jusquen-2027\/"]}]},{"@type":"ImageObject","inLanguage":"fr-CA","@id":"https:\/\/news.canadamotorjobs.com\/fr\/nissan-prepare-une-vague-de-nouveautes-jusquen-2027\/#primaryimage","url":"https:\/\/news.canadamotorjobs.com\/wp-content\/uploads\/2025\/03\/All-new_Nissan_LEAF.jpg","contentUrl":"https:\/\/news.canadamotorjobs.com\/wp-content\/uploads\/2025\/03\/All-new_Nissan_LEAF.jpg","width":1200,"height":668},{"@type":"BreadcrumbList","@id":"https:\/\/news.canadamotorjobs.com\/fr\/nissan-prepare-une-vague-de-nouveautes-jusquen-2027\/#breadcrumb","itemListElement":[{"@type":"ListItem","position":1,"name":"Home","item":"https:\/\/news.canadamotorjobs.com\/fr\/blog\/"},{"@type":"ListItem","position":2,"name":"Nissan pr\u00e9pare une vague de nouveaut\u00e9s jusqu\u2019en 2027"}]},{"@type":"WebSite","@id":"https:\/\/news.canadamotorjobs.com\/#website","url":"https:\/\/news.canadamotorjobs.com\/","name":"CanadaMotorJobs.com","description":"Automotive Jobs","publisher":{"@id":"https:\/\/news.canadamotorjobs.com\/#organization"},"potentialAction":[{"@type":"SearchAction","target":{"@type":"EntryPoint","urlTemplate":"https:\/\/news.canadamotorjobs.com\/?s={search_term_string}"},"query-input":"required name=search_term_string"}],"inLanguage":"fr-CA"},{"@type":"Organization","@id":"https:\/\/news.canadamotorjobs.com\/#organization","name":"Canada Motor Jobs","url":"https:\/\/news.canadamotorjobs.com\/","logo":{"@type":"ImageObject","inLanguage":"fr-CA","@id":"https:\/\/news.canadamotorjobs.com\/#\/schema\/logo\/image\/","url":"https:\/\/news.canadamotorjobs.com\/wp-content\/uploads\/2022\/10\/logo-canada-motor-jobs-1.png","contentUrl":"https:\/\/news.canadamotorjobs.com\/wp-content\/uploads\/2022\/10\/logo-canada-motor-jobs-1.png","width":800,"height":400,"caption":"Canada Motor Jobs"},"image":{"@id":"https:\/\/news.canadamotorjobs.com\/#\/schema\/logo\/image\/"},"sameAs":["https:\/\/www.facebook.com\/canadamotorjobs\/","https:\/\/x.com\/canadamotorjobs","https:\/\/www.instagram.com\/canadamotorjobs\/","https:\/\/www.linkedin.com\/company\/canadamotorjobs"]},{"@type":"Person","@id":"https:\/\/news.canadamotorjobs.com\/#\/schema\/person\/51793d1f87d44011d7bcc2ed99269a90","name":"Benoit Charette","image":{"@type":"ImageObject","inLanguage":"fr-CA","@id":"https:\/\/news.canadamotorjobs.com\/#\/schema\/person\/image\/","url":"https:\/\/secure.gravatar.com\/avatar\/45f3d2eebcccd909668d7ce7ea7267b6?s=96&d=mm&r=g","contentUrl":"https:\/\/secure.gravatar.com\/avatar\/45f3d2eebcccd909668d7ce7ea7267b6?s=96&d=mm&r=g","caption":"Benoit Charette"},"description":"Benoit Charette \/ Propri\u00e9taire et r\u00e9dacteur en chef Benoit Charette pratique le journalisme automobile depuis bient\u00f4t 30 ans. Il a fait ses classes au c\u00f4t\u00e9 de Daniel H\u00e9raud et au Carnet de route de 1992 \u00e0 2001. Il est fondateur, copropri\u00e9taire et r\u00e9dacteur en chef de L\u2019Annuel de l\u2019automobile, qu\u2019il publie depuis 2001. Il a anim\u00e9 les \u00e9missions RPM et RPM+ sur V et les L\u00e9gendes de la route sur Historia. \u00c0 la radio depuis 1986, il reprend l\u2019antenne cette ann\u00e9e sur les ondes de Cogeco et participe pour la deuxi\u00e8me ann\u00e9e \u00e0 l\u2019\u00e9mission Passion Auto sur RDS en plus de mettre en ligne le site Web officiel de L\u2019Annuel de l\u2019automobile sur annuelauto.ca.","sameAs":["https:\/\/annuelauto.ca\/"],"url":"https:\/\/news.canadamotorjobs.com\/fr\/author\/benoit-charette\/"}]}},"_links":{"self":[{"href":"https:\/\/news.canadamotorjobs.com\/fr\/wp-json\/wp\/v2\/posts\/199923"}],"collection":[{"href":"https:\/\/news.canadamotorjobs.com\/fr\/wp-json\/wp\/v2\/posts"}],"about":[{"href":"https:\/\/news.canadamotorjobs.com\/fr\/wp-json\/wp\/v2\/types\/post"}],"author":[{"embeddable":true,"href":"https:\/\/news.canadamotorjobs.com\/fr\/wp-json\/wp\/v2\/users\/8"}],"replies":[{"embeddable":true,"href":"https:\/\/news.canadamotorjobs.com\/fr\/wp-json\/wp\/v2\/comments?post=199923"}],"version-history":[{"count":3,"href":"https:\/\/news.canadamotorjobs.com\/fr\/wp-json\/wp\/v2\/posts\/199923\/revisions"}],"predecessor-version":[{"id":199954,"href":"https:\/\/news.canadamotorjobs.com\/fr\/wp-json\/wp\/v2\/posts\/199923\/revisions\/199954"}],"wp:featuredmedia":[{"embeddable":true,"href":"https:\/\/news.canadamotorjobs.com\/fr\/wp-json\/wp\/v2\/media\/199925"}],"wp:attachment":[{"href":"https:\/\/news.canadamotorjobs.com\/fr\/wp-json\/wp\/v2\/media?parent=199923"}],"wp:term":[{"taxonomy":"category","embeddable":true,"href":"https:\/\/news.canadamotorjobs.com\/fr\/wp-json\/wp\/v2\/categories?post=199923"},{"taxonomy":"post_tag","embeddable":true,"href":"https:\/\/news.canadamotorjobs.com\/fr\/wp-json\/wp\/v2\/tags?post=199923"}],"curies":[{"name":"wp","href":"https:\/\/api.w.org\/{rel}","templated":true}]}}