{"id":199895,"date":"2025-03-27T06:20:45","date_gmt":"2025-03-27T10:20:45","guid":{"rendered":"https:\/\/news.canadamotorjobs.com\/?p=199895"},"modified":"2025-03-27T06:29:51","modified_gmt":"2025-03-27T10:29:51","slug":"record-daffluence-pour-le-salon-de-lauto-de-vancouver-2025","status":"publish","type":"post","link":"https:\/\/news.canadamotorjobs.com\/fr\/record-daffluence-pour-le-salon-de-lauto-de-vancouver-2025\/","title":{"rendered":"Record d\u2019affluence pour le Salon de l\u2019auto de Vancouver 2025"},"content":{"rendered":"<\/p>\n<p><strong>\u2022\u00a0\u00a0\u00a0 Le Salon de l\u2019auto de Vancouver a battu un record d\u2019affluence en 2025.<\/strong><\/p>\n<p>Pour la deuxi\u00e8me fois en quelques jours, le Salon de Vancouver a fait la manchette \u00e0 travers le pays.<\/p>\n<p>Apr\u00e8s avoir fait parler de lui pour avoir interdit le fabricant Tesla de faire partie de la f\u00eate, afin d\u2019\u00e9viter les d\u00e9bordements en raison des actes de vandalismes pos\u00e9s ces derniers temps envers les produits de l\u2019entreprise, voici que c\u2019est l\u2019affluence du salon qui fait jaser.<\/p>\n<p>Et pour une tr\u00e8s bonne raison. De fait, le Salon international de l\u2019auto de Vancouver de 2025 a \u00e9tabli un nouveau record, et ce, pour la deuxi\u00e8me ann\u00e9e cons\u00e9cutive. Selon les organisateurs, l\u2019\u00e9v\u00e9nement de 2025 a attir\u00e9 138 773 visiteurs, alors qu\u2019elle en avait accueilli 129 033 en 2024.<\/p>\n<p>Un autre record a \u00e9galement \u00e9t\u00e9 fracass\u00e9, soit celui du nombre de visiteurs en seule journ\u00e9e, avec 42 761 curieux le 22 mars.<\/p>\n<p>\u00a0<\/p>\n<p><\/p>\n<figure><img decoding=\"async\" src=\"https:\/\/news.canadamotorjobs.com\/wp-content\/uploads\/2025\/03\/vancouver_auto_show_2025_-_01-5.jpg\" alt=\"Le Salon de l\u2019auto de Vancouver a battu un record d\u2019affluence en 2025\" \/><figcaption>Le Salon de l\u2019auto de Vancouver a battu un record d\u2019affluence en 2025 | Auto123.com<\/figcaption><\/figure>\n<p>L\u2019\u00e9v\u00e9nement, qui s\u2019est d\u00e9roul\u00e9 au Centre des congr\u00e8s de Vancouver, a \u00e9t\u00e9 tenu sur cinq jours et regroupait plus de 30 marques automobiles. Et un peu comme \u00e0 Montr\u00e9al et \u00e0 Toronto, les essais de v\u00e9hicules \u00e9lectriques se sont av\u00e9r\u00e9s tr\u00e8s populaires. Oganis\u00e9s par CleanBC Go Electric et la RBC, ils ont vu 4424 consommateurs s\u2019installer derri\u00e8re le volant de l\u2019un des 49 v\u00e9hicules \u00e9lectriques et hybrides rechargeables appartenant \u00e0 16 fabricants.<\/p>\n<p>Les v\u00e9hicules ont emprunt\u00e9 une piste d\u2019essai int\u00e9rieure et ext\u00e9rieure qui suivait un itin\u00e9raire autour du centre-ville de Vancouver.<\/p>\n<p>La tenue du Salon de Vancouver met fin \u00e0 la tourn\u00e9e canadienne des trois plus grandes villes par les constructeurs. Le Salon de Vancouver est toujours tenu en mars, alors qu\u2019en janvier et en f\u00e9vrier, ce sont Montr\u00e9al et Toronto qui accueillent l\u2019industrie automobile.<\/p>\n<p><\/p>\n<p style=\"padding-top: 15px\">Contenu original de <a href=\"https:\/\/www.auto123.com\/fr\/actualites\/salon-auto-vancouver-2025-record-visiteurs\/72564\/\">auto123<\/a>.<\/p>\n<p>Le texte <a href=\"https:\/\/annuelauto.ca\/record-daffluence-pour-le-salon-de-lauto-de-vancouver-2025\/\">Record d\u2019affluence pour le Salon de l\u2019auto de Vancouver 2025<\/a> provient de <a href=\"https:\/\/annuelauto.ca\">L&#8217;annuel de l&#8217;automobile &#8211; Actualit\u00e9 automobile<\/a><\/p>\n<p><\/p>\n","protected":false},"excerpt":{"rendered":"<p>\u2022\u00a0\u00a0\u00a0 Le Salon de l\u2019auto de Vancouver a battu un record d\u2019affluence en 2025. Pour la deuxi\u00e8me fois en quelques jours, le Salon de Vancouver a fait la manchette \u00e0 travers le pays. Apr\u00e8s avoir fait parler de lui pour avoir interdit le fabricant Tesla de faire partie de la f\u00eate, afin d\u2019\u00e9viter les d\u00e9bordements [&hellip;]<\/p>\n","protected":false},"author":8,"featured_media":199897,"comment_status":"close","ping_status":"closed","sticky":false,"template":"","format":"standard","meta":{"_monsterinsights_skip_tracking":false,"_monsterinsights_sitenote_active":false,"_monsterinsights_sitenote_note":"","_monsterinsights_sitenote_category":0,"footnotes":""},"categories":[101],"tags":[],"yoast_head":"<!-- This site is optimized with the Yoast SEO plugin v23.2 - https:\/\/yoast.com\/wordpress\/plugins\/seo\/ -->\n<title>Record d\u2019affluence pour le Salon de l\u2019auto de Vancouver 2025 - CanadaMotorJobs.com<\/title>\n<meta name=\"description\" content=\"Record d\u2019affluence pour le Salon de l\u2019auto de Vancouver 2025 - Benoit Charette - Annuel automobile - CanadaMotorJobs.com.\" \/>\n<meta name=\"robots\" content=\"index, follow, max-snippet:-1, max-image-preview:large, max-video-preview:-1\" \/>\n<meta property=\"og:locale\" content=\"fr_CA\" \/>\n<meta property=\"og:type\" content=\"article\" \/>\n<meta property=\"og:title\" content=\"Record d\u2019affluence pour le Salon de l\u2019auto de Vancouver 2025 - CanadaMotorJobs.com\" \/>\n<meta property=\"og:description\" content=\"Record d\u2019affluence pour le Salon de l\u2019auto de Vancouver 2025 - Benoit Charette - Annuel automobile - CanadaMotorJobs.com.\" \/>\n<meta property=\"og:url\" content=\"https:\/\/news.canadamotorjobs.com\/fr\/record-daffluence-pour-le-salon-de-lauto-de-vancouver-2025\/\" \/>\n<meta property=\"og:site_name\" content=\"CanadaMotorJobs.com\" \/>\n<meta property=\"article:publisher\" content=\"https:\/\/www.facebook.com\/canadamotorjobs\/\" \/>\n<meta property=\"article:published_time\" content=\"2025-03-27T10:20:45+00:00\" \/>\n<meta property=\"article:modified_time\" content=\"2025-03-27T10:29:51+00:00\" \/>\n<meta property=\"og:image\" content=\"https:\/\/news.canadamotorjobs.com\/wp-content\/uploads\/2025\/03\/vancouver_auto_show_2025_-_01.jpg\" \/>\n\t<meta property=\"og:image:width\" content=\"1200\" \/>\n\t<meta property=\"og:image:height\" content=\"674\" \/>\n\t<meta property=\"og:image:type\" content=\"image\/jpeg\" \/>\n<meta name=\"author\" content=\"Benoit Charette\" \/>\n<meta name=\"twitter:card\" content=\"summary_large_image\" \/>\n<meta name=\"twitter:creator\" content=\"@canadamotorjobs\" \/>\n<meta name=\"twitter:site\" content=\"@canadamotorjobs\" \/>\n<meta name=\"twitter:label1\" content=\"\u00c9crit par\" \/>\n\t<meta name=\"twitter:data1\" content=\"Benoit Charette\" \/>\n\t<meta name=\"twitter:label2\" content=\"Estimation du temps de lecture\" \/>\n\t<meta name=\"twitter:data2\" content=\"2 minutes\" \/>\n<!-- \/ Yoast SEO plugin. -->","yoast_head_json":{"title":"Record d\u2019affluence pour le Salon de l\u2019auto de Vancouver 2025 - CanadaMotorJobs.com","description":"Record d\u2019affluence pour le Salon de l\u2019auto de Vancouver 2025 - Benoit Charette - Annuel automobile - CanadaMotorJobs.com.","robots":{"index":"index","follow":"follow","max-snippet":"max-snippet:-1","max-image-preview":"max-image-preview:large","max-video-preview":"max-video-preview:-1"},"og_locale":"fr_CA","og_type":"article","og_title":"Record d\u2019affluence pour le Salon de l\u2019auto de Vancouver 2025 - CanadaMotorJobs.com","og_description":"Record d\u2019affluence pour le Salon de l\u2019auto de Vancouver 2025 - Benoit Charette - Annuel automobile - CanadaMotorJobs.com.","og_url":"https:\/\/news.canadamotorjobs.com\/fr\/record-daffluence-pour-le-salon-de-lauto-de-vancouver-2025\/","og_site_name":"CanadaMotorJobs.com","article_publisher":"https:\/\/www.facebook.com\/canadamotorjobs\/","article_published_time":"2025-03-27T10:20:45+00:00","article_modified_time":"2025-03-27T10:29:51+00:00","og_image":[{"width":1200,"height":674,"url":"https:\/\/news.canadamotorjobs.com\/wp-content\/uploads\/2025\/03\/vancouver_auto_show_2025_-_01.jpg","type":"image\/jpeg"}],"author":"Benoit Charette","twitter_card":"summary_large_image","twitter_creator":"@canadamotorjobs","twitter_site":"@canadamotorjobs","twitter_misc":{"\u00c9crit par":"Benoit Charette","Estimation du temps de lecture":"2 minutes"},"schema":{"@context":"https:\/\/schema.org","@graph":[{"@type":"Article","@id":"https:\/\/news.canadamotorjobs.com\/fr\/record-daffluence-pour-le-salon-de-lauto-de-vancouver-2025\/#article","isPartOf":{"@id":"https:\/\/news.canadamotorjobs.com\/fr\/record-daffluence-pour-le-salon-de-lauto-de-vancouver-2025\/"},"author":{"name":"Benoit Charette","@id":"https:\/\/news.canadamotorjobs.com\/#\/schema\/person\/51793d1f87d44011d7bcc2ed99269a90"},"headline":"Record d\u2019affluence pour le Salon de l\u2019auto de Vancouver 2025","datePublished":"2025-03-27T10:20:45+00:00","dateModified":"2025-03-27T10:29:51+00:00","mainEntityOfPage":{"@id":"https:\/\/news.canadamotorjobs.com\/fr\/record-daffluence-pour-le-salon-de-lauto-de-vancouver-2025\/"},"wordCount":364,"publisher":{"@id":"https:\/\/news.canadamotorjobs.com\/#organization"},"image":{"@id":"https:\/\/news.canadamotorjobs.com\/fr\/record-daffluence-pour-le-salon-de-lauto-de-vancouver-2025\/#primaryimage"},"thumbnailUrl":"https:\/\/news.canadamotorjobs.com\/wp-content\/uploads\/2025\/03\/vancouver_auto_show_2025_-_01.jpg","articleSection":["Annuel automobile"],"inLanguage":"fr-CA"},{"@type":"WebPage","@id":"https:\/\/news.canadamotorjobs.com\/fr\/record-daffluence-pour-le-salon-de-lauto-de-vancouver-2025\/","url":"https:\/\/news.canadamotorjobs.com\/fr\/record-daffluence-pour-le-salon-de-lauto-de-vancouver-2025\/","name":"Record d\u2019affluence pour le Salon de l\u2019auto de Vancouver 2025 - CanadaMotorJobs.com","isPartOf":{"@id":"https:\/\/news.canadamotorjobs.com\/#website"},"primaryImageOfPage":{"@id":"https:\/\/news.canadamotorjobs.com\/fr\/record-daffluence-pour-le-salon-de-lauto-de-vancouver-2025\/#primaryimage"},"image":{"@id":"https:\/\/news.canadamotorjobs.com\/fr\/record-daffluence-pour-le-salon-de-lauto-de-vancouver-2025\/#primaryimage"},"thumbnailUrl":"https:\/\/news.canadamotorjobs.com\/wp-content\/uploads\/2025\/03\/vancouver_auto_show_2025_-_01.jpg","datePublished":"2025-03-27T10:20:45+00:00","dateModified":"2025-03-27T10:29:51+00:00","description":"Record d\u2019affluence pour le Salon de l\u2019auto de Vancouver 2025 - Benoit Charette - Annuel automobile - CanadaMotorJobs.com.","breadcrumb":{"@id":"https:\/\/news.canadamotorjobs.com\/fr\/record-daffluence-pour-le-salon-de-lauto-de-vancouver-2025\/#breadcrumb"},"inLanguage":"fr-CA","potentialAction":[{"@type":"ReadAction","target":["https:\/\/news.canadamotorjobs.com\/fr\/record-daffluence-pour-le-salon-de-lauto-de-vancouver-2025\/"]}]},{"@type":"ImageObject","inLanguage":"fr-CA","@id":"https:\/\/news.canadamotorjobs.com\/fr\/record-daffluence-pour-le-salon-de-lauto-de-vancouver-2025\/#primaryimage","url":"https:\/\/news.canadamotorjobs.com\/wp-content\/uploads\/2025\/03\/vancouver_auto_show_2025_-_01.jpg","contentUrl":"https:\/\/news.canadamotorjobs.com\/wp-content\/uploads\/2025\/03\/vancouver_auto_show_2025_-_01.jpg","width":1200,"height":674},{"@type":"BreadcrumbList","@id":"https:\/\/news.canadamotorjobs.com\/fr\/record-daffluence-pour-le-salon-de-lauto-de-vancouver-2025\/#breadcrumb","itemListElement":[{"@type":"ListItem","position":1,"name":"Home","item":"https:\/\/news.canadamotorjobs.com\/fr\/blog\/"},{"@type":"ListItem","position":2,"name":"Record d\u2019affluence pour le Salon de l\u2019auto de Vancouver 2025"}]},{"@type":"WebSite","@id":"https:\/\/news.canadamotorjobs.com\/#website","url":"https:\/\/news.canadamotorjobs.com\/","name":"CanadaMotorJobs.com","description":"Automotive Jobs","publisher":{"@id":"https:\/\/news.canadamotorjobs.com\/#organization"},"potentialAction":[{"@type":"SearchAction","target":{"@type":"EntryPoint","urlTemplate":"https:\/\/news.canadamotorjobs.com\/?s={search_term_string}"},"query-input":"required name=search_term_string"}],"inLanguage":"fr-CA"},{"@type":"Organization","@id":"https:\/\/news.canadamotorjobs.com\/#organization","name":"Canada Motor Jobs","url":"https:\/\/news.canadamotorjobs.com\/","logo":{"@type":"ImageObject","inLanguage":"fr-CA","@id":"https:\/\/news.canadamotorjobs.com\/#\/schema\/logo\/image\/","url":"https:\/\/news.canadamotorjobs.com\/wp-content\/uploads\/2022\/10\/logo-canada-motor-jobs-1.png","contentUrl":"https:\/\/news.canadamotorjobs.com\/wp-content\/uploads\/2022\/10\/logo-canada-motor-jobs-1.png","width":800,"height":400,"caption":"Canada Motor Jobs"},"image":{"@id":"https:\/\/news.canadamotorjobs.com\/#\/schema\/logo\/image\/"},"sameAs":["https:\/\/www.facebook.com\/canadamotorjobs\/","https:\/\/x.com\/canadamotorjobs","https:\/\/www.instagram.com\/canadamotorjobs\/","https:\/\/www.linkedin.com\/company\/canadamotorjobs"]},{"@type":"Person","@id":"https:\/\/news.canadamotorjobs.com\/#\/schema\/person\/51793d1f87d44011d7bcc2ed99269a90","name":"Benoit Charette","image":{"@type":"ImageObject","inLanguage":"fr-CA","@id":"https:\/\/news.canadamotorjobs.com\/#\/schema\/person\/image\/","url":"https:\/\/secure.gravatar.com\/avatar\/45f3d2eebcccd909668d7ce7ea7267b6?s=96&d=mm&r=g","contentUrl":"https:\/\/secure.gravatar.com\/avatar\/45f3d2eebcccd909668d7ce7ea7267b6?s=96&d=mm&r=g","caption":"Benoit Charette"},"description":"Benoit Charette \/ Propri\u00e9taire et r\u00e9dacteur en chef Benoit Charette pratique le journalisme automobile depuis bient\u00f4t 30 ans. Il a fait ses classes au c\u00f4t\u00e9 de Daniel H\u00e9raud et au Carnet de route de 1992 \u00e0 2001. Il est fondateur, copropri\u00e9taire et r\u00e9dacteur en chef de L\u2019Annuel de l\u2019automobile, qu\u2019il publie depuis 2001. Il a anim\u00e9 les \u00e9missions RPM et RPM+ sur V et les L\u00e9gendes de la route sur Historia. \u00c0 la radio depuis 1986, il reprend l\u2019antenne cette ann\u00e9e sur les ondes de Cogeco et participe pour la deuxi\u00e8me ann\u00e9e \u00e0 l\u2019\u00e9mission Passion Auto sur RDS en plus de mettre en ligne le site Web officiel de L\u2019Annuel de l\u2019automobile sur annuelauto.ca.","sameAs":["https:\/\/annuelauto.ca\/"],"url":"https:\/\/news.canadamotorjobs.com\/fr\/author\/benoit-charette\/"}]}},"_links":{"self":[{"href":"https:\/\/news.canadamotorjobs.com\/fr\/wp-json\/wp\/v2\/posts\/199895"}],"collection":[{"href":"https:\/\/news.canadamotorjobs.com\/fr\/wp-json\/wp\/v2\/posts"}],"about":[{"href":"https:\/\/news.canadamotorjobs.com\/fr\/wp-json\/wp\/v2\/types\/post"}],"author":[{"embeddable":true,"href":"https:\/\/news.canadamotorjobs.com\/fr\/wp-json\/wp\/v2\/users\/8"}],"replies":[{"embeddable":true,"href":"https:\/\/news.canadamotorjobs.com\/fr\/wp-json\/wp\/v2\/comments?post=199895"}],"version-history":[{"count":3,"href":"https:\/\/news.canadamotorjobs.com\/fr\/wp-json\/wp\/v2\/posts\/199895\/revisions"}],"predecessor-version":[{"id":199922,"href":"https:\/\/news.canadamotorjobs.com\/fr\/wp-json\/wp\/v2\/posts\/199895\/revisions\/199922"}],"wp:featuredmedia":[{"embeddable":true,"href":"https:\/\/news.canadamotorjobs.com\/fr\/wp-json\/wp\/v2\/media\/199897"}],"wp:attachment":[{"href":"https:\/\/news.canadamotorjobs.com\/fr\/wp-json\/wp\/v2\/media?parent=199895"}],"wp:term":[{"taxonomy":"category","embeddable":true,"href":"https:\/\/news.canadamotorjobs.com\/fr\/wp-json\/wp\/v2\/categories?post=199895"},{"taxonomy":"post_tag","embeddable":true,"href":"https:\/\/news.canadamotorjobs.com\/fr\/wp-json\/wp\/v2\/tags?post=199895"}],"curies":[{"name":"wp","href":"https:\/\/api.w.org\/{rel}","templated":true}]}}