{"id":199863,"date":"2025-03-27T06:20:45","date_gmt":"2025-03-27T10:20:45","guid":{"rendered":"https:\/\/news.canadamotorjobs.com\/?p=199863"},"modified":"2025-03-27T06:29:38","modified_gmt":"2025-03-27T10:29:38","slug":"porsche-devoile-son-nouveau-systeme-multimedia-pour-2026-plus-rapide-et-puissant","status":"publish","type":"post","link":"https:\/\/news.canadamotorjobs.com\/fr\/porsche-devoile-son-nouveau-systeme-multimedia-pour-2026-plus-rapide-et-puissant\/","title":{"rendered":"Porsche d\u00e9voile son nouveau syst\u00e8me multim\u00e9dia pour 2026, plus rapide et puissant"},"content":{"rendered":"<\/p>\n<p>Un nouveau syst\u00e8me embarqu\u00e9 arrive sur les mod\u00e8les 2026 de Porsche : plus puissant, plus intuitif et enrichi d\u2019un centre d\u2019applications. \u00c0 bord des Cayenne, Panamera, Taycan et 911, les conducteurs b\u00e9n\u00e9ficieront d\u2019une interface optimis\u00e9e, d\u2019Amazon Alexa et d\u2019une exp\u00e9rience audio immersive avec la technologie Dolby Atmos.<\/p>\n<p><strong>Un syst\u00e8me multim\u00e9dia plus performant<\/strong><\/p>\n<p>L\u2019exp\u00e9rience multim\u00e9dia est d\u00e9sormais un \u00e9l\u00e9ment cl\u00e9 dans l\u2019exp\u00e9rience de conduite. Pour r\u00e9pondre aux attentes des conducteurs, Porsche introduit une nouvelle version de son syst\u00e8me PCC (Porsche Communication Management).<\/p>\n<p>Les mod\u00e8les \u00e9quip\u00e9s d\u00e8s 2026 du nouveau syst\u00e8me sont les Cayenne, Panamera, Taycan et 911.<\/p>\n<p>Selon Porsche, cette mise \u00e0 jour propose une puissance de calcul am\u00e9lior\u00e9e et une r\u00e9activit\u00e9 accrue, rendant le syst\u00e8me plus fluide et intuitif.<\/p>\n<p><\/p>\n<figure><img decoding=\"async\" src=\"https:\/\/news.canadamotorjobs.com\/wp-content\/uploads\/2025\/03\/img_1-5.jpg\" alt=\"Porsche promet une exp\u00e9rience plus connect\u00e9e avec son nouveau syst\u00e8me\" \/><figcaption>Porsche promet une exp\u00e9rience plus connect\u00e9e avec son nouveau syst\u00e8me | Auto123.com<\/figcaption><\/figure>\n<p><strong>Une exp\u00e9rience plus connect\u00e9e<\/strong><\/p>\n<p>Le nouveau centre d\u2019applications Porsche, d\u00e9j\u00e0 lanc\u00e9 sur le Macan \u00e9lectrique, sera int\u00e9gr\u00e9 aux futurs mod\u00e8les. Il permettra de t\u00e9l\u00e9charger des applications populaires directement depuis le v\u00e9hicule, notamment Spotify et YouTube.<\/p>\n<p>En plus du syst\u00e8me Porsche Voice Pilot, les conducteurs profiteront d\u00e9sormais d\u2019Amazon Alexa, qui fonctionnera comme sur les appareils Echo. Il suffira de dire \u00ab Alexa, joue de la musique country \u00bb ou \u00ab Alexa, quelle est la m\u00e9t\u00e9o aujourd\u2019hui ? \u00bb, pour obtenir une r\u00e9ponse.<\/p>\n<p>Gr\u00e2ce \u00e0 cette int\u00e9gration, Alexa pourra \u00e9galement fournir les actualit\u00e9s, g\u00e9rer la domotique ou r\u00e9pondre \u00e0 diverses requ\u00eates.<\/p>\n<p>\u00a0<\/p>\n<p><\/p>\n<figure><img decoding=\"async\" src=\"https:\/\/news.canadamotorjobs.com\/wp-content\/uploads\/2025\/03\/dolby-atmos-01-1.jpg\" alt=\"Porsche introduit la technologie Dolby Atmos avec son nouveau syst\u00e8me multim\u00e9dia\" \/><figcaption>Porsche introduit la technologie Dolby Atmos avec son nouveau syst\u00e8me multim\u00e9dia | Auto123.com<\/figcaption><\/figure>\n<p><strong>Une qualit\u00e9 audio digne d\u2019un studio avec Dolby Atmos<\/strong><\/p>\n<p>Les audiophiles seront ravis. Porsche introduit la technologie Dolby Atmos pour une exp\u00e9rience sonore immersive. Livrable avec les syst\u00e8mes audio Bose et Burmester, cette technologie offre un son spatial plus pr\u00e9cis et une immersion totale avec une profondeur in\u00e9gal\u00e9e, selon Porsche.<\/p>\n<p>Porsche promet ainsi un son plus naturel et une \u00e9coute plus riche pour tous les occupants du v\u00e9hicule.<\/p>\n<p><strong>Porsche Connect : 10 ans d\u2019abonnement inclus<\/strong><\/p>\n<p>Autre bonne nouvelle pour les clients : l\u2019application Porsche Connect sera d\u00e9sormais offerte pendant 10 ans, contre seulement 3 ans auparavant.<\/p>\n<p>Une souscription annuelle co\u00fbtant actuellement 229 $ apr\u00e8s la p\u00e9riode d\u2019essai, cette extension repr\u00e9sente donc un gain de sept ans de connectivit\u00e9 gratuite pour les propri\u00e9taires.<\/p>\n<p>Avec ce nouveau syst\u00e8me multim\u00e9dia en 2026, Porsche renforce son positionnement haut de gamme en offrant un syst\u00e8me plus rapide, plus connect\u00e9 et plus immersif.<\/p>\n<p><\/p>\n<p style=\"padding-top: 15px\">Contenu original de <a href=\"https:\/\/www.auto123.com\/fr\/actualites\/porsche-multimedia-2026-nouveautes\/72562\/\">auto123<\/a>.<\/p>\n<p>Le texte <a href=\"https:\/\/annuelauto.ca\/porsche-devoile-son-nouveau-systeme-multimedia-pour-2026-plus-rapide-et-puissant\/\">Porsche d\u00e9voile son nouveau syst\u00e8me multim\u00e9dia pour 2026, plus rapide et puissant<\/a> provient de <a href=\"https:\/\/annuelauto.ca\">L&#8217;annuel de l&#8217;automobile &#8211; Actualit\u00e9 automobile<\/a><\/p>\n<p><\/p>\n","protected":false},"excerpt":{"rendered":"<p>Un nouveau syst\u00e8me embarqu\u00e9 arrive sur les mod\u00e8les 2026 de Porsche : plus puissant, plus intuitif et enrichi d\u2019un centre d\u2019applications. \u00c0 bord des Cayenne, Panamera, Taycan et 911, les conducteurs b\u00e9n\u00e9ficieront d\u2019une interface optimis\u00e9e, d\u2019Amazon Alexa et d\u2019une exp\u00e9rience audio immersive avec la technologie Dolby Atmos. Un syst\u00e8me multim\u00e9dia plus performant L\u2019exp\u00e9rience multim\u00e9dia est [&hellip;]<\/p>\n","protected":false},"author":8,"featured_media":199865,"comment_status":"close","ping_status":"closed","sticky":false,"template":"","format":"standard","meta":{"_monsterinsights_skip_tracking":false,"_monsterinsights_sitenote_active":false,"_monsterinsights_sitenote_note":"","_monsterinsights_sitenote_category":0,"footnotes":""},"categories":[101],"tags":[],"yoast_head":"<!-- This site is optimized with the Yoast SEO plugin v23.2 - https:\/\/yoast.com\/wordpress\/plugins\/seo\/ -->\n<title>Porsche d\u00e9voile son nouveau syst\u00e8me multim\u00e9dia pour 2026, plus rapide et puissant - CanadaMotorJobs.com<\/title>\n<meta name=\"description\" content=\"Porsche d\u00e9voile son nouveau syst\u00e8me multim\u00e9dia pour 2026, plus rapide et puissant - Benoit Charette - Annuel automobile - CanadaMotorJobs.com.\" \/>\n<meta name=\"robots\" content=\"index, follow, max-snippet:-1, max-image-preview:large, max-video-preview:-1\" \/>\n<meta property=\"og:locale\" content=\"fr_CA\" \/>\n<meta property=\"og:type\" content=\"article\" \/>\n<meta property=\"og:title\" content=\"Porsche d\u00e9voile son nouveau syst\u00e8me multim\u00e9dia pour 2026, plus rapide et puissant - CanadaMotorJobs.com\" \/>\n<meta property=\"og:description\" content=\"Porsche d\u00e9voile son nouveau syst\u00e8me multim\u00e9dia pour 2026, plus rapide et puissant - Benoit Charette - Annuel automobile - CanadaMotorJobs.com.\" \/>\n<meta property=\"og:url\" content=\"https:\/\/news.canadamotorjobs.com\/fr\/porsche-devoile-son-nouveau-systeme-multimedia-pour-2026-plus-rapide-et-puissant\/\" \/>\n<meta property=\"og:site_name\" content=\"CanadaMotorJobs.com\" \/>\n<meta property=\"article:publisher\" content=\"https:\/\/www.facebook.com\/canadamotorjobs\/\" \/>\n<meta property=\"article:published_time\" content=\"2025-03-27T10:20:45+00:00\" \/>\n<meta property=\"article:modified_time\" content=\"2025-03-27T10:29:38+00:00\" \/>\n<meta property=\"og:image\" content=\"https:\/\/news.canadamotorjobs.com\/wp-content\/uploads\/2025\/03\/img_1.jpg\" \/>\n\t<meta property=\"og:image:width\" content=\"1200\" \/>\n\t<meta property=\"og:image:height\" content=\"675\" \/>\n\t<meta property=\"og:image:type\" content=\"image\/jpeg\" \/>\n<meta name=\"author\" content=\"Benoit Charette\" \/>\n<meta name=\"twitter:card\" content=\"summary_large_image\" \/>\n<meta name=\"twitter:creator\" content=\"@canadamotorjobs\" \/>\n<meta name=\"twitter:site\" content=\"@canadamotorjobs\" \/>\n<meta name=\"twitter:label1\" content=\"\u00c9crit par\" \/>\n\t<meta name=\"twitter:data1\" content=\"Benoit Charette\" \/>\n\t<meta name=\"twitter:label2\" content=\"Estimation du temps de lecture\" \/>\n\t<meta name=\"twitter:data2\" content=\"2 minutes\" \/>\n<!-- \/ Yoast SEO plugin. -->","yoast_head_json":{"title":"Porsche d\u00e9voile son nouveau syst\u00e8me multim\u00e9dia pour 2026, plus rapide et puissant - CanadaMotorJobs.com","description":"Porsche d\u00e9voile son nouveau syst\u00e8me multim\u00e9dia pour 2026, plus rapide et puissant - Benoit Charette - Annuel automobile - CanadaMotorJobs.com.","robots":{"index":"index","follow":"follow","max-snippet":"max-snippet:-1","max-image-preview":"max-image-preview:large","max-video-preview":"max-video-preview:-1"},"og_locale":"fr_CA","og_type":"article","og_title":"Porsche d\u00e9voile son nouveau syst\u00e8me multim\u00e9dia pour 2026, plus rapide et puissant - CanadaMotorJobs.com","og_description":"Porsche d\u00e9voile son nouveau syst\u00e8me multim\u00e9dia pour 2026, plus rapide et puissant - Benoit Charette - Annuel automobile - CanadaMotorJobs.com.","og_url":"https:\/\/news.canadamotorjobs.com\/fr\/porsche-devoile-son-nouveau-systeme-multimedia-pour-2026-plus-rapide-et-puissant\/","og_site_name":"CanadaMotorJobs.com","article_publisher":"https:\/\/www.facebook.com\/canadamotorjobs\/","article_published_time":"2025-03-27T10:20:45+00:00","article_modified_time":"2025-03-27T10:29:38+00:00","og_image":[{"width":1200,"height":675,"url":"https:\/\/news.canadamotorjobs.com\/wp-content\/uploads\/2025\/03\/img_1.jpg","type":"image\/jpeg"}],"author":"Benoit Charette","twitter_card":"summary_large_image","twitter_creator":"@canadamotorjobs","twitter_site":"@canadamotorjobs","twitter_misc":{"\u00c9crit par":"Benoit Charette","Estimation du temps de lecture":"2 minutes"},"schema":{"@context":"https:\/\/schema.org","@graph":[{"@type":"Article","@id":"https:\/\/news.canadamotorjobs.com\/fr\/porsche-devoile-son-nouveau-systeme-multimedia-pour-2026-plus-rapide-et-puissant\/#article","isPartOf":{"@id":"https:\/\/news.canadamotorjobs.com\/fr\/porsche-devoile-son-nouveau-systeme-multimedia-pour-2026-plus-rapide-et-puissant\/"},"author":{"name":"Benoit Charette","@id":"https:\/\/news.canadamotorjobs.com\/#\/schema\/person\/51793d1f87d44011d7bcc2ed99269a90"},"headline":"Porsche d\u00e9voile son nouveau syst\u00e8me multim\u00e9dia pour 2026, plus rapide et puissant","datePublished":"2025-03-27T10:20:45+00:00","dateModified":"2025-03-27T10:29:38+00:00","mainEntityOfPage":{"@id":"https:\/\/news.canadamotorjobs.com\/fr\/porsche-devoile-son-nouveau-systeme-multimedia-pour-2026-plus-rapide-et-puissant\/"},"wordCount":488,"publisher":{"@id":"https:\/\/news.canadamotorjobs.com\/#organization"},"image":{"@id":"https:\/\/news.canadamotorjobs.com\/fr\/porsche-devoile-son-nouveau-systeme-multimedia-pour-2026-plus-rapide-et-puissant\/#primaryimage"},"thumbnailUrl":"https:\/\/news.canadamotorjobs.com\/wp-content\/uploads\/2025\/03\/img_1.jpg","articleSection":["Annuel automobile"],"inLanguage":"fr-CA"},{"@type":"WebPage","@id":"https:\/\/news.canadamotorjobs.com\/fr\/porsche-devoile-son-nouveau-systeme-multimedia-pour-2026-plus-rapide-et-puissant\/","url":"https:\/\/news.canadamotorjobs.com\/fr\/porsche-devoile-son-nouveau-systeme-multimedia-pour-2026-plus-rapide-et-puissant\/","name":"Porsche d\u00e9voile son nouveau syst\u00e8me multim\u00e9dia pour 2026, plus rapide et puissant - CanadaMotorJobs.com","isPartOf":{"@id":"https:\/\/news.canadamotorjobs.com\/#website"},"primaryImageOfPage":{"@id":"https:\/\/news.canadamotorjobs.com\/fr\/porsche-devoile-son-nouveau-systeme-multimedia-pour-2026-plus-rapide-et-puissant\/#primaryimage"},"image":{"@id":"https:\/\/news.canadamotorjobs.com\/fr\/porsche-devoile-son-nouveau-systeme-multimedia-pour-2026-plus-rapide-et-puissant\/#primaryimage"},"thumbnailUrl":"https:\/\/news.canadamotorjobs.com\/wp-content\/uploads\/2025\/03\/img_1.jpg","datePublished":"2025-03-27T10:20:45+00:00","dateModified":"2025-03-27T10:29:38+00:00","description":"Porsche d\u00e9voile son nouveau syst\u00e8me multim\u00e9dia pour 2026, plus rapide et puissant - Benoit Charette - Annuel automobile - CanadaMotorJobs.com.","breadcrumb":{"@id":"https:\/\/news.canadamotorjobs.com\/fr\/porsche-devoile-son-nouveau-systeme-multimedia-pour-2026-plus-rapide-et-puissant\/#breadcrumb"},"inLanguage":"fr-CA","potentialAction":[{"@type":"ReadAction","target":["https:\/\/news.canadamotorjobs.com\/fr\/porsche-devoile-son-nouveau-systeme-multimedia-pour-2026-plus-rapide-et-puissant\/"]}]},{"@type":"ImageObject","inLanguage":"fr-CA","@id":"https:\/\/news.canadamotorjobs.com\/fr\/porsche-devoile-son-nouveau-systeme-multimedia-pour-2026-plus-rapide-et-puissant\/#primaryimage","url":"https:\/\/news.canadamotorjobs.com\/wp-content\/uploads\/2025\/03\/img_1.jpg","contentUrl":"https:\/\/news.canadamotorjobs.com\/wp-content\/uploads\/2025\/03\/img_1.jpg","width":1200,"height":675},{"@type":"BreadcrumbList","@id":"https:\/\/news.canadamotorjobs.com\/fr\/porsche-devoile-son-nouveau-systeme-multimedia-pour-2026-plus-rapide-et-puissant\/#breadcrumb","itemListElement":[{"@type":"ListItem","position":1,"name":"Home","item":"https:\/\/news.canadamotorjobs.com\/fr\/blog\/"},{"@type":"ListItem","position":2,"name":"Porsche d\u00e9voile son nouveau syst\u00e8me multim\u00e9dia pour 2026, plus rapide et puissant"}]},{"@type":"WebSite","@id":"https:\/\/news.canadamotorjobs.com\/#website","url":"https:\/\/news.canadamotorjobs.com\/","name":"CanadaMotorJobs.com","description":"Automotive Jobs","publisher":{"@id":"https:\/\/news.canadamotorjobs.com\/#organization"},"potentialAction":[{"@type":"SearchAction","target":{"@type":"EntryPoint","urlTemplate":"https:\/\/news.canadamotorjobs.com\/?s={search_term_string}"},"query-input":"required name=search_term_string"}],"inLanguage":"fr-CA"},{"@type":"Organization","@id":"https:\/\/news.canadamotorjobs.com\/#organization","name":"Canada Motor Jobs","url":"https:\/\/news.canadamotorjobs.com\/","logo":{"@type":"ImageObject","inLanguage":"fr-CA","@id":"https:\/\/news.canadamotorjobs.com\/#\/schema\/logo\/image\/","url":"https:\/\/news.canadamotorjobs.com\/wp-content\/uploads\/2022\/10\/logo-canada-motor-jobs-1.png","contentUrl":"https:\/\/news.canadamotorjobs.com\/wp-content\/uploads\/2022\/10\/logo-canada-motor-jobs-1.png","width":800,"height":400,"caption":"Canada Motor Jobs"},"image":{"@id":"https:\/\/news.canadamotorjobs.com\/#\/schema\/logo\/image\/"},"sameAs":["https:\/\/www.facebook.com\/canadamotorjobs\/","https:\/\/x.com\/canadamotorjobs","https:\/\/www.instagram.com\/canadamotorjobs\/","https:\/\/www.linkedin.com\/company\/canadamotorjobs"]},{"@type":"Person","@id":"https:\/\/news.canadamotorjobs.com\/#\/schema\/person\/51793d1f87d44011d7bcc2ed99269a90","name":"Benoit Charette","image":{"@type":"ImageObject","inLanguage":"fr-CA","@id":"https:\/\/news.canadamotorjobs.com\/#\/schema\/person\/image\/","url":"https:\/\/secure.gravatar.com\/avatar\/45f3d2eebcccd909668d7ce7ea7267b6?s=96&d=mm&r=g","contentUrl":"https:\/\/secure.gravatar.com\/avatar\/45f3d2eebcccd909668d7ce7ea7267b6?s=96&d=mm&r=g","caption":"Benoit Charette"},"description":"Benoit Charette \/ Propri\u00e9taire et r\u00e9dacteur en chef Benoit Charette pratique le journalisme automobile depuis bient\u00f4t 30 ans. Il a fait ses classes au c\u00f4t\u00e9 de Daniel H\u00e9raud et au Carnet de route de 1992 \u00e0 2001. Il est fondateur, copropri\u00e9taire et r\u00e9dacteur en chef de L\u2019Annuel de l\u2019automobile, qu\u2019il publie depuis 2001. Il a anim\u00e9 les \u00e9missions RPM et RPM+ sur V et les L\u00e9gendes de la route sur Historia. \u00c0 la radio depuis 1986, il reprend l\u2019antenne cette ann\u00e9e sur les ondes de Cogeco et participe pour la deuxi\u00e8me ann\u00e9e \u00e0 l\u2019\u00e9mission Passion Auto sur RDS en plus de mettre en ligne le site Web officiel de L\u2019Annuel de l\u2019automobile sur annuelauto.ca.","sameAs":["https:\/\/annuelauto.ca\/"],"url":"https:\/\/news.canadamotorjobs.com\/fr\/author\/benoit-charette\/"}]}},"_links":{"self":[{"href":"https:\/\/news.canadamotorjobs.com\/fr\/wp-json\/wp\/v2\/posts\/199863"}],"collection":[{"href":"https:\/\/news.canadamotorjobs.com\/fr\/wp-json\/wp\/v2\/posts"}],"about":[{"href":"https:\/\/news.canadamotorjobs.com\/fr\/wp-json\/wp\/v2\/types\/post"}],"author":[{"embeddable":true,"href":"https:\/\/news.canadamotorjobs.com\/fr\/wp-json\/wp\/v2\/users\/8"}],"replies":[{"embeddable":true,"href":"https:\/\/news.canadamotorjobs.com\/fr\/wp-json\/wp\/v2\/comments?post=199863"}],"version-history":[{"count":3,"href":"https:\/\/news.canadamotorjobs.com\/fr\/wp-json\/wp\/v2\/posts\/199863\/revisions"}],"predecessor-version":[{"id":199894,"href":"https:\/\/news.canadamotorjobs.com\/fr\/wp-json\/wp\/v2\/posts\/199863\/revisions\/199894"}],"wp:featuredmedia":[{"embeddable":true,"href":"https:\/\/news.canadamotorjobs.com\/fr\/wp-json\/wp\/v2\/media\/199865"}],"wp:attachment":[{"href":"https:\/\/news.canadamotorjobs.com\/fr\/wp-json\/wp\/v2\/media?parent=199863"}],"wp:term":[{"taxonomy":"category","embeddable":true,"href":"https:\/\/news.canadamotorjobs.com\/fr\/wp-json\/wp\/v2\/categories?post=199863"},{"taxonomy":"post_tag","embeddable":true,"href":"https:\/\/news.canadamotorjobs.com\/fr\/wp-json\/wp\/v2\/tags?post=199863"}],"curies":[{"name":"wp","href":"https:\/\/api.w.org\/{rel}","templated":true}]}}