{"id":199789,"date":"2025-03-26T07:15:06","date_gmt":"2025-03-26T11:15:06","guid":{"rendered":"https:\/\/news.canadamotorjobs.com\/?p=199789"},"modified":"2025-03-26T07:29:57","modified_gmt":"2025-03-26T11:29:57","slug":"retour-du-programme-roulez-vert-au-quebec-des-le-1er-avril","status":"publish","type":"post","link":"https:\/\/news.canadamotorjobs.com\/fr\/retour-du-programme-roulez-vert-au-quebec-des-le-1er-avril\/","title":{"rendered":"Retour du programme Roulez vert au Qu\u00e9bec d\u00e8s le 1er avril"},"content":{"rendered":"<\/p>\n<p>Le gouvernement du Qu\u00e9bec d\u00e9posait aujourd\u2019hui son budget pour la prochaine ann\u00e9e. Dans le domaine automobile, ce qui a retenu l\u2019attention, c\u2019est le programme Roulez vert. On se souviendra que ce dernier avant \u00e9t\u00e9 suspendu de fa\u00e7on inattendue en janvier, jetant ainsi dans l\u2019embarras les concessionnaires, sans compter que le m\u00eame geste avait \u00e9t\u00e9 pos\u00e9 au f\u00e9d\u00e9ral avec le programme iZVE pour les v\u00e9hicules \u00ab z\u00e9ro \u00e9mission. \u00bb<\/p>\n<p>De ce c\u00f4t\u00e9, il faudra attendre, mais au Qu\u00e9bec, c\u2019est le retour aux mesures qui avaient \u00e9t\u00e9 annonc\u00e9es l\u2019an dernier pour le calendrier 2025 \u00e0 2027.<\/p>\n<p>Ainsi, pour cette ann\u00e9e, \u00e0 compter du 1er avril, c\u2019est un rabais de 4000 $ qui sera offert aux acheteurs d\u2019un v\u00e9hicule neuf admissibles. Le 1er janvier 2026, l\u2019incitatif sera r\u00e9duit \u00e0 2000 $ et il dispara\u00eetra comme pr\u00e9vu le 1er janvier 2027.<\/p>\n<p>Pour ce qui est des mod\u00e8les hybrides rechargeables neufs, ainsi que les mod\u00e8les tout \u00e9lectriques d\u2019occasion, le rabais sera de 2000 $ \u00e0 compter du 1er avril de cette ann\u00e9e, puis de 1000 $ pour l\u2019ann\u00e9e 2026. Il dispara\u00eetra aussi en 2027.<\/p>\n<p>Pour les motocyclettes \u00e9lectriques, on parle de 1000 $ cette ann\u00e9e et de 500 $ l\u2019ann\u00e9e prochaine.<\/p>\n<p>Rappelons que pour \u00eatre admissible au programme qu\u00e9b\u00e9cois Roulez vert, un v\u00e9hicule doit s\u2019afficher avec un prix de d\u00e9tail sugg\u00e9r\u00e9 par le fabricant (PDSF) qui est inf\u00e9rieur \u00e0 65 000 $.<\/p>\n<p><\/p>\n<figure><img decoding=\"async\" src=\"https:\/\/news.canadamotorjobs.com\/wp-content\/uploads\/2025\/03\/PXL_20250106_160216671-5.jpg\" alt=\"Le Chevrolet Equinox EV 2025\" \/><figcaption>Le Chevrolet Equinox EV 2025 | Auto123.com<\/figcaption><\/figure>\n<p style=\"padding-top: 15px\">Contenu original de <a href=\"https:\/\/www.auto123.com\/fr\/actualites\/programme-roulez-vert-quebec-retour\/72561\/\">auto123<\/a>.<\/p>\n<p>Le texte <a href=\"https:\/\/annuelauto.ca\/retour-du-programme-roulez-vert-au-quebec-des-le-1er-avril\/\">Retour du programme Roulez vert au Qu\u00e9bec d\u00e8s le 1er avril<\/a> provient de <a href=\"https:\/\/annuelauto.ca\">L&#8217;annuel de l&#8217;automobile &#8211; Actualit\u00e9 automobile<\/a><\/p>\n<p><\/p>\n","protected":false},"excerpt":{"rendered":"<p>Le gouvernement du Qu\u00e9bec d\u00e9posait aujourd\u2019hui son budget pour la prochaine ann\u00e9e. Dans le domaine automobile, ce qui a retenu l\u2019attention, c\u2019est le programme Roulez vert. On se souviendra que ce dernier avant \u00e9t\u00e9 suspendu de fa\u00e7on inattendue en janvier, jetant ainsi dans l\u2019embarras les concessionnaires, sans compter que le m\u00eame geste avait \u00e9t\u00e9 pos\u00e9 [&hellip;]<\/p>\n","protected":false},"author":8,"featured_media":199791,"comment_status":"close","ping_status":"closed","sticky":false,"template":"","format":"standard","meta":{"_monsterinsights_skip_tracking":false,"_monsterinsights_sitenote_active":false,"_monsterinsights_sitenote_note":"","_monsterinsights_sitenote_category":0,"footnotes":""},"categories":[101],"tags":[],"yoast_head":"<!-- This site is optimized with the Yoast SEO plugin v23.2 - https:\/\/yoast.com\/wordpress\/plugins\/seo\/ -->\n<title>Retour du programme Roulez vert au Qu\u00e9bec d\u00e8s le 1er avril - CanadaMotorJobs.com<\/title>\n<meta name=\"description\" content=\"Retour du programme Roulez vert au Qu\u00e9bec d\u00e8s le 1er avril - Benoit Charette - Annuel automobile - CanadaMotorJobs.com.\" \/>\n<meta name=\"robots\" content=\"index, follow, max-snippet:-1, max-image-preview:large, max-video-preview:-1\" \/>\n<meta property=\"og:locale\" content=\"fr_CA\" \/>\n<meta property=\"og:type\" content=\"article\" \/>\n<meta property=\"og:title\" content=\"Retour du programme Roulez vert au Qu\u00e9bec d\u00e8s le 1er avril - CanadaMotorJobs.com\" \/>\n<meta property=\"og:description\" content=\"Retour du programme Roulez vert au Qu\u00e9bec d\u00e8s le 1er avril - Benoit Charette - Annuel automobile - CanadaMotorJobs.com.\" \/>\n<meta property=\"og:url\" content=\"https:\/\/news.canadamotorjobs.com\/fr\/retour-du-programme-roulez-vert-au-quebec-des-le-1er-avril\/\" \/>\n<meta property=\"og:site_name\" content=\"CanadaMotorJobs.com\" \/>\n<meta property=\"article:publisher\" content=\"https:\/\/www.facebook.com\/canadamotorjobs\/\" \/>\n<meta property=\"article:published_time\" content=\"2025-03-26T11:15:06+00:00\" \/>\n<meta property=\"article:modified_time\" content=\"2025-03-26T11:29:57+00:00\" \/>\n<meta property=\"og:image\" content=\"https:\/\/news.canadamotorjobs.com\/wp-content\/uploads\/2025\/03\/PXL_20250106_160216671.jpg\" \/>\n\t<meta property=\"og:image:width\" content=\"1200\" \/>\n\t<meta property=\"og:image:height\" content=\"814\" \/>\n\t<meta property=\"og:image:type\" content=\"image\/jpeg\" \/>\n<meta name=\"author\" content=\"Benoit Charette\" \/>\n<meta name=\"twitter:card\" content=\"summary_large_image\" \/>\n<meta name=\"twitter:creator\" content=\"@canadamotorjobs\" \/>\n<meta name=\"twitter:site\" content=\"@canadamotorjobs\" \/>\n<meta name=\"twitter:label1\" content=\"\u00c9crit par\" \/>\n\t<meta name=\"twitter:data1\" content=\"Benoit Charette\" \/>\n\t<meta name=\"twitter:label2\" content=\"Estimation du temps de lecture\" \/>\n\t<meta name=\"twitter:data2\" content=\"1 minute\" \/>\n<!-- \/ Yoast SEO plugin. -->","yoast_head_json":{"title":"Retour du programme Roulez vert au Qu\u00e9bec d\u00e8s le 1er avril - CanadaMotorJobs.com","description":"Retour du programme Roulez vert au Qu\u00e9bec d\u00e8s le 1er avril - Benoit Charette - Annuel automobile - CanadaMotorJobs.com.","robots":{"index":"index","follow":"follow","max-snippet":"max-snippet:-1","max-image-preview":"max-image-preview:large","max-video-preview":"max-video-preview:-1"},"og_locale":"fr_CA","og_type":"article","og_title":"Retour du programme Roulez vert au Qu\u00e9bec d\u00e8s le 1er avril - CanadaMotorJobs.com","og_description":"Retour du programme Roulez vert au Qu\u00e9bec d\u00e8s le 1er avril - Benoit Charette - Annuel automobile - CanadaMotorJobs.com.","og_url":"https:\/\/news.canadamotorjobs.com\/fr\/retour-du-programme-roulez-vert-au-quebec-des-le-1er-avril\/","og_site_name":"CanadaMotorJobs.com","article_publisher":"https:\/\/www.facebook.com\/canadamotorjobs\/","article_published_time":"2025-03-26T11:15:06+00:00","article_modified_time":"2025-03-26T11:29:57+00:00","og_image":[{"width":1200,"height":814,"url":"https:\/\/news.canadamotorjobs.com\/wp-content\/uploads\/2025\/03\/PXL_20250106_160216671.jpg","type":"image\/jpeg"}],"author":"Benoit Charette","twitter_card":"summary_large_image","twitter_creator":"@canadamotorjobs","twitter_site":"@canadamotorjobs","twitter_misc":{"\u00c9crit par":"Benoit Charette","Estimation du temps de lecture":"1 minute"},"schema":{"@context":"https:\/\/schema.org","@graph":[{"@type":"Article","@id":"https:\/\/news.canadamotorjobs.com\/fr\/retour-du-programme-roulez-vert-au-quebec-des-le-1er-avril\/#article","isPartOf":{"@id":"https:\/\/news.canadamotorjobs.com\/fr\/retour-du-programme-roulez-vert-au-quebec-des-le-1er-avril\/"},"author":{"name":"Benoit Charette","@id":"https:\/\/news.canadamotorjobs.com\/#\/schema\/person\/51793d1f87d44011d7bcc2ed99269a90"},"headline":"Retour du programme Roulez vert au Qu\u00e9bec d\u00e8s le 1er avril","datePublished":"2025-03-26T11:15:06+00:00","dateModified":"2025-03-26T11:29:57+00:00","mainEntityOfPage":{"@id":"https:\/\/news.canadamotorjobs.com\/fr\/retour-du-programme-roulez-vert-au-quebec-des-le-1er-avril\/"},"wordCount":290,"publisher":{"@id":"https:\/\/news.canadamotorjobs.com\/#organization"},"image":{"@id":"https:\/\/news.canadamotorjobs.com\/fr\/retour-du-programme-roulez-vert-au-quebec-des-le-1er-avril\/#primaryimage"},"thumbnailUrl":"https:\/\/news.canadamotorjobs.com\/wp-content\/uploads\/2025\/03\/PXL_20250106_160216671.jpg","articleSection":["Annuel automobile"],"inLanguage":"fr-CA"},{"@type":"WebPage","@id":"https:\/\/news.canadamotorjobs.com\/fr\/retour-du-programme-roulez-vert-au-quebec-des-le-1er-avril\/","url":"https:\/\/news.canadamotorjobs.com\/fr\/retour-du-programme-roulez-vert-au-quebec-des-le-1er-avril\/","name":"Retour du programme Roulez vert au Qu\u00e9bec d\u00e8s le 1er avril - CanadaMotorJobs.com","isPartOf":{"@id":"https:\/\/news.canadamotorjobs.com\/#website"},"primaryImageOfPage":{"@id":"https:\/\/news.canadamotorjobs.com\/fr\/retour-du-programme-roulez-vert-au-quebec-des-le-1er-avril\/#primaryimage"},"image":{"@id":"https:\/\/news.canadamotorjobs.com\/fr\/retour-du-programme-roulez-vert-au-quebec-des-le-1er-avril\/#primaryimage"},"thumbnailUrl":"https:\/\/news.canadamotorjobs.com\/wp-content\/uploads\/2025\/03\/PXL_20250106_160216671.jpg","datePublished":"2025-03-26T11:15:06+00:00","dateModified":"2025-03-26T11:29:57+00:00","description":"Retour du programme Roulez vert au Qu\u00e9bec d\u00e8s le 1er avril - Benoit Charette - Annuel automobile - CanadaMotorJobs.com.","breadcrumb":{"@id":"https:\/\/news.canadamotorjobs.com\/fr\/retour-du-programme-roulez-vert-au-quebec-des-le-1er-avril\/#breadcrumb"},"inLanguage":"fr-CA","potentialAction":[{"@type":"ReadAction","target":["https:\/\/news.canadamotorjobs.com\/fr\/retour-du-programme-roulez-vert-au-quebec-des-le-1er-avril\/"]}]},{"@type":"ImageObject","inLanguage":"fr-CA","@id":"https:\/\/news.canadamotorjobs.com\/fr\/retour-du-programme-roulez-vert-au-quebec-des-le-1er-avril\/#primaryimage","url":"https:\/\/news.canadamotorjobs.com\/wp-content\/uploads\/2025\/03\/PXL_20250106_160216671.jpg","contentUrl":"https:\/\/news.canadamotorjobs.com\/wp-content\/uploads\/2025\/03\/PXL_20250106_160216671.jpg","width":1200,"height":814},{"@type":"BreadcrumbList","@id":"https:\/\/news.canadamotorjobs.com\/fr\/retour-du-programme-roulez-vert-au-quebec-des-le-1er-avril\/#breadcrumb","itemListElement":[{"@type":"ListItem","position":1,"name":"Home","item":"https:\/\/news.canadamotorjobs.com\/fr\/blog\/"},{"@type":"ListItem","position":2,"name":"Retour du programme Roulez vert au Qu\u00e9bec d\u00e8s le 1er avril"}]},{"@type":"WebSite","@id":"https:\/\/news.canadamotorjobs.com\/#website","url":"https:\/\/news.canadamotorjobs.com\/","name":"CanadaMotorJobs.com","description":"Automotive Jobs","publisher":{"@id":"https:\/\/news.canadamotorjobs.com\/#organization"},"potentialAction":[{"@type":"SearchAction","target":{"@type":"EntryPoint","urlTemplate":"https:\/\/news.canadamotorjobs.com\/?s={search_term_string}"},"query-input":"required name=search_term_string"}],"inLanguage":"fr-CA"},{"@type":"Organization","@id":"https:\/\/news.canadamotorjobs.com\/#organization","name":"Canada Motor Jobs","url":"https:\/\/news.canadamotorjobs.com\/","logo":{"@type":"ImageObject","inLanguage":"fr-CA","@id":"https:\/\/news.canadamotorjobs.com\/#\/schema\/logo\/image\/","url":"https:\/\/news.canadamotorjobs.com\/wp-content\/uploads\/2022\/10\/logo-canada-motor-jobs-1.png","contentUrl":"https:\/\/news.canadamotorjobs.com\/wp-content\/uploads\/2022\/10\/logo-canada-motor-jobs-1.png","width":800,"height":400,"caption":"Canada Motor Jobs"},"image":{"@id":"https:\/\/news.canadamotorjobs.com\/#\/schema\/logo\/image\/"},"sameAs":["https:\/\/www.facebook.com\/canadamotorjobs\/","https:\/\/x.com\/canadamotorjobs","https:\/\/www.instagram.com\/canadamotorjobs\/","https:\/\/www.linkedin.com\/company\/canadamotorjobs"]},{"@type":"Person","@id":"https:\/\/news.canadamotorjobs.com\/#\/schema\/person\/51793d1f87d44011d7bcc2ed99269a90","name":"Benoit Charette","image":{"@type":"ImageObject","inLanguage":"fr-CA","@id":"https:\/\/news.canadamotorjobs.com\/#\/schema\/person\/image\/","url":"https:\/\/secure.gravatar.com\/avatar\/45f3d2eebcccd909668d7ce7ea7267b6?s=96&d=mm&r=g","contentUrl":"https:\/\/secure.gravatar.com\/avatar\/45f3d2eebcccd909668d7ce7ea7267b6?s=96&d=mm&r=g","caption":"Benoit Charette"},"description":"Benoit Charette \/ Propri\u00e9taire et r\u00e9dacteur en chef Benoit Charette pratique le journalisme automobile depuis bient\u00f4t 30 ans. Il a fait ses classes au c\u00f4t\u00e9 de Daniel H\u00e9raud et au Carnet de route de 1992 \u00e0 2001. Il est fondateur, copropri\u00e9taire et r\u00e9dacteur en chef de L\u2019Annuel de l\u2019automobile, qu\u2019il publie depuis 2001. Il a anim\u00e9 les \u00e9missions RPM et RPM+ sur V et les L\u00e9gendes de la route sur Historia. \u00c0 la radio depuis 1986, il reprend l\u2019antenne cette ann\u00e9e sur les ondes de Cogeco et participe pour la deuxi\u00e8me ann\u00e9e \u00e0 l\u2019\u00e9mission Passion Auto sur RDS en plus de mettre en ligne le site Web officiel de L\u2019Annuel de l\u2019automobile sur annuelauto.ca.","sameAs":["https:\/\/annuelauto.ca\/"],"url":"https:\/\/news.canadamotorjobs.com\/fr\/author\/benoit-charette\/"}]}},"_links":{"self":[{"href":"https:\/\/news.canadamotorjobs.com\/fr\/wp-json\/wp\/v2\/posts\/199789"}],"collection":[{"href":"https:\/\/news.canadamotorjobs.com\/fr\/wp-json\/wp\/v2\/posts"}],"about":[{"href":"https:\/\/news.canadamotorjobs.com\/fr\/wp-json\/wp\/v2\/types\/post"}],"author":[{"embeddable":true,"href":"https:\/\/news.canadamotorjobs.com\/fr\/wp-json\/wp\/v2\/users\/8"}],"replies":[{"embeddable":true,"href":"https:\/\/news.canadamotorjobs.com\/fr\/wp-json\/wp\/v2\/comments?post=199789"}],"version-history":[{"count":3,"href":"https:\/\/news.canadamotorjobs.com\/fr\/wp-json\/wp\/v2\/posts\/199789\/revisions"}],"predecessor-version":[{"id":199816,"href":"https:\/\/news.canadamotorjobs.com\/fr\/wp-json\/wp\/v2\/posts\/199789\/revisions\/199816"}],"wp:featuredmedia":[{"embeddable":true,"href":"https:\/\/news.canadamotorjobs.com\/fr\/wp-json\/wp\/v2\/media\/199791"}],"wp:attachment":[{"href":"https:\/\/news.canadamotorjobs.com\/fr\/wp-json\/wp\/v2\/media?parent=199789"}],"wp:term":[{"taxonomy":"category","embeddable":true,"href":"https:\/\/news.canadamotorjobs.com\/fr\/wp-json\/wp\/v2\/categories?post=199789"},{"taxonomy":"post_tag","embeddable":true,"href":"https:\/\/news.canadamotorjobs.com\/fr\/wp-json\/wp\/v2\/tags?post=199789"}],"curies":[{"name":"wp","href":"https:\/\/api.w.org\/{rel}","templated":true}]}}