{"id":199761,"date":"2025-03-26T07:15:06","date_gmt":"2025-03-26T11:15:06","guid":{"rendered":"https:\/\/news.canadamotorjobs.com\/?p=199761"},"modified":"2025-03-26T07:29:44","modified_gmt":"2025-03-26T11:29:44","slug":"audi-revoit-ses-plans-concernant-son-dernier-modele-a-essence","status":"publish","type":"post","link":"https:\/\/news.canadamotorjobs.com\/fr\/audi-revoit-ses-plans-concernant-son-dernier-modele-a-essence\/","title":{"rendered":"Audi revoit ses plans concernant son dernier mod\u00e8le \u00e0 essence"},"content":{"rendered":"<\/p>\n<p>En 2021, Audi promettait un virage \u00e9lectrique complet qui serait entre autres caract\u00e9ris\u00e9 par l\u2019arriv\u00e9e d\u2019un dernier nouveau mod\u00e8le \u00e0 essence dans la gamme en 2026.<\/p>\n<p>La semaine derni\u00e8re, le chef de la direction de l\u2019entreprise, Gernot D\u00f6llner, a d\u00e9clar\u00e9 que la compagnie r\u00e9\u00e9valuait cet objectif. Il a fait cette d\u00e9claration lors de l\u2019assembl\u00e9e g\u00e9n\u00e9rale annuelle de l\u2019entreprise, o\u00f9 il a \u00e9galement annonc\u00e9 qu\u2019Audi supprimerait 7500 postes d\u2019ici 2029, principalement en Allemagne.<\/p>\n<p>\u00ab Nous g\u00e9rerons la production de nos derniers v\u00e9hicules \u00e0 moteur \u00e0 combustion en fonction de l\u2019\u00e9volution des march\u00e9s mondiaux \u00bb, a-t-il d\u00e9clar\u00e9.<\/p>\n<p>Comme on le mentionnait, le plan initial devait nous faire voir le dernier nouveau mod\u00e8le \u00e0 essence un 2026, un produit qui aurait \u00e9t\u00e9 envoy\u00e9 \u00e0 la retraite autour de 2033 sur la plupart des march\u00e9s.<\/p>\n<p>On entend ce message de plus en plus \u00e0 travers l\u2019industrie alors que les fabricants revoient leurs plans en fonction de la demande et des tendances du march\u00e9.<\/p>\n<p><\/p>\n<figure><img decoding=\"async\" src=\"https:\/\/news.canadamotorjobs.com\/wp-content\/uploads\/2025\/03\/A241342_large-5.jpg\" alt=\"Le Audi Q6 e-tron 2025\" \/><figcaption>Le Audi Q6 e-tron 2025 | Auto123.com<\/figcaption><\/figure>\n<p>Audi n\u2019a pas le choix de revoir ses plans, elle qui a vu les ventes de ses mod\u00e8les \u00e9lectriques fl\u00e9chir l\u2019an dernier. Le constructeur allemand a m\u00eame ferm\u00e9 son usine de Bruxelles, en Belgique, celle qui fabriquait le VUS \u00e9lectrique Q8 e-tron, en raison de ventes trop faibles.<\/p>\n<p>Il faut aussi comprendre qu\u2019en 2024, c\u2019est toute la gamme Audi qui a \u00e9t\u00e9 en recul, avec des ventes de 1 671 218 unit\u00e9s \u00e0 travers le monde, une baisse de 11,8 % par rapport \u00e0 2023. Ses b\u00e9n\u00e9fices d\u2019exploitation ont pour leur part enregistr\u00e9 un retrait de 38 %.<\/p>\n<p>Audi voit quand m\u00eame les choses positivement avec l\u2019arriv\u00e9e de 20 mod\u00e8les tout neufs ou repens\u00e9s au cours des deux prochaines ann\u00e9es. Du lot, il y aura la nouvelle cuv\u00e9e de la berline A6 (que nous venons d\u2019aller voir au Portugal ; d\u00e9tails \u00e0 la mi-avril), ainsi que du VUS Q3. Une variante hybride rechargeable de la A5 est aussi attendue.<\/p>\n<p>La compagnie \u00e9tudie aussi la possibilit\u00e9 de produire des mod\u00e8les en Am\u00e9rique du Nord. Sans le mentionner, les menaces tarifaires de l\u2019administration am\u00e9ricaine sont probablement derri\u00e8re cette r\u00e9flexion. Pr\u00e9sentement, Audi ne fabrique aucun mod\u00e8le aux \u00c9tats-Unis ni au Canada. Elle assemble toutefois son Q5 au Mexique.<\/p>\n<p><\/p>\n<p style=\"padding-top: 15px\">Contenu original de <a href=\"https:\/\/www.auto123.com\/fr\/actualites\/audi-modeles-essence-2026-plans-revisions-electrique\/72559\/\">auto123<\/a>.<\/p>\n<p>Le texte <a href=\"https:\/\/annuelauto.ca\/audi-revoit-ses-plans-concernant-son-dernier-modele-a-essence\/\">Audi revoit ses plans concernant son dernier mod\u00e8le \u00e0 essence<\/a> provient de <a href=\"https:\/\/annuelauto.ca\">L&#8217;annuel de l&#8217;automobile &#8211; Actualit\u00e9 automobile<\/a><\/p>\n<p><\/p>\n","protected":false},"excerpt":{"rendered":"<p>En 2021, Audi promettait un virage \u00e9lectrique complet qui serait entre autres caract\u00e9ris\u00e9 par l\u2019arriv\u00e9e d\u2019un dernier nouveau mod\u00e8le \u00e0 essence dans la gamme en 2026. La semaine derni\u00e8re, le chef de la direction de l\u2019entreprise, Gernot D\u00f6llner, a d\u00e9clar\u00e9 que la compagnie r\u00e9\u00e9valuait cet objectif. Il a fait cette d\u00e9claration lors de l\u2019assembl\u00e9e g\u00e9n\u00e9rale [&hellip;]<\/p>\n","protected":false},"author":8,"featured_media":199763,"comment_status":"close","ping_status":"closed","sticky":false,"template":"","format":"standard","meta":{"_monsterinsights_skip_tracking":false,"_monsterinsights_sitenote_active":false,"_monsterinsights_sitenote_note":"","_monsterinsights_sitenote_category":0,"footnotes":""},"categories":[101],"tags":[],"yoast_head":"<!-- This site is optimized with the Yoast SEO plugin v23.2 - https:\/\/yoast.com\/wordpress\/plugins\/seo\/ -->\n<title>Audi revoit ses plans concernant son dernier mod\u00e8le \u00e0 essence - CanadaMotorJobs.com<\/title>\n<meta name=\"description\" content=\"Audi revoit ses plans concernant son dernier mod\u00e8le \u00e0 essence - Benoit Charette - Annuel automobile - CanadaMotorJobs.com.\" \/>\n<meta name=\"robots\" content=\"index, follow, max-snippet:-1, max-image-preview:large, max-video-preview:-1\" \/>\n<meta property=\"og:locale\" content=\"fr_CA\" \/>\n<meta property=\"og:type\" content=\"article\" \/>\n<meta property=\"og:title\" content=\"Audi revoit ses plans concernant son dernier mod\u00e8le \u00e0 essence - CanadaMotorJobs.com\" \/>\n<meta property=\"og:description\" content=\"Audi revoit ses plans concernant son dernier mod\u00e8le \u00e0 essence - Benoit Charette - Annuel automobile - CanadaMotorJobs.com.\" \/>\n<meta property=\"og:url\" content=\"https:\/\/news.canadamotorjobs.com\/fr\/audi-revoit-ses-plans-concernant-son-dernier-modele-a-essence\/\" \/>\n<meta property=\"og:site_name\" content=\"CanadaMotorJobs.com\" \/>\n<meta property=\"article:publisher\" content=\"https:\/\/www.facebook.com\/canadamotorjobs\/\" \/>\n<meta property=\"article:published_time\" content=\"2025-03-26T11:15:06+00:00\" \/>\n<meta property=\"article:modified_time\" content=\"2025-03-26T11:29:44+00:00\" \/>\n<meta property=\"og:image\" content=\"https:\/\/news.canadamotorjobs.com\/wp-content\/uploads\/2025\/03\/A241342_large.jpg\" \/>\n\t<meta property=\"og:image:width\" content=\"1200\" \/>\n\t<meta property=\"og:image:height\" content=\"800\" \/>\n\t<meta property=\"og:image:type\" content=\"image\/jpeg\" \/>\n<meta name=\"author\" content=\"Benoit Charette\" \/>\n<meta name=\"twitter:card\" content=\"summary_large_image\" \/>\n<meta name=\"twitter:creator\" content=\"@canadamotorjobs\" \/>\n<meta name=\"twitter:site\" content=\"@canadamotorjobs\" \/>\n<meta name=\"twitter:label1\" content=\"\u00c9crit par\" \/>\n\t<meta name=\"twitter:data1\" content=\"Benoit Charette\" \/>\n\t<meta name=\"twitter:label2\" content=\"Estimation du temps de lecture\" \/>\n\t<meta name=\"twitter:data2\" content=\"2 minutes\" \/>\n<!-- \/ Yoast SEO plugin. -->","yoast_head_json":{"title":"Audi revoit ses plans concernant son dernier mod\u00e8le \u00e0 essence - CanadaMotorJobs.com","description":"Audi revoit ses plans concernant son dernier mod\u00e8le \u00e0 essence - Benoit Charette - Annuel automobile - CanadaMotorJobs.com.","robots":{"index":"index","follow":"follow","max-snippet":"max-snippet:-1","max-image-preview":"max-image-preview:large","max-video-preview":"max-video-preview:-1"},"og_locale":"fr_CA","og_type":"article","og_title":"Audi revoit ses plans concernant son dernier mod\u00e8le \u00e0 essence - CanadaMotorJobs.com","og_description":"Audi revoit ses plans concernant son dernier mod\u00e8le \u00e0 essence - Benoit Charette - Annuel automobile - CanadaMotorJobs.com.","og_url":"https:\/\/news.canadamotorjobs.com\/fr\/audi-revoit-ses-plans-concernant-son-dernier-modele-a-essence\/","og_site_name":"CanadaMotorJobs.com","article_publisher":"https:\/\/www.facebook.com\/canadamotorjobs\/","article_published_time":"2025-03-26T11:15:06+00:00","article_modified_time":"2025-03-26T11:29:44+00:00","og_image":[{"width":1200,"height":800,"url":"https:\/\/news.canadamotorjobs.com\/wp-content\/uploads\/2025\/03\/A241342_large.jpg","type":"image\/jpeg"}],"author":"Benoit Charette","twitter_card":"summary_large_image","twitter_creator":"@canadamotorjobs","twitter_site":"@canadamotorjobs","twitter_misc":{"\u00c9crit par":"Benoit Charette","Estimation du temps de lecture":"2 minutes"},"schema":{"@context":"https:\/\/schema.org","@graph":[{"@type":"Article","@id":"https:\/\/news.canadamotorjobs.com\/fr\/audi-revoit-ses-plans-concernant-son-dernier-modele-a-essence\/#article","isPartOf":{"@id":"https:\/\/news.canadamotorjobs.com\/fr\/audi-revoit-ses-plans-concernant-son-dernier-modele-a-essence\/"},"author":{"name":"Benoit Charette","@id":"https:\/\/news.canadamotorjobs.com\/#\/schema\/person\/51793d1f87d44011d7bcc2ed99269a90"},"headline":"Audi revoit ses plans concernant son dernier mod\u00e8le \u00e0 essence","datePublished":"2025-03-26T11:15:06+00:00","dateModified":"2025-03-26T11:29:44+00:00","mainEntityOfPage":{"@id":"https:\/\/news.canadamotorjobs.com\/fr\/audi-revoit-ses-plans-concernant-son-dernier-modele-a-essence\/"},"wordCount":432,"publisher":{"@id":"https:\/\/news.canadamotorjobs.com\/#organization"},"image":{"@id":"https:\/\/news.canadamotorjobs.com\/fr\/audi-revoit-ses-plans-concernant-son-dernier-modele-a-essence\/#primaryimage"},"thumbnailUrl":"https:\/\/news.canadamotorjobs.com\/wp-content\/uploads\/2025\/03\/A241342_large.jpg","articleSection":["Annuel automobile"],"inLanguage":"fr-CA"},{"@type":"WebPage","@id":"https:\/\/news.canadamotorjobs.com\/fr\/audi-revoit-ses-plans-concernant-son-dernier-modele-a-essence\/","url":"https:\/\/news.canadamotorjobs.com\/fr\/audi-revoit-ses-plans-concernant-son-dernier-modele-a-essence\/","name":"Audi revoit ses plans concernant son dernier mod\u00e8le \u00e0 essence - CanadaMotorJobs.com","isPartOf":{"@id":"https:\/\/news.canadamotorjobs.com\/#website"},"primaryImageOfPage":{"@id":"https:\/\/news.canadamotorjobs.com\/fr\/audi-revoit-ses-plans-concernant-son-dernier-modele-a-essence\/#primaryimage"},"image":{"@id":"https:\/\/news.canadamotorjobs.com\/fr\/audi-revoit-ses-plans-concernant-son-dernier-modele-a-essence\/#primaryimage"},"thumbnailUrl":"https:\/\/news.canadamotorjobs.com\/wp-content\/uploads\/2025\/03\/A241342_large.jpg","datePublished":"2025-03-26T11:15:06+00:00","dateModified":"2025-03-26T11:29:44+00:00","description":"Audi revoit ses plans concernant son dernier mod\u00e8le \u00e0 essence - Benoit Charette - Annuel automobile - CanadaMotorJobs.com.","breadcrumb":{"@id":"https:\/\/news.canadamotorjobs.com\/fr\/audi-revoit-ses-plans-concernant-son-dernier-modele-a-essence\/#breadcrumb"},"inLanguage":"fr-CA","potentialAction":[{"@type":"ReadAction","target":["https:\/\/news.canadamotorjobs.com\/fr\/audi-revoit-ses-plans-concernant-son-dernier-modele-a-essence\/"]}]},{"@type":"ImageObject","inLanguage":"fr-CA","@id":"https:\/\/news.canadamotorjobs.com\/fr\/audi-revoit-ses-plans-concernant-son-dernier-modele-a-essence\/#primaryimage","url":"https:\/\/news.canadamotorjobs.com\/wp-content\/uploads\/2025\/03\/A241342_large.jpg","contentUrl":"https:\/\/news.canadamotorjobs.com\/wp-content\/uploads\/2025\/03\/A241342_large.jpg","width":1200,"height":800},{"@type":"BreadcrumbList","@id":"https:\/\/news.canadamotorjobs.com\/fr\/audi-revoit-ses-plans-concernant-son-dernier-modele-a-essence\/#breadcrumb","itemListElement":[{"@type":"ListItem","position":1,"name":"Home","item":"https:\/\/news.canadamotorjobs.com\/fr\/blog\/"},{"@type":"ListItem","position":2,"name":"Audi revoit ses plans concernant son dernier mod\u00e8le \u00e0 essence"}]},{"@type":"WebSite","@id":"https:\/\/news.canadamotorjobs.com\/#website","url":"https:\/\/news.canadamotorjobs.com\/","name":"CanadaMotorJobs.com","description":"Automotive Jobs","publisher":{"@id":"https:\/\/news.canadamotorjobs.com\/#organization"},"potentialAction":[{"@type":"SearchAction","target":{"@type":"EntryPoint","urlTemplate":"https:\/\/news.canadamotorjobs.com\/?s={search_term_string}"},"query-input":"required name=search_term_string"}],"inLanguage":"fr-CA"},{"@type":"Organization","@id":"https:\/\/news.canadamotorjobs.com\/#organization","name":"Canada Motor Jobs","url":"https:\/\/news.canadamotorjobs.com\/","logo":{"@type":"ImageObject","inLanguage":"fr-CA","@id":"https:\/\/news.canadamotorjobs.com\/#\/schema\/logo\/image\/","url":"https:\/\/news.canadamotorjobs.com\/wp-content\/uploads\/2022\/10\/logo-canada-motor-jobs-1.png","contentUrl":"https:\/\/news.canadamotorjobs.com\/wp-content\/uploads\/2022\/10\/logo-canada-motor-jobs-1.png","width":800,"height":400,"caption":"Canada Motor Jobs"},"image":{"@id":"https:\/\/news.canadamotorjobs.com\/#\/schema\/logo\/image\/"},"sameAs":["https:\/\/www.facebook.com\/canadamotorjobs\/","https:\/\/x.com\/canadamotorjobs","https:\/\/www.instagram.com\/canadamotorjobs\/","https:\/\/www.linkedin.com\/company\/canadamotorjobs"]},{"@type":"Person","@id":"https:\/\/news.canadamotorjobs.com\/#\/schema\/person\/51793d1f87d44011d7bcc2ed99269a90","name":"Benoit Charette","image":{"@type":"ImageObject","inLanguage":"fr-CA","@id":"https:\/\/news.canadamotorjobs.com\/#\/schema\/person\/image\/","url":"https:\/\/secure.gravatar.com\/avatar\/45f3d2eebcccd909668d7ce7ea7267b6?s=96&d=mm&r=g","contentUrl":"https:\/\/secure.gravatar.com\/avatar\/45f3d2eebcccd909668d7ce7ea7267b6?s=96&d=mm&r=g","caption":"Benoit Charette"},"description":"Benoit Charette \/ Propri\u00e9taire et r\u00e9dacteur en chef Benoit Charette pratique le journalisme automobile depuis bient\u00f4t 30 ans. Il a fait ses classes au c\u00f4t\u00e9 de Daniel H\u00e9raud et au Carnet de route de 1992 \u00e0 2001. Il est fondateur, copropri\u00e9taire et r\u00e9dacteur en chef de L\u2019Annuel de l\u2019automobile, qu\u2019il publie depuis 2001. Il a anim\u00e9 les \u00e9missions RPM et RPM+ sur V et les L\u00e9gendes de la route sur Historia. \u00c0 la radio depuis 1986, il reprend l\u2019antenne cette ann\u00e9e sur les ondes de Cogeco et participe pour la deuxi\u00e8me ann\u00e9e \u00e0 l\u2019\u00e9mission Passion Auto sur RDS en plus de mettre en ligne le site Web officiel de L\u2019Annuel de l\u2019automobile sur annuelauto.ca.","sameAs":["https:\/\/annuelauto.ca\/"],"url":"https:\/\/news.canadamotorjobs.com\/fr\/author\/benoit-charette\/"}]}},"_links":{"self":[{"href":"https:\/\/news.canadamotorjobs.com\/fr\/wp-json\/wp\/v2\/posts\/199761"}],"collection":[{"href":"https:\/\/news.canadamotorjobs.com\/fr\/wp-json\/wp\/v2\/posts"}],"about":[{"href":"https:\/\/news.canadamotorjobs.com\/fr\/wp-json\/wp\/v2\/types\/post"}],"author":[{"embeddable":true,"href":"https:\/\/news.canadamotorjobs.com\/fr\/wp-json\/wp\/v2\/users\/8"}],"replies":[{"embeddable":true,"href":"https:\/\/news.canadamotorjobs.com\/fr\/wp-json\/wp\/v2\/comments?post=199761"}],"version-history":[{"count":3,"href":"https:\/\/news.canadamotorjobs.com\/fr\/wp-json\/wp\/v2\/posts\/199761\/revisions"}],"predecessor-version":[{"id":199788,"href":"https:\/\/news.canadamotorjobs.com\/fr\/wp-json\/wp\/v2\/posts\/199761\/revisions\/199788"}],"wp:featuredmedia":[{"embeddable":true,"href":"https:\/\/news.canadamotorjobs.com\/fr\/wp-json\/wp\/v2\/media\/199763"}],"wp:attachment":[{"href":"https:\/\/news.canadamotorjobs.com\/fr\/wp-json\/wp\/v2\/media?parent=199761"}],"wp:term":[{"taxonomy":"category","embeddable":true,"href":"https:\/\/news.canadamotorjobs.com\/fr\/wp-json\/wp\/v2\/categories?post=199761"},{"taxonomy":"post_tag","embeddable":true,"href":"https:\/\/news.canadamotorjobs.com\/fr\/wp-json\/wp\/v2\/tags?post=199761"}],"curies":[{"name":"wp","href":"https:\/\/api.w.org\/{rel}","templated":true}]}}