{"id":199729,"date":"2025-03-26T07:15:07","date_gmt":"2025-03-26T11:15:07","guid":{"rendered":"https:\/\/news.canadamotorjobs.com\/?p=199729"},"modified":"2025-03-26T07:29:31","modified_gmt":"2025-03-26T11:29:31","slug":"polestar-2-importations-suspendues-au-canada-en-raison-des-nouveaux-tarifs-douaniers","status":"publish","type":"post","link":"https:\/\/news.canadamotorjobs.com\/fr\/polestar-2-importations-suspendues-au-canada-en-raison-des-nouveaux-tarifs-douaniers\/","title":{"rendered":"Polestar 2 : importations suspendues au Canada en raison des nouveaux tarifs douaniers"},"content":{"rendered":"<\/p>\n<p><strong>\u2022\u00a0\u00a0\u00a0 L\u2019importation de la Polestar 2 est suspendue au Canada.<\/strong><\/p>\n<p>Le 1er octobre 2024, le gouvernement canadien a impos\u00e9 une taxe de 100 % sur l\u2019importation de v\u00e9hicules \u00e9lectriques (VE) chinois (et ceux fabriqu\u00e9s en Chine), s\u2019alignant ainsi sur les \u00c9tats-Unis. Cette d\u00e9cision vise officiellement \u00e0 prot\u00e9ger l\u2019industrie automobile nord-am\u00e9ricaine et \u00e0 emp\u00eacher une invasion de mod\u00e8les chinois \u00e0 prix plus abordables.<\/p>\n<p>Toutefois, cette mesure ne touche pas que les constructeurs chinois comme BYD, Nio ou XPeng. Des marques \u00e9tablies, dont Volvo et Polestar, se retrouvent \u00e9galement affect\u00e9es, car plusieurs de leurs mod\u00e8les destin\u00e9s au Canada sont fabriqu\u00e9s en Chine.<\/p>\n<p><strong>Polestar 2 bloqu\u00e9e aux fronti\u00e8res<\/strong><\/p>\n<p>Le cas le plus frappant est celui de la Polestar 2, actuellement assembl\u00e9e exclusivement en Chine, \u00e0 l\u2019usine Geely de Luqiao. Cons\u00e9quence directe des tarifs canadiens, toute nouvelle unit\u00e9 import\u00e9e est soumise \u00e0 une surtaxe de 100 %, doublant ainsi son prix.<\/p>\n<p>Les v\u00e9hicules d\u00e9j\u00e0 au Canada continuent d\u2019\u00eatre vendus, mais aucune nouvelle importation n\u2019aura lieu tant que les tarifs seront en place.<\/p>\n<p><\/p>\n<figure><img decoding=\"async\" src=\"https:\/\/news.canadamotorjobs.com\/wp-content\/uploads\/2025\/03\/polestar_3_29-5.jpeg\" alt=\"Le Polestar 3\" \/><figcaption>Le Polestar 3 | Auto123.com<\/figcaption><\/figure>\n<p><strong>Priorit\u00e9 de Polestar<\/strong><\/p>\n<p>Le constructeur se tourne d\u00e9sormais vers les mod\u00e8les Polestar 3 et Polestar 4, qui seront assembl\u00e9s en Caroline du Sud (\u00c9tats-Unis) et \u00e0 Busan (Cor\u00e9e du Sud) pour \u00e9viter les surtaxes.<\/p>\n<p><strong>Volvo et Mini d\u00e9placent leur production<\/strong><\/p>\n<p>D\u2019autres marques ont pris des mesures pr\u00e9ventives pour \u00e9viter ces tarifs punitifs sur les produits provenant de Chine. Par exemple, initialement produite en Chine, la Volvo EX30 destin\u00e9e \u00e0 l\u2019Am\u00e9rique du Nord est d\u00e9sormais assembl\u00e9e \u00e0 l\u2019usine de Gand en Belgique. Au m\u00eame titre, les premiers exemplaires de la Mini Cooper SE tout \u00e9lectrique sont issus de la Chine, mais la production nord-am\u00e9ricaine sera bient\u00f4t transf\u00e9r\u00e9e \u00e0 l\u2019usine BMW d\u2019Oxford, au Royaume-Uni.<\/p>\n<p><strong>Tesla a anticip\u00e9 le coup<\/strong><\/p>\n<p>Avant l\u2019entr\u00e9e en vigueur des surtaxes canadiennes, les Tesla Model Y et Model 3 fabriqu\u00e9s en Chine ont bri\u00e8vement \u00e9t\u00e9 import\u00e9s au Canada. Aujourd\u2019hui, tous les Tesla vendus au pays sont produits en Am\u00e9rique du Nord, \u00e9vitant ainsi les surtaxes.<\/p>\n<p><strong>Les v\u00e9hicules thermiques aussi concern\u00e9s ?<\/strong><\/p>\n<p>Bien que le tarif canadien ne s\u2019applique qu\u2019aux v\u00e9hicules \u00e9lectriques, la situation est plus complexe aux \u00c9tats-Unis, o\u00f9 tous les v\u00e9hicules fabriqu\u00e9s en Chine, y compris les mod\u00e8les \u00e0 essence, subissent une taxe de 27,5 %.<\/p>\n<p>Et cela aura un impact pour le Canada. Plusieurs constructeurs qui partagent des cha\u00eenes de production pour les deux march\u00e9s ont relocalis\u00e9 l\u2019assemblage de certains mod\u00e8les. R\u00e9sultat, seuls deux v\u00e9hicules d\u2019origine chinoise \u00e0 moteur thermique restent vendus au Canada :<\/p>\n<ul><\/p>\n<li>\u2014 Le Lincoln Nautilus, produit en Chine depuis la fermeture temporaire de l\u2019usine Ford d\u2019Oakville, en Ontario.<\/li>\n<p><\/p>\n<li>\u2014 Le Buick Envision, fabriqu\u00e9 dans l\u2019usine Dong Yue Motors en Chine.<\/li>\n<p>\n<\/ul>\n<p><\/p>\n<figure><img decoding=\"async\" src=\"https:\/\/news.canadamotorjobs.com\/wp-content\/uploads\/2025\/03\/volvo_xc60_t8-1.jpeg\" alt=\"Le Volvo XC60 PHEV\" \/><figcaption>Le Volvo XC60 PHEV | Auto123.com<\/figcaption><\/figure>\n<p>Enfin, les versions canadiennes du Volvo XC60 hybride rechargeable ne proviennent plus de Chine, mais d\u00e9sormais de l\u2019usine de Torslanda, en Su\u00e8de.<\/p>\n<p><strong>Un avenir incertain pour les importations chinoises<\/strong><\/p>\n<p>Avec ces restrictions, l\u2019importation de v\u00e9hicules \u00e9lectriques chinois devient quasiment impossible.<\/p>\n<p>Reste \u00e0 voir si les tarifs seront lev\u00e9s \u00e0 l\u2019avenir ou s\u2019ils forceront encore plus de constructeurs \u00e0 revoir leur production pour le march\u00e9 canadien.<\/p>\n<p><\/p>\n<p style=\"padding-top: 15px\">Contenu original de <a href=\"https:\/\/www.auto123.com\/fr\/actualites\/polestar-2-suspendue-tarifs-canada\/72558\/\">auto123<\/a>.<\/p>\n<p>Le texte <a href=\"https:\/\/annuelauto.ca\/polestar-2-importations-suspendues-au-canada-en-raison-des-nouveaux-tarifs-douaniers\/\">Polestar 2 : importations suspendues au Canada en raison des nouveaux tarifs douaniers<\/a> provient de <a href=\"https:\/\/annuelauto.ca\">L&#8217;annuel de l&#8217;automobile &#8211; Actualit\u00e9 automobile<\/a><\/p>\n<p><\/p>\n","protected":false},"excerpt":{"rendered":"<p>\u2022\u00a0\u00a0\u00a0 L\u2019importation de la Polestar 2 est suspendue au Canada. Le 1er octobre 2024, le gouvernement canadien a impos\u00e9 une taxe de 100 % sur l\u2019importation de v\u00e9hicules \u00e9lectriques (VE) chinois (et ceux fabriqu\u00e9s en Chine), s\u2019alignant ainsi sur les \u00c9tats-Unis. Cette d\u00e9cision vise officiellement \u00e0 prot\u00e9ger l\u2019industrie automobile nord-am\u00e9ricaine et \u00e0 emp\u00eacher une invasion [&hellip;]<\/p>\n","protected":false},"author":8,"featured_media":199731,"comment_status":"close","ping_status":"closed","sticky":false,"template":"","format":"standard","meta":{"_monsterinsights_skip_tracking":false,"_monsterinsights_sitenote_active":false,"_monsterinsights_sitenote_note":"","_monsterinsights_sitenote_category":0,"footnotes":""},"categories":[101],"tags":[],"yoast_head":"<!-- This site is optimized with the Yoast SEO plugin v23.2 - https:\/\/yoast.com\/wordpress\/plugins\/seo\/ -->\n<title>Polestar 2 : importations suspendues au Canada en raison des nouveaux tarifs douaniers - CanadaMotorJobs.com<\/title>\n<meta name=\"description\" content=\"Polestar 2 : importations suspendues au Canada en raison des nouveaux tarifs douaniers - Benoit Charette - Annuel automobile - CanadaMotorJobs.com.\" \/>\n<meta name=\"robots\" content=\"index, follow, max-snippet:-1, max-image-preview:large, max-video-preview:-1\" \/>\n<meta property=\"og:locale\" content=\"fr_CA\" \/>\n<meta property=\"og:type\" content=\"article\" \/>\n<meta property=\"og:title\" content=\"Polestar 2 : importations suspendues au Canada en raison des nouveaux tarifs douaniers - CanadaMotorJobs.com\" \/>\n<meta property=\"og:description\" content=\"Polestar 2 : importations suspendues au Canada en raison des nouveaux tarifs douaniers - Benoit Charette - Annuel automobile - CanadaMotorJobs.com.\" \/>\n<meta property=\"og:url\" content=\"https:\/\/news.canadamotorjobs.com\/fr\/polestar-2-importations-suspendues-au-canada-en-raison-des-nouveaux-tarifs-douaniers\/\" \/>\n<meta property=\"og:site_name\" content=\"CanadaMotorJobs.com\" \/>\n<meta property=\"article:publisher\" content=\"https:\/\/www.facebook.com\/canadamotorjobs\/\" \/>\n<meta property=\"article:published_time\" content=\"2025-03-26T11:15:07+00:00\" \/>\n<meta property=\"article:modified_time\" content=\"2025-03-26T11:29:31+00:00\" \/>\n<meta property=\"og:image\" content=\"https:\/\/news.canadamotorjobs.com\/wp-content\/uploads\/2025\/03\/polestar_3_29.jpeg\" \/>\n\t<meta property=\"og:image:width\" content=\"1200\" \/>\n\t<meta property=\"og:image:height\" content=\"802\" \/>\n\t<meta property=\"og:image:type\" content=\"image\/jpeg\" \/>\n<meta name=\"author\" content=\"Benoit Charette\" \/>\n<meta name=\"twitter:card\" content=\"summary_large_image\" \/>\n<meta name=\"twitter:creator\" content=\"@canadamotorjobs\" \/>\n<meta name=\"twitter:site\" content=\"@canadamotorjobs\" \/>\n<meta name=\"twitter:label1\" content=\"\u00c9crit par\" \/>\n\t<meta name=\"twitter:data1\" content=\"Benoit Charette\" \/>\n\t<meta name=\"twitter:label2\" content=\"Estimation du temps de lecture\" \/>\n\t<meta name=\"twitter:data2\" content=\"3 minutes\" \/>\n<!-- \/ Yoast SEO plugin. -->","yoast_head_json":{"title":"Polestar 2 : importations suspendues au Canada en raison des nouveaux tarifs douaniers - CanadaMotorJobs.com","description":"Polestar 2 : importations suspendues au Canada en raison des nouveaux tarifs douaniers - Benoit Charette - Annuel automobile - CanadaMotorJobs.com.","robots":{"index":"index","follow":"follow","max-snippet":"max-snippet:-1","max-image-preview":"max-image-preview:large","max-video-preview":"max-video-preview:-1"},"og_locale":"fr_CA","og_type":"article","og_title":"Polestar 2 : importations suspendues au Canada en raison des nouveaux tarifs douaniers - CanadaMotorJobs.com","og_description":"Polestar 2 : importations suspendues au Canada en raison des nouveaux tarifs douaniers - Benoit Charette - Annuel automobile - CanadaMotorJobs.com.","og_url":"https:\/\/news.canadamotorjobs.com\/fr\/polestar-2-importations-suspendues-au-canada-en-raison-des-nouveaux-tarifs-douaniers\/","og_site_name":"CanadaMotorJobs.com","article_publisher":"https:\/\/www.facebook.com\/canadamotorjobs\/","article_published_time":"2025-03-26T11:15:07+00:00","article_modified_time":"2025-03-26T11:29:31+00:00","og_image":[{"width":1200,"height":802,"url":"https:\/\/news.canadamotorjobs.com\/wp-content\/uploads\/2025\/03\/polestar_3_29.jpeg","type":"image\/jpeg"}],"author":"Benoit Charette","twitter_card":"summary_large_image","twitter_creator":"@canadamotorjobs","twitter_site":"@canadamotorjobs","twitter_misc":{"\u00c9crit par":"Benoit Charette","Estimation du temps de lecture":"3 minutes"},"schema":{"@context":"https:\/\/schema.org","@graph":[{"@type":"Article","@id":"https:\/\/news.canadamotorjobs.com\/fr\/polestar-2-importations-suspendues-au-canada-en-raison-des-nouveaux-tarifs-douaniers\/#article","isPartOf":{"@id":"https:\/\/news.canadamotorjobs.com\/fr\/polestar-2-importations-suspendues-au-canada-en-raison-des-nouveaux-tarifs-douaniers\/"},"author":{"name":"Benoit Charette","@id":"https:\/\/news.canadamotorjobs.com\/#\/schema\/person\/51793d1f87d44011d7bcc2ed99269a90"},"headline":"Polestar 2 : importations suspendues au Canada en raison des nouveaux tarifs douaniers","datePublished":"2025-03-26T11:15:07+00:00","dateModified":"2025-03-26T11:29:31+00:00","mainEntityOfPage":{"@id":"https:\/\/news.canadamotorjobs.com\/fr\/polestar-2-importations-suspendues-au-canada-en-raison-des-nouveaux-tarifs-douaniers\/"},"wordCount":595,"publisher":{"@id":"https:\/\/news.canadamotorjobs.com\/#organization"},"image":{"@id":"https:\/\/news.canadamotorjobs.com\/fr\/polestar-2-importations-suspendues-au-canada-en-raison-des-nouveaux-tarifs-douaniers\/#primaryimage"},"thumbnailUrl":"https:\/\/news.canadamotorjobs.com\/wp-content\/uploads\/2025\/03\/polestar_3_29.jpeg","articleSection":["Annuel automobile"],"inLanguage":"fr-CA"},{"@type":"WebPage","@id":"https:\/\/news.canadamotorjobs.com\/fr\/polestar-2-importations-suspendues-au-canada-en-raison-des-nouveaux-tarifs-douaniers\/","url":"https:\/\/news.canadamotorjobs.com\/fr\/polestar-2-importations-suspendues-au-canada-en-raison-des-nouveaux-tarifs-douaniers\/","name":"Polestar 2 : importations suspendues au Canada en raison des nouveaux tarifs douaniers - CanadaMotorJobs.com","isPartOf":{"@id":"https:\/\/news.canadamotorjobs.com\/#website"},"primaryImageOfPage":{"@id":"https:\/\/news.canadamotorjobs.com\/fr\/polestar-2-importations-suspendues-au-canada-en-raison-des-nouveaux-tarifs-douaniers\/#primaryimage"},"image":{"@id":"https:\/\/news.canadamotorjobs.com\/fr\/polestar-2-importations-suspendues-au-canada-en-raison-des-nouveaux-tarifs-douaniers\/#primaryimage"},"thumbnailUrl":"https:\/\/news.canadamotorjobs.com\/wp-content\/uploads\/2025\/03\/polestar_3_29.jpeg","datePublished":"2025-03-26T11:15:07+00:00","dateModified":"2025-03-26T11:29:31+00:00","description":"Polestar 2 : importations suspendues au Canada en raison des nouveaux tarifs douaniers - Benoit Charette - Annuel automobile - CanadaMotorJobs.com.","breadcrumb":{"@id":"https:\/\/news.canadamotorjobs.com\/fr\/polestar-2-importations-suspendues-au-canada-en-raison-des-nouveaux-tarifs-douaniers\/#breadcrumb"},"inLanguage":"fr-CA","potentialAction":[{"@type":"ReadAction","target":["https:\/\/news.canadamotorjobs.com\/fr\/polestar-2-importations-suspendues-au-canada-en-raison-des-nouveaux-tarifs-douaniers\/"]}]},{"@type":"ImageObject","inLanguage":"fr-CA","@id":"https:\/\/news.canadamotorjobs.com\/fr\/polestar-2-importations-suspendues-au-canada-en-raison-des-nouveaux-tarifs-douaniers\/#primaryimage","url":"https:\/\/news.canadamotorjobs.com\/wp-content\/uploads\/2025\/03\/polestar_3_29.jpeg","contentUrl":"https:\/\/news.canadamotorjobs.com\/wp-content\/uploads\/2025\/03\/polestar_3_29.jpeg","width":1200,"height":802},{"@type":"BreadcrumbList","@id":"https:\/\/news.canadamotorjobs.com\/fr\/polestar-2-importations-suspendues-au-canada-en-raison-des-nouveaux-tarifs-douaniers\/#breadcrumb","itemListElement":[{"@type":"ListItem","position":1,"name":"Home","item":"https:\/\/news.canadamotorjobs.com\/fr\/blog\/"},{"@type":"ListItem","position":2,"name":"Polestar 2 : importations suspendues au Canada en raison des nouveaux tarifs douaniers"}]},{"@type":"WebSite","@id":"https:\/\/news.canadamotorjobs.com\/#website","url":"https:\/\/news.canadamotorjobs.com\/","name":"CanadaMotorJobs.com","description":"Automotive Jobs","publisher":{"@id":"https:\/\/news.canadamotorjobs.com\/#organization"},"potentialAction":[{"@type":"SearchAction","target":{"@type":"EntryPoint","urlTemplate":"https:\/\/news.canadamotorjobs.com\/?s={search_term_string}"},"query-input":"required name=search_term_string"}],"inLanguage":"fr-CA"},{"@type":"Organization","@id":"https:\/\/news.canadamotorjobs.com\/#organization","name":"Canada Motor Jobs","url":"https:\/\/news.canadamotorjobs.com\/","logo":{"@type":"ImageObject","inLanguage":"fr-CA","@id":"https:\/\/news.canadamotorjobs.com\/#\/schema\/logo\/image\/","url":"https:\/\/news.canadamotorjobs.com\/wp-content\/uploads\/2022\/10\/logo-canada-motor-jobs-1.png","contentUrl":"https:\/\/news.canadamotorjobs.com\/wp-content\/uploads\/2022\/10\/logo-canada-motor-jobs-1.png","width":800,"height":400,"caption":"Canada Motor Jobs"},"image":{"@id":"https:\/\/news.canadamotorjobs.com\/#\/schema\/logo\/image\/"},"sameAs":["https:\/\/www.facebook.com\/canadamotorjobs\/","https:\/\/x.com\/canadamotorjobs","https:\/\/www.instagram.com\/canadamotorjobs\/","https:\/\/www.linkedin.com\/company\/canadamotorjobs"]},{"@type":"Person","@id":"https:\/\/news.canadamotorjobs.com\/#\/schema\/person\/51793d1f87d44011d7bcc2ed99269a90","name":"Benoit Charette","image":{"@type":"ImageObject","inLanguage":"fr-CA","@id":"https:\/\/news.canadamotorjobs.com\/#\/schema\/person\/image\/","url":"https:\/\/secure.gravatar.com\/avatar\/45f3d2eebcccd909668d7ce7ea7267b6?s=96&d=mm&r=g","contentUrl":"https:\/\/secure.gravatar.com\/avatar\/45f3d2eebcccd909668d7ce7ea7267b6?s=96&d=mm&r=g","caption":"Benoit Charette"},"description":"Benoit Charette \/ Propri\u00e9taire et r\u00e9dacteur en chef Benoit Charette pratique le journalisme automobile depuis bient\u00f4t 30 ans. Il a fait ses classes au c\u00f4t\u00e9 de Daniel H\u00e9raud et au Carnet de route de 1992 \u00e0 2001. Il est fondateur, copropri\u00e9taire et r\u00e9dacteur en chef de L\u2019Annuel de l\u2019automobile, qu\u2019il publie depuis 2001. Il a anim\u00e9 les \u00e9missions RPM et RPM+ sur V et les L\u00e9gendes de la route sur Historia. \u00c0 la radio depuis 1986, il reprend l\u2019antenne cette ann\u00e9e sur les ondes de Cogeco et participe pour la deuxi\u00e8me ann\u00e9e \u00e0 l\u2019\u00e9mission Passion Auto sur RDS en plus de mettre en ligne le site Web officiel de L\u2019Annuel de l\u2019automobile sur annuelauto.ca.","sameAs":["https:\/\/annuelauto.ca\/"],"url":"https:\/\/news.canadamotorjobs.com\/fr\/author\/benoit-charette\/"}]}},"_links":{"self":[{"href":"https:\/\/news.canadamotorjobs.com\/fr\/wp-json\/wp\/v2\/posts\/199729"}],"collection":[{"href":"https:\/\/news.canadamotorjobs.com\/fr\/wp-json\/wp\/v2\/posts"}],"about":[{"href":"https:\/\/news.canadamotorjobs.com\/fr\/wp-json\/wp\/v2\/types\/post"}],"author":[{"embeddable":true,"href":"https:\/\/news.canadamotorjobs.com\/fr\/wp-json\/wp\/v2\/users\/8"}],"replies":[{"embeddable":true,"href":"https:\/\/news.canadamotorjobs.com\/fr\/wp-json\/wp\/v2\/comments?post=199729"}],"version-history":[{"count":3,"href":"https:\/\/news.canadamotorjobs.com\/fr\/wp-json\/wp\/v2\/posts\/199729\/revisions"}],"predecessor-version":[{"id":199760,"href":"https:\/\/news.canadamotorjobs.com\/fr\/wp-json\/wp\/v2\/posts\/199729\/revisions\/199760"}],"wp:featuredmedia":[{"embeddable":true,"href":"https:\/\/news.canadamotorjobs.com\/fr\/wp-json\/wp\/v2\/media\/199731"}],"wp:attachment":[{"href":"https:\/\/news.canadamotorjobs.com\/fr\/wp-json\/wp\/v2\/media?parent=199729"}],"wp:term":[{"taxonomy":"category","embeddable":true,"href":"https:\/\/news.canadamotorjobs.com\/fr\/wp-json\/wp\/v2\/categories?post=199729"},{"taxonomy":"post_tag","embeddable":true,"href":"https:\/\/news.canadamotorjobs.com\/fr\/wp-json\/wp\/v2\/tags?post=199729"}],"curies":[{"name":"wp","href":"https:\/\/api.w.org\/{rel}","templated":true}]}}