{"id":199701,"date":"2025-03-26T07:15:07","date_gmt":"2025-03-26T11:15:07","guid":{"rendered":"https:\/\/news.canadamotorjobs.com\/?p=199701"},"modified":"2025-03-26T07:29:17","modified_gmt":"2025-03-26T11:29:17","slug":"tesla-exclue-des-rabais-pour-ve-dans-trois-provinces-canadiennes","status":"publish","type":"post","link":"https:\/\/news.canadamotorjobs.com\/fr\/tesla-exclue-des-rabais-pour-ve-dans-trois-provinces-canadiennes\/","title":{"rendered":"Tesla exclue des rabais pour V\u00c9 dans trois provinces canadiennes"},"content":{"rendered":"<\/p>\n<p>Les tensions entre Elon Musk et les autorit\u00e9s gouvernementales au Canada atteignent un nouveau sommet. La Nouvelle-\u00c9cosse, le Manitoba et la Colombie-Britannique ont officiellement retir\u00e9 les v\u00e9hicules Tesla de leurs programmes d\u2019incitatifs \u00e0 l\u2019achat de v\u00e9hicules \u00e9lectriques (VE).<\/p>\n<p><strong>Une sanction politique contre Musk<\/strong><\/p>\n<p>La Colombie-Britannique a \u00e9t\u00e9 la premi\u00e8re \u00e0 exclure Tesla le 13 mars dernier. Son premier ministre, David Eby, a expliqu\u00e9 cette d\u00e9cision sans d\u00e9tour :<\/p>\n<p>\u00ab Quand les contribuables apprennent que 10 000 $ vont directement \u00e0 Elon Musk, ils ont envie de vomir. \u00bb<\/p>\n<p>Une d\u00e9claration choc qui illustre la mont\u00e9e des tensions entre certains gouvernements et l\u2019entreprise californienne.<\/p>\n<p>La d\u00e9cision de la Nouvelle-\u00c9cosse survient apr\u00e8s que Musk a affich\u00e9 son soutien \u00e0 Donald Trump et adopt\u00e9 des positions controvers\u00e9es sur divers sujets politiques. Face \u00e0 cela, le gouvernement progressiste-conservateur de la province s\u2019est alli\u00e9 aux partis d\u2019opposition (NPD et lib\u00e9raux) pour voter l\u2019exclusion de tous les mod\u00e8les Tesla du programme provincial.<\/p>\n<p>L\u2019impact direct est que les consommateurs r\u00e9sidant dans ces provinces perdent un rabais de 2000 $ \u00e0 3000 $, selon le mod\u00e8le.<\/p>\n<p><\/p>\n<figure><img decoding=\"async\" src=\"https:\/\/news.canadamotorjobs.com\/wp-content\/uploads\/2025\/03\/Tesla_2025_Model_Y_Juniper_007-5.jpg\" alt=\"Le Tesla Model Y Juniper 2025\" \/><figcaption>Le Tesla Model Y Juniper 2025 | Auto123.com<\/figcaption><\/figure>\n<p>La situation est similaire au Manitoba, qui a suivi la Colombie-Britannique en retirant les incitatifs pour les v\u00e9hicules de la marque am\u00e9ricaine. Le programme du Manitoba accordait jusqu\u2019\u00e0 4000 $ aux acheteurs de VE dont le PDSF ne d\u00e9passait pas 70 000 $.<\/p>\n<p>Mais la province a aussi pris une autre mesure cibl\u00e9e : l\u2019interdiction des subventions pour tous les v\u00e9hicules \u00e9lectriques assembl\u00e9s en Chine.<\/p>\n<p><strong>La Saskatchewan double la taxe annuelle sur les v\u00e9hicules \u00e9lectriques<\/strong><\/p>\n<p>Pendant ce temps, en Saskatchewan, l\u2019heure est non seulement aux restrictions, mais aussi aux augmentations de frais. Le gouvernement provincial a d\u00e9cid\u00e9 de doubler les frais annuels d\u2019immatriculation pour les v\u00e9hicules \u00e9lectriques, qui passeront de 150 $ \u00e0 300 $ d\u00e8s le 1er juin. La raison officielle ? Ces nouvelles recettes serviront \u00e0 moderniser le r\u00e9seau routier.<\/p>\n<p>En ce qui concerne Tesla, d\u2019autres provinces pourraient potentiellement embo\u00eeter le pas. La question se pose notamment pour le Qu\u00e9bec, qui tarde \u00e0 retirer Tesla de son programme Roulez vert. Le programme qu\u00e9b\u00e9cois accorde jusqu\u2019\u00e0 4000 $ en incitatifs aux acheteurs de V\u00c9 admissibles, m\u00eame s\u2019il a \u00e9t\u00e9 suspendu temporairement au d\u00e9but de la pr\u00e9sente ann\u00e9e.<\/p>\n<p>Il est \u00e9vident que Tesla devient une cible privil\u00e9gi\u00e9e des gouvernements canadiens dans le cadre d\u2019un bras de fer plus large entre le Canada et les \u00c9tats-Unis. Reste \u00e0 voir si d\u2019autres provinces s\u2019aligneront sur cette tendance.<\/p>\n<p><\/p>\n<p style=\"padding-top: 15px\">Contenu original de <a href=\"https:\/\/www.auto123.com\/fr\/actualites\/tesla-exclue-rabais-vehicules-electriques-provinces\/72557\/\">auto123<\/a>.<\/p>\n<p>Le texte <a href=\"https:\/\/annuelauto.ca\/tesla-exclue-des-rabais-pour-ve-dans-trois-provinces-canadiennes\/\">Tesla exclue des rabais pour V\u00c9 dans trois provinces canadiennes<\/a> provient de <a href=\"https:\/\/annuelauto.ca\">L&#8217;annuel de l&#8217;automobile &#8211; Actualit\u00e9 automobile<\/a><\/p>\n<p><\/p>\n","protected":false},"excerpt":{"rendered":"<p>Les tensions entre Elon Musk et les autorit\u00e9s gouvernementales au Canada atteignent un nouveau sommet. La Nouvelle-\u00c9cosse, le Manitoba et la Colombie-Britannique ont officiellement retir\u00e9 les v\u00e9hicules Tesla de leurs programmes d\u2019incitatifs \u00e0 l\u2019achat de v\u00e9hicules \u00e9lectriques (VE). Une sanction politique contre Musk La Colombie-Britannique a \u00e9t\u00e9 la premi\u00e8re \u00e0 exclure Tesla le 13 mars [&hellip;]<\/p>\n","protected":false},"author":8,"featured_media":199703,"comment_status":"close","ping_status":"closed","sticky":false,"template":"","format":"standard","meta":{"_monsterinsights_skip_tracking":false,"_monsterinsights_sitenote_active":false,"_monsterinsights_sitenote_note":"","_monsterinsights_sitenote_category":0,"footnotes":""},"categories":[101],"tags":[],"yoast_head":"<!-- This site is optimized with the Yoast SEO plugin v23.2 - https:\/\/yoast.com\/wordpress\/plugins\/seo\/ -->\n<title>Tesla exclue des rabais pour V\u00c9 dans trois provinces canadiennes - CanadaMotorJobs.com<\/title>\n<meta name=\"description\" content=\"Tesla exclue des rabais pour V\u00c9 dans trois provinces canadiennes - Benoit Charette - Annuel automobile - CanadaMotorJobs.com.\" \/>\n<meta name=\"robots\" content=\"index, follow, max-snippet:-1, max-image-preview:large, max-video-preview:-1\" \/>\n<meta property=\"og:locale\" content=\"fr_CA\" \/>\n<meta property=\"og:type\" content=\"article\" \/>\n<meta property=\"og:title\" content=\"Tesla exclue des rabais pour V\u00c9 dans trois provinces canadiennes - CanadaMotorJobs.com\" \/>\n<meta property=\"og:description\" content=\"Tesla exclue des rabais pour V\u00c9 dans trois provinces canadiennes - Benoit Charette - Annuel automobile - CanadaMotorJobs.com.\" \/>\n<meta property=\"og:url\" content=\"https:\/\/news.canadamotorjobs.com\/fr\/tesla-exclue-des-rabais-pour-ve-dans-trois-provinces-canadiennes\/\" \/>\n<meta property=\"og:site_name\" content=\"CanadaMotorJobs.com\" \/>\n<meta property=\"article:publisher\" content=\"https:\/\/www.facebook.com\/canadamotorjobs\/\" \/>\n<meta property=\"article:published_time\" content=\"2025-03-26T11:15:07+00:00\" \/>\n<meta property=\"article:modified_time\" content=\"2025-03-26T11:29:17+00:00\" \/>\n<meta property=\"og:image\" content=\"https:\/\/news.canadamotorjobs.com\/wp-content\/uploads\/2025\/03\/Tesla_2025_Model_Y_Juniper_007.jpg\" \/>\n\t<meta property=\"og:image:width\" content=\"1200\" \/>\n\t<meta property=\"og:image:height\" content=\"538\" \/>\n\t<meta property=\"og:image:type\" content=\"image\/jpeg\" \/>\n<meta name=\"author\" content=\"Benoit Charette\" \/>\n<meta name=\"twitter:card\" content=\"summary_large_image\" \/>\n<meta name=\"twitter:creator\" content=\"@canadamotorjobs\" \/>\n<meta name=\"twitter:site\" content=\"@canadamotorjobs\" \/>\n<meta name=\"twitter:label1\" content=\"\u00c9crit par\" \/>\n\t<meta name=\"twitter:data1\" content=\"Benoit Charette\" \/>\n\t<meta name=\"twitter:label2\" content=\"Estimation du temps de lecture\" \/>\n\t<meta name=\"twitter:data2\" content=\"2 minutes\" \/>\n<!-- \/ Yoast SEO plugin. -->","yoast_head_json":{"title":"Tesla exclue des rabais pour V\u00c9 dans trois provinces canadiennes - CanadaMotorJobs.com","description":"Tesla exclue des rabais pour V\u00c9 dans trois provinces canadiennes - Benoit Charette - Annuel automobile - CanadaMotorJobs.com.","robots":{"index":"index","follow":"follow","max-snippet":"max-snippet:-1","max-image-preview":"max-image-preview:large","max-video-preview":"max-video-preview:-1"},"og_locale":"fr_CA","og_type":"article","og_title":"Tesla exclue des rabais pour V\u00c9 dans trois provinces canadiennes - CanadaMotorJobs.com","og_description":"Tesla exclue des rabais pour V\u00c9 dans trois provinces canadiennes - Benoit Charette - Annuel automobile - CanadaMotorJobs.com.","og_url":"https:\/\/news.canadamotorjobs.com\/fr\/tesla-exclue-des-rabais-pour-ve-dans-trois-provinces-canadiennes\/","og_site_name":"CanadaMotorJobs.com","article_publisher":"https:\/\/www.facebook.com\/canadamotorjobs\/","article_published_time":"2025-03-26T11:15:07+00:00","article_modified_time":"2025-03-26T11:29:17+00:00","og_image":[{"width":1200,"height":538,"url":"https:\/\/news.canadamotorjobs.com\/wp-content\/uploads\/2025\/03\/Tesla_2025_Model_Y_Juniper_007.jpg","type":"image\/jpeg"}],"author":"Benoit Charette","twitter_card":"summary_large_image","twitter_creator":"@canadamotorjobs","twitter_site":"@canadamotorjobs","twitter_misc":{"\u00c9crit par":"Benoit Charette","Estimation du temps de lecture":"2 minutes"},"schema":{"@context":"https:\/\/schema.org","@graph":[{"@type":"Article","@id":"https:\/\/news.canadamotorjobs.com\/fr\/tesla-exclue-des-rabais-pour-ve-dans-trois-provinces-canadiennes\/#article","isPartOf":{"@id":"https:\/\/news.canadamotorjobs.com\/fr\/tesla-exclue-des-rabais-pour-ve-dans-trois-provinces-canadiennes\/"},"author":{"name":"Benoit Charette","@id":"https:\/\/news.canadamotorjobs.com\/#\/schema\/person\/51793d1f87d44011d7bcc2ed99269a90"},"headline":"Tesla exclue des rabais pour V\u00c9 dans trois provinces canadiennes","datePublished":"2025-03-26T11:15:07+00:00","dateModified":"2025-03-26T11:29:17+00:00","mainEntityOfPage":{"@id":"https:\/\/news.canadamotorjobs.com\/fr\/tesla-exclue-des-rabais-pour-ve-dans-trois-provinces-canadiennes\/"},"wordCount":465,"publisher":{"@id":"https:\/\/news.canadamotorjobs.com\/#organization"},"image":{"@id":"https:\/\/news.canadamotorjobs.com\/fr\/tesla-exclue-des-rabais-pour-ve-dans-trois-provinces-canadiennes\/#primaryimage"},"thumbnailUrl":"https:\/\/news.canadamotorjobs.com\/wp-content\/uploads\/2025\/03\/Tesla_2025_Model_Y_Juniper_007.jpg","articleSection":["Annuel automobile"],"inLanguage":"fr-CA"},{"@type":"WebPage","@id":"https:\/\/news.canadamotorjobs.com\/fr\/tesla-exclue-des-rabais-pour-ve-dans-trois-provinces-canadiennes\/","url":"https:\/\/news.canadamotorjobs.com\/fr\/tesla-exclue-des-rabais-pour-ve-dans-trois-provinces-canadiennes\/","name":"Tesla exclue des rabais pour V\u00c9 dans trois provinces canadiennes - CanadaMotorJobs.com","isPartOf":{"@id":"https:\/\/news.canadamotorjobs.com\/#website"},"primaryImageOfPage":{"@id":"https:\/\/news.canadamotorjobs.com\/fr\/tesla-exclue-des-rabais-pour-ve-dans-trois-provinces-canadiennes\/#primaryimage"},"image":{"@id":"https:\/\/news.canadamotorjobs.com\/fr\/tesla-exclue-des-rabais-pour-ve-dans-trois-provinces-canadiennes\/#primaryimage"},"thumbnailUrl":"https:\/\/news.canadamotorjobs.com\/wp-content\/uploads\/2025\/03\/Tesla_2025_Model_Y_Juniper_007.jpg","datePublished":"2025-03-26T11:15:07+00:00","dateModified":"2025-03-26T11:29:17+00:00","description":"Tesla exclue des rabais pour V\u00c9 dans trois provinces canadiennes - Benoit Charette - Annuel automobile - CanadaMotorJobs.com.","breadcrumb":{"@id":"https:\/\/news.canadamotorjobs.com\/fr\/tesla-exclue-des-rabais-pour-ve-dans-trois-provinces-canadiennes\/#breadcrumb"},"inLanguage":"fr-CA","potentialAction":[{"@type":"ReadAction","target":["https:\/\/news.canadamotorjobs.com\/fr\/tesla-exclue-des-rabais-pour-ve-dans-trois-provinces-canadiennes\/"]}]},{"@type":"ImageObject","inLanguage":"fr-CA","@id":"https:\/\/news.canadamotorjobs.com\/fr\/tesla-exclue-des-rabais-pour-ve-dans-trois-provinces-canadiennes\/#primaryimage","url":"https:\/\/news.canadamotorjobs.com\/wp-content\/uploads\/2025\/03\/Tesla_2025_Model_Y_Juniper_007.jpg","contentUrl":"https:\/\/news.canadamotorjobs.com\/wp-content\/uploads\/2025\/03\/Tesla_2025_Model_Y_Juniper_007.jpg","width":1200,"height":538},{"@type":"BreadcrumbList","@id":"https:\/\/news.canadamotorjobs.com\/fr\/tesla-exclue-des-rabais-pour-ve-dans-trois-provinces-canadiennes\/#breadcrumb","itemListElement":[{"@type":"ListItem","position":1,"name":"Home","item":"https:\/\/news.canadamotorjobs.com\/fr\/blog\/"},{"@type":"ListItem","position":2,"name":"Tesla exclue des rabais pour V\u00c9 dans trois provinces canadiennes"}]},{"@type":"WebSite","@id":"https:\/\/news.canadamotorjobs.com\/#website","url":"https:\/\/news.canadamotorjobs.com\/","name":"CanadaMotorJobs.com","description":"Automotive Jobs","publisher":{"@id":"https:\/\/news.canadamotorjobs.com\/#organization"},"potentialAction":[{"@type":"SearchAction","target":{"@type":"EntryPoint","urlTemplate":"https:\/\/news.canadamotorjobs.com\/?s={search_term_string}"},"query-input":"required name=search_term_string"}],"inLanguage":"fr-CA"},{"@type":"Organization","@id":"https:\/\/news.canadamotorjobs.com\/#organization","name":"Canada Motor Jobs","url":"https:\/\/news.canadamotorjobs.com\/","logo":{"@type":"ImageObject","inLanguage":"fr-CA","@id":"https:\/\/news.canadamotorjobs.com\/#\/schema\/logo\/image\/","url":"https:\/\/news.canadamotorjobs.com\/wp-content\/uploads\/2022\/10\/logo-canada-motor-jobs-1.png","contentUrl":"https:\/\/news.canadamotorjobs.com\/wp-content\/uploads\/2022\/10\/logo-canada-motor-jobs-1.png","width":800,"height":400,"caption":"Canada Motor Jobs"},"image":{"@id":"https:\/\/news.canadamotorjobs.com\/#\/schema\/logo\/image\/"},"sameAs":["https:\/\/www.facebook.com\/canadamotorjobs\/","https:\/\/x.com\/canadamotorjobs","https:\/\/www.instagram.com\/canadamotorjobs\/","https:\/\/www.linkedin.com\/company\/canadamotorjobs"]},{"@type":"Person","@id":"https:\/\/news.canadamotorjobs.com\/#\/schema\/person\/51793d1f87d44011d7bcc2ed99269a90","name":"Benoit Charette","image":{"@type":"ImageObject","inLanguage":"fr-CA","@id":"https:\/\/news.canadamotorjobs.com\/#\/schema\/person\/image\/","url":"https:\/\/secure.gravatar.com\/avatar\/45f3d2eebcccd909668d7ce7ea7267b6?s=96&d=mm&r=g","contentUrl":"https:\/\/secure.gravatar.com\/avatar\/45f3d2eebcccd909668d7ce7ea7267b6?s=96&d=mm&r=g","caption":"Benoit Charette"},"description":"Benoit Charette \/ Propri\u00e9taire et r\u00e9dacteur en chef Benoit Charette pratique le journalisme automobile depuis bient\u00f4t 30 ans. Il a fait ses classes au c\u00f4t\u00e9 de Daniel H\u00e9raud et au Carnet de route de 1992 \u00e0 2001. Il est fondateur, copropri\u00e9taire et r\u00e9dacteur en chef de L\u2019Annuel de l\u2019automobile, qu\u2019il publie depuis 2001. Il a anim\u00e9 les \u00e9missions RPM et RPM+ sur V et les L\u00e9gendes de la route sur Historia. \u00c0 la radio depuis 1986, il reprend l\u2019antenne cette ann\u00e9e sur les ondes de Cogeco et participe pour la deuxi\u00e8me ann\u00e9e \u00e0 l\u2019\u00e9mission Passion Auto sur RDS en plus de mettre en ligne le site Web officiel de L\u2019Annuel de l\u2019automobile sur annuelauto.ca.","sameAs":["https:\/\/annuelauto.ca\/"],"url":"https:\/\/news.canadamotorjobs.com\/fr\/author\/benoit-charette\/"}]}},"_links":{"self":[{"href":"https:\/\/news.canadamotorjobs.com\/fr\/wp-json\/wp\/v2\/posts\/199701"}],"collection":[{"href":"https:\/\/news.canadamotorjobs.com\/fr\/wp-json\/wp\/v2\/posts"}],"about":[{"href":"https:\/\/news.canadamotorjobs.com\/fr\/wp-json\/wp\/v2\/types\/post"}],"author":[{"embeddable":true,"href":"https:\/\/news.canadamotorjobs.com\/fr\/wp-json\/wp\/v2\/users\/8"}],"replies":[{"embeddable":true,"href":"https:\/\/news.canadamotorjobs.com\/fr\/wp-json\/wp\/v2\/comments?post=199701"}],"version-history":[{"count":3,"href":"https:\/\/news.canadamotorjobs.com\/fr\/wp-json\/wp\/v2\/posts\/199701\/revisions"}],"predecessor-version":[{"id":199728,"href":"https:\/\/news.canadamotorjobs.com\/fr\/wp-json\/wp\/v2\/posts\/199701\/revisions\/199728"}],"wp:featuredmedia":[{"embeddable":true,"href":"https:\/\/news.canadamotorjobs.com\/fr\/wp-json\/wp\/v2\/media\/199703"}],"wp:attachment":[{"href":"https:\/\/news.canadamotorjobs.com\/fr\/wp-json\/wp\/v2\/media?parent=199701"}],"wp:term":[{"taxonomy":"category","embeddable":true,"href":"https:\/\/news.canadamotorjobs.com\/fr\/wp-json\/wp\/v2\/categories?post=199701"},{"taxonomy":"post_tag","embeddable":true,"href":"https:\/\/news.canadamotorjobs.com\/fr\/wp-json\/wp\/v2\/tags?post=199701"}],"curies":[{"name":"wp","href":"https:\/\/api.w.org\/{rel}","templated":true}]}}