{"id":199647,"date":"2025-03-25T09:10:53","date_gmt":"2025-03-25T13:10:53","guid":{"rendered":"https:\/\/news.canadamotorjobs.com\/?p=199647"},"modified":"2025-03-25T09:14:08","modified_gmt":"2025-03-25T13:14:08","slug":"le-hemi-v8-est-de-retour-chez-dodge-et-ram","status":"publish","type":"post","link":"https:\/\/news.canadamotorjobs.com\/fr\/le-hemi-v8-est-de-retour-chez-dodge-et-ram\/","title":{"rendered":"Le Hemi V8 est de retour chez Dodge et Ram"},"content":{"rendered":"<\/p>\n<p class=\"\" data-start=\"399\" data-end=\"599\">Les amateurs de muscle cars et de camions Ram vont \u00eatre ravis : apr\u00e8s une br\u00e8ve disparition, les moteurs Hemi V8 font leur retour sous le capot des Ram 1500 et des Dodge Charger.<\/p>\n<p><\/p>\n<p class=\"\" data-start=\"601\" data-end=\"867\">Alors que Stellantis semblait tourner la page du V8 l\u00e9gendaire, privil\u00e9giant des motorisations six cylindres et \u00e9lectriques, un nouveau rapport affirme que la production des Hemi reprendra en ao\u00fbt 2025 \u00e0 l\u2019usine Dundee Engine Plant au Michigan.<\/p>\n<h3 data-start=\"869\" data-end=\"930\">Le Hemi 5.7L et le 6.4L reviennent dans les Ram 1500<\/h3>\n<p>\n&#8211; Retour du 5.7L Hemi V8 : Apr\u00e8s avoir \u00e9t\u00e9 \u00e9cart\u00e9 au profit du six-cylindres Hurricane, le V8 de 5.7 litres fait son grand retour dans les Ram 1500 2025.<\/p>\n<p class=\"\" data-start=\"1102\" data-end=\"1299\">&#8211; Le 6.4L \u00ab 392 \u00bb aussi dans le 1500 : Alors que cette motorisation \u00e9tait historiquement r\u00e9serv\u00e9e aux mod\u00e8les Ram Heavy Duty (HD), le Hemi 6.4L sera d\u00e9sormais disponible sur le 1500.<\/p>\n<p><\/p>\n<p class=\"\" data-start=\"1301\" data-end=\"1457\">R\u00e9action de Stellantis : Pour l\u2019instant, la marque se contente de qualifier ces informations de \u00ab sp\u00e9culations \u00bb, sans confirmation officielle.<\/p>\n<h3 data-start=\"1459\" data-end=\"1519\">Un retour du V8 sous le capot de la Dodge Charger ?<\/h3>\n<p><\/p>\n<p class=\"\" data-start=\"1521\" data-end=\"1700\">La Dodge Charger 2024 a surpris en abandonnant compl\u00e8tement le V8 au profit de motorisations \u00e9lectriques (Daytona EV) et six cylindres (Sixpack \u00e0 venir cet \u00e9t\u00e9).<\/p>\n<p><\/p>\n<p class=\"\" data-start=\"1702\" data-end=\"1896\">&#8211; Mais selon MoparInsiders, les ing\u00e9nieurs travaillent actuellement sur l\u2019int\u00e9gration du Hemi V8 dans la nouvelle g\u00e9n\u00e9ration de Charger, ce qui constituerait un revirement majeur.<\/p>\n<h3 data-start=\"1898\" data-end=\"2161\">Pourquoi ce changement ?<\/h3>\n<p><\/p>\n<p class=\"\" data-start=\"1898\" data-end=\"2161\">Les ventes en baisse des mod\u00e8les Ram et Dodge sans V8 auraient incit\u00e9 Stellantis \u00e0 revoir sa strat\u00e9gie. Le PDG de Ram, Tim Kuniskis, aurait reconsid\u00e9r\u00e9 la suppression du Hemi apr\u00e8s avoir analys\u00e9 l\u2019impact commercial.<\/p>\n<h3 data-start=\"2163\" data-end=\"2234\">Un moteur Hellcat encore plus puissant en pr\u00e9paration<\/h3>\n<p><\/p>\n<p class=\"\" data-start=\"2236\" data-end=\"2383\">Parmi les grandes interrogations, il reste \u00e0 savoir si toutes les versions du moteur Hellcat (6.2L suraliment\u00e9) feront aussi leur retour.<\/p>\n<ul><\/p>\n<li data-start=\"2385\" data-end=\"2481\">Le rapport mentionne m\u00eame un Hemi in\u00e9dit, avec une cylindr\u00e9e sup\u00e9rieure au 6.4L actuel.<\/li>\n<p>\n<\/ul>\n<p><\/p>\n<p class=\"\" data-start=\"2483\" data-end=\"2622\">Si cela se confirme, Dodge pourrait proposer une muscle car thermique encore plus puissante que la derni\u00e8re Challenger SRT Demon 170.<\/p>\n<h2 class=\"\" data-start=\"2624\" data-end=\"2673\">Le Hemi de retour sur d&#8217;autres mod\u00e8les ?<\/h2>\n<p><\/p>\n<p class=\"\" data-start=\"2675\" data-end=\"2912\">Le retour du V8 ne se limiterait pas \u00e0 Dodge et Ram. Un document interne de Stellantis mentionne une production suppl\u00e9mentaire de 5 000 Jeep Wrangler Rubicon 392, alors que ce mod\u00e8le a d\u00e9j\u00e0 connu plusieurs &#8220;Final Editions&#8221;.<\/p>\n<ul><\/p>\n<li data-start=\"2914\" data-end=\"3169\">Et pour les Jeep Grand Cherokee et Wagoneer ?<br data-start=\"2966\" data-end=\"2969\" \/>Impossible de dire si le Hemi pourrait aussi refaire surface dans ces mod\u00e8les. Toutefois, le Dodge Durango SRT Hellcat, initialement promis \u00e0 une disparition rapide, continue d\u2019\u00eatre produit.<\/li>\n<p>\n<\/ul>\n<p><\/p>\n<h3 data-start=\"3171\" data-end=\"3221\">Un pari sur l\u2019avenir des V8 en Am\u00e9rique ?<\/h3>\n<p><\/p>\n<p class=\"\" data-start=\"3223\" data-end=\"3410\">Si Stellantis relance r\u00e9ellement la production du Hemi, c&#8217;est peut-\u00eatre parce que l\u2019entreprise parie sur un assouplissement des r\u00e9gulations sous une \u00e9ventuelle administration Trump.<\/p>\n<p><\/p>\n<p class=\"\" data-start=\"3412\" data-end=\"3675\">Alors que les normes environnementales ont pouss\u00e9 vers l\u2019\u00e9lectrification forc\u00e9e, le march\u00e9 semble r\u00e9clamer le retour des gros V8. Et Stellantis pourrait bien capitaliser sur cette demande en offrant une alternative aux muscle cars 100 % \u00e9lectriques.<\/p>\n<p><\/p>\n<p class=\"\" data-start=\"3677\" data-end=\"3723\">&#8211; Le Hemi V8 n\u2019a pas dit son dernier mot.<\/p>\n<p><\/p>\n<p data-start=\"3677\" data-end=\"3723\">Avec des renseignements de Motortrend<\/p>\n<p>Le texte <a href=\"https:\/\/annuelauto.ca\/le-hemi-v8-est-de-retour-chez-dodge-et-ram\/\">Le Hemi V8 est de retour chez Dodge et Ram<\/a> provient de <a href=\"https:\/\/annuelauto.ca\">L&#8217;annuel de l&#8217;automobile &#8211; Actualit\u00e9 automobile<\/a><\/p>\n<p><\/p>\n","protected":false},"excerpt":{"rendered":"<p>Les amateurs de muscle cars et de camions Ram vont \u00eatre ravis : apr\u00e8s une br\u00e8ve disparition, les moteurs Hemi V8 font leur retour sous le capot des Ram 1500 et des Dodge Charger. Alors que Stellantis semblait tourner la page du V8 l\u00e9gendaire, privil\u00e9giant des motorisations six cylindres et \u00e9lectriques, un nouveau rapport affirme [&hellip;]<\/p>\n","protected":false},"author":8,"featured_media":199649,"comment_status":"close","ping_status":"closed","sticky":false,"template":"","format":"standard","meta":{"_monsterinsights_skip_tracking":false,"_monsterinsights_sitenote_active":false,"_monsterinsights_sitenote_note":"","_monsterinsights_sitenote_category":0,"footnotes":""},"categories":[101],"tags":[],"yoast_head":"<!-- This site is optimized with the Yoast SEO plugin v23.2 - https:\/\/yoast.com\/wordpress\/plugins\/seo\/ -->\n<title>Le Hemi V8 est de retour chez Dodge et Ram - CanadaMotorJobs.com<\/title>\n<meta name=\"description\" content=\"Le Hemi V8 est de retour chez Dodge et Ram - Benoit Charette - Annuel automobile - CanadaMotorJobs.com.\" \/>\n<meta name=\"robots\" content=\"index, follow, max-snippet:-1, max-image-preview:large, max-video-preview:-1\" \/>\n<meta property=\"og:locale\" content=\"fr_CA\" \/>\n<meta property=\"og:type\" content=\"article\" \/>\n<meta property=\"og:title\" content=\"Le Hemi V8 est de retour chez Dodge et Ram - CanadaMotorJobs.com\" \/>\n<meta property=\"og:description\" content=\"Le Hemi V8 est de retour chez Dodge et Ram - Benoit Charette - Annuel automobile - CanadaMotorJobs.com.\" \/>\n<meta property=\"og:url\" content=\"https:\/\/news.canadamotorjobs.com\/fr\/le-hemi-v8-est-de-retour-chez-dodge-et-ram\/\" \/>\n<meta property=\"og:site_name\" content=\"CanadaMotorJobs.com\" \/>\n<meta property=\"article:publisher\" content=\"https:\/\/www.facebook.com\/canadamotorjobs\/\" \/>\n<meta property=\"article:published_time\" content=\"2025-03-25T13:10:53+00:00\" \/>\n<meta property=\"article:modified_time\" content=\"2025-03-25T13:14:08+00:00\" \/>\n<meta property=\"og:image\" content=\"https:\/\/news.canadamotorjobs.com\/wp-content\/uploads\/2025\/03\/DG022_342CHeh3q6ph8sicksa7mvauprrpdtd.jpg\" \/>\n\t<meta property=\"og:image:width\" content=\"1636\" \/>\n\t<meta property=\"og:image:height\" content=\"1000\" \/>\n\t<meta property=\"og:image:type\" content=\"image\/jpeg\" \/>\n<meta name=\"author\" content=\"Benoit Charette\" \/>\n<meta name=\"twitter:card\" content=\"summary_large_image\" \/>\n<meta name=\"twitter:creator\" content=\"@canadamotorjobs\" \/>\n<meta name=\"twitter:site\" content=\"@canadamotorjobs\" \/>\n<meta name=\"twitter:label1\" content=\"\u00c9crit par\" \/>\n\t<meta name=\"twitter:data1\" content=\"Benoit Charette\" \/>\n\t<meta name=\"twitter:label2\" content=\"Estimation du temps de lecture\" \/>\n\t<meta name=\"twitter:data2\" content=\"3 minutes\" \/>\n<!-- \/ Yoast SEO plugin. -->","yoast_head_json":{"title":"Le Hemi V8 est de retour chez Dodge et Ram - CanadaMotorJobs.com","description":"Le Hemi V8 est de retour chez Dodge et Ram - Benoit Charette - Annuel automobile - CanadaMotorJobs.com.","robots":{"index":"index","follow":"follow","max-snippet":"max-snippet:-1","max-image-preview":"max-image-preview:large","max-video-preview":"max-video-preview:-1"},"og_locale":"fr_CA","og_type":"article","og_title":"Le Hemi V8 est de retour chez Dodge et Ram - CanadaMotorJobs.com","og_description":"Le Hemi V8 est de retour chez Dodge et Ram - Benoit Charette - Annuel automobile - CanadaMotorJobs.com.","og_url":"https:\/\/news.canadamotorjobs.com\/fr\/le-hemi-v8-est-de-retour-chez-dodge-et-ram\/","og_site_name":"CanadaMotorJobs.com","article_publisher":"https:\/\/www.facebook.com\/canadamotorjobs\/","article_published_time":"2025-03-25T13:10:53+00:00","article_modified_time":"2025-03-25T13:14:08+00:00","og_image":[{"width":1636,"height":1000,"url":"https:\/\/news.canadamotorjobs.com\/wp-content\/uploads\/2025\/03\/DG022_342CHeh3q6ph8sicksa7mvauprrpdtd.jpg","type":"image\/jpeg"}],"author":"Benoit Charette","twitter_card":"summary_large_image","twitter_creator":"@canadamotorjobs","twitter_site":"@canadamotorjobs","twitter_misc":{"\u00c9crit par":"Benoit Charette","Estimation du temps de lecture":"3 minutes"},"schema":{"@context":"https:\/\/schema.org","@graph":[{"@type":"Article","@id":"https:\/\/news.canadamotorjobs.com\/fr\/le-hemi-v8-est-de-retour-chez-dodge-et-ram\/#article","isPartOf":{"@id":"https:\/\/news.canadamotorjobs.com\/fr\/le-hemi-v8-est-de-retour-chez-dodge-et-ram\/"},"author":{"name":"Benoit Charette","@id":"https:\/\/news.canadamotorjobs.com\/#\/schema\/person\/51793d1f87d44011d7bcc2ed99269a90"},"headline":"Le Hemi V8 est de retour chez Dodge et Ram","datePublished":"2025-03-25T13:10:53+00:00","dateModified":"2025-03-25T13:14:08+00:00","mainEntityOfPage":{"@id":"https:\/\/news.canadamotorjobs.com\/fr\/le-hemi-v8-est-de-retour-chez-dodge-et-ram\/"},"wordCount":546,"publisher":{"@id":"https:\/\/news.canadamotorjobs.com\/#organization"},"image":{"@id":"https:\/\/news.canadamotorjobs.com\/fr\/le-hemi-v8-est-de-retour-chez-dodge-et-ram\/#primaryimage"},"thumbnailUrl":"https:\/\/news.canadamotorjobs.com\/wp-content\/uploads\/2025\/03\/DG022_342CHeh3q6ph8sicksa7mvauprrpdtd.jpg","articleSection":["Annuel automobile"],"inLanguage":"fr-CA"},{"@type":"WebPage","@id":"https:\/\/news.canadamotorjobs.com\/fr\/le-hemi-v8-est-de-retour-chez-dodge-et-ram\/","url":"https:\/\/news.canadamotorjobs.com\/fr\/le-hemi-v8-est-de-retour-chez-dodge-et-ram\/","name":"Le Hemi V8 est de retour chez Dodge et Ram - CanadaMotorJobs.com","isPartOf":{"@id":"https:\/\/news.canadamotorjobs.com\/#website"},"primaryImageOfPage":{"@id":"https:\/\/news.canadamotorjobs.com\/fr\/le-hemi-v8-est-de-retour-chez-dodge-et-ram\/#primaryimage"},"image":{"@id":"https:\/\/news.canadamotorjobs.com\/fr\/le-hemi-v8-est-de-retour-chez-dodge-et-ram\/#primaryimage"},"thumbnailUrl":"https:\/\/news.canadamotorjobs.com\/wp-content\/uploads\/2025\/03\/DG022_342CHeh3q6ph8sicksa7mvauprrpdtd.jpg","datePublished":"2025-03-25T13:10:53+00:00","dateModified":"2025-03-25T13:14:08+00:00","description":"Le Hemi V8 est de retour chez Dodge et Ram - Benoit Charette - Annuel automobile - CanadaMotorJobs.com.","breadcrumb":{"@id":"https:\/\/news.canadamotorjobs.com\/fr\/le-hemi-v8-est-de-retour-chez-dodge-et-ram\/#breadcrumb"},"inLanguage":"fr-CA","potentialAction":[{"@type":"ReadAction","target":["https:\/\/news.canadamotorjobs.com\/fr\/le-hemi-v8-est-de-retour-chez-dodge-et-ram\/"]}]},{"@type":"ImageObject","inLanguage":"fr-CA","@id":"https:\/\/news.canadamotorjobs.com\/fr\/le-hemi-v8-est-de-retour-chez-dodge-et-ram\/#primaryimage","url":"https:\/\/news.canadamotorjobs.com\/wp-content\/uploads\/2025\/03\/DG022_342CHeh3q6ph8sicksa7mvauprrpdtd.jpg","contentUrl":"https:\/\/news.canadamotorjobs.com\/wp-content\/uploads\/2025\/03\/DG022_342CHeh3q6ph8sicksa7mvauprrpdtd.jpg","width":1636,"height":1000},{"@type":"BreadcrumbList","@id":"https:\/\/news.canadamotorjobs.com\/fr\/le-hemi-v8-est-de-retour-chez-dodge-et-ram\/#breadcrumb","itemListElement":[{"@type":"ListItem","position":1,"name":"Home","item":"https:\/\/news.canadamotorjobs.com\/fr\/blog\/"},{"@type":"ListItem","position":2,"name":"Le Hemi V8 est de retour chez Dodge et Ram"}]},{"@type":"WebSite","@id":"https:\/\/news.canadamotorjobs.com\/#website","url":"https:\/\/news.canadamotorjobs.com\/","name":"CanadaMotorJobs.com","description":"Automotive Jobs","publisher":{"@id":"https:\/\/news.canadamotorjobs.com\/#organization"},"potentialAction":[{"@type":"SearchAction","target":{"@type":"EntryPoint","urlTemplate":"https:\/\/news.canadamotorjobs.com\/?s={search_term_string}"},"query-input":"required name=search_term_string"}],"inLanguage":"fr-CA"},{"@type":"Organization","@id":"https:\/\/news.canadamotorjobs.com\/#organization","name":"Canada Motor Jobs","url":"https:\/\/news.canadamotorjobs.com\/","logo":{"@type":"ImageObject","inLanguage":"fr-CA","@id":"https:\/\/news.canadamotorjobs.com\/#\/schema\/logo\/image\/","url":"https:\/\/news.canadamotorjobs.com\/wp-content\/uploads\/2022\/10\/logo-canada-motor-jobs-1.png","contentUrl":"https:\/\/news.canadamotorjobs.com\/wp-content\/uploads\/2022\/10\/logo-canada-motor-jobs-1.png","width":800,"height":400,"caption":"Canada Motor Jobs"},"image":{"@id":"https:\/\/news.canadamotorjobs.com\/#\/schema\/logo\/image\/"},"sameAs":["https:\/\/www.facebook.com\/canadamotorjobs\/","https:\/\/x.com\/canadamotorjobs","https:\/\/www.instagram.com\/canadamotorjobs\/","https:\/\/www.linkedin.com\/company\/canadamotorjobs"]},{"@type":"Person","@id":"https:\/\/news.canadamotorjobs.com\/#\/schema\/person\/51793d1f87d44011d7bcc2ed99269a90","name":"Benoit Charette","image":{"@type":"ImageObject","inLanguage":"fr-CA","@id":"https:\/\/news.canadamotorjobs.com\/#\/schema\/person\/image\/","url":"https:\/\/secure.gravatar.com\/avatar\/45f3d2eebcccd909668d7ce7ea7267b6?s=96&d=mm&r=g","contentUrl":"https:\/\/secure.gravatar.com\/avatar\/45f3d2eebcccd909668d7ce7ea7267b6?s=96&d=mm&r=g","caption":"Benoit Charette"},"description":"Benoit Charette \/ Propri\u00e9taire et r\u00e9dacteur en chef Benoit Charette pratique le journalisme automobile depuis bient\u00f4t 30 ans. Il a fait ses classes au c\u00f4t\u00e9 de Daniel H\u00e9raud et au Carnet de route de 1992 \u00e0 2001. Il est fondateur, copropri\u00e9taire et r\u00e9dacteur en chef de L\u2019Annuel de l\u2019automobile, qu\u2019il publie depuis 2001. Il a anim\u00e9 les \u00e9missions RPM et RPM+ sur V et les L\u00e9gendes de la route sur Historia. \u00c0 la radio depuis 1986, il reprend l\u2019antenne cette ann\u00e9e sur les ondes de Cogeco et participe pour la deuxi\u00e8me ann\u00e9e \u00e0 l\u2019\u00e9mission Passion Auto sur RDS en plus de mettre en ligne le site Web officiel de L\u2019Annuel de l\u2019automobile sur annuelauto.ca.","sameAs":["https:\/\/annuelauto.ca\/"],"url":"https:\/\/news.canadamotorjobs.com\/fr\/author\/benoit-charette\/"}]}},"_links":{"self":[{"href":"https:\/\/news.canadamotorjobs.com\/fr\/wp-json\/wp\/v2\/posts\/199647"}],"collection":[{"href":"https:\/\/news.canadamotorjobs.com\/fr\/wp-json\/wp\/v2\/posts"}],"about":[{"href":"https:\/\/news.canadamotorjobs.com\/fr\/wp-json\/wp\/v2\/types\/post"}],"author":[{"embeddable":true,"href":"https:\/\/news.canadamotorjobs.com\/fr\/wp-json\/wp\/v2\/users\/8"}],"replies":[{"embeddable":true,"href":"https:\/\/news.canadamotorjobs.com\/fr\/wp-json\/wp\/v2\/comments?post=199647"}],"version-history":[{"count":2,"href":"https:\/\/news.canadamotorjobs.com\/fr\/wp-json\/wp\/v2\/posts\/199647\/revisions"}],"predecessor-version":[{"id":199651,"href":"https:\/\/news.canadamotorjobs.com\/fr\/wp-json\/wp\/v2\/posts\/199647\/revisions\/199651"}],"wp:featuredmedia":[{"embeddable":true,"href":"https:\/\/news.canadamotorjobs.com\/fr\/wp-json\/wp\/v2\/media\/199649"}],"wp:attachment":[{"href":"https:\/\/news.canadamotorjobs.com\/fr\/wp-json\/wp\/v2\/media?parent=199647"}],"wp:term":[{"taxonomy":"category","embeddable":true,"href":"https:\/\/news.canadamotorjobs.com\/fr\/wp-json\/wp\/v2\/categories?post=199647"},{"taxonomy":"post_tag","embeddable":true,"href":"https:\/\/news.canadamotorjobs.com\/fr\/wp-json\/wp\/v2\/tags?post=199647"}],"curies":[{"name":"wp","href":"https:\/\/api.w.org\/{rel}","templated":true}]}}